{"id":212848,"date":"2024-01-22T10:02:35","date_gmt":"2024-01-22T09:02:35","guid":{"rendered":"https:\/\/sdk.mk\/?p=212848"},"modified":"2024-01-22T10:02:35","modified_gmt":"2024-01-22T09:02:35","slug":"kryetarja-e-komisionit-shteteror-e-ka-perjashtuar-nga-puna-sepse-nuk-ka-zgjidhur-lenden-sic-e-ka-urdheruar-e-kur-gjyqi-e-ka-kthyer-ne-pune-e-ka-zbritur-tre-rangje-me-poshte-dhe-nuk-i-ka-dhene-pushim","status":"publish","type":"post","link":"https:\/\/sdk.mk\/index.php\/histori-te-parrefyera\/kryetarja-e-komisionit-shteteror-e-ka-perjashtuar-nga-puna-sepse-nuk-ka-zgjidhur-lenden-sic-e-ka-urdheruar-e-kur-gjyqi-e-ka-kthyer-ne-pune-e-ka-zbritur-tre-rangje-me-poshte-dhe-nuk-i-ka-dhene-pushim\/","title":{"rendered":"KRYETARJA E KOMISIONIT SHTET\u00cbROR E KA P\u00cbRJASHTUAR NGA PUNA SEPSE NUK KA ZGJIDHUR L\u00cbND\u00cbN SI\u00c7 E KA URDH\u00cbRUAR, E KUR GJYQI E KA KTHYER N\u00cb PUN\u00cb E KA ZBRITUR TRE RANGJE M\u00cb POSHT\u00cb DHE NUK I KA DH\u00cbN\u00cb PUSHIM"},"content":{"rendered":"<div class=\"f52428582a4b906b2d2e2a7d733c7d27\" data-index=\"7\" style=\"float: none; margin:10px 0 10px 0; text-align:center;\">\n<!-- MSP Ads Asynchronous JS Tag - Generated with Revive Adserver v5.4.1 -->\r\n<ins data-revive-zoneid=\"167\" data-revive-id=\"060fdb01f6430ec164d3519234aa4967\"><\/ins>\r\n<script async src=\"\/\/panel.ads.com.mk\/www\/delivery\/asyncjs.php\"><\/script>\n<\/div>\n<p>Kryetarja e Komisionit\u00a0Shtet\u00ebror\u00a0p\u00ebr Vendimmarrje n\u00eb Procedur\u00eb\u00a0Administrative\u00a0dhe Procedur\u00eb nga\u00a0Marr\u00ebdh\u00ebnia e Pun\u00ebs n\u00eb Shkall\u00eb t\u00eb Dyt\u00eb, e cila duhet t\u2019i mbroj\u00eb qytetar\u00ebt nga diskriminimi dhe keqtrajtimi nga epror\u00ebt, ka shqet\u00ebsuar nj\u00eb n\u00ebpun\u00ebs n\u00eb k\u00ebt\u00eb komision se pse nuk ka marr\u00eb vendim ndryshe n\u00eb lidhje me nj\u00eb l\u00ebnd\u00eb, e jo vendimin q\u00eb ajo e ka urdh\u00ebruar ta marr\u00eb.<\/p>\n<p>Pasi udh\u00ebheq\u00ebsi i sektorit e ka denoncuar n\u00eb disa baza, duke dor\u00ebzuar dhe d\u00ebshmi konkrete kund\u00ebr kryetares s\u00eb komisionit Danica \u00c7adieva, Komisioni p\u00ebr parandalimin dhe mbrojtje nga diskriminimi (KPMD) ka v\u00ebrtetuar shqet\u00ebsim nga e denoncuara n\u00eb baz\u00eb personale dhe t\u00eb statusit shoq\u00ebror n\u00eb sfer\u00ebn e pun\u00ebs dhe marr\u00ebdh\u00ebnieve t\u00eb pun\u00ebs, ndaj nj\u00eb t\u00eb pun\u00ebsuari i cili ka kund\u00ebrshtuar urdhrin e saj.<\/p>\n<p>Denoncuesi \u00ebsht\u00eb ankuar deri te KPMD p\u00ebr at\u00eb se kryetarja me vendim i ka nd\u00ebrprer\u00eb atij marr\u00ebdh\u00ebnien e pun\u00ebs, gjegj\u00ebsisht me vet\u00eb d\u00ebshir\u00eb t\u00eb saj e ka p\u00ebrjashtuar nga puna, sepse e ka urdh\u00ebruar q\u00eb t\u00eb refuzoj\u00eb nj\u00eb parashtres\u00eb n\u00eb lidhje me l\u00ebnd\u00ebn, nd\u00ebrkaq ai ka kund\u00ebrshtuar sepse ka konsideruar q\u00eb nuk ekziston nj\u00eb baz\u00eb ligjore p\u00ebr refuzim. P\u00ebr shkak t\u00eb k\u00ebsaj, m\u00eb 12 janar 2020 e ka p\u00ebrjashtuar nga puna, p\u00ebrmes nj\u00eb procedure disiplinore.<\/p>\n<p>N\u00ebpun\u00ebsi shtet\u00ebror q\u00eb ka 25 vjet stazh pune, nga t\u00eb cilat 16 vjet funksion i pand\u00ebrprer\u00eb udh\u00ebheq\u00ebsi n\u00eb Komisionin e Shkall\u00ebs s\u00eb Dyt\u00eb, menj\u00ebher\u00eb ka ngritur padi, kurse Gjykata civlie e Shkupit ka shqiptuar aktgjykimin q\u00eb ai t\u00eb kthehet menj\u00ebher\u00eb n\u00eb pun\u00eb.<\/p>\n<p>Kryetarja \u00c7adieva \u00ebsht\u00eb detyruar ta kthej\u00eb n\u00eb pun\u00eb n\u00eb vendin udh\u00ebheq\u00ebs, por vet\u00ebm gjat\u00eb periudh\u00ebs s\u00eb zbatimit t\u00eb aktgjykimeve. M\u00eb 14 mars 2023, ajo me vendim t\u00eb ri e ka hequr s\u00ebrish nga vendi i pun\u00ebs dhe e ka zbritur tre rangje m\u00eb posht\u00eb pa asnj\u00eb lloj shpalljeje dhe n\u00eb p\u00ebrputhje me vendin e ri si k\u00ebshilltar, ia ka ulur rrog\u00ebn.<\/p>\n<p>Ve\u00e7 k\u00ebsaj, shprehet KPMD-ja, kur i cenuari ka dor\u00ebzuar k\u00ebrkes\u00eb p\u00ebr pushim vjetor, sekretari i p\u00ebrgjithsh\u00ebm i Komisionit t\u00eb Shkall\u00ebs s\u00eb Dyt\u00eb ka sjell\u00eb vendimin q\u00eb t\u00eb mos ia miratoj\u00eb. N\u00ebpun\u00ebsi shtet\u00ebror ka ngritur parashtres\u00eb deri te Agjencia p\u00ebr administrat\u00eb, e cila direkt e ka anuluar vendimin refuzues. S\u00ebrish Komisioni i Shkall\u00ebs s\u00eb Dyt\u00eb ka refuzuar dhe s\u00ebrish Agjencia ka mbajtur an\u00ebn e n\u00ebpun\u00ebsit dhe ka marr\u00eb vendimin se ai ka t\u00eb drejt\u00eb p\u00ebr pushim vjetor.<\/p>\n<p>Mir\u00ebpo diskriminimi ka vijuar edhe m\u00eb tej. Nd\u00ebrkoh\u00eb q\u00eb t\u00eb gjith\u00eb t\u00eb pun\u00ebsuarit kan\u00eb marr\u00eb leje p\u00ebr munges\u00eb nga puna dy her\u00eb n\u00eb muaj n\u00eb koh\u00ebzgjatje prej dy or\u00ebsh, n\u00ebpun\u00ebsit n\u00eb fjal\u00eb kryetarja n\u00eb gusht t\u00eb k\u00ebtij viti nuk i ka dh\u00ebn\u00eb leje t\u00eb till\u00eb. Nga sekretaresha teknike, i \u00ebsht\u00eb th\u00ebn\u00eb gojarisht q\u00eb t\u00eb mos e shqet\u00ebsoj\u00eb m\u00eb.<\/p>\n<p>Sjellja negative ndaj tij ka vazhduar. N\u00eb sistemin oqean t\u00eb sall\u00ebs ku punojn\u00eb t\u00eb gjith\u00eb t\u00eb pun\u00ebsuarit, vet\u00ebm byroja e tij \u00ebsht\u00eb vendosur n\u00eb m\u00ebnyr\u00eb t\u00eb kund\u00ebrt nga gjith\u00eb t\u00eb tjerat q\u00eb t\u00eb tjer\u00ebt t\u00eb mund t\u00eb shohin se \u00e7far\u00eb b\u00ebn n\u00eb ekran. Kur kan\u00eb rastisur nj\u00ebri-tjetrin n\u00eb hap\u00ebsir\u00ebn p\u00ebr shum\u00ebzim t\u00eb materialeve, \u00c7adieva ka marr\u00eb vendimin q\u00eb ai t\u00eb largohet menj\u00ebher\u00eb nga hap\u00ebsira e madhe me t\u00eb gjith\u00eb t\u00eb pun\u00ebsuarit, duke e l\u00ebvizur k\u00ebshtu n\u00eb qendr\u00ebn kompjuterike, n\u00eb nj\u00eb hap\u00ebsir\u00eb me nj\u00eb t\u00eb pun\u00ebsuar dhe me pajisje teknike.<\/p>\n<p>\u041aur m\u00eb 5 tetor personi i diskriminuar ka ardhur n\u00eb KPMD q\u00eb ta plot\u00ebsoj\u00eb parashtres\u00ebn me k\u00ebto raste t\u00eb reja, \u00ebsht\u00eb ankuar se diskriminimi dhe shqet\u00ebsimi ka vazhduar edhe at\u00ebher\u00eb kur ai m\u00eb n\u00eb fund ka ka shkuar n\u00eb pushim vjetor.<\/p>\n<p>\u201cGjegj\u00ebsisht, kryetarja n\u00eb mbledhje,\u00a0 t\u00eb pun\u00ebsuarit i ka k\u00ebrc\u00ebnuar se pas p\u00ebrfundimit t\u00eb mandatit do t\u2019i l\u00ebr\u00eb pa rroga dhe pa kontribute, e si rrjedhoj\u00eb dhe pa sigurim sh\u00ebndet\u00ebsor, duke qen\u00eb se nuk do t\u00eb caktoj\u00eb njeri i cili do t\u00eb jet\u00eb n\u00ebnshkrues. P\u00ebr k\u00ebt\u00eb konotacion negative e ka p\u00ebrmendur emrin e denoncuesit, e m\u00eb pas ka dh\u00ebn\u00eb shpjegimin se kontestin gjyq\u00ebsor ai e ka fituar ngaq\u00eb ajo nuk ka b\u00ebr\u00eb urgjenc\u00eb n\u00eb gjykat\u00eb. Nd\u00ebrkaq gjykata, vet\u00ebm p\u00ebr shkak t\u00eb mosh\u00ebs s\u00eb tij, ia ka pranuar pretendimin dhe e ka kthyer n\u00eb pun\u00eb, edhe pse ai ka qen\u00eb fajtor\u201d, publikoi KPMD-ja k\u00ebrc\u00ebnimet e kryetares t\u00eb cilat n\u00ebpun\u00ebsi n\u00eb fjal\u00eb i ka siguruar si d\u00ebshmi.<\/p>\n<p>Por, pavar\u00ebsisht shqet\u00ebsimit q\u00eb e ka v\u00ebrtetuar Komisioni p\u00ebr mbrojtje nga diskriminimi, shumica parlamentare drejt p\u00ebrfundimit t\u00eb n\u00ebntorit e ka rizgjedhur \u00c7adiev\u00ebn p\u00ebr kryetare t\u00eb mandatit t\u00eb ri. Megjithk\u00ebt\u00eb sulmet daj n\u00ebpun\u00ebsit jan\u00eb shtuar.<\/p>\n<p>Komisioni p\u00ebr diskriminim e ka shqiptuar propozimin n\u00eb vijim, me paralajm\u00ebrimin se n\u00ebse ai nuk zbatohet, do t\u00eb ngrej\u00eb procedur\u00eb n\u00eb gjykat\u00ebn p\u00ebrkat\u00ebse:<\/p>\n<p>\u201cKomisioni\u00a0Shtet\u00ebror\u00a0p\u00ebr Vendimmarrje n\u00eb Procedur\u00eb\u00a0Administrative\u00a0dhe Procedur\u00eb nga\u00a0Marr\u00ebdh\u00ebnia e Pun\u00ebs n\u00eb Shkall\u00eb t\u00eb Dyt\u00eb, t\u00eb caktoj\u00eb n\u00ebpun\u00ebsin administrativ n\u00eb vendin e pun\u00ebs paraprak gjat\u00eb koh\u00ebs s\u00eb mbetur t\u00eb marr\u00ebdh\u00ebnies s\u00eb pun\u00ebs \u2013 Udh\u00ebheq\u00ebs i sektorit t\u00eb sh\u00ebndet\u00ebsis\u00eb, pun\u00ebs dhe politik\u00ebs sociale, arsimit dhe kultur\u00ebs, si dhe ta kthej\u00eb n\u00eb zyr\u00ebn ku m\u00eb par\u00eb ka kryer pun\u00ebn e tij si Udh\u00ebheq\u00ebs i sektorit.<br \/>\nCaktimin dhe zhvendosjen ta kryej\u00eb n\u00eb afat prej 30 dit\u00ebsh nga data e marrjes s\u00eb k\u00ebtij mendimi dhe p\u00ebr k\u00ebt\u00eb gj\u00eb ta lajm\u00ebroj\u00eb me shkrim KPMD-n\u00eb\u201d.<\/p>\n<p>L\u00ebnda \u00ebsht\u00eb e z\u00ebvend\u00ebs-kryetarit t\u00eb KPMD-s\u00eb Limko Bejzaroski, i cili perosnalisht ka shkuar n\u00eb Komisionin e Shkall\u00ebs s\u00eb Dyt\u00eb t\u00eb qeveris\u00eb me t\u00eb cil\u00ebn udh\u00ebheq \u00c7adieva dhe e ka takuar n\u00ebpun\u00ebsin e diskriminuar t\u00eb futur n\u00eb nj\u00eb zyr\u00eb t\u00eb vog\u00ebl n\u00eb mes t\u00eb kompjuter\u00ebve, t\u00eb ve\u00e7uar nga gjith\u00eb koleg\u00ebt e tij.<\/p>\n<p><strong><em>S. K. DELEVSKA <\/em><\/strong><\/p>\n\n<div style=\"font-size: 0px; height: 0px; line-height: 0px; margin: 0; padding: 0; clear: both;\"><\/div>","protected":false},"excerpt":{"rendered":"<p>Kryetarja e Komisionit\u00a0Shtet\u00ebror\u00a0p\u00ebr Vendimmarrje n\u00eb Procedur\u00eb\u00a0Administrative\u00a0dhe Procedur\u00eb nga\u00a0Marr\u00ebdh\u00ebnia e Pun\u00ebs n\u00eb Shkall\u00eb t\u00eb Dyt\u00eb, e cila duhet t\u2019i mbroj\u00eb qytetar\u00ebt [&hellip;]<\/p>\n","protected":false},"author":25,"featured_media":178457,"comment_status":"closed","ping_status":"closed","sticky":false,"template":"","format":"standard","meta":{"_mo_disable_npp":"no","inline_featured_image":false},"categories":[3085,3087],"tags":[],"imageURL":"https:\/\/sdk.mk\/wp-content\/uploads\/2022\/09\/Kampanja-protiv-diskriminacija-1-650x341.jpg","thumbURL":"https:\/\/sdk.mk\/wp-content\/uploads\/2022\/09\/Kampanja-protiv-diskriminacija-1-250x131.jpg","categoryNames":["Histori t\u00eb parr\u00ebfyera","Maqedonia"],"feature_caption":"Vet\u00ebm k\u00ebtij n\u00ebpun\u00ebsi kryetarja i ka ndaluar q\u00eb t\u00eb hip\u00eb n\u00eb katin ku ndodhet zyra e saj, dhe n\u00eb fakt ku ndodhen t\u00eb gjith\u00eb t\u00eb pun\u00ebsuarit \u2013 Nga fushata e Komisioit p\u00ebr parandaim dhe mbrojtje nga diskriminimi (Fotografi arkivore)","subtitle":"","views":"16","source":"Shkup, (SAKAMDAKAZAM.MK) ","yoast_head":"<!-- This site is optimized with the Yoast SEO Premium plugin v15.0 - https:\/\/yoast.com\/wordpress\/plugins\/seo\/ -->\n<title>KRYETARJA E KOMISIONIT SHTET\u00cbROR E KA P\u00cbRJASHTUAR NGA PUNA SEPSE NUK KA ZGJIDHUR L\u00cbND\u00cbN SI\u00c7 E KA URDH\u00cbRUAR, E KUR GJYQI E KA KTHYER N\u00cb PUN\u00cb E KA ZBRITUR TRE RANGJE M\u00cb POSHT\u00cb DHE NUK I KA DH\u00cbN\u00cb PUSHIM - \u0421\u0430\u043a\u0430\u043c \u0414\u0430 \u041a\u0430\u0436\u0430\u043c<\/title>\n<meta name=\"robots\" content=\"index, follow, max-snippet:-1, max-image-preview:large, max-video-preview:-1\" \/>\n<link rel=\"canonical\" href=\"https:\/\/sdk.mk\/index.php\/histori-te-parrefyera\/kryetarja-e-komisionit-shteteror-e-ka-perjashtuar-nga-puna-sepse-nuk-ka-zgjidhur-lenden-sic-e-ka-urdheruar-e-kur-gjyqi-e-ka-kthyer-ne-pune-e-ka-zbritur-tre-rangje-me-poshte-dhe-nuk-i-ka-dhene-pushim\/\" \/>\n<meta property=\"og:locale\" content=\"mk_MK\" \/>\n<meta property=\"og:type\" content=\"article\" \/>\n<meta property=\"og:title\" content=\"KRYETARJA E KOMISIONIT SHTET\u00cbROR E KA P\u00cbRJASHTUAR NGA PUNA SEPSE NUK KA ZGJIDHUR L\u00cbND\u00cbN SI\u00c7 E KA URDH\u00cbRUAR, E KUR GJYQI E KA KTHYER N\u00cb PUN\u00cb E KA ZBRITUR TRE RANGJE M\u00cb POSHT\u00cb DHE NUK I KA DH\u00cbN\u00cb PUSHIM - \u0421\u0430\u043a\u0430\u043c \u0414\u0430 \u041a\u0430\u0436\u0430\u043c\" \/>\n<meta property=\"og:description\" content=\"Kryetarja e Komisionit\u00a0Shtet\u00ebror\u00a0p\u00ebr Vendimmarrje n\u00eb Procedur\u00eb\u00a0Administrative\u00a0dhe Procedur\u00eb nga\u00a0Marr\u00ebdh\u00ebnia e Pun\u00ebs n\u00eb Shkall\u00eb t\u00eb Dyt\u00eb, e cila duhet t\u2019i mbroj\u00eb qytetar\u00ebt [&hellip;]\" \/>\n<meta property=\"og:url\" content=\"https:\/\/sdk.mk\/index.php\/histori-te-parrefyera\/kryetarja-e-komisionit-shteteror-e-ka-perjashtuar-nga-puna-sepse-nuk-ka-zgjidhur-lenden-sic-e-ka-urdheruar-e-kur-gjyqi-e-ka-kthyer-ne-pune-e-ka-zbritur-tre-rangje-me-poshte-dhe-nuk-i-ka-dhene-pushim\/\" \/>\n<meta property=\"og:site_name\" content=\"\u0421\u0430\u043a\u0430\u043c \u0414\u0430 \u041a\u0430\u0436\u0430\u043c\" \/>\n<meta property=\"article:published_time\" content=\"2024-01-22T09:02:35+00:00\" \/>\n<meta property=\"og:image\" content=\"https:\/\/sdk.mk\/wp-content\/uploads\/2022\/09\/Kampanja-protiv-diskriminacija-1.jpg\" \/>\n\t<meta property=\"og:image:width\" content=\"800\" \/>\n\t<meta property=\"og:image:height\" content=\"420\" \/>\n<meta property=\"fb:app_id\" content=\"2407985809428537\" \/>\n<meta name=\"twitter:card\" content=\"summary\" \/>\n<script type=\"application\/ld+json\" class=\"yoast-schema-graph\">{\"@context\":\"https:\/\/schema.org\",\"@graph\":[{\"@type\":\"WebSite\",\"@id\":\"https:\/\/sdk.mk\/#website\",\"url\":\"https:\/\/sdk.mk\/\",\"name\":\"\\u0421\\u0430\\u043a\\u0430\\u043c \\u0414\\u0430 \\u041a\\u0430\\u0436\\u0430\\u043c\",\"description\":\"\\u0417\\u0430 \\u0441\\u043b\\u043e\\u0431\\u043e\\u0434\\u043e\\u0443\\u043c\\u043d\\u0438\",\"potentialAction\":[{\"@type\":\"SearchAction\",\"target\":\"https:\/\/sdk.mk\/?s={search_term_string}\",\"query-input\":\"required name=search_term_string\"}],\"inLanguage\":\"mk-MK\"},{\"@type\":\"ImageObject\",\"@id\":\"https:\/\/sdk.mk\/index.php\/histori-te-parrefyera\/kryetarja-e-komisionit-shteteror-e-ka-perjashtuar-nga-puna-sepse-nuk-ka-zgjidhur-lenden-sic-e-ka-urdheruar-e-kur-gjyqi-e-ka-kthyer-ne-pune-e-ka-zbritur-tre-rangje-me-poshte-dhe-nuk-i-ka-dhene-pushim\/#primaryimage\",\"inLanguage\":\"mk-MK\",\"url\":\"https:\/\/sdk.mk\/wp-content\/uploads\/2022\/09\/Kampanja-protiv-diskriminacija-1.jpg\",\"width\":800,\"height\":420},{\"@type\":\"WebPage\",\"@id\":\"https:\/\/sdk.mk\/index.php\/histori-te-parrefyera\/kryetarja-e-komisionit-shteteror-e-ka-perjashtuar-nga-puna-sepse-nuk-ka-zgjidhur-lenden-sic-e-ka-urdheruar-e-kur-gjyqi-e-ka-kthyer-ne-pune-e-ka-zbritur-tre-rangje-me-poshte-dhe-nuk-i-ka-dhene-pushim\/#webpage\",\"url\":\"https:\/\/sdk.mk\/index.php\/histori-te-parrefyera\/kryetarja-e-komisionit-shteteror-e-ka-perjashtuar-nga-puna-sepse-nuk-ka-zgjidhur-lenden-sic-e-ka-urdheruar-e-kur-gjyqi-e-ka-kthyer-ne-pune-e-ka-zbritur-tre-rangje-me-poshte-dhe-nuk-i-ka-dhene-pushim\/\",\"name\":\"KRYETARJA E KOMISIONIT SHTET\\u00cbROR E KA P\\u00cbRJASHTUAR NGA PUNA SEPSE NUK KA ZGJIDHUR L\\u00cbND\\u00cbN SI\\u00c7 E KA URDH\\u00cbRUAR, E KUR GJYQI E KA KTHYER N\\u00cb PUN\\u00cb E KA ZBRITUR TRE RANGJE M\\u00cb POSHT\\u00cb DHE NUK I KA DH\\u00cbN\\u00cb PUSHIM - \\u0421\\u0430\\u043a\\u0430\\u043c \\u0414\\u0430 \\u041a\\u0430\\u0436\\u0430\\u043c\",\"isPartOf\":{\"@id\":\"https:\/\/sdk.mk\/#website\"},\"primaryImageOfPage\":{\"@id\":\"https:\/\/sdk.mk\/index.php\/histori-te-parrefyera\/kryetarja-e-komisionit-shteteror-e-ka-perjashtuar-nga-puna-sepse-nuk-ka-zgjidhur-lenden-sic-e-ka-urdheruar-e-kur-gjyqi-e-ka-kthyer-ne-pune-e-ka-zbritur-tre-rangje-me-poshte-dhe-nuk-i-ka-dhene-pushim\/#primaryimage\"},\"datePublished\":\"2024-01-22T09:02:35+00:00\",\"dateModified\":\"2024-01-22T09:02:35+00:00\",\"author\":{\"@id\":\"https:\/\/sdk.mk\/#\/schema\/person\/737021aeacbe893f7e2c347186c5c7a1\"},\"inLanguage\":\"mk-MK\",\"potentialAction\":[{\"@type\":\"ReadAction\",\"target\":[\"https:\/\/sdk.mk\/index.php\/histori-te-parrefyera\/kryetarja-e-komisionit-shteteror-e-ka-perjashtuar-nga-puna-sepse-nuk-ka-zgjidhur-lenden-sic-e-ka-urdheruar-e-kur-gjyqi-e-ka-kthyer-ne-pune-e-ka-zbritur-tre-rangje-me-poshte-dhe-nuk-i-ka-dhene-pushim\/\"]}]},{\"@type\":\"Person\",\"@id\":\"https:\/\/sdk.mk\/#\/schema\/person\/737021aeacbe893f7e2c347186c5c7a1\",\"name\":\"\\u0424\\u0458\\u043e\\u043b\\u0430 \\u0417\\u043b\\u0430\\u0442\\u043a\\u0443\"}]}<\/script>\n<!-- \/ Yoast SEO Premium plugin. -->","_links":{"self":[{"href":"https:\/\/sdk.mk\/index.php\/wp-json\/wp\/v2\/posts\/212848"}],"collection":[{"href":"https:\/\/sdk.mk\/index.php\/wp-json\/wp\/v2\/posts"}],"about":[{"href":"https:\/\/sdk.mk\/index.php\/wp-json\/wp\/v2\/types\/post"}],"author":[{"embeddable":true,"href":"https:\/\/sdk.mk\/index.php\/wp-json\/wp\/v2\/users\/25"}],"replies":[{"embeddable":true,"href":"https:\/\/sdk.mk\/index.php\/wp-json\/wp\/v2\/comments?post=212848"}],"version-history":[{"count":0,"href":"https:\/\/sdk.mk\/index.php\/wp-json\/wp\/v2\/posts\/212848\/revisions"}],"wp:featuredmedia":[{"embeddable":true,"href":"https:\/\/sdk.mk\/index.php\/wp-json\/wp\/v2\/media\/178457"}],"wp:attachment":[{"href":"https:\/\/sdk.mk\/index.php\/wp-json\/wp\/v2\/media?parent=212848"}],"wp:term":[{"taxonomy":"category","embeddable":true,"href":"https:\/\/sdk.mk\/index.php\/wp-json\/wp\/v2\/categories?post=212848"},{"taxonomy":"post_tag","embeddable":true,"href":"https:\/\/sdk.mk\/index.php\/wp-json\/wp\/v2\/tags?post=212848"}],"curies":[{"name":"wp","href":"https:\/\/api.w.org\/{rel}","templated":true}]}}