{"id":212882,"date":"2024-01-22T15:08:43","date_gmt":"2024-01-22T14:08:43","guid":{"rendered":"https:\/\/sdk.mk\/?p=212882"},"modified":"2024-01-22T15:08:43","modified_gmt":"2024-01-22T14:08:43","slug":"pronar-i-nje-banese-ne-vllae-e-ka-perzene-qiraxheshen-nje-dite-pasi-eshte-shperngulur-sepse-fqinjte-jane-ankuar-se-eshte-rome","status":"publish","type":"post","link":"https:\/\/sdk.mk\/index.php\/histori-te-parrefyera\/pronar-i-nje-banese-ne-vllae-e-ka-perzene-qiraxheshen-nje-dite-pasi-eshte-shperngulur-sepse-fqinjte-jane-ankuar-se-eshte-rome\/","title":{"rendered":"PRONAR I NJ\u00cb BANESE N\u00cb VLLAE E KA P\u00cbRZ\u00cbN\u00cb QIRAXHESH\u00cbN NJ\u00cb DIT\u00cb PASI \u00cbSHT\u00cb SHP\u00cbRNGULUR, SEPSE FQINJT\u00cb JAN\u00cb ANKUAR SE \u00cbSHT\u00cb ROME"},"content":{"rendered":"<div class=\"f52428582a4b906b2d2e2a7d733c7d27\" data-index=\"7\" style=\"float: none; margin:10px 0 10px 0; text-align:center;\">\n<!-- MSP Ads Asynchronous JS Tag - Generated with Revive Adserver v5.4.1 -->\r\n<ins data-revive-zoneid=\"167\" data-revive-id=\"060fdb01f6430ec164d3519234aa4967\"><\/ins>\r\n<script async src=\"\/\/panel.ads.com.mk\/www\/delivery\/asyncjs.php\"><\/script>\n<\/div>\n<p>Nj\u00eb shkupjane ka ngritur parashtres\u00eb dhe ka fituar rastin n\u00eb m\u00ebnyr\u00eb shum\u00eb t\u00eb shpejt\u00eb n\u00eb Komisioni p\u00ebr parandalim dhe mbrojtje nga diskriminimi (KPMD), q\u00eb kur pronari i banes\u00ebs n\u00eb lagjen Vllae t\u00eb Shkupit, n\u00eb fillim ia la me qira banes\u00ebn, e vet\u00ebm nj\u00eb dit\u00eb pas shp\u00ebrnguljes s\u00eb saj, e p\u00ebrzuri me argumentin: \u201cFqinjt\u00eb ankohen se je rome\u201d.<\/p>\n<p>Kjo qytetare, e vetme dhe me diabet, \u00ebsht\u00eb ankuar edhe n\u00eb agjencin\u00eb p\u00ebr patundshm\u00ebri n\u00ebp\u00ebrmes s\u00eb cil\u00ebs e ka gjetur banes\u00ebn dhe e ka lidhur marr\u00ebveshjen, por edhe nga aty i \u00ebsht\u00eb th\u00ebn\u00eb e nj\u00ebjta: \u201cBeso se njeriu ka pasur shum\u00eb presion nga komshinjt\u00eb. Nuk t\u00eb duan se je rome\u201d.<\/p>\n<p>Aq urgjente ka qen\u00eb p\u00ebrjashtimi i gruas, saq\u00eb pronari i ka kthyer direkt shum\u00ebn q\u00eb ajo kishte paguar paraprakisht p\u00ebr qiran\u00eb mujore, duke i kthyer dyfishin (gjithsej 600 euro) p\u00ebr d\u00ebmshp\u00ebrblim dhe plus 8.000 denar\u00eb p\u00ebr harxhime gjat\u00eb shp\u00ebrnguljes.<\/p>\n<p>\u201cVihet re nj\u00eb diskriminim interseksional n\u00eb baz\u00eb t\u00eb gjinis\u00eb, rac\u00ebs, p\u00ebrkat\u00ebsis\u00eb n\u00eb grup t\u00eb margjinalizuar, p\u00ebrkat\u00ebsis\u00eb etnike dhe gjendjes fmailjare apo martesore sa i p\u00ebrket strehimit dhe qasjes n\u00eb t\u00eb mira materiale dhe sh\u00ebrbime q\u00eb \u00ebsht\u00eb kryer nga ana e pronarit t\u00eb banes\u00ebs ndaj qiraxhesh\u00ebs s\u00eb cenuar\u201d, thot\u00eb KPMD n\u00eb mendimin e shqiptuar t\u00eb publikuar me identitet t\u00eb mbrojtur.<\/p>\n<p>Pronarit i sugjerohet q\u00eb n\u00eb t\u00eb ardhmen t\u00eb p\u00ebrmbahet nga sjellja diskriminuese gjat\u00eb lidhjes s\u00eb marr\u00ebveshjes p\u00ebr qira t\u00eb patundshm\u00ebrive q\u00eb jan\u00eb n\u00eb pron\u00ebsin\u00eb e tij, pasi n\u00eb t\u00eb kund\u00ebrt do t\u00eb paraqitet n\u00eb gjyqin p\u00ebrkat\u00ebs nga ana e Komisionit.<\/p>\n<p>Gruaja ka hyr\u00eb n\u00eb banes\u00eb m\u00eb 15 tetor dhe t\u00eb nes\u00ebrmen rreth or\u00ebs 23 para mesnat\u00ebs pronari e ka urdh\u00ebruar:<\/p>\n<p>\u201cDuhet t\u00eb largohesh, fqinjt\u00eb ankohen se je rome\u201d.<\/p>\n<p>Ajo \u00ebsht\u00eb shqet\u00ebsuar:<\/p>\n<p>\u201cNuk kam ku t\u00eb shkoj. Jam me diabet. Cilat jan\u00eb arsyet e k\u00ebsaj q\u00eb po m\u00eb k\u00ebrkoni?\u201d, ka pyetur e m\u00ebrzitur.<\/p>\n<p>T\u00eb nes\u00ebrmen te shkall\u00ebt e ka takuar fqinjen e saj nga banesa 11 dhe e ka pyetur se \u00e7far\u00eb u pengon te ajo? Pse jan\u00eb ankuar te pronari i banes\u00ebs? Ajo e \u00e7uditur i \u00ebsht\u00eb p\u00ebrgjigjur se nuk e di se p\u00ebr \u00e7far\u00eb b\u00ebhet fjal\u00eb dhe se aspak nuk i pengon prania e qiraxhesh\u00ebs s\u00eb re.<\/p>\n<p>KPMD-ja n\u00eb k\u00ebt\u00eb rast ka evidentuar diskriminim t\u00eb vazhduar interseksional si nj\u00eb form\u00eb m\u00eb e r\u00ebnd\u00eb e diskriminimit.<\/p>\n<p><strong><em>S.K. DELEVSKA <\/em><\/strong><\/p>\n\n<div style=\"font-size: 0px; height: 0px; line-height: 0px; margin: 0; padding: 0; clear: both;\"><\/div>","protected":false},"excerpt":{"rendered":"<p>Nj\u00eb shkupjane ka ngritur parashtres\u00eb dhe ka fituar rastin n\u00eb m\u00ebnyr\u00eb shum\u00eb t\u00eb shpejt\u00eb n\u00eb Komisioni p\u00ebr parandalim dhe mbrojtje [&hellip;]<\/p>\n","protected":false},"author":25,"featured_media":212372,"comment_status":"closed","ping_status":"closed","sticky":false,"template":"","format":"standard","meta":{"_mo_disable_npp":"no","inline_featured_image":false},"categories":[3085,3087],"tags":[],"imageURL":"https:\/\/sdk.mk\/wp-content\/uploads\/2024\/01\/stan-vrata-49843893489-650x342.jpg","thumbURL":"https:\/\/sdk.mk\/wp-content\/uploads\/2024\/01\/stan-vrata-49843893489-250x131.jpg","categoryNames":["Histori t\u00eb parr\u00ebfyera","Maqedonia"],"feature_caption":"Gruaja ka hyr\u00eb n\u00eb banes\u00eb m\u00eb 15 tetor dhe t\u00eb nes\u00ebrmen rreth or\u00ebs 23 para mesnat\u00ebs pronari e ka urdh\u00ebruar: \u201cDuhet t\u00eb largohesh, fqinjt\u00eb ankohen se je rome\u201d. (Foto: Peksels)","subtitle":"","views":"27","source":"Shkup, (SAKAMDAKAZAM.MK) ","yoast_head":"<!-- This site is optimized with the Yoast SEO Premium plugin v15.0 - https:\/\/yoast.com\/wordpress\/plugins\/seo\/ -->\n<title>PRONAR I NJ\u00cb BANESE N\u00cb VLLAE E KA P\u00cbRZ\u00cbN\u00cb QIRAXHESH\u00cbN NJ\u00cb DIT\u00cb PASI \u00cbSHT\u00cb SHP\u00cbRNGULUR, SEPSE FQINJT\u00cb JAN\u00cb ANKUAR SE \u00cbSHT\u00cb ROME - \u0421\u0430\u043a\u0430\u043c \u0414\u0430 \u041a\u0430\u0436\u0430\u043c<\/title>\n<meta name=\"robots\" content=\"index, follow, max-snippet:-1, max-image-preview:large, max-video-preview:-1\" \/>\n<link rel=\"canonical\" href=\"https:\/\/sdk.mk\/index.php\/histori-te-parrefyera\/pronar-i-nje-banese-ne-vllae-e-ka-perzene-qiraxheshen-nje-dite-pasi-eshte-shperngulur-sepse-fqinjte-jane-ankuar-se-eshte-rome\/\" \/>\n<meta property=\"og:locale\" content=\"mk_MK\" \/>\n<meta property=\"og:type\" content=\"article\" \/>\n<meta property=\"og:title\" content=\"PRONAR I NJ\u00cb BANESE N\u00cb VLLAE E KA P\u00cbRZ\u00cbN\u00cb QIRAXHESH\u00cbN NJ\u00cb DIT\u00cb PASI \u00cbSHT\u00cb SHP\u00cbRNGULUR, SEPSE FQINJT\u00cb JAN\u00cb ANKUAR SE \u00cbSHT\u00cb ROME - \u0421\u0430\u043a\u0430\u043c \u0414\u0430 \u041a\u0430\u0436\u0430\u043c\" \/>\n<meta property=\"og:description\" content=\"Nj\u00eb shkupjane ka ngritur parashtres\u00eb dhe ka fituar rastin n\u00eb m\u00ebnyr\u00eb shum\u00eb t\u00eb shpejt\u00eb n\u00eb Komisioni p\u00ebr parandalim dhe mbrojtje [&hellip;]\" \/>\n<meta property=\"og:url\" content=\"https:\/\/sdk.mk\/index.php\/histori-te-parrefyera\/pronar-i-nje-banese-ne-vllae-e-ka-perzene-qiraxheshen-nje-dite-pasi-eshte-shperngulur-sepse-fqinjte-jane-ankuar-se-eshte-rome\/\" \/>\n<meta property=\"og:site_name\" content=\"\u0421\u0430\u043a\u0430\u043c \u0414\u0430 \u041a\u0430\u0436\u0430\u043c\" \/>\n<meta property=\"article:published_time\" content=\"2024-01-22T14:08:43+00:00\" \/>\n<meta property=\"og:image\" content=\"https:\/\/sdk.mk\/wp-content\/uploads\/2024\/01\/stan-vrata-49843893489.jpg\" \/>\n\t<meta property=\"og:image:width\" content=\"900\" \/>\n\t<meta property=\"og:image:height\" content=\"473\" \/>\n<meta property=\"fb:app_id\" content=\"2407985809428537\" \/>\n<meta name=\"twitter:card\" content=\"summary\" \/>\n<script type=\"application\/ld+json\" class=\"yoast-schema-graph\">{\"@context\":\"https:\/\/schema.org\",\"@graph\":[{\"@type\":\"WebSite\",\"@id\":\"https:\/\/sdk.mk\/#website\",\"url\":\"https:\/\/sdk.mk\/\",\"name\":\"\\u0421\\u0430\\u043a\\u0430\\u043c \\u0414\\u0430 \\u041a\\u0430\\u0436\\u0430\\u043c\",\"description\":\"\\u0417\\u0430 \\u0441\\u043b\\u043e\\u0431\\u043e\\u0434\\u043e\\u0443\\u043c\\u043d\\u0438\",\"potentialAction\":[{\"@type\":\"SearchAction\",\"target\":\"https:\/\/sdk.mk\/?s={search_term_string}\",\"query-input\":\"required name=search_term_string\"}],\"inLanguage\":\"mk-MK\"},{\"@type\":\"ImageObject\",\"@id\":\"https:\/\/sdk.mk\/index.php\/histori-te-parrefyera\/pronar-i-nje-banese-ne-vllae-e-ka-perzene-qiraxheshen-nje-dite-pasi-eshte-shperngulur-sepse-fqinjte-jane-ankuar-se-eshte-rome\/#primaryimage\",\"inLanguage\":\"mk-MK\",\"url\":\"https:\/\/sdk.mk\/wp-content\/uploads\/2024\/01\/stan-vrata-49843893489.jpg\",\"width\":900,\"height\":473},{\"@type\":\"WebPage\",\"@id\":\"https:\/\/sdk.mk\/index.php\/histori-te-parrefyera\/pronar-i-nje-banese-ne-vllae-e-ka-perzene-qiraxheshen-nje-dite-pasi-eshte-shperngulur-sepse-fqinjte-jane-ankuar-se-eshte-rome\/#webpage\",\"url\":\"https:\/\/sdk.mk\/index.php\/histori-te-parrefyera\/pronar-i-nje-banese-ne-vllae-e-ka-perzene-qiraxheshen-nje-dite-pasi-eshte-shperngulur-sepse-fqinjte-jane-ankuar-se-eshte-rome\/\",\"name\":\"PRONAR I NJ\\u00cb BANESE N\\u00cb VLLAE E KA P\\u00cbRZ\\u00cbN\\u00cb QIRAXHESH\\u00cbN NJ\\u00cb DIT\\u00cb PASI \\u00cbSHT\\u00cb SHP\\u00cbRNGULUR, SEPSE FQINJT\\u00cb JAN\\u00cb ANKUAR SE \\u00cbSHT\\u00cb ROME - \\u0421\\u0430\\u043a\\u0430\\u043c \\u0414\\u0430 \\u041a\\u0430\\u0436\\u0430\\u043c\",\"isPartOf\":{\"@id\":\"https:\/\/sdk.mk\/#website\"},\"primaryImageOfPage\":{\"@id\":\"https:\/\/sdk.mk\/index.php\/histori-te-parrefyera\/pronar-i-nje-banese-ne-vllae-e-ka-perzene-qiraxheshen-nje-dite-pasi-eshte-shperngulur-sepse-fqinjte-jane-ankuar-se-eshte-rome\/#primaryimage\"},\"datePublished\":\"2024-01-22T14:08:43+00:00\",\"dateModified\":\"2024-01-22T14:08:43+00:00\",\"author\":{\"@id\":\"https:\/\/sdk.mk\/#\/schema\/person\/737021aeacbe893f7e2c347186c5c7a1\"},\"inLanguage\":\"mk-MK\",\"potentialAction\":[{\"@type\":\"ReadAction\",\"target\":[\"https:\/\/sdk.mk\/index.php\/histori-te-parrefyera\/pronar-i-nje-banese-ne-vllae-e-ka-perzene-qiraxheshen-nje-dite-pasi-eshte-shperngulur-sepse-fqinjte-jane-ankuar-se-eshte-rome\/\"]}]},{\"@type\":\"Person\",\"@id\":\"https:\/\/sdk.mk\/#\/schema\/person\/737021aeacbe893f7e2c347186c5c7a1\",\"name\":\"\\u0424\\u0458\\u043e\\u043b\\u0430 \\u0417\\u043b\\u0430\\u0442\\u043a\\u0443\"}]}<\/script>\n<!-- \/ Yoast SEO Premium plugin. -->","_links":{"self":[{"href":"https:\/\/sdk.mk\/index.php\/wp-json\/wp\/v2\/posts\/212882"}],"collection":[{"href":"https:\/\/sdk.mk\/index.php\/wp-json\/wp\/v2\/posts"}],"about":[{"href":"https:\/\/sdk.mk\/index.php\/wp-json\/wp\/v2\/types\/post"}],"author":[{"embeddable":true,"href":"https:\/\/sdk.mk\/index.php\/wp-json\/wp\/v2\/users\/25"}],"replies":[{"embeddable":true,"href":"https:\/\/sdk.mk\/index.php\/wp-json\/wp\/v2\/comments?post=212882"}],"version-history":[{"count":0,"href":"https:\/\/sdk.mk\/index.php\/wp-json\/wp\/v2\/posts\/212882\/revisions"}],"wp:featuredmedia":[{"embeddable":true,"href":"https:\/\/sdk.mk\/index.php\/wp-json\/wp\/v2\/media\/212372"}],"wp:attachment":[{"href":"https:\/\/sdk.mk\/index.php\/wp-json\/wp\/v2\/media?parent=212882"}],"wp:term":[{"taxonomy":"category","embeddable":true,"href":"https:\/\/sdk.mk\/index.php\/wp-json\/wp\/v2\/categories?post=212882"},{"taxonomy":"post_tag","embeddable":true,"href":"https:\/\/sdk.mk\/index.php\/wp-json\/wp\/v2\/tags?post=212882"}],"curies":[{"name":"wp","href":"https:\/\/api.w.org\/{rel}","templated":true}]}}