{"id":213401,"date":"2024-01-30T10:30:41","date_gmt":"2024-01-30T09:30:41","guid":{"rendered":"https:\/\/sdk.mk\/?p=213401"},"modified":"2024-01-30T10:30:41","modified_gmt":"2024-01-30T09:30:41","slug":"mbi-130-nxenes-kete-semester-jane-cregjistuar-nga-shkollat-e-kumanoves-bashke-me-prinderit-po-shperngulen-jashte-shtetit","status":"publish","type":"post","link":"https:\/\/sdk.mk\/index.php\/uncategorized-sq\/mbi-130-nxenes-kete-semester-jane-cregjistuar-nga-shkollat-e-kumanoves-bashke-me-prinderit-po-shperngulen-jashte-shtetit\/","title":{"rendered":"MBI 130 NX\u00cbN\u00cbS K\u00cbT\u00cb SEMEST\u00cbR JAN\u00cb \u00c7REGJISTUAR NGA SHKOLLAT E KUMANOV\u00cbS, BASHK\u00cb ME PRIND\u00cbRIT PO SHP\u00cbRNGULEN JASHT\u00cb SHTETIT"},"content":{"rendered":"<div class=\"f52428582a4b906b2d2e2a7d733c7d27\" data-index=\"7\" style=\"float: none; margin:10px 0 10px 0; text-align:center;\">\n<!-- MSP Ads Asynchronous JS Tag - Generated with Revive Adserver v5.4.1 -->\r\n<ins data-revive-zoneid=\"167\" data-revive-id=\"060fdb01f6430ec164d3519234aa4967\"><\/ins>\r\n<script async src=\"\/\/panel.ads.com.mk\/www\/delivery\/asyncjs.php\"><\/script>\n<\/div>\n<p>Shkollat fillore dhe t\u00eb mesme t\u00eb Kumanov\u00ebs n\u00eb semstrin e dyt\u00eb mbet\u00ebn pa 131 nx\u00ebn\u00ebs nga ata q\u00eb ishin regjistuar n\u00eb fillim t\u00eb vitit. Sipas Sektorit t\u00eb arsimit n\u00eb Komun\u00ebn e Kumanov\u00ebs, m\u00eb i madh \u00ebsht\u00eb numri i t\u00eb \u00e7regjistruarve n\u00eb shkollat fillore sesa n\u00eb shkollat e mesme.<\/p>\n<p>\u201cN\u00eb kat\u00ebr shkolla t\u00eb mesme t\u00eb Kumanov\u00ebs n\u00eb vitin shkollor 2013\/2014 jan\u00eb regjistruar 3.596, nd\u00ebrsa jan\u00eb \u00e7regjistruar gjithsej 29 nx\u00ebn\u00ebs. Nd\u00ebrkoh\u00eb q\u00eb n\u00eb shkollat fillore numri \u00ebsht\u00eb m\u00eb i madh dhe prej gjithsej 9.296 nx\u00ebn\u00ebs, ka 102 t\u00eb \u00e7regjistruar. K\u00ebto t\u00eb dh\u00ebna tregojn\u00eb p\u00ebr faktin se tendenca p\u00ebr shp\u00ebrngulje nga shteti vazhdon edhe gjat\u00eb k\u00ebtij viti\u201d, thot\u00eb Aleksandar Jovanoviq, ud\u00ebheq\u00ebs i Sektorit t\u00eb arsimit n\u00eb Komun\u00ebn e Kumanov\u00ebs.<\/p>\n<p>Ai shprehet se nx\u00ebn\u00ebsit e \u00e7regjistuar jan\u00eb t\u00eb komb\u00ebsive t\u00eb ndryshme, sepse familjet e tyre jan\u00eb shp\u00ebrngulur m\u00eb par\u00eb apo po shp\u00ebngulen aktualisht n\u00eb shtetet e Evrop\u00ebs per\u00ebndimore, nd\u00ebrkaq nj\u00eb num\u00ebr i vog\u00ebl shkon edhe n\u00eb qytetet e tjetra brenda shtetit. Shterje m\u00eb t\u00eb madhe ka nga shkollat m\u00eb t\u00eb m\u00ebdha t\u00eb qyetit.<\/p>\n<p>N\u00eb fund t\u00eb vitit t\u00eb kaluar nga shkollat e Kumanov\u00ebs jan\u00eb \u00e7regjistruar plot 397 nx\u00ebn\u00ebs, dyfish m\u00eb tep\u00ebr se n\u00eb semestrin kur ky num\u00ebr ishte rreth 150.<\/p>\n<p><strong><em>S. NIKOLIQ<\/em><\/strong><\/p>\n\n<div style=\"font-size: 0px; height: 0px; line-height: 0px; margin: 0; padding: 0; clear: both;\"><\/div>","protected":false},"excerpt":{"rendered":"<p>Shkollat fillore dhe t\u00eb mesme t\u00eb Kumanov\u00ebs n\u00eb semstrin e dyt\u00eb mbet\u00ebn pa 131 nx\u00ebn\u00ebs nga ata q\u00eb ishin regjistuar [&hellip;]<\/p>\n","protected":false},"author":25,"featured_media":137128,"comment_status":"closed","ping_status":"closed","sticky":false,"template":"","format":"standard","meta":{"_mo_disable_npp":"no","inline_featured_image":false},"categories":[1794],"tags":[],"imageURL":"https:\/\/sdk.mk\/wp-content\/uploads\/2021\/01\/gimnazija-gotse-delchev-kumanovo-650x319.jpg","thumbURL":"https:\/\/sdk.mk\/wp-content\/uploads\/2021\/01\/gimnazija-gotse-delchev-kumanovo-250x123.jpg","categoryNames":["Uncategorized"],"feature_caption":"N\u00eb fund t\u00eb vitit t\u00eb kaluar nga shkollat e Kumanov\u00ebs jan\u00eb \u00e7regjistruar plot 397 nx\u00ebn\u00ebs, dyfish m\u00eb shum\u00eb se n\u00eb semestrit kur ky num\u00ebr ishte rreth 150. (Foto:SDK.MK)","subtitle":"","views":"47","source":"Kumanov\u00eb, SAKAMDAKAZAM.MK","yoast_head":"<!-- This site is optimized with the Yoast SEO Premium plugin v15.0 - https:\/\/yoast.com\/wordpress\/plugins\/seo\/ -->\n<title>MBI 130 NX\u00cbN\u00cbS K\u00cbT\u00cb SEMEST\u00cbR JAN\u00cb \u00c7REGJISTUAR NGA SHKOLLAT E KUMANOV\u00cbS, BASHK\u00cb ME PRIND\u00cbRIT PO SHP\u00cbRNGULEN JASHT\u00cb SHTETIT - \u0421\u0430\u043a\u0430\u043c \u0414\u0430 \u041a\u0430\u0436\u0430\u043c<\/title>\n<meta name=\"robots\" content=\"index, follow, max-snippet:-1, max-image-preview:large, max-video-preview:-1\" \/>\n<link rel=\"canonical\" href=\"https:\/\/sdk.mk\/index.php\/uncategorized-sq\/mbi-130-nxenes-kete-semester-jane-cregjistuar-nga-shkollat-e-kumanoves-bashke-me-prinderit-po-shperngulen-jashte-shtetit\/\" \/>\n<meta property=\"og:locale\" content=\"mk_MK\" \/>\n<meta property=\"og:type\" content=\"article\" \/>\n<meta property=\"og:title\" content=\"MBI 130 NX\u00cbN\u00cbS K\u00cbT\u00cb SEMEST\u00cbR JAN\u00cb \u00c7REGJISTUAR NGA SHKOLLAT E KUMANOV\u00cbS, BASHK\u00cb ME PRIND\u00cbRIT PO SHP\u00cbRNGULEN JASHT\u00cb SHTETIT - \u0421\u0430\u043a\u0430\u043c \u0414\u0430 \u041a\u0430\u0436\u0430\u043c\" \/>\n<meta property=\"og:description\" content=\"Shkollat fillore dhe t\u00eb mesme t\u00eb Kumanov\u00ebs n\u00eb semstrin e dyt\u00eb mbet\u00ebn pa 131 nx\u00ebn\u00ebs nga ata q\u00eb ishin regjistuar [&hellip;]\" \/>\n<meta property=\"og:url\" content=\"https:\/\/sdk.mk\/index.php\/uncategorized-sq\/mbi-130-nxenes-kete-semester-jane-cregjistuar-nga-shkollat-e-kumanoves-bashke-me-prinderit-po-shperngulen-jashte-shtetit\/\" \/>\n<meta property=\"og:site_name\" content=\"\u0421\u0430\u043a\u0430\u043c \u0414\u0430 \u041a\u0430\u0436\u0430\u043c\" \/>\n<meta property=\"article:published_time\" content=\"2024-01-30T09:30:41+00:00\" \/>\n<meta property=\"og:image\" content=\"https:\/\/sdk.mk\/wp-content\/uploads\/2021\/01\/gimnazija-gotse-delchev-kumanovo.jpg\" \/>\n\t<meta property=\"og:image:width\" content=\"1864\" \/>\n\t<meta property=\"og:image:height\" content=\"916\" \/>\n<meta property=\"fb:app_id\" content=\"2407985809428537\" \/>\n<meta name=\"twitter:card\" content=\"summary\" \/>\n<script type=\"application\/ld+json\" class=\"yoast-schema-graph\">{\"@context\":\"https:\/\/schema.org\",\"@graph\":[{\"@type\":\"WebSite\",\"@id\":\"https:\/\/sdk.mk\/#website\",\"url\":\"https:\/\/sdk.mk\/\",\"name\":\"\\u0421\\u0430\\u043a\\u0430\\u043c \\u0414\\u0430 \\u041a\\u0430\\u0436\\u0430\\u043c\",\"description\":\"\\u0417\\u0430 \\u0441\\u043b\\u043e\\u0431\\u043e\\u0434\\u043e\\u0443\\u043c\\u043d\\u0438\",\"potentialAction\":[{\"@type\":\"SearchAction\",\"target\":\"https:\/\/sdk.mk\/?s={search_term_string}\",\"query-input\":\"required name=search_term_string\"}],\"inLanguage\":\"mk-MK\"},{\"@type\":\"ImageObject\",\"@id\":\"https:\/\/sdk.mk\/index.php\/uncategorized-sq\/mbi-130-nxenes-kete-semester-jane-cregjistuar-nga-shkollat-e-kumanoves-bashke-me-prinderit-po-shperngulen-jashte-shtetit\/#primaryimage\",\"inLanguage\":\"mk-MK\",\"url\":\"https:\/\/sdk.mk\/wp-content\/uploads\/2021\/01\/gimnazija-gotse-delchev-kumanovo.jpg\",\"width\":1864,\"height\":916},{\"@type\":\"WebPage\",\"@id\":\"https:\/\/sdk.mk\/index.php\/uncategorized-sq\/mbi-130-nxenes-kete-semester-jane-cregjistuar-nga-shkollat-e-kumanoves-bashke-me-prinderit-po-shperngulen-jashte-shtetit\/#webpage\",\"url\":\"https:\/\/sdk.mk\/index.php\/uncategorized-sq\/mbi-130-nxenes-kete-semester-jane-cregjistuar-nga-shkollat-e-kumanoves-bashke-me-prinderit-po-shperngulen-jashte-shtetit\/\",\"name\":\"MBI 130 NX\\u00cbN\\u00cbS K\\u00cbT\\u00cb SEMEST\\u00cbR JAN\\u00cb \\u00c7REGJISTUAR NGA SHKOLLAT E KUMANOV\\u00cbS, BASHK\\u00cb ME PRIND\\u00cbRIT PO SHP\\u00cbRNGULEN JASHT\\u00cb SHTETIT - \\u0421\\u0430\\u043a\\u0430\\u043c \\u0414\\u0430 \\u041a\\u0430\\u0436\\u0430\\u043c\",\"isPartOf\":{\"@id\":\"https:\/\/sdk.mk\/#website\"},\"primaryImageOfPage\":{\"@id\":\"https:\/\/sdk.mk\/index.php\/uncategorized-sq\/mbi-130-nxenes-kete-semester-jane-cregjistuar-nga-shkollat-e-kumanoves-bashke-me-prinderit-po-shperngulen-jashte-shtetit\/#primaryimage\"},\"datePublished\":\"2024-01-30T09:30:41+00:00\",\"dateModified\":\"2024-01-30T09:30:41+00:00\",\"author\":{\"@id\":\"https:\/\/sdk.mk\/#\/schema\/person\/737021aeacbe893f7e2c347186c5c7a1\"},\"inLanguage\":\"mk-MK\",\"potentialAction\":[{\"@type\":\"ReadAction\",\"target\":[\"https:\/\/sdk.mk\/index.php\/uncategorized-sq\/mbi-130-nxenes-kete-semester-jane-cregjistuar-nga-shkollat-e-kumanoves-bashke-me-prinderit-po-shperngulen-jashte-shtetit\/\"]}]},{\"@type\":\"Person\",\"@id\":\"https:\/\/sdk.mk\/#\/schema\/person\/737021aeacbe893f7e2c347186c5c7a1\",\"name\":\"\\u0424\\u0458\\u043e\\u043b\\u0430 \\u0417\\u043b\\u0430\\u0442\\u043a\\u0443\"}]}<\/script>\n<!-- \/ Yoast SEO Premium plugin. -->","_links":{"self":[{"href":"https:\/\/sdk.mk\/index.php\/wp-json\/wp\/v2\/posts\/213401"}],"collection":[{"href":"https:\/\/sdk.mk\/index.php\/wp-json\/wp\/v2\/posts"}],"about":[{"href":"https:\/\/sdk.mk\/index.php\/wp-json\/wp\/v2\/types\/post"}],"author":[{"embeddable":true,"href":"https:\/\/sdk.mk\/index.php\/wp-json\/wp\/v2\/users\/25"}],"replies":[{"embeddable":true,"href":"https:\/\/sdk.mk\/index.php\/wp-json\/wp\/v2\/comments?post=213401"}],"version-history":[{"count":0,"href":"https:\/\/sdk.mk\/index.php\/wp-json\/wp\/v2\/posts\/213401\/revisions"}],"wp:featuredmedia":[{"embeddable":true,"href":"https:\/\/sdk.mk\/index.php\/wp-json\/wp\/v2\/media\/137128"}],"wp:attachment":[{"href":"https:\/\/sdk.mk\/index.php\/wp-json\/wp\/v2\/media?parent=213401"}],"wp:term":[{"taxonomy":"category","embeddable":true,"href":"https:\/\/sdk.mk\/index.php\/wp-json\/wp\/v2\/categories?post=213401"},{"taxonomy":"post_tag","embeddable":true,"href":"https:\/\/sdk.mk\/index.php\/wp-json\/wp\/v2\/tags?post=213401"}],"curies":[{"name":"wp","href":"https:\/\/api.w.org\/{rel}","templated":true}]}}