{"id":213849,"date":"2024-02-05T12:10:57","date_gmt":"2024-02-05T11:10:57","guid":{"rendered":"https:\/\/sdk.mk\/?p=213849"},"modified":"2024-02-05T12:10:57","modified_gmt":"2024-02-05T11:10:57","slug":"paraburgim-shteteror","status":"publish","type":"post","link":"https:\/\/sdk.mk\/index.php\/dua-te-them\/paraburgim-shteteror\/","title":{"rendered":"PARABURGIM SHTET\u00cbROR"},"content":{"rendered":"<div class=\"f52428582a4b906b2d2e2a7d733c7d27\" data-index=\"7\" style=\"float: none; margin:10px 0 10px 0; text-align:center;\">\n<!-- MSP Ads Asynchronous JS Tag - Generated with Revive Adserver v5.4.1 -->\r\n<ins data-revive-zoneid=\"167\" data-revive-id=\"060fdb01f6430ec164d3519234aa4967\"><\/ins>\r\n<script async src=\"\/\/panel.ads.com.mk\/www\/delivery\/asyncjs.php\"><\/script>\n<\/div>\n<p><span class=\"dropcap color firstcharacter\">1 <\/span>Masat e kujdesit t\u00eb gjykat\u00ebs \u2013 marrjen e dokumentit t\u00eb udh\u00ebtimit p\u00ebr t\u00eb dyshuarit dhe t\u00eb akuzuarit p\u00ebr krim- po e humbet kuptimin. Nga 13 shkurti gjysma e qytetar\u00ebve, as fajtor\u00eb e as me borxh, as t\u00eb akuzuar e as t\u00eb dyshuar, do t\u00eb jen\u00eb n\u00ebn masa kujdesi, e pa e l\u00ebn\u00eb pasaport\u00ebn q\u00eb t\u2019ua ruaj\u00eb gjyqi, nuk do t\u00eb mund t\u00eb dalin nga shteti. Do t\u00eb jen\u00eb n\u00eb paraburgim shtet\u00ebror. Nuk kan\u00eb arritur t\u2019i ndryshojn\u00eb pasaportat me emirn kushtetues t\u00eb shtetit. E n\u00ebse as letrat e njoftimit nuk i kan\u00eb ndryshuar tashm\u00eb, nuk do t\u00eb mund t\u00eb shkojn\u00eb as p\u00ebr shoping n\u00eb \u201cLidl\u201d n\u00eb Vranje t\u00eb Serbis\u00eb.<br \/>\nPor, le t\u2019i l\u00ebm\u00eb k\u00ebto\u2026 Me mossuksesin p\u00ebr t\u00eb ndryshuar t\u00eb gjitha pasaportat e vjetra, tinejxher\u00ebt q\u00eb tani kan\u00eb arritur mosh\u00ebn 18 vje\u00e7e, nuk mund t\u00eb nxjerrin letra t\u00eb njoftimit. Terminet e para p\u00ebr kur i \u00ebsht\u00eb caktuar fotografimi n\u00eb punktet e MPB-s\u00eb jan\u00eb n\u00eb shtetor, tetor. Nuk do t\u00eb mund t\u00eb votojn\u00eb p\u00ebr zgjedhje presidenciale dhe parlamentare k\u00ebt\u00eb pranver\u00eb. Kjo pap\u00ebrgjegjshm\u00ebri e pushteteve dhe administratave shtet\u00ebrore na solli n\u00eb pik\u00ebn q\u00eb mij\u00ebra t\u00eb rinjve t\u00eb cil\u00ebt tashm\u00eb kan\u00eb mb\u00ebrritur mosh\u00ebn e maturis\u00eb, shteti t\u2019ua heq\u00eb t\u00eb drejt\u00ebn themelore qytetare t\u00eb garantuar me Kushtetut\u00eb \u2013 t\u00eb votojn\u00eb. T\u00eb zgjedhin dhe t\u00eb zgjidhen. N\u00ebse kujtohen t\u00eb ngren\u00eb padi n\u00eb Gjykat\u00ebn nd\u00ebrkomb\u00ebtre t\u00eb t\u00eb drejtave t\u00eb njeriut n\u00eb Strasburg \u2013 do t\u00eb fitojn\u00eb.<\/p>\n<p>Ting\u00ebllon ashp\u00ebr, si mund ta quash ndryshe k\u00ebt\u00eb gj\u00eb p\u00ebrve\u00e7se rr\u00ebnim, kur nj\u00eb shtet nuk mundet qytetar\u00ebve t\u00eb tij t\u2019u nxjerr\u00eb dokumente personale t\u00eb identifikimit? Ata maturant\u00eb t\u00eb cil\u00ebve shteti nuk arrin t\u2019u siguroj\u00eb n\u00eb koh\u00eb tekste shkollore dhe d\u00ebftesa, t\u00eb p\u00ebrballur me stresin se ndoshta edhe provimi i matur\u00ebs do t\u2019u vonohet sepse ata t\u00eb qendr\u00ebs s\u00eb provimeve do t\u00eb jen\u00eb n\u00eb grev\u00eb, e nuk do t\u00eb mund t\u2018i kapin afatet p\u00ebr regjistrim n\u00eb fakultet, tani p\u00ebrjetuan edhe gjendjen q\u00eb t\u00eb mos mund t\u00eb votojn\u00eb n\u00eb zgjedhjet e para n\u00eb t\u00eb cilat kan\u00eb mund\u00ebsi t\u00eb votojn\u00eb. N\u00eb zgjedhjet e radhes, p\u00ebr kat\u00ebr vjet, mund t\u00eb votojn\u00eb n\u00eb disa zgjedhje lokale n\u00eb Britanin\u00eb e Madhe, Zvic\u00ebr, Franc\u00eb, Gjermani\u2026.<br \/>\nP\u00ebrse? Sepse dikush nga ajo administrat\u00eb, e cila p\u00ebr rroga na i harxhon tatimet q\u00eb ia paguajm\u00eb shtetit, nuk e ka p\u00ebrfunduar pun\u00ebn p\u00ebr t\u00eb cil\u00ebn \u00ebsht\u00eb paguar dhe nuk ka arritur q\u00eb n\u00eb koh\u00eb t\u2018i ndryshoj\u00eb dokumentet personale me emrin e ri kushtetues t\u00eb shtetit.<\/p>\n<p>E pastaj do t\u00eb \u00e7uditemi me at\u00eb se sa f\u00ebmij\u00eb nuk kan\u00eb ardhur n\u00eb m\u00ebsim n\u00eb semstrin e dyt\u00eb se gjat\u00eb koh\u00ebs s\u00eb pushimit, prind\u00ebrit e tyre jan\u00eb shp\u00ebrngulur.<\/p>\n<p><span class=\"dropcap color firstcharacter\">2 <\/span> M\u00eb 21 janar, Teatri popullor maqedonas festoi 79 vjet. N\u00eb kontekstin e shtetit q\u00eb i la qytetar\u00ebt e tij pa dokumente personale, ja nj\u00eb krahasim i thjesht\u00eb i ndjenj\u00ebs s\u00eb p\u00ebrgjegj\u00ebsis\u00eb dhe shtetformimint n\u00eb 1845 dhe 2024.<\/p>\n<p>M\u00eb 2 gusht 1944, shpallet shtet\u00ebsia maqedonase, nd\u00ebrsa gjuha maqedonase b\u00ebhet zyrtare. Vet\u00ebm pes\u00eb muaj m\u00eb pas, n\u00eb territorin e \u00e7liruar,gjat\u00eb nj\u00eb lufte ende t\u00eb pambaruar t\u00eb dyt\u00eb bot\u00ebrore, u themelua teatri popullore maqedonas. N\u00eb maj t\u00eb vitit 1947, formohet Opera. N\u00eb vitin 1949 themelohet Baleti.<\/p>\n<p>Dometh\u00ebn\u00eb, n\u00eb vitet m\u00eb t\u00eb v\u00ebshtira pas \u00e7lirimit t\u00eb shtetit gjysm\u00eb t\u00eb rr\u00ebnuar, me shumic\u00eb t\u00eb popullat\u00ebs s\u00eb analfabete, shteti ka formuar tre nd\u00ebr institucionet m\u00eb t\u00eb r\u00ebnd\u00ebsishme kulturore.<\/p>\n<p>Si bashk\u00ebkoho\u00ebs i k\u00ebtij shteti t\u00eb pavarur maqedonas, an\u00ebtar i Kombeve t\u00eb Bashkuara, ndonj\u00ebher\u00eb pyes veten se \u00e7far\u00eb \u00ebsht\u00eb formuar nga 1991 e deri m\u00eb tani t\u00eb nj\u00eb r\u00ebnd\u00ebsie t\u00eb atill\u00eb p\u00ebr vet\u00ebdijen identitare maqedonase? Para pothuajse tet\u00ebdhjet\u00eb vjet, shteti ka arritur q\u00eb p\u00ebr tre vjet t\u00eb formoj\u00eb teat\u00ebr, oper\u00eb dhe balet. E tani, si kuror\u00eb e paaft\u00ebsis\u00eb, po i nj\u00ebjti shtet, an\u00ebtar i NATO-s dhe kandidat p\u00ebr BE, nuk \u00ebsht\u00eb i aft\u00eb qytetar\u00ebve t\u00eb saj t\u2019u jap\u00eb dokumente personale.<\/p>\n<p>Epo, edhe t\u00eb okupuar t\u00eb ishim, cilido pushtet i huaj t\u00eb vinte, do t\u00eb na jepte dokumente personale.<\/p>\n<p><span class=\"dropcap color firstcharacter\">3 <\/span> Gjat\u00eb k\u00ebtij rr\u00ebnimi t\u00eb sistemit, ne b\u00ebnim muhabete p\u00ebr qeveri teknike, ministra teknik\u00eb, z\u00ebvend\u00ebs ministra, LSDM, VMRO-DPMNE, BDI, kryeminist\u00ebr t\u00eb par\u00eb shqiptar, e pastaj festa, pranime, p\u00ebrsh\u00ebndetje dhe urime\u2026Sukses i madh, xhan\u00ebm \u2013 qeveri teknike. A thua se, harruam se \u00e7far\u00eb disfate p\u00ebr demokracin\u00eb ishte vet\u00eb shpikja e konceptit t\u00eb qeveris\u00eb teknike! Nuk mundeshim Nikolla Gruevskin dhe VMRO-DPMNE-n\u00eb t\u2019i zbresim nga froni me qet\u00ebsi, e SHBA-ja dhe BE-ja na shpik\u00ebn q\u00eb edhe n\u00eb t\u00eb ardhmen, kur dikush do ta rob\u00ebroj\u00eb shtetin, sado kudo t\u00eb kemi kushte p\u00ebr zgjedhje t\u00eb drejta.<br \/>\nDhe \u00e7\u2019b\u00ebri kryeministri teknik Talat Xhaferi sapo u votua n\u00eb Kuvend? N\u00eb fillim uroi Ali Ahmetin q\u00eb po k\u00ebndonte n\u00eb nj\u00eb nga zyrat e qeveris\u00eb, nd\u00ebrkoh\u00eb q\u00eb p\u00ebrreth tij burra t\u00eb BDI-s\u00eb incizonin veten duke pir\u00eb e duke tymosur. E pasta u largua me mercedesin nga zyrat n\u00eb drek\u00eb n\u00eb Sheshin Maqedonia, nd\u00ebrsa u parkua para kafenes\u00eb, n\u00eb rrug\u00eb k\u00ebmb\u00ebsor\u00ebsh, kur \u00ebsht\u00eb e ndaluar vozitja dhe parkimi. Nj\u00eblloj sikur banori i Hara\u00e7in\u00ebs, q\u00eb n\u00eb vitin 2020 rreth Vitit t\u00eb Ri me \u201cbentli\u201d voziste nga Porta Maqedonia n\u00ebp\u00ebr tunelin e dritave t\u00eb vitit t\u00eb ri e b\u00ebnte xhiro mes njer\u00ebzve rreth shtar\u00ebvanit n\u00eb shesh\u2026<\/p>\n<p>Vall\u00eb, p\u00ebr k\u00ebt\u00eb ishte e gjith\u00eb ajo dram\u00eb me \u201cPse jo\u201d, \u201cPse jo\u201d prej para kat\u00ebr vjet\u00ebsh, ndri\u00e7imi special i Kalas\u00eb s\u00eb Shkupit, flamujve shqiptar\u00eb, kravatat e kuqe, disktintivat \u00a0e duart me shqiponja? P\u00ebr k\u00ebt\u00eb vall\u00eb i gjith\u00eb ky pompozitet? Q\u00eb t\u00eb mundet kryeministri i par\u00eb shqiptar t\u00eb parkohet me makin\u00ebn zyrtare n\u00eb nj\u00eb vend t\u00eb ndaluar dhe t\u00eb tymos\u00eb n\u00eb nj\u00eb zyr\u00eb ku duhanpirja \u00ebsht\u00eb e ndaluar me ligj? Kjo paska qen\u00eb vall\u00eb esenca e \u201cpse jo\u201d-s\u00eb? \u00c7far\u00eb \u00ebsht\u00eb aq heroike n\u00eb shkeljen e ligjeve?<\/p>\n<p>Besoj se edhe p\u00ebr shqiptar\u00ebt, ashtu si edhe p\u00ebr t\u00eb gjith\u00eb qytetar\u00ebt e tjer\u00eb t\u00eb shtetit, nj\u00eb koncept i k\u00ebtill\u00eb i kryerjes s\u00eb detyrimeve t\u00eb nj\u00eb kryeministri, p\u00ebrkund\u00ebr pritshtm\u00ebrive kaq t\u00eb sfrocuara \u2013 \u00ebsht\u00eb relativisht zhg\u00ebnjyes.<\/p>\n<p><span class=\"dropcap color firstcharacter\">4<\/span> Nd\u00ebrkoh\u00eb, opozita e BDI-s\u00eb ka shkuar n\u00eb Kosov\u00eb n\u00eb konsultime parazgjedhore me kryeministrin e Kosov\u00ebs Albin Kurti. Jan\u00eb marr\u00eb vesh se si t\u2019u qasen zgjedhjeve presidenciale n\u00eb Maqedoni.<br \/>\nN\u00eb zgjedhjet e kaluara n\u00eb Maqedoni, partit\u00eb e shqiptar\u00ebve shkonin n\u00eb konsultime n\u00eb Tiran\u00eb. Tani shkojn\u00eb n\u00eb Prishtin\u00eb.<\/p>\n<p>Dhe pastaj hidh\u00ebrohen kur u thua se sillen sikur ky t\u00eb mos ishte shteti i tyre.<\/p>\n<p><span class=\"dropcap color firstcharacter\">5<\/span> Nd\u00ebrsa p\u00ebr VMRO-DPMNE-n\u00eb k\u00ebsaj here nuk dua t\u00eb them asgj\u00eb. E \u00e7far\u00eb mund t\u00eb thuash p\u00ebr partin\u00eb m\u00eb t\u00eb madhe opozitare, e cila propozon ministra t\u00eb saj n\u00eb qeveri teknike dhe pastaj nuk i voton ata?<\/p>\n\n<div style=\"font-size: 0px; height: 0px; line-height: 0px; margin: 0; padding: 0; clear: both;\"><\/div>","protected":false},"excerpt":{"rendered":"<p>Masat e kujdesit t\u00eb gjykat\u00ebs \u2013 marrjen e dokumentit t\u00eb udh\u00ebtimit p\u00ebr t\u00eb dyshuarit dhe t\u00eb akuzuarit p\u00ebr krim- po [&hellip;]<\/p>\n","protected":false},"author":25,"featured_media":0,"comment_status":"closed","ping_status":"closed","sticky":false,"template":"","format":"standard","meta":{"_mo_disable_npp":"no","inline_featured_image":false},"categories":[1825],"tags":[],"imageURL":false,"thumbURL":false,"categoryNames":["DUA T\u00cb THEM"],"feature_caption":"","subtitle":"Epo, edhe t\u00eb okupuar t\u00eb ishim, cilido pushtet i huaj t\u00eb vinte, do t\u00eb na jepte dokumente personale.","views":"51","source":"Shkup, (SAKAMDAKAZAM.MK) ","yoast_head":"<!-- This site is optimized with the Yoast SEO Premium plugin v15.0 - https:\/\/yoast.com\/wordpress\/plugins\/seo\/ -->\n<title>PARABURGIM SHTET\u00cbROR - \u0421\u0430\u043a\u0430\u043c \u0414\u0430 \u041a\u0430\u0436\u0430\u043c<\/title>\n<meta name=\"robots\" content=\"index, follow, max-snippet:-1, max-image-preview:large, max-video-preview:-1\" \/>\n<link rel=\"canonical\" href=\"https:\/\/sdk.mk\/index.php\/dua-te-them\/paraburgim-shteteror\/\" \/>\n<meta property=\"og:locale\" content=\"mk_MK\" \/>\n<meta property=\"og:type\" content=\"article\" \/>\n<meta property=\"og:title\" content=\"PARABURGIM SHTET\u00cbROR - \u0421\u0430\u043a\u0430\u043c \u0414\u0430 \u041a\u0430\u0436\u0430\u043c\" \/>\n<meta property=\"og:description\" content=\"Masat e kujdesit t\u00eb gjykat\u00ebs \u2013 marrjen e dokumentit t\u00eb udh\u00ebtimit p\u00ebr t\u00eb dyshuarit dhe t\u00eb akuzuarit p\u00ebr krim- po [&hellip;]\" \/>\n<meta property=\"og:url\" content=\"https:\/\/sdk.mk\/index.php\/dua-te-them\/paraburgim-shteteror\/\" \/>\n<meta property=\"og:site_name\" content=\"\u0421\u0430\u043a\u0430\u043c \u0414\u0430 \u041a\u0430\u0436\u0430\u043c\" \/>\n<meta property=\"article:published_time\" content=\"2024-02-05T11:10:57+00:00\" \/>\n<meta property=\"og:image\" content=\"https:\/\/sdk.mk\/wp-content\/uploads\/2015\/12\/goran-mihailovski2.jpg\" \/>\n\t<meta property=\"og:image:width\" content=\"400\" \/>\n\t<meta property=\"og:image:height\" content=\"313\" \/>\n<meta property=\"fb:app_id\" content=\"2407985809428537\" \/>\n<meta name=\"twitter:card\" content=\"summary\" \/>\n<script type=\"application\/ld+json\" class=\"yoast-schema-graph\">{\"@context\":\"https:\/\/schema.org\",\"@graph\":[{\"@type\":\"WebSite\",\"@id\":\"https:\/\/sdk.mk\/#website\",\"url\":\"https:\/\/sdk.mk\/\",\"name\":\"\\u0421\\u0430\\u043a\\u0430\\u043c \\u0414\\u0430 \\u041a\\u0430\\u0436\\u0430\\u043c\",\"description\":\"\\u0417\\u0430 \\u0441\\u043b\\u043e\\u0431\\u043e\\u0434\\u043e\\u0443\\u043c\\u043d\\u0438\",\"potentialAction\":[{\"@type\":\"SearchAction\",\"target\":\"https:\/\/sdk.mk\/?s={search_term_string}\",\"query-input\":\"required name=search_term_string\"}],\"inLanguage\":\"mk-MK\"},{\"@type\":\"WebPage\",\"@id\":\"https:\/\/sdk.mk\/index.php\/dua-te-them\/paraburgim-shteteror\/#webpage\",\"url\":\"https:\/\/sdk.mk\/index.php\/dua-te-them\/paraburgim-shteteror\/\",\"name\":\"PARABURGIM SHTET\\u00cbROR - \\u0421\\u0430\\u043a\\u0430\\u043c \\u0414\\u0430 \\u041a\\u0430\\u0436\\u0430\\u043c\",\"isPartOf\":{\"@id\":\"https:\/\/sdk.mk\/#website\"},\"datePublished\":\"2024-02-05T11:10:57+00:00\",\"dateModified\":\"2024-02-05T11:10:57+00:00\",\"author\":{\"@id\":\"https:\/\/sdk.mk\/#\/schema\/person\/737021aeacbe893f7e2c347186c5c7a1\"},\"inLanguage\":\"mk-MK\",\"potentialAction\":[{\"@type\":\"ReadAction\",\"target\":[\"https:\/\/sdk.mk\/index.php\/dua-te-them\/paraburgim-shteteror\/\"]}]},{\"@type\":\"Person\",\"@id\":\"https:\/\/sdk.mk\/#\/schema\/person\/737021aeacbe893f7e2c347186c5c7a1\",\"name\":\"\\u0424\\u0458\\u043e\\u043b\\u0430 \\u0417\\u043b\\u0430\\u0442\\u043a\\u0443\"}]}<\/script>\n<!-- \/ Yoast SEO Premium plugin. -->","_links":{"self":[{"href":"https:\/\/sdk.mk\/index.php\/wp-json\/wp\/v2\/posts\/213849"}],"collection":[{"href":"https:\/\/sdk.mk\/index.php\/wp-json\/wp\/v2\/posts"}],"about":[{"href":"https:\/\/sdk.mk\/index.php\/wp-json\/wp\/v2\/types\/post"}],"author":[{"embeddable":true,"href":"https:\/\/sdk.mk\/index.php\/wp-json\/wp\/v2\/users\/25"}],"replies":[{"embeddable":true,"href":"https:\/\/sdk.mk\/index.php\/wp-json\/wp\/v2\/comments?post=213849"}],"version-history":[{"count":0,"href":"https:\/\/sdk.mk\/index.php\/wp-json\/wp\/v2\/posts\/213849\/revisions"}],"wp:attachment":[{"href":"https:\/\/sdk.mk\/index.php\/wp-json\/wp\/v2\/media?parent=213849"}],"wp:term":[{"taxonomy":"category","embeddable":true,"href":"https:\/\/sdk.mk\/index.php\/wp-json\/wp\/v2\/categories?post=213849"},{"taxonomy":"post_tag","embeddable":true,"href":"https:\/\/sdk.mk\/index.php\/wp-json\/wp\/v2\/tags?post=213849"}],"curies":[{"name":"wp","href":"https:\/\/api.w.org\/{rel}","templated":true}]}}