{"id":213869,"date":"2024-02-05T14:45:50","date_gmt":"2024-02-05T13:45:50","guid":{"rendered":"https:\/\/sdk.mk\/?p=213869"},"modified":"2024-02-05T14:45:50","modified_gmt":"2024-02-05T13:45:50","slug":"pas-vendimit-te-gjykates-administraive-qendra-sociale-ka-lejuar-qe-nje-femije-viktime-e-sulmit-gjinor-nga-babai-te-takohet-me-te-nen-mbikqyrje","status":"publish","type":"post","link":"https:\/\/sdk.mk\/index.php\/histori-te-parrefyera\/pas-vendimit-te-gjykates-administraive-qendra-sociale-ka-lejuar-qe-nje-femije-viktime-e-sulmit-gjinor-nga-babai-te-takohet-me-te-nen-mbikqyrje\/","title":{"rendered":"PAS VENDIMIT T\u00cb GJYKAT\u00cbS ADMINISTRAIVE, QENDR\u0410 SOCIALE KA LEJUAR Q\u00cb NJ\u00cb F\u00cbMIJ\u00cb-VIKTIM\u00cb E SULMIT GJINOR NGA BABAI T\u00cb TAKOHET ME T\u00cb N\u00cbN MBIKQYRJE"},"content":{"rendered":"<div class=\"f52428582a4b906b2d2e2a7d733c7d27\" data-index=\"7\" style=\"float: none; margin:10px 0 10px 0; text-align:center;\">\n<!-- MSP Ads Asynchronous JS Tag - Generated with Revive Adserver v5.4.1 -->\r\n<ins data-revive-zoneid=\"167\" data-revive-id=\"060fdb01f6430ec164d3519234aa4967\"><\/ins>\r\n<script async src=\"\/\/panel.ads.com.mk\/www\/delivery\/asyncjs.php\"><\/script>\n<\/div>\n<p>Nj\u00eb f\u00ebmij\u00eb viktim\u00eb e sulmit gjinor nga ana e babait t\u00eb saj \u00ebsht\u00eb detyruar t\u00eb shihet me t\u00eb, pasi Qendra p\u00ebr pun\u00eb sociale n\u00eb Shkup i ka dh\u00ebn\u00eb leje, sikur t\u00eb b\u00ebhej fjal\u00eb p\u00ebr nj\u00eb person t\u00eb pagjykuar, me t\u00eb drejt\u00eb t\u00eb plot\u00eb prind\u00ebrore.<\/p>\n<p>Sipas vendimit t\u00eb Qendr\u00ebs p\u00ebr pun\u00eb sociale\u00a0 p\u00ebr takimin e f\u00ebmij\u00ebs viktim\u00eb me babain, kjo duhet t\u00eb ndodh\u00eb n\u00eb hap\u00ebsirat e tyre dhe n\u00ebn mbikqyrjen e nj\u00eb pun\u00ebtori social.<\/p>\n<p>Por, n\u00ebna nuk do ta \u00e7oj\u00eb p\u00ebr t\u2019u takuar, duke rrezikuar k\u00ebshtu q\u00eb t\u00eb paraqitet dhe t\u00eb d\u00ebnohet, sepse konsideron se gjykatat dhe institucionet nuk i mbrojn\u00eb t\u00eb drejtat e f\u00ebmij\u00ebs s\u00eb saj sa i p\u00ebrket k\u00ebsaj vepre t\u00eb r\u00ebnd\u00eb penale q\u00eb \u00ebsht\u00eb kryer mbi t\u00eb.<\/p>\n<p>\u201cF\u00ebmija konsiderohet si viktim\u00eb, prandaj nuk duhet t\u00eb takohet me t\u00eb. At\u00eb e mbrojn\u00eb: Ligji p\u00ebr procedur\u00eb penale i cili f\u00ebmij\u00ebn e konsideron viktim\u00eb t\u00eb cenueshme, Ligji p\u00ebr dhun\u00eb mbi grat\u00eb dhe dhun\u00ebn familjare q\u00eb jep mbrojtje t\u00eb ve\u00e7ant\u00eb p\u00ebr f\u00ebmij\u00ebt, Konventa e t\u00eb drejtave t\u00eb f\u00ebmij\u00ebve, si dhe Ligji p\u00ebr t\u00eb drejtat e f\u00ebmij\u00ebve. N\u00ebna nuk do ta d\u00ebrgoj\u00eb te takimi, sepse f\u00ebmija ka trauma. N\u00ebse nuk ka institucion q\u00eb do ta mbroj\u00eb, at\u00ebher\u00eb k\u00ebt\u00eb do ta b\u00ebj\u00eb ajo. Ka v\u00ebrtetim mjek\u00ebsor se ky f\u00ebmij\u00eb \u00ebsht\u00eb n\u00ebn trauma t\u00eb r\u00ebnda dhe se nuk mundet dhe nuk duhet t\u00eb takohet me autorin e krimit. Qendra p\u00ebr pun\u00eb sociale n\u00eb vendim\u00a0 aspak nuk i referohet raportit mjek\u00ebsor, e as gjykimit apo procedur\u00ebs penale kund\u00ebr babait\u201d, reagon Natasha Boshkova, p\u00ebrfaq\u00ebsuesja ligjore e f\u00ebmij\u00ebs \u2013 viktim\u00eb e dhun\u00ebs gjinore nga ana e prindit, pasi Qendra p\u00ebr pun\u00eb sociale me sjelljen e saj sipas saj ka treguar se interesi i f\u00ebmij\u00ebs \u00ebsht\u00eb dyt\u00ebsor dhe se par\u00ebsore jan\u00eb t\u00eb drejtat e prindit.<\/p>\n<p>Nd\u00ebrsa ky i akuzuar p\u00ebr vep\u00ebr penale p\u00ebr Sulm gjinor mbi f\u00ebmij\u00eb q\u00eb ka mbushur 14 vjet, gjykohet q\u00eb nga viti 2018 dhe akoma nuk ka aktgjykim t\u00eb shkall\u00ebs s\u00eb par\u00eb. L\u00ebnda tashm\u00eb 6 vjet gjendet te gjykat\u00ebsja Ljubinka Bashkeska n\u00eb Gjykat\u00ebn themelore penale t\u00eb Shkupit.<\/p>\n<p>Edhe pse avokatja Natasha Boshkova e ka marr\u00eb padin\u00eb p\u00ebr nj\u00eb afat t\u00eb arsyesh\u00ebm dhe n\u00eb maj Gjykata supreme e ka caktuar Bashesk\u00ebn q\u00eb n\u00eb afat prej tre muajsh ta p\u00ebrfundoj\u00eb gjykimin dhe t\u00eb marr\u00eb vendim, prap\u00eb se prap\u00eb deri m\u00eb tani p\u00ebr k\u00ebt\u00eb vep\u00ebr t\u00eb r\u00ebnd\u00eb penale, nuk ka vendim.<\/p>\n<p>N\u00eb rrethana t\u00eb k\u00ebtilla, prindi disa her\u00eb ka d\u00ebrguar k\u00ebrkes\u00eb deri te Qendra p\u00ebr pun\u00eb sociale p\u00ebr t\u00eb par\u00eb f\u00ebmij\u00ebn, por \u00ebsht\u00eb refuzuar. Kur ka ngritur padi deri te Gjykata administrative, e ka fituar rastin, gjegj\u00ebsisht t\u00eb drejt\u00ebn p\u00ebr t\u2019u par\u00eb me f\u00ebmij\u00ebn,mbi t\u00eb cilin sipas akuz\u00ebs, ai ka kryer sulm gjinor. Gjykata administrative e ka marr\u00eb vendimin sikur i akuzuari p\u00ebr momentin t\u00eb ishte nj\u00eb person i pafaj dhe sikur t\u00eb mos kishte aktgjykim p\u00ebr rastin n\u00eb fjal\u00eb.<\/p>\n<p>U drejtuam zyrtarisht deri te Gjykata themelore penale Shkup, nga kun na than\u00eb q\u00eb asnj\u00ebra nga gjykimet nuk \u00ebsht\u00eb zgjatur p\u00ebr shkak t\u00eb fajit t\u00eb gjyqit.<\/p>\n<p>\u201cSipas pyetjes suaj p\u00ebr \u00e7\u00ebshtjen penale \u2013 sulm gjinor ndaj t\u00eb mitur\u00ebs q\u00eb nuk ka mbushur mosh\u00ebn 14 vje\u00e7 dhe pas konsultimit me gjyqtarin kompetent, ju njoftojm\u00eb se \u00e7\u00ebshtja \u00ebsht\u00eb n\u00eb faz\u00ebn p\u00ebrfundimtare, p\u00ebrkat\u00ebsisht n\u00eb seanc\u00ebn e ardhshme kryesore t\u00eb caktuar p\u00ebr 02.07.2024, jan\u00eb thirrur dy personat e fundit q\u00eb duhen d\u00ebgjuar. Pas k\u00ebsaj do t\u00eb caktohen fjal\u00ebt p\u00ebrfundimtare dhe do t\u00eb b\u00ebhet shpallja e aktgjykimit t\u00eb shkall\u00ebs s\u00eb par\u00eb. P\u00ebr k\u00ebt\u00eb rast jan\u00eb caktuar seanca t\u00eb rregullta dhe asnj\u00eb seanc\u00eb nuk \u00ebsht\u00eb shtyr\u00eb p\u00ebr faj t\u00eb gjykat\u00ebs, nd\u00ebrsa \u00e7\u00ebshtja po monitorohet edhe nga Koalicioni p\u00ebr Gjykim t\u00eb Drejt\u00eb, u p\u00ebrgjigj\u00ebn nga Gjykata.\u201d<\/p>\n<p><em><strong>S.D.DELEVSKA\u00a0<\/strong><\/em><\/p>\n<p>&nbsp;<\/p>\n<p>&nbsp;<\/p>\n<p>&nbsp;<\/p>\n\n<div style=\"font-size: 0px; height: 0px; line-height: 0px; margin: 0; padding: 0; clear: both;\"><\/div>","protected":false},"excerpt":{"rendered":"<p>Nj\u00eb f\u00ebmij\u00eb viktim\u00eb e sulmit gjinor nga ana e babait t\u00eb saj \u00ebsht\u00eb detyruar t\u00eb shihet me t\u00eb, pasi Qendra [&hellip;]<\/p>\n","protected":false},"author":25,"featured_media":212960,"comment_status":"closed","ping_status":"closed","sticky":false,"template":"","format":"standard","meta":{"_mo_disable_npp":"no","inline_featured_image":false},"categories":[3085,3087],"tags":[],"imageURL":"https:\/\/sdk.mk\/wp-content\/uploads\/2024\/01\/devojce-slika-4898932892-650x341.jpg","thumbURL":"https:\/\/sdk.mk\/wp-content\/uploads\/2024\/01\/devojce-slika-4898932892-250x131.jpg","categoryNames":["Histori t\u00eb parr\u00ebfyera","Maqedonia"],"feature_caption":"Gjykimi p\u00ebr sulmin gjinor zgjat nga 2018, por akoma nuk ka asnj\u00eb aktgjykim t\u00eb shkall\u00ebs s\u00eb par\u00eb.(foto: Inteligjenc\u00eb artificiale)","subtitle":"","views":"20","source":"Shkup, (SAKAMDAKAZAM.MK) ","yoast_head":"<!-- This site is optimized with the Yoast SEO Premium plugin v15.0 - https:\/\/yoast.com\/wordpress\/plugins\/seo\/ -->\n<title>PAS VENDIMIT T\u00cb GJYKAT\u00cbS ADMINISTRAIVE, QENDR\u0410 SOCIALE KA LEJUAR Q\u00cb NJ\u00cb F\u00cbMIJ\u00cb-VIKTIM\u00cb E SULMIT GJINOR NGA BABAI T\u00cb TAKOHET ME T\u00cb N\u00cbN MBIKQYRJE - \u0421\u0430\u043a\u0430\u043c \u0414\u0430 \u041a\u0430\u0436\u0430\u043c<\/title>\n<meta name=\"robots\" content=\"index, follow, max-snippet:-1, max-image-preview:large, max-video-preview:-1\" \/>\n<link rel=\"canonical\" href=\"https:\/\/sdk.mk\/index.php\/histori-te-parrefyera\/pas-vendimit-te-gjykates-administraive-qendra-sociale-ka-lejuar-qe-nje-femije-viktime-e-sulmit-gjinor-nga-babai-te-takohet-me-te-nen-mbikqyrje\/\" \/>\n<meta property=\"og:locale\" content=\"mk_MK\" \/>\n<meta property=\"og:type\" content=\"article\" \/>\n<meta property=\"og:title\" content=\"PAS VENDIMIT T\u00cb GJYKAT\u00cbS ADMINISTRAIVE, QENDR\u0410 SOCIALE KA LEJUAR Q\u00cb NJ\u00cb F\u00cbMIJ\u00cb-VIKTIM\u00cb E SULMIT GJINOR NGA BABAI T\u00cb TAKOHET ME T\u00cb N\u00cbN MBIKQYRJE - \u0421\u0430\u043a\u0430\u043c \u0414\u0430 \u041a\u0430\u0436\u0430\u043c\" \/>\n<meta property=\"og:description\" content=\"Nj\u00eb f\u00ebmij\u00eb viktim\u00eb e sulmit gjinor nga ana e babait t\u00eb saj \u00ebsht\u00eb detyruar t\u00eb shihet me t\u00eb, pasi Qendra [&hellip;]\" \/>\n<meta property=\"og:url\" content=\"https:\/\/sdk.mk\/index.php\/histori-te-parrefyera\/pas-vendimit-te-gjykates-administraive-qendra-sociale-ka-lejuar-qe-nje-femije-viktime-e-sulmit-gjinor-nga-babai-te-takohet-me-te-nen-mbikqyrje\/\" \/>\n<meta property=\"og:site_name\" content=\"\u0421\u0430\u043a\u0430\u043c \u0414\u0430 \u041a\u0430\u0436\u0430\u043c\" \/>\n<meta property=\"article:published_time\" content=\"2024-02-05T13:45:50+00:00\" \/>\n<meta property=\"og:image\" content=\"https:\/\/sdk.mk\/wp-content\/uploads\/2024\/01\/devojce-slika-4898932892.jpg\" \/>\n\t<meta property=\"og:image:width\" content=\"1010\" \/>\n\t<meta property=\"og:image:height\" content=\"530\" \/>\n<meta property=\"fb:app_id\" content=\"2407985809428537\" \/>\n<meta name=\"twitter:card\" content=\"summary\" \/>\n<script type=\"application\/ld+json\" class=\"yoast-schema-graph\">{\"@context\":\"https:\/\/schema.org\",\"@graph\":[{\"@type\":\"WebSite\",\"@id\":\"https:\/\/sdk.mk\/#website\",\"url\":\"https:\/\/sdk.mk\/\",\"name\":\"\\u0421\\u0430\\u043a\\u0430\\u043c \\u0414\\u0430 \\u041a\\u0430\\u0436\\u0430\\u043c\",\"description\":\"\\u0417\\u0430 \\u0441\\u043b\\u043e\\u0431\\u043e\\u0434\\u043e\\u0443\\u043c\\u043d\\u0438\",\"potentialAction\":[{\"@type\":\"SearchAction\",\"target\":\"https:\/\/sdk.mk\/?s={search_term_string}\",\"query-input\":\"required name=search_term_string\"}],\"inLanguage\":\"mk-MK\"},{\"@type\":\"ImageObject\",\"@id\":\"https:\/\/sdk.mk\/index.php\/histori-te-parrefyera\/pas-vendimit-te-gjykates-administraive-qendra-sociale-ka-lejuar-qe-nje-femije-viktime-e-sulmit-gjinor-nga-babai-te-takohet-me-te-nen-mbikqyrje\/#primaryimage\",\"inLanguage\":\"mk-MK\",\"url\":\"https:\/\/sdk.mk\/wp-content\/uploads\/2024\/01\/devojce-slika-4898932892.jpg\",\"width\":1010,\"height\":530},{\"@type\":\"WebPage\",\"@id\":\"https:\/\/sdk.mk\/index.php\/histori-te-parrefyera\/pas-vendimit-te-gjykates-administraive-qendra-sociale-ka-lejuar-qe-nje-femije-viktime-e-sulmit-gjinor-nga-babai-te-takohet-me-te-nen-mbikqyrje\/#webpage\",\"url\":\"https:\/\/sdk.mk\/index.php\/histori-te-parrefyera\/pas-vendimit-te-gjykates-administraive-qendra-sociale-ka-lejuar-qe-nje-femije-viktime-e-sulmit-gjinor-nga-babai-te-takohet-me-te-nen-mbikqyrje\/\",\"name\":\"PAS VENDIMIT T\\u00cb GJYKAT\\u00cbS ADMINISTRAIVE, QENDR\\u0410 SOCIALE KA LEJUAR Q\\u00cb NJ\\u00cb F\\u00cbMIJ\\u00cb-VIKTIM\\u00cb E SULMIT GJINOR NGA BABAI T\\u00cb TAKOHET ME T\\u00cb N\\u00cbN MBIKQYRJE - \\u0421\\u0430\\u043a\\u0430\\u043c \\u0414\\u0430 \\u041a\\u0430\\u0436\\u0430\\u043c\",\"isPartOf\":{\"@id\":\"https:\/\/sdk.mk\/#website\"},\"primaryImageOfPage\":{\"@id\":\"https:\/\/sdk.mk\/index.php\/histori-te-parrefyera\/pas-vendimit-te-gjykates-administraive-qendra-sociale-ka-lejuar-qe-nje-femije-viktime-e-sulmit-gjinor-nga-babai-te-takohet-me-te-nen-mbikqyrje\/#primaryimage\"},\"datePublished\":\"2024-02-05T13:45:50+00:00\",\"dateModified\":\"2024-02-05T13:45:50+00:00\",\"author\":{\"@id\":\"https:\/\/sdk.mk\/#\/schema\/person\/737021aeacbe893f7e2c347186c5c7a1\"},\"inLanguage\":\"mk-MK\",\"potentialAction\":[{\"@type\":\"ReadAction\",\"target\":[\"https:\/\/sdk.mk\/index.php\/histori-te-parrefyera\/pas-vendimit-te-gjykates-administraive-qendra-sociale-ka-lejuar-qe-nje-femije-viktime-e-sulmit-gjinor-nga-babai-te-takohet-me-te-nen-mbikqyrje\/\"]}]},{\"@type\":\"Person\",\"@id\":\"https:\/\/sdk.mk\/#\/schema\/person\/737021aeacbe893f7e2c347186c5c7a1\",\"name\":\"\\u0424\\u0458\\u043e\\u043b\\u0430 \\u0417\\u043b\\u0430\\u0442\\u043a\\u0443\"}]}<\/script>\n<!-- \/ Yoast SEO Premium plugin. -->","_links":{"self":[{"href":"https:\/\/sdk.mk\/index.php\/wp-json\/wp\/v2\/posts\/213869"}],"collection":[{"href":"https:\/\/sdk.mk\/index.php\/wp-json\/wp\/v2\/posts"}],"about":[{"href":"https:\/\/sdk.mk\/index.php\/wp-json\/wp\/v2\/types\/post"}],"author":[{"embeddable":true,"href":"https:\/\/sdk.mk\/index.php\/wp-json\/wp\/v2\/users\/25"}],"replies":[{"embeddable":true,"href":"https:\/\/sdk.mk\/index.php\/wp-json\/wp\/v2\/comments?post=213869"}],"version-history":[{"count":0,"href":"https:\/\/sdk.mk\/index.php\/wp-json\/wp\/v2\/posts\/213869\/revisions"}],"wp:featuredmedia":[{"embeddable":true,"href":"https:\/\/sdk.mk\/index.php\/wp-json\/wp\/v2\/media\/212960"}],"wp:attachment":[{"href":"https:\/\/sdk.mk\/index.php\/wp-json\/wp\/v2\/media?parent=213869"}],"wp:term":[{"taxonomy":"category","embeddable":true,"href":"https:\/\/sdk.mk\/index.php\/wp-json\/wp\/v2\/categories?post=213869"},{"taxonomy":"post_tag","embeddable":true,"href":"https:\/\/sdk.mk\/index.php\/wp-json\/wp\/v2\/tags?post=213869"}],"curies":[{"name":"wp","href":"https:\/\/api.w.org\/{rel}","templated":true}]}}