{"id":214799,"date":"2024-02-19T11:36:02","date_gmt":"2024-02-19T10:36:02","guid":{"rendered":"https:\/\/sdk.mk\/?p=214799"},"modified":"2024-02-19T11:36:02","modified_gmt":"2024-02-19T10:36:02","slug":"ne-pritje","status":"publish","type":"post","link":"https:\/\/sdk.mk\/index.php\/dua-te-them\/ne-pritje\/","title":{"rendered":"N\u00cb PRITJE"},"content":{"rendered":"<div class=\"f52428582a4b906b2d2e2a7d733c7d27\" data-index=\"7\" style=\"float: none; margin:10px 0 10px 0; text-align:center;\">\n<!-- MSP Ads Asynchronous JS Tag - Generated with Revive Adserver v5.4.1 -->\r\n<ins data-revive-zoneid=\"167\" data-revive-id=\"060fdb01f6430ec164d3519234aa4967\"><\/ins>\r\n<script async src=\"\/\/panel.ads.com.mk\/www\/delivery\/asyncjs.php\"><\/script>\n<\/div>\n<p><span class=\"dropcap color firstcharacter\">1 <\/span> Hiti i jav\u00ebs p\u00ebr mua \u00ebsht\u00eb fotografia nga ambasada e Brukselit \u2013 kryeministri teknik Talat Xhaferi ka vajtur n\u00eb selin\u00eb e BE-s\u00eb p\u00ebr ta konfirmuar rrug\u00ebtimin evropian t\u00eb shtetit. E, meqen\u00ebse \u00ebsht\u00eb qeveri teknike, p\u00ebr siguri, me t\u00eb kan\u00eb shkuar edhe zv. kryeministri Bojan Mari\u00e7iq dhe ministri i pun\u00ebve t\u00eb jashtme Bujar Osmani. E q\u00eb t\u00eb mos u harxhohen kot ditar\u00ebt, kan\u00eb shkuar deri n\u00eb ambasad\u00eb t\u00eb shohin se si tan\u00ebt e diaspor\u00ebs fotografohen p\u00ebr pasaporta t\u00eb reja. Qytetari rri para kamer\u00ebs, diplomati fotografohet, mbi t\u00eb Bujar Osmani a thua se me interes t\u00eb madh kujdeset se \u00e7far\u00eb t\u00eb dh\u00ebnash po v\u00eb n\u00ebpun\u00ebsi n\u00eb kompjuter, kurse Mari\u00e7iqi dhe Xhaferi an\u00ebsh b\u00ebjn\u00eb skrining t\u00eb thelluar t\u00eb nj\u00eb operacioni serioz.<br \/>\nKryeminist\u00ebr, z\u00ebvend\u00ebskryeminist\u00ebr dhe minist\u00ebr i pun\u00ebve t\u00eb jashtme kryejn\u00eb k\u00ebqyrje n\u00eb fotografimin p\u00ebr pasaport\u00eb. Sikur t\u00eb mund ta dija se \u00e7far\u00eb po mendonin n\u00eb at\u00eb moment t\u00eb p\u00ebrjet\u00ebsuar n\u00eb k\u00ebt\u00eb fotografi historike? Kjo duhet t\u00eb jet\u00eb nj\u00eb gj\u00eb e papar\u00eb. Imagjino, njeriu ka arritur t\u00eb kap\u00eb terminin p\u00ebr fotografim p\u00ebr pasaport\u00eb maqedonase. Dhe at\u00eb, jo n\u00eb Shkup, por n\u00eb Bruksel.<\/p>\n<p>N\u00eb fakt, kjo fotografi e tregon realitetin. Aty shihet se si funkionon administrata maqedonase me rrog\u00eb t\u00eb shtetit. Nj\u00ebri punon, tre t\u00eb tjer\u00eb b\u00ebjn\u00eb sehir. Po edhe ai q\u00eb punon, nuk i punohet. Po, si vall\u00eb q\u00eblloi q\u00eb mu n\u00eb nd\u00ebrrimin e tij t\u00eb vij\u00eb shefi?<\/p>\n<p><span class=\"dropcap color firstcharacter\">2 <\/span> Mir\u00eb q\u00eb na mundojn\u00eb me ndryshimin e vonuar dhe kaotik t\u00eb dokumenteve t\u00eb gjith\u00ebve ne q\u00eb mbetet\u00ebm k\u00ebtu, por \u00e7\u2019faj u kan\u00eb ata q\u00eb kan\u00eb dal\u00eb nga Maqedonia? Q\u00eb t\u00eb vijn\u00eb n\u00eb shtet u duhet t\u00eb udh\u00ebtojn\u00eb me qindra mij\u00ebra kilometra, t\u00eb harxhojn\u00eb para q\u00eb nuk i kan\u00eb pasur n\u00eb plan t\u2019i harxhojn\u00eb, t\u00eb humbin dit\u00eb pune, ta planifikojn\u00eb harxhimin e koh\u00ebs n\u00eb Maqedoni\u2026.Imagjino, shefat e atjesh\u00ebm t\u2019u pranojn\u00eb nj\u00eb pushim kolektiv, t\u00eb gjith\u00eb maqdonasve. E kjo do t\u00eb jet\u00eb e v\u00ebshtri\u00eb p\u00ebr t\u2019u menaxhuar, madje edhe p\u00ebr nj\u00eb administrat\u00eb gjermane.<\/p>\n<p>Por, q\u00eb t\u00eb mos p\u00ebrs\u00ebritet gabimi i ambasadorit maqedonas n\u00eb Rom\u00eb, i cili me vet\u00ebiniciativ\u00eb ka nxituar p\u00ebr ta lajm\u00ebruar qeverin\u00eb italiane q\u00eb t\u00eb mos ua pranoj\u00eb pasaportat e vlefshme me emrin e vjet\u00ebr kushtetues 100.000 qytetar\u00ebve t\u00eb Maqedonias\u00eb q\u00eb jetojn\u00eb n\u00eb Itali, ndoshta nuk \u00ebsht\u00eb keq, ministri Osmani t\u00eb d\u00ebrgoj\u00eb nj\u00eb let\u00ebr drejt t\u00eb gjitha shteteve, me t\u00eb cil\u00ebn do t\u2019i lut\u00eb, q\u00eb t\u00eb pakt\u00ebn ata t\u00eb mos i shqet\u00ebsojn\u00eb qytetar\u00ebt tan\u00eb. Kjo do t\u00eb jet\u00eb e nd\u00ebrlikuar p\u00ebr menaxhim madje edhe p\u00ebr nj\u00eb administrat\u00eb gjermane.<br \/>\nJa k\u00ebshtu:<\/p>\n<p><em>T\u00eb dashura shtete mike dhe armike, partner\u00eb strategjik\u00eb dhe shtete t\u00eb tjera jotrategjike, territore t\u00eb pranuara dhe t\u00eb papranuara, ju lutemi t\u2019ua pranoni pasaportat e vjetra qytetar\u00ebve tan\u00eb, bashk\u00ebqytetar\u00ebve tuaj. Mos u shqet\u00ebsoni p\u00ebr ne, politikan\u00ebt. Ne kemi pasaporta, edhe t\u00eb thjeshta, edhe diplomaike, edhe zyrtare. Ne nuk duhet t\u00eb presim radh\u00eb p\u00ebr t\u2019u fotografuar. Por, kini mir\u00ebkuptim p\u00ebr njer\u00ebzit tan\u00eb q\u00eb jetojn\u00eb te ju. L\u00ebrini t\u00eb vijn\u00eb n\u00eb sht\u00ebpi t\u2019i nd\u00ebrrojn\u00eb paraportat. Jan\u00eb njer\u00ebz t\u00eb mir\u00eb, i respektojn\u00eb ligjet, d\u00ebshirojn\u00eb t\u00eb ken\u00eb nj\u00eb dokument ligjor, ashtu si\u00e7 u keni dh\u00ebn\u00eb ju dokumente ligjore p\u00ebr q\u00ebndrim. Pa merak, sa t\u2019i shohin prind\u00ebrit, t\u00eb takohen me ndonj\u00eb mik q\u00eb ka mbetur, t\u00eb rregullojn\u00eb \u00e7atin\u00eb e sht\u00ebpis\u00eb s\u00eb vjet\u00ebr\u2026 do t\u2019u kthehen. Shtetin tuaj do ta nd\u00ebrtojn\u00eb. Juve do t\u2019ju pagujan\u00eb tatime. Ata nuk duan t\u00eb jetojn\u00eb me ne. Ik\u00ebn p\u00ebr shkakun ton\u00eb, t\u00eb politikan\u00ebve. <\/em><\/p>\n<p><em>Me respekt, Bujar Osmani<\/em><\/p>\n<p>Faji i vet\u00ebm i tan\u00ebve q\u00eb jetojn\u00eb jasht\u00eb shtetit \u00ebsht\u00eb q\u00eb deri m\u00eb tani nuk kan\u00eb nxjerr\u00eb pasaporta n\u00eb vendet ku kan\u00eb ikur. Edhe pse edhe ajo mund t\u00eb jet\u00eb problem serioz. N\u00ebse hyn\u00eb n\u00eb shtet me pasaporta t\u00eb huaja, do t\u00eb duhet t\u00eb regjistohen n\u00eb stacionin policor si t\u00eb huaj. Do t\u00eb duhet t\u00eb paguajn\u00eb taks\u00eb turistike se kan\u00eb shkuar n\u00eb sht\u00ebpi. Kjo administrat\u00eb efikase shtet\u00ebrore prej di\u00e7kaje duhet t\u00eb jetoj\u00eb.<\/p>\n<p>Sigurisht q\u00eb p\u00ebr shumic\u00ebn largimi nga sht\u00ebpia ka qen\u00eb i v\u00ebshtir\u00eb, por me siguri nuk kan\u00eb menduar se kthimi do t\u00eb jet\u00eb edhe m\u00eb i v\u00ebshtir\u00eb. Dometh\u00ebn\u00eb, me t\u00eb v\u00ebrtet\u00eb nuk ka largim nga Maqedonia. Do t\u00eb t\u00eb gjej\u00eb Maqedonia kudo q\u00eb t\u00eb jesh.<\/p>\n<p><span class=\"dropcap color firstcharacter\">3 <\/span> Po ne q\u00eb mbet\u00ebm k\u00ebtu? M\u00eb efikas ishte z\u00ebvend\u00ebsimi i pasaportave t\u00eb vjetra t\u00eb RSFJ me pasaportat e para t\u00eb shetit n\u00eb 1992, kur dy t\u00eb tretat e bot\u00ebs nuk na pranonin se jemi gjall\u00eb, sesa tani, n\u00eb nj\u00eb shtet q\u00eb \u00ebsht\u00eb an\u00ebtare e NATO-s dhe me skrining t\u00eb suksessh\u00ebm p\u00ebr fillim t\u00eb negociatave me BE-n\u00eb.<br \/>\nP\u00ebr m\u00eb shum\u00eb se tre dekada pushtetet u mbyt\u00ebn se l\u00ebvduari \u2013jo digjitalizimi, jo rrjet\u00ebzimi, jo shoq\u00ebria informatike, jo e-qeveria T\u00eb huajt derdh\u00ebn nj\u00eb mori me para p\u00ebr trajnime, pajisje dhe udh\u00ebtime studimore, q\u00eb t\u00eb na b\u00ebjn\u00eb nj\u00eb administrat\u00eb efikase. Nd\u00ebrsa ne ende i biem telefonit p\u00ebr termin ku \u201cparapaguesi nuk \u00ebsht\u00eb n\u00eb rrjet\u201d, po edhe n\u00ebse dikush lajm\u00ebrohet dhe ke fatin t\u00eb caktosh nj\u00eb fotografim p\u00ebr let\u00ebrnjoftim, nuk mundet me t\u00eb nj\u00ebjt\u00ebn fotografi t\u00eb mbarosh pun\u00eb edhe p\u00ebr pasaport\u00eb edhe p\u00ebr patent\u00eb shoferi. P\u00ebr \u00e7do fotografi duhet telefonat\u00eb m\u00eb vete.<\/p>\n<p>Nalet pasaporata, nalet letrat e njoftimit. Ore as ngjit\u00ebs p\u00ebr regjistrimin e makinave nuk ka. Ti cakton fotografim p\u00ebr pasaport\u00eb, e dikujt i kujtohet se edhe p\u00ebr ngjitjen e \u201cNMK\u201d n\u00eb vetur\u00eb duhet fotografuar. Edhe kjo na duhet \u2013 Bujar Osmani dhe Bojan Mari\u00e7iqi t\u00eb fotografohe n\u00ebp\u00ebr stacione p\u00ebr kontroll teknik t\u00eb autmojeteve. Se, a nuk e sheh? Nis\u00ebm n\u00eb rrug\u00ebn evropiane.<\/p>\n<p>Faktikisht ne tashm\u00eb 32 vjet po jetojm\u00eb n\u00eb nj\u00eb gjendje t\u00eb jasht\u00ebzakonshme. Asnj\u00ebher\u00eb nuk e di se nes\u00ebr me \u00e7far\u00eb do t\u00eb t\u00eb befasojn\u00eb, si institucionet shtet\u00ebrore, ashtu edhe ato komunale. Doli se mu institucionet shtet\u00ebrore jan\u00eb armiqt\u00eb m\u00eb t\u00eb m\u00ebdhenj t\u00eb qytetar\u00ebve. Gjith\u00eb koh\u00ebs jemi n\u00eb gjendje t\u00eb gatishm\u00ebris\u00eb. Duke b\u00ebr\u00eb kujdes q\u00eb t\u00eb mbrohemi nga armiku i brendsh\u00ebm \u2013 institucionet q\u00eb vet\u00eb i paguajm\u00eb.<\/p>\n<p><span class=\"dropcap color firstcharacter\">4 <\/span> Brezi im \u00ebsht\u00eb ritur n\u00eb koh\u00ebn kur ishte i famsh\u00ebm slogani i Titos: T\u00eb punojm\u00eb sikur p\u00ebr 100 vjet do t\u00eb ket\u00eb paqe, por t\u00eb p\u00ebrgatitmet sikur nes\u00ebr do t\u00eb ket\u00eb luft\u00eb.<br \/>\nE p\u00ebrkthyer n\u00eb gjuh\u00ebn e sotme kjo do t\u00eb thot\u00eb: T\u00eb besojm\u00eb se n\u00eb 2030 do t\u00eb hym\u00eb n\u00eb BE, por t\u00eb p\u00ebrgatitemi se asnj\u00ebher\u00eb nuk do t\u00eb hym\u00eb n\u00eb BE.<\/p>\n<p>Apo e v\u00ebn\u00eb n\u00eb kontekstin aktual: T\u00eb besojm\u00eb se pasaportat q\u00eb i kemi nxjerr\u00eb sot do t\u00eb na vlejn\u00eb deri n\u00eb 2034, por t\u00eb p\u00ebrgatitemi se nuk do t\u00eb na vlejn\u00eb nes\u00ebr.<\/p>\n<p>&nbsp;<\/p>\n<p>&nbsp;<\/p>\n\n<div style=\"font-size: 0px; height: 0px; line-height: 0px; margin: 0; padding: 0; clear: both;\"><\/div>","protected":false},"excerpt":{"rendered":"<p>Hiti i jav\u00ebs p\u00ebr mua \u00ebsht\u00eb fotografia nga ambasada e Brukselit \u2013 kryeministri teknik Talat Xhaferi ka vajtur n\u00eb selin\u00eb [&hellip;]<\/p>\n","protected":false},"author":25,"featured_media":0,"comment_status":"closed","ping_status":"closed","sticky":false,"template":"","format":"standard","meta":{"_mo_disable_npp":"no","inline_featured_image":false},"categories":[1825],"tags":[],"imageURL":false,"thumbURL":false,"categoryNames":["DUA T\u00cb THEM"],"feature_caption":"","subtitle":"T\u00eb besojm\u00eb se pasaportat q\u00eb i kemi nxjerr\u00eb sot do t\u00eb na vlejn\u00eb deri n\u00eb 2034, por t\u00eb p\u00ebrgatitemi se nuk do t\u00eb na vlejn\u00eb nes\u00ebr.  ","views":"81","source":"Shkup, (SAKAMDAKAZAM.MK) ","yoast_head":"<!-- This site is optimized with the Yoast SEO Premium plugin v15.0 - https:\/\/yoast.com\/wordpress\/plugins\/seo\/ -->\n<title>N\u00cb PRITJE - \u0421\u0430\u043a\u0430\u043c \u0414\u0430 \u041a\u0430\u0436\u0430\u043c<\/title>\n<meta name=\"robots\" content=\"index, follow, max-snippet:-1, max-image-preview:large, max-video-preview:-1\" \/>\n<link rel=\"canonical\" href=\"https:\/\/sdk.mk\/index.php\/dua-te-them\/ne-pritje\/\" \/>\n<meta property=\"og:locale\" content=\"mk_MK\" \/>\n<meta property=\"og:type\" content=\"article\" \/>\n<meta property=\"og:title\" content=\"N\u00cb PRITJE - \u0421\u0430\u043a\u0430\u043c \u0414\u0430 \u041a\u0430\u0436\u0430\u043c\" \/>\n<meta property=\"og:description\" content=\"Hiti i jav\u00ebs p\u00ebr mua \u00ebsht\u00eb fotografia nga ambasada e Brukselit \u2013 kryeministri teknik Talat Xhaferi ka vajtur n\u00eb selin\u00eb [&hellip;]\" \/>\n<meta property=\"og:url\" content=\"https:\/\/sdk.mk\/index.php\/dua-te-them\/ne-pritje\/\" \/>\n<meta property=\"og:site_name\" content=\"\u0421\u0430\u043a\u0430\u043c \u0414\u0430 \u041a\u0430\u0436\u0430\u043c\" \/>\n<meta property=\"article:published_time\" content=\"2024-02-19T10:36:02+00:00\" \/>\n<meta property=\"og:image\" content=\"https:\/\/sdk.mk\/wp-content\/uploads\/2015\/12\/goran-mihailovski2.jpg\" \/>\n\t<meta property=\"og:image:width\" content=\"400\" \/>\n\t<meta property=\"og:image:height\" content=\"313\" \/>\n<meta property=\"fb:app_id\" content=\"2407985809428537\" \/>\n<meta name=\"twitter:card\" content=\"summary\" \/>\n<script type=\"application\/ld+json\" class=\"yoast-schema-graph\">{\"@context\":\"https:\/\/schema.org\",\"@graph\":[{\"@type\":\"WebSite\",\"@id\":\"https:\/\/sdk.mk\/#website\",\"url\":\"https:\/\/sdk.mk\/\",\"name\":\"\\u0421\\u0430\\u043a\\u0430\\u043c \\u0414\\u0430 \\u041a\\u0430\\u0436\\u0430\\u043c\",\"description\":\"\\u0417\\u0430 \\u0441\\u043b\\u043e\\u0431\\u043e\\u0434\\u043e\\u0443\\u043c\\u043d\\u0438\",\"potentialAction\":[{\"@type\":\"SearchAction\",\"target\":\"https:\/\/sdk.mk\/?s={search_term_string}\",\"query-input\":\"required name=search_term_string\"}],\"inLanguage\":\"mk-MK\"},{\"@type\":\"WebPage\",\"@id\":\"https:\/\/sdk.mk\/index.php\/dua-te-them\/ne-pritje\/#webpage\",\"url\":\"https:\/\/sdk.mk\/index.php\/dua-te-them\/ne-pritje\/\",\"name\":\"N\\u00cb PRITJE - \\u0421\\u0430\\u043a\\u0430\\u043c \\u0414\\u0430 \\u041a\\u0430\\u0436\\u0430\\u043c\",\"isPartOf\":{\"@id\":\"https:\/\/sdk.mk\/#website\"},\"datePublished\":\"2024-02-19T10:36:02+00:00\",\"dateModified\":\"2024-02-19T10:36:02+00:00\",\"author\":{\"@id\":\"https:\/\/sdk.mk\/#\/schema\/person\/737021aeacbe893f7e2c347186c5c7a1\"},\"inLanguage\":\"mk-MK\",\"potentialAction\":[{\"@type\":\"ReadAction\",\"target\":[\"https:\/\/sdk.mk\/index.php\/dua-te-them\/ne-pritje\/\"]}]},{\"@type\":\"Person\",\"@id\":\"https:\/\/sdk.mk\/#\/schema\/person\/737021aeacbe893f7e2c347186c5c7a1\",\"name\":\"\\u0424\\u0458\\u043e\\u043b\\u0430 \\u0417\\u043b\\u0430\\u0442\\u043a\\u0443\"}]}<\/script>\n<!-- \/ Yoast SEO Premium plugin. -->","_links":{"self":[{"href":"https:\/\/sdk.mk\/index.php\/wp-json\/wp\/v2\/posts\/214799"}],"collection":[{"href":"https:\/\/sdk.mk\/index.php\/wp-json\/wp\/v2\/posts"}],"about":[{"href":"https:\/\/sdk.mk\/index.php\/wp-json\/wp\/v2\/types\/post"}],"author":[{"embeddable":true,"href":"https:\/\/sdk.mk\/index.php\/wp-json\/wp\/v2\/users\/25"}],"replies":[{"embeddable":true,"href":"https:\/\/sdk.mk\/index.php\/wp-json\/wp\/v2\/comments?post=214799"}],"version-history":[{"count":0,"href":"https:\/\/sdk.mk\/index.php\/wp-json\/wp\/v2\/posts\/214799\/revisions"}],"wp:attachment":[{"href":"https:\/\/sdk.mk\/index.php\/wp-json\/wp\/v2\/media?parent=214799"}],"wp:term":[{"taxonomy":"category","embeddable":true,"href":"https:\/\/sdk.mk\/index.php\/wp-json\/wp\/v2\/categories?post=214799"},{"taxonomy":"post_tag","embeddable":true,"href":"https:\/\/sdk.mk\/index.php\/wp-json\/wp\/v2\/tags?post=214799"}],"curies":[{"name":"wp","href":"https:\/\/api.w.org\/{rel}","templated":true}]}}