{"id":215264,"date":"2024-02-26T10:38:17","date_gmt":"2024-02-26T09:38:17","guid":{"rendered":"https:\/\/sdk.mk\/?p=215264"},"modified":"2024-02-26T10:38:17","modified_gmt":"2024-02-26T09:38:17","slug":"sanduic-per-pasaporten","status":"publish","type":"post","link":"https:\/\/sdk.mk\/index.php\/dua-te-them\/sanduic-per-pasaporten\/","title":{"rendered":"SANDUI\u00c7 P\u00cbR PASAPORT\u00cbN"},"content":{"rendered":"<div class=\"f52428582a4b906b2d2e2a7d733c7d27\" data-index=\"7\" style=\"float: none; margin:10px 0 10px 0; text-align:center;\">\n<!-- MSP Ads Asynchronous JS Tag - Generated with Revive Adserver v5.4.1 -->\r\n<ins data-revive-zoneid=\"167\" data-revive-id=\"060fdb01f6430ec164d3519234aa4967\"><\/ins>\r\n<script async src=\"\/\/panel.ads.com.mk\/www\/delivery\/asyncjs.php\"><\/script>\n<\/div>\n<p><span class=\"dropcap color firstcharacter\">1<\/span> Z\u00ebvend\u00ebsministri shtes\u00eb p\u00ebr pun\u00ebt e brendshme Mitko Bojmacaliev \u00ebsht\u00eb z\u00ebn\u00eb n\u00eb mes t\u00eb nat\u00ebs n\u00eb kalimin kufitar Bogorodica q\u00eb ta pres\u00eb personlisht kamionin me 140.000 formular\u00eb p\u00ebr pasaporta. Ministri teknik p\u00ebr pun\u00eb t\u00eb brendshme Pan\u00e7e Toshkovski nga radh\u00ebt e VMRO-DPMNE-s\u00eb, duke dashur edhe m\u00eb shum\u00eb ta theksoj\u00eb skandalin e munges\u00ebs s\u00eb pasaportave, nuk po zbret nga televizori, p\u00ebrhap propaganda t\u00eb VMRO-s\u00eb dhe shkakton konfuzion shtes\u00eb te qytetar\u00ebt me numra dhe formular\u00eb, hetime interne, vonesa n\u00eb nxjerrjen e pasaportave, edhe pse qytetar\u00ebt jan\u00eb fotografuar vjet n\u00eb dhjetor. Ndoshta \u00ebsht\u00eb normale q\u00eb ky z\u00ebvend\u00ebsminist\u00ebr shtes\u00eb nga LSDM-ja, i caktuar q\u00eb t\u00eb kontrolloj\u00eb ministrin, t\u00eb publikoj\u00eb se n\u00eb shtet ka mb\u00ebrritur nj\u00eb num\u00ebr i konsideruesh\u00ebm i formualr\u00ebve q\u00eb deri diku t\u00eb amortizoj\u00eb mllefin ndaj LSDM-s\u00eb. Por, nuk e kam aspak t\u00eb qart\u00eb se pse duhej t\u00eb fotografohej mu n\u00eb kufi kur tashm\u00eb ka shkuar q\u00eb ta p\u00ebrsh\u00ebndes\u00eb kamionin. E n\u00eb fotografit\u00eb shihet akoma edhe raportim nga komandanti i kalimit kufitar, muhabet me polecat e n\u00eb fund \u2013 sandui\u00e7 p\u00ebr kamionxhiun.<br \/>\nE mir\u00eb, do t\u00eb thot\u00eb dikush, nalet sandui\u00e7i, nalet edhe p\u00ebrsh\u00ebndetja policore dhe raportimi, por i gjith\u00eb publikimi n\u00eb rrjete sociale vall\u00eb, ishte i shpikur nga dikush tjet\u00ebr, apo nga vet\u00eb ai? Tani nuk do t\u00eb m\u00eb \u00e7udiste q\u00eb, pas pritjes solemne n\u00eb kufi, t\u00eb vijoj\u00eb edhe pranim solemn i pasaportave n\u00eb depot e MPB n\u00eb Shkup. E pastaj ministri Tishkovski personalisht ta verifikoj\u00eb pranin\u00eb e tyre duke num\u00ebruar formular\u00ebt. Nuk do t\u00eb m\u00eb \u00e7uditste edhe n\u00ebse VMRO-ja e qeras shoferin me nj\u00eb vakt t\u00eb ngroht\u00eb p\u00ebrkund\u00ebr sandui\u00e7it t\u00eb ftoht\u00eb t\u00eb LSDM-s\u00eb. Ore, shtet\u00ebsi le t\u2019i jap\u00eb.<\/p>\n<p>Por m\u00eb s\u00eb shumti mi vret syt\u00eb ajo fjalia nga komunikata zyratare t\u00eb MPB se kjo ka qen\u00eb \u201cdemonstrim i konceptit \u2013 MPB p\u00ebr qytetar\u00ebt\u201d.<\/p>\n<p>M\u00eb nxjerr nga takt kur s\u00ebrish e s\u00ebrish m\u00eb v\u00ebrtetohet se qeveria dhe partit\u00eb, n\u00eb fakt jetojn\u00eb n\u00eb realitet paralel, duke menduar vet\u00ebm p\u00ebr vete, t\u00eb vet\u00ebk\u00ebnaqur n\u00eb rehatin\u00eb e tyre dhe ashtu her\u00eb-her\u00eb, para zgjedhjeve do t\u00eb hedhin ndonj\u00eb parull\u00eb se jan\u00eb p\u00ebr qytetar\u00ebt. Demek, kan\u00eb b\u00ebr\u00eb p\u00ebrpjekje shtes\u00eb. E nd\u00ebrkaq paguhen p\u00ebr k\u00ebt\u00eb,pik\u00ebrisht nga qytetar\u00ebt tatimpagues&#8230; P\u00ebr k\u00eb \u00ebsht\u00eb Ministria e financave, n\u00ebse jo p\u00ebr qytetar\u00ebt? P\u00ebr k\u00eb \u00ebsht\u00eb Qeveria n\u00ebse jo p\u00ebr qytetar\u00ebt? \u00cbsht\u00eb e d\u00ebnueshme me ligj n\u00ebse punojn\u00eb kund\u00ebr qytetar\u00ebve.<\/p>\n<p>Dihet se p\u00ebr k\u00eb \u00ebsht\u00eb\u2013 \u00e7do ministri p\u00ebr qytetar\u00ebt e saj. Me k\u00ebt\u00eb Qeverin\u00eb teknike, edhe m\u00eb keq. Qytetar\u00ebt jan\u00eb t\u00eb ndar\u00eb var\u00ebsisht nga ajo se cil\u00ebs parti i takon ministri apo ministri shtes\u00eb.<\/p>\n<p>Ky partizim brutal i shtetit jo vet\u00ebm q\u00eb e nxori n\u00eb sip\u00ebrfaqe paaft\u00ebsin\u00eb e kuadrove partiake q\u00eb duhet t\u00eb jen\u00eb n\u00eb sh\u00ebrbim t\u00eb qytetar\u00ebve, por nga e para tregoi se nuk u b\u00ebhet von\u00eb p\u00ebr qytetar\u00ebt.<\/p>\n<p><span class=\"dropcap color firstcharacter\">2 <\/span> N\u00eb shfaqjen \u201cn\u00eb sh\u00ebrbim t\u00eb qytetar\u00ebve\u201d u p\u00ebrfshin\u00eb edhe deputet\u00ebt e VMRO-DPMNE-s\u00eb Brane Petrushevski dhe Mile Lefkov. Jan\u00eb nisur n\u00eb mision diplomatik n\u00eb Bullgari, p\u00ebrmes kalimit kufitar n\u00eb Dell\u00e7ev\u00eb, q\u00eb t\u00eb v\u00ebrtetojn\u00eb se mund t\u00eb udh\u00ebtohet me pasaport\u00ebn e vjet\u00ebr dhe vet\u00eb kan\u00eb incizuar. Kan\u00eb arritur q\u00eb ta kalojn\u00eb kufirin por \u2013 me pasaport\u00eb diplomatike. T\u00eb pakt\u00ebn ata mund t\u00eb nxjerrin pasaport\u00eb diplomatike. P\u00ebr at\u00eb nuk duhet t\u00eb marrin n\u00eb telefon dik\u00eb q\u00eb kurr\u00eb nuk e ngre telefonin dhe p\u00ebr ta ka gjithmon\u00eb termin p\u00ebr t\u2019u fotografuar. E p\u00ebr m\u00eb tep\u00ebr, nuk u duhet t\u00eb presin rend n\u00eb aeroport, apo n\u00eb kolon\u00eb n\u00eb kufi bashk\u00eb me qytetar\u00eb t\u00eb tjer\u00eb n\u00ebn sh\u00ebrbimin e tyre. Se ve\u00e7 p\u00ebr k\u00ebt\u00eb pun\u00eb u sh\u00ebrbejn\u00eb pasaportat diplomatike.<\/p>\n<p>Ve\u00e7 k\u00ebsaj, shum\u00eb do t\u00eb doja t\u00eb di se sa nga deputet\u00ebt maqedonas, krahas pasaport\u00ebs s\u00eb zakonshme dhe asaj diplomatike, mbajn\u00eb me vete edhe pasaport\u00eb bullgare. Dhe edhe m\u00eb tep\u00ebr do t\u00eb doja t\u00eb di \u00a0sa nga ata q\u00eb do t\u00eb na shfaqen n\u00eb listat p\u00ebr zgjedhje t\u00eb deputet\u00ebve kan\u00eb pasaport\u00eb t\u00eb ndonj\u00eb atdheu rezerv\u00eb. Q\u00eb t\u00eb dime se si t\u00eb sillemi ne q\u00eb jemi k\u00ebmb\u00ebngul\u00ebs dhe q\u00eb kemi mbetur vet\u00ebm me pasaport\u00eb maqedonase.<\/p>\n<p><span class=\"dropcap color firstcharacter\">3 <\/span> Kjo puna me VMRO-DPMNE-n\u00eb e cila q\u00eb tani e sheh veten si fituese n\u00eb zgjedhje, nuk \u00ebsht\u00eb sepse kjo parti ka ofruar di\u00e7ka m\u00eb t\u00eb mire nga ajo q\u00eb kemi par\u00eb n\u00eb koh\u00ebn e Nikolla Gruevskit. As se ka ndonj\u00eb arritje.<br \/>\nThjesht, LSDM-ja nuk e shfryt\u00ebzoi shansin historik. Ishin n\u00eb opozit\u00eb 11 vjet. Dy her\u00eb u rrah\u00ebn n\u00eb Kuvend. N\u00eb vitin 2012, qeveria e VMRO-DPMNE-s\u00eb u thoshte deputet\u00ebve se do t\u2019i nxjerr\u00eb nga salla si lecka. N\u00eb 2017 erdh\u00ebn p\u00ebr t\u2019i vrar\u00eb. Dhe kur n\u00eb 2017 ia dol\u00ebn dhe pa nj\u00eb num\u00ebr t\u00eb mjaftuesh\u00ebm t\u00eb deputet\u00ebve, me ndihm\u00eb nd\u00ebrkomb\u00ebtare t\u00eb formojn\u00eb Qeveri, e l\u00ebkund\u00ebn besimin deri n\u00eb at\u00eb pik\u00eb, q\u00eb tani na soll\u00ebn n\u00eb situate ku VMRO-DPMNE-ja t\u00eb na flas\u00eb p\u00ebr demokraci, sundim t\u00eb s\u00eb drejt\u00ebs, t\u00eb akuzoj\u00eb p\u00ebr partizim, vjedhje dhe korrupsion\u2026<\/p>\n<p>E \u00e7far\u00eb b\u00ebri LSDM-ja? I amnistoi kriminel\u00ebt e lart\u00eb me ligj. Dhe d\u00ebmshp\u00ebrblim do t\u2019u pagujm\u00eb. P\u00ebr m\u00eb tep\u00ebr t\u00eb VMRO-s\u00eb do t\u2019u b\u00ebjn\u00eb moral. Jo, nuk i votuam ne ato ligje. I votoi vet\u00ebm LSDM-ja.<\/p>\n<p>E meq\u00eb po i paguajm\u00eb deputet\u00ebt q\u00eb t\u00eb miratojn\u00eb ligje t\u00eb k\u00ebtilla palighjde, do t\u2019ua pagajm\u00eb edhe harxhimet gjyq\u00ebsore atyre q\u00eb deputet\u00ebt liruan.<\/p>\n<p>Hej, p\u00ebrjetuam q\u00eb p\u00ebr lirin\u00eb e mediave t\u00eb na flas\u00eb VMRO-ja, ata q\u00eb t\u00eb vinin n\u00eb ballin\u00eb, q\u00eb fiknin rrym\u00ebn e televizioneve dhe q\u00eb i p\u00ebrgjonin gazetar\u00ebt. Dhe ata nuk jan\u00eb njer\u00ebz t\u00eb rinj, q\u00eb nuk i njohim. Jan\u00eb t\u00eb nj\u00ebjtat personazhe nga rrethi m\u00eb i af\u00ebrm i Gruevskit.<\/p>\n<p>E \u00e7\u2019\u00ebsht\u00eb m\u00eb tragjikja, VMRO-DPMNE-ja nuk ka faj p\u00ebr k\u00ebt\u00eb.<\/p>\n<p><span class=\"dropcap color firstcharacter\">4 <\/span> BDI \u2013ja nisi fushat\u00ebn se ka ardhur koha q\u00eb t\u00eb keni nj\u00eb president shqiptar.<br \/>\nJu lutem mos p\u00ebrhapni tension se maqedonasit nuk duan shqiptar p\u00ebr president.<br \/>\nMaqedonasit nuk duan kriminel. As shqiptar\u00ebt nuk duan kriminel. T\u00eb gjith\u00eb q\u00eb renditen n\u00eb Kushtetut\u00eb nuk duan kriminel\u00eb. Kjo \u00ebsht\u00eb m\u00eb e r\u00ebnd\u00ebsishmja. Por pyetja \u00ebsht\u00eb,a mundet kjo parti ta realizoj\u00eb k\u00ebt\u00eb.<\/p>\n<p>&nbsp;<\/p>\n\n<div style=\"font-size: 0px; height: 0px; line-height: 0px; margin: 0; padding: 0; clear: both;\"><\/div>","protected":false},"excerpt":{"rendered":"<p>Z\u00ebvend\u00ebsministri shtes\u00eb p\u00ebr pun\u00ebt e brendshme Mitko Bojmacaliev \u00ebsht\u00eb z\u00ebn\u00eb n\u00eb mes t\u00eb nat\u00ebs n\u00eb kalimin kufitar Bogorodica q\u00eb ta [&hellip;]<\/p>\n","protected":false},"author":25,"featured_media":0,"comment_status":"closed","ping_status":"closed","sticky":false,"template":"","format":"standard","meta":{"_mo_disable_npp":"no","inline_featured_image":false},"categories":[1825],"tags":[67774,13752,67784,67776,67780,67778,67782],"imageURL":false,"thumbURL":false,"categoryNames":["DUA T\u00cb THEM"],"feature_caption":"","subtitle":"Shum\u00eb do t\u00eb doja t\u00eb dija se sa prej deputet\u00ebve maqedonas, krahas pasaport\u00ebs s\u00eb zakonshme dhe asaj diplomatike, mbajn\u00eb me vete edhe pasaport\u00eb bullgare. ","views":"75","source":"Shkup, (SAKAMDAKAZAM.MK) ","yoast_head":"<!-- This site is optimized with the Yoast SEO Premium plugin v15.0 - https:\/\/yoast.com\/wordpress\/plugins\/seo\/ -->\n<title>SANDUI\u00c7 P\u00cbR PASAPORT\u00cbN - \u0421\u0430\u043a\u0430\u043c \u0414\u0430 \u041a\u0430\u0436\u0430\u043c<\/title>\n<meta name=\"robots\" content=\"index, follow, max-snippet:-1, max-image-preview:large, max-video-preview:-1\" \/>\n<link rel=\"canonical\" href=\"https:\/\/sdk.mk\/index.php\/dua-te-them\/sanduic-per-pasaporten\/\" \/>\n<meta property=\"og:locale\" content=\"mk_MK\" \/>\n<meta property=\"og:type\" content=\"article\" \/>\n<meta property=\"og:title\" content=\"SANDUI\u00c7 P\u00cbR PASAPORT\u00cbN - \u0421\u0430\u043a\u0430\u043c \u0414\u0430 \u041a\u0430\u0436\u0430\u043c\" \/>\n<meta property=\"og:description\" content=\"Z\u00ebvend\u00ebsministri shtes\u00eb p\u00ebr pun\u00ebt e brendshme Mitko Bojmacaliev \u00ebsht\u00eb z\u00ebn\u00eb n\u00eb mes t\u00eb nat\u00ebs n\u00eb kalimin kufitar Bogorodica q\u00eb ta [&hellip;]\" \/>\n<meta property=\"og:url\" content=\"https:\/\/sdk.mk\/index.php\/dua-te-them\/sanduic-per-pasaporten\/\" \/>\n<meta property=\"og:site_name\" content=\"\u0421\u0430\u043a\u0430\u043c \u0414\u0430 \u041a\u0430\u0436\u0430\u043c\" \/>\n<meta property=\"article:published_time\" content=\"2024-02-26T09:38:17+00:00\" \/>\n<meta property=\"og:image\" content=\"https:\/\/sdk.mk\/wp-content\/uploads\/2015\/12\/goran-mihailovski2.jpg\" \/>\n\t<meta property=\"og:image:width\" content=\"400\" \/>\n\t<meta property=\"og:image:height\" content=\"313\" \/>\n<meta property=\"fb:app_id\" content=\"2407985809428537\" \/>\n<meta name=\"twitter:card\" content=\"summary\" \/>\n<script type=\"application\/ld+json\" class=\"yoast-schema-graph\">{\"@context\":\"https:\/\/schema.org\",\"@graph\":[{\"@type\":\"WebSite\",\"@id\":\"https:\/\/sdk.mk\/#website\",\"url\":\"https:\/\/sdk.mk\/\",\"name\":\"\\u0421\\u0430\\u043a\\u0430\\u043c \\u0414\\u0430 \\u041a\\u0430\\u0436\\u0430\\u043c\",\"description\":\"\\u0417\\u0430 \\u0441\\u043b\\u043e\\u0431\\u043e\\u0434\\u043e\\u0443\\u043c\\u043d\\u0438\",\"potentialAction\":[{\"@type\":\"SearchAction\",\"target\":\"https:\/\/sdk.mk\/?s={search_term_string}\",\"query-input\":\"required name=search_term_string\"}],\"inLanguage\":\"mk-MK\"},{\"@type\":\"WebPage\",\"@id\":\"https:\/\/sdk.mk\/index.php\/dua-te-them\/sanduic-per-pasaporten\/#webpage\",\"url\":\"https:\/\/sdk.mk\/index.php\/dua-te-them\/sanduic-per-pasaporten\/\",\"name\":\"SANDUI\\u00c7 P\\u00cbR PASAPORT\\u00cbN - \\u0421\\u0430\\u043a\\u0430\\u043c \\u0414\\u0430 \\u041a\\u0430\\u0436\\u0430\\u043c\",\"isPartOf\":{\"@id\":\"https:\/\/sdk.mk\/#website\"},\"datePublished\":\"2024-02-26T09:38:17+00:00\",\"dateModified\":\"2024-02-26T09:38:17+00:00\",\"author\":{\"@id\":\"https:\/\/sdk.mk\/#\/schema\/person\/737021aeacbe893f7e2c347186c5c7a1\"},\"inLanguage\":\"mk-MK\",\"potentialAction\":[{\"@type\":\"ReadAction\",\"target\":[\"https:\/\/sdk.mk\/index.php\/dua-te-them\/sanduic-per-pasaporten\/\"]}]},{\"@type\":\"Person\",\"@id\":\"https:\/\/sdk.mk\/#\/schema\/person\/737021aeacbe893f7e2c347186c5c7a1\",\"name\":\"\\u0424\\u0458\\u043e\\u043b\\u0430 \\u0417\\u043b\\u0430\\u0442\\u043a\\u0443\"}]}<\/script>\n<!-- \/ Yoast SEO Premium plugin. -->","_links":{"self":[{"href":"https:\/\/sdk.mk\/index.php\/wp-json\/wp\/v2\/posts\/215264"}],"collection":[{"href":"https:\/\/sdk.mk\/index.php\/wp-json\/wp\/v2\/posts"}],"about":[{"href":"https:\/\/sdk.mk\/index.php\/wp-json\/wp\/v2\/types\/post"}],"author":[{"embeddable":true,"href":"https:\/\/sdk.mk\/index.php\/wp-json\/wp\/v2\/users\/25"}],"replies":[{"embeddable":true,"href":"https:\/\/sdk.mk\/index.php\/wp-json\/wp\/v2\/comments?post=215264"}],"version-history":[{"count":0,"href":"https:\/\/sdk.mk\/index.php\/wp-json\/wp\/v2\/posts\/215264\/revisions"}],"wp:attachment":[{"href":"https:\/\/sdk.mk\/index.php\/wp-json\/wp\/v2\/media?parent=215264"}],"wp:term":[{"taxonomy":"category","embeddable":true,"href":"https:\/\/sdk.mk\/index.php\/wp-json\/wp\/v2\/categories?post=215264"},{"taxonomy":"post_tag","embeddable":true,"href":"https:\/\/sdk.mk\/index.php\/wp-json\/wp\/v2\/tags?post=215264"}],"curies":[{"name":"wp","href":"https:\/\/api.w.org\/{rel}","templated":true}]}}