{"id":215833,"date":"2024-03-04T13:20:54","date_gmt":"2024-03-04T12:20:54","guid":{"rendered":"https:\/\/sdk.mk\/?p=215833"},"modified":"2024-03-04T13:20:54","modified_gmt":"2024-03-04T12:20:54","slug":"neper-ere","status":"publish","type":"post","link":"https:\/\/sdk.mk\/index.php\/dua-te-them\/neper-ere\/","title":{"rendered":"N\u00cbP\u00cbR ER\u00cb"},"content":{"rendered":"<div class=\"f52428582a4b906b2d2e2a7d733c7d27\" data-index=\"7\" style=\"float: none; margin:10px 0 10px 0; text-align:center;\">\n<!-- MSP Ads Asynchronous JS Tag - Generated with Revive Adserver v5.4.1 -->\r\n<ins data-revive-zoneid=\"167\" data-revive-id=\"060fdb01f6430ec164d3519234aa4967\"><\/ins>\r\n<script async src=\"\/\/panel.ads.com.mk\/www\/delivery\/asyncjs.php\"><\/script>\n<\/div>\n<p><span class=\"dropcap color firstcharacter\">1<\/span> Fushata parazgjedhore filloi me mbjellje t\u00eb frik\u00ebs.<br \/>\nLSDM-ja na frik\u00ebson me at\u00eb se do t\u00eb na kthehet VMRO-ja. VMRO-ja na frik\u00ebson me at\u00eb se do t\u00eb mbes\u00eb LSDM-ja, BDI-ja nuk sheh armik t\u00eb brendsh\u00ebm, prandaj na frik\u00ebson me Rusin\u00eb.<\/p>\n<p>T\u00eb gjith\u00eb na frik\u00ebsojn\u00eb di\u00e7ka. Vet\u00ebm se askush prej tyre nuk na frik\u00ebson me korrupsion. Korrupsioni nuk \u00ebsht\u00eb tem\u00eb zgjedhore. Pasi n\u00eb Maqedoni askush nuk frik\u00ebsohet nga korrupsioni. Vet\u00ebm Amerika ka frik\u00eb nga korrupsioni n\u00eb Maqedoni.<\/p>\n<p><span class=\"dropcap color firstcharacter\">2 <\/span> Kur LSDM-ja e mori pushtetin n\u00eb vitin 2017, hapi i par\u00eb ishte ta heq\u00eb reklamimin n\u00eb television. Pothuajse shtat\u00eb vjet m\u00eb pas, n\u00eb m\u00ebnyr\u00eb t\u00eb bashkuar, me deputet\u00ebt e VMRO-DPMNE-s\u00eb votuan ligj me t\u00eb cilin e kthyen reklamimin qeveritar n\u00eb televizione me parat\u00eb e buxhetit shtet\u00ebror. Madje shpejtuan, duke votuar nat\u00ebn, me flamur evropian, q\u00eb t\u00eb mos humbin n\u00eb zgjedhje, e VMRO-DPMNE-ja t\u00eb mbes\u00eb pa mund\u00ebsin\u00eb p\u00ebr t\u2019i shpenzuar s\u00ebrish parat\u00eb e shtetit p\u00ebr propagand\u00eb shtet\u00ebrore.<\/p>\n<p>\u00cbsht\u00eb thjesht e pabesueshme se si n\u00eb fund t\u00eb mandatit qeveria ia kthen VMRO-DPMNE-s\u00eb mjetin m\u00eb t\u00eb fuqish\u00ebm me t\u00eb ciln na shkelte p\u00ebr 11 vjet me radh\u00eb \u2013 propagand\u00ebn e paguar me parat\u00eb e shtetit. A thua se n\u00eb LSDM-n\u00eb qeveritare jan\u00eb armiqt\u00eb m\u00eb t\u00eb m\u00ebdhenj t\u00eb vetvetes. A thua se, VMRO-DPMNE-ja i paguan k\u00ebta t\u00eb LSDM-s\u00eb t\u00eb punojn\u00eb kund\u00ebr vetvetes. E, si\u00e7 afrohen zgjedhjet, i fuqizojn\u00eb aktivitetet q\u00eb t\u00eb sabotohen vet\u00eb: \u201cUrdh\u00ebro, or Mickoski, nj\u00eb bakshish nga ne, edhe nj\u00eb ligj tjet\u00ebr, ta kesh m\u00eb t\u00eb leht\u00eb qeverisjen\u201d.<\/p>\n<p>A thua se e kan\u00eb pasur mir\u00eb kur VMRO-DPMNE-ja i p\u00ebshtynte n\u00ebp\u00ebr televizione, kur nuk u jepnin as edhe nj\u00eb minut\u00eb p\u00ebr t\u2019u shfaqur n\u00eb lajme, kur i rrihnin n\u00eb Kuvend, por televizionet nuk e publikonin, kur nuk raportonin nga shtypet n\u00eb t\u00eb cilat Zoran Zaevi i l\u00ebshonte \u201cbombat\u201d me biseda t\u00eb p\u00ebrgjuara, kur sulmi i organizuar i Kuvendit m\u00eb 27 prill ishte \u201csulmi m\u00eb paqedash\u00ebs i Kuvendit\u201d dhe \u201cngjarje e pak\u00ebndshme\u201d n\u00eb emisionet debatuese u ngjitsnin gozhda n\u00eb fytyr\u00eb, i mbulonin me pllaka varri&#8230;.Q\u00eb t\u00eb blejn\u00eb dashuri me parat\u00eb tona, u b\u00ebnin lajka po atyre shefave t\u00eb televizionit q\u00eb ua fiknin rrym\u00ebn. P\u00ebr t\u2019u habitur \u00ebsht\u00eb se si mundesh p\u00ebr vet\u00ebm shtat\u00eb vjet nga kjo ekperienc\u00eb traumatike t\u00eb fitoj\u00eb dikush amnezi.<\/p>\n<p>Le t\u00eb themi se n\u00eb LSDM as q\u00eb mendojn\u00eb p\u00ebr disfat\u00eb zgjedhore, sepse lideri Dimitar Kova\u00e7evski i fuqizon me goditjet mbi foltore dhe th\u00ebrritjet \u201cFitore,fitore\u2026!\u201d Por ja, edhe n\u00ebse do t\u00eb fitonin, \u00e7far\u00eb tregon kthimi i reklamimit qeveritar n\u00eb televizionet private p\u00ebr qeverisjen e tyre n\u00eb t\u00eb ardhmen? Dometh\u00ebn\u00eb, milionat jan\u00eb k\u00ebtu, hajde tani t\u2019i harxhojm\u00eb p\u00ebr propaganda, si\u00e7 i harxhonte VMRO-DPMNE-ja. T\u2019i p\u00ebrs\u00ebrisim 11 vjet\u00ebt e lig\u00ebsis\u00eb, p\u00ebr t\u00eb cilat Zaevi thoshte se nuk do t\u00eb p\u00ebrs\u00ebriten asnj\u00ebher\u00eb.<\/p>\n<p>Gjith\u00e7ka b\u00ebn\u00eb q\u00eb t\u2019ia leht\u00ebsojn\u00eb pun\u00ebn VMRO-DPMNE-s\u00eb kur t\u00eb vij\u00eb s\u00ebrish n\u00eb pushtet, q\u00eb t\u00eb kthehet me nj\u00eb shk\u00eblqim t\u00eb plot\u00eb, t\u00eb pastruar nga t\u00eb gjitha ndyr\u00ebsit\u00eb q\u00eb na i b\u00ebnte. S\u00eb pari ia legalizuan \u201cShkupin 2014\u201d, pastaj votuan ligjin q\u00eb t\u2019i ulin d\u00ebnime t\u00eb funksionar\u00ebve t\u00eb VMRO-s\u00eb dhe ua vjet\u00ebruan veprat q\u00eb t\u2019i \u00e7lirojn\u00eb nga p\u00ebrndjekja. Ua leht\u00ebsuan jet\u00ebn q\u00eb ata t\u00eb mund t\u00eb p\u00ebrq\u00ebndrohen n\u00eb aktivitetet partiake p\u00ebr t\u2019u kthyer n\u00eb pushtet. Dhe n\u00eb fund, ua kthyen ligjin me t\u00eb cilin do t\u2019u lirojn\u00eb para nga buxheti q\u00eb t\u00eb munden n\u00eb m\u00ebnyr\u00eb m\u00eb efikase t\u2019i shterojn\u00eb.<\/p>\n<p>A thua se LSDM-ja i k\u00ebrkon falje VMRO-DPMNE-s\u00eb se p\u00ebr nj\u00eb koh\u00eb kan\u00eb qen\u00eb shum\u00eb t\u00eb shqet\u00ebsuar, por ja tani e gjith\u00eb paqeta p\u00ebr qeverisje t\u00eb pad\u00ebnueshme po u kthehet pas. Edhe t\u2019i k\u00ebrkojn\u00eb falje Nikolla Gruevski q\u00eb nuk arrit\u00ebn ta kthejn\u00eb si\u00e7 e kishin planin dhe t\u00eb mbarojm\u00eb m\u00eb k\u00ebt\u00eb episod t\u00eb jet\u00ebve tona \u2013 si na shkuan n\u00ebp\u00ebr er\u00eb shtat\u00eb vjet.<\/p>\n<p><span class=\"dropcap color firstcharacter\">3 <\/span> Nuk dua as t\u00eb mendoj, por ndonj\u00ebher\u00eb edhe kjo m\u00eb vjen nd\u00ebrmend: shohin se po fundosen, e nuk u b\u00ebhet von\u00eb se i b\u00ebjn\u00eb d\u00ebm t\u00eb madh shtetit. Pse? \u00c7\u2019t\u00eb keqe u kemi b\u00ebr\u00eb ne, qytetar\u00ebt. Nuk jemi dhe aq naiv\u00eb, por me siguri kemi qen\u00eb aq shum\u00eb t\u00eb d\u00ebshp\u00ebruar saq\u00eb kemi besuar se pas gjith\u00eb k\u00ebtij rr\u00ebnimi dhe rr\u00ebmbimi t\u00eb shtetit nga ana e VMRO-DPMNE-s\u00eb, n\u00eb LSDM natyrsh\u00ebm ka dal\u00eb ndonj\u00eb i aft\u00eb q\u00eb t\u00eb b\u00ebj\u00eb ndryshimin me norma dhe vlera t\u00eb reja. Kishin fuqi dhe entuziaz\u00ebm qytetar, mb\u00ebshtetje nd\u00ebrkomb\u00ebtare, po edhe nj\u00eb platform\u00eb progresive qytetare p\u00ebr t\u00eb p\u00ebrparuar n\u00eb shtetin q\u00eb duheshin thjesht ta ndjekin. Por, kjo platform\u00eb qytetare e cila k\u00ebrkonte ndryshime rr\u00ebnj\u00ebsore n\u00eb praktikimin e qeveris\u00eb, n\u00eb LSDM e rr\u00ebmbyen dhe e shkat\u00ebrruan.<\/p>\n<p>Dometh\u00ebn\u00eb, le t\u00eb kuptohemi. Ta p\u00ebrs\u00ebris p\u00ebr t\u00eb nj\u00ebqindt\u00ebn her\u00eb at\u00eb q\u00eb n\u00eb parti nuk mund ta kuptojn\u00eb sepse ata prej njer\u00ebzve nuk presin mendim por d\u00ebgjueshm\u00ebri. K\u00ebtu nuk b\u00ebhet fjal\u00eb p\u00ebr pritjen e njer\u00ebzve q\u00eb kan\u00eb qen\u00eb simpatizues t\u00eb LSDM-s\u00eb, apo t\u00eb bashk\u00ebpartiak\u00ebve t\u00eb tyre. K\u00ebtu nuk b\u00ebhet fjal\u00eb p\u00ebr pritshm\u00ebrit\u00eb\u00a0 e njer\u00ebzve q\u00eb kan\u00eb qen\u00eb simpatizues t\u00eb LSDM-s\u00eb apo t\u00eb bashk\u00ebparitak\u00ebve \u00eb tyre. B\u00ebhet fjal\u00eb p\u00ebr qytetar\u00eb q\u00eb kan\u00eb besuar se m\u00eb keq se ajo q\u00eb ka qen\u00eb nuk guxon t\u00eb jet\u00eb. Jo-nuk ka mundur t\u00eb jet\u00eb. Por \u2013 nuk duhet t\u00eb jet\u00eb.<\/p>\n<p>Prandaj, si n\u00eb \u00e7do zgjedhje, edhe k\u00ebsaj here duhet patur kujdes se \u00e7far\u00eb do t\u00eb b\u00ebjm\u00eb me vot\u00ebn q\u00eb e kemi n\u00eb dor\u00eb.<\/p>\n\n<div style=\"font-size: 0px; height: 0px; line-height: 0px; margin: 0; padding: 0; clear: both;\"><\/div>","protected":false},"excerpt":{"rendered":"<p>Fushata parazgjedhore filloi me mbjellje t\u00eb frik\u00ebs. LSDM-ja na frik\u00ebson me at\u00eb se do t\u00eb na kthehet VMRO-ja. VMRO-ja na [&hellip;]<\/p>\n","protected":false},"author":25,"featured_media":0,"comment_status":"closed","ping_status":"closed","sticky":false,"template":"","format":"standard","meta":{"_mo_disable_npp":"no","inline_featured_image":false},"categories":[1825],"tags":[],"imageURL":false,"thumbURL":false,"categoryNames":["DUA T\u00cb THEM"],"feature_caption":"","subtitle":" Vet\u00ebm Amerika ka frik\u00eb nga korrupsioni n\u00eb Maqedoni. ","views":"76","source":"","yoast_head":"<!-- This site is optimized with the Yoast SEO Premium plugin v15.0 - https:\/\/yoast.com\/wordpress\/plugins\/seo\/ -->\n<title>N\u00cbP\u00cbR ER\u00cb - \u0421\u0430\u043a\u0430\u043c \u0414\u0430 \u041a\u0430\u0436\u0430\u043c<\/title>\n<meta name=\"robots\" content=\"index, follow, max-snippet:-1, max-image-preview:large, max-video-preview:-1\" \/>\n<link rel=\"canonical\" href=\"https:\/\/sdk.mk\/index.php\/dua-te-them\/neper-ere\/\" \/>\n<meta property=\"og:locale\" content=\"mk_MK\" \/>\n<meta property=\"og:type\" content=\"article\" \/>\n<meta property=\"og:title\" content=\"N\u00cbP\u00cbR ER\u00cb - \u0421\u0430\u043a\u0430\u043c \u0414\u0430 \u041a\u0430\u0436\u0430\u043c\" \/>\n<meta property=\"og:description\" content=\"Fushata parazgjedhore filloi me mbjellje t\u00eb frik\u00ebs. LSDM-ja na frik\u00ebson me at\u00eb se do t\u00eb na kthehet VMRO-ja. VMRO-ja na [&hellip;]\" \/>\n<meta property=\"og:url\" content=\"https:\/\/sdk.mk\/index.php\/dua-te-them\/neper-ere\/\" \/>\n<meta property=\"og:site_name\" content=\"\u0421\u0430\u043a\u0430\u043c \u0414\u0430 \u041a\u0430\u0436\u0430\u043c\" \/>\n<meta property=\"article:published_time\" content=\"2024-03-04T12:20:54+00:00\" \/>\n<meta property=\"og:image\" content=\"https:\/\/sdk.mk\/wp-content\/uploads\/2015\/12\/goran-mihailovski2.jpg\" \/>\n\t<meta property=\"og:image:width\" content=\"400\" \/>\n\t<meta property=\"og:image:height\" content=\"313\" \/>\n<meta property=\"fb:app_id\" content=\"2407985809428537\" \/>\n<meta name=\"twitter:card\" content=\"summary\" \/>\n<script type=\"application\/ld+json\" class=\"yoast-schema-graph\">{\"@context\":\"https:\/\/schema.org\",\"@graph\":[{\"@type\":\"WebSite\",\"@id\":\"https:\/\/sdk.mk\/#website\",\"url\":\"https:\/\/sdk.mk\/\",\"name\":\"\\u0421\\u0430\\u043a\\u0430\\u043c \\u0414\\u0430 \\u041a\\u0430\\u0436\\u0430\\u043c\",\"description\":\"\\u0417\\u0430 \\u0441\\u043b\\u043e\\u0431\\u043e\\u0434\\u043e\\u0443\\u043c\\u043d\\u0438\",\"potentialAction\":[{\"@type\":\"SearchAction\",\"target\":\"https:\/\/sdk.mk\/?s={search_term_string}\",\"query-input\":\"required name=search_term_string\"}],\"inLanguage\":\"mk-MK\"},{\"@type\":\"WebPage\",\"@id\":\"https:\/\/sdk.mk\/index.php\/dua-te-them\/neper-ere\/#webpage\",\"url\":\"https:\/\/sdk.mk\/index.php\/dua-te-them\/neper-ere\/\",\"name\":\"N\\u00cbP\\u00cbR ER\\u00cb - \\u0421\\u0430\\u043a\\u0430\\u043c \\u0414\\u0430 \\u041a\\u0430\\u0436\\u0430\\u043c\",\"isPartOf\":{\"@id\":\"https:\/\/sdk.mk\/#website\"},\"datePublished\":\"2024-03-04T12:20:54+00:00\",\"dateModified\":\"2024-03-04T12:20:54+00:00\",\"author\":{\"@id\":\"https:\/\/sdk.mk\/#\/schema\/person\/737021aeacbe893f7e2c347186c5c7a1\"},\"inLanguage\":\"mk-MK\",\"potentialAction\":[{\"@type\":\"ReadAction\",\"target\":[\"https:\/\/sdk.mk\/index.php\/dua-te-them\/neper-ere\/\"]}]},{\"@type\":\"Person\",\"@id\":\"https:\/\/sdk.mk\/#\/schema\/person\/737021aeacbe893f7e2c347186c5c7a1\",\"name\":\"\\u0424\\u0458\\u043e\\u043b\\u0430 \\u0417\\u043b\\u0430\\u0442\\u043a\\u0443\"}]}<\/script>\n<!-- \/ Yoast SEO Premium plugin. -->","_links":{"self":[{"href":"https:\/\/sdk.mk\/index.php\/wp-json\/wp\/v2\/posts\/215833"}],"collection":[{"href":"https:\/\/sdk.mk\/index.php\/wp-json\/wp\/v2\/posts"}],"about":[{"href":"https:\/\/sdk.mk\/index.php\/wp-json\/wp\/v2\/types\/post"}],"author":[{"embeddable":true,"href":"https:\/\/sdk.mk\/index.php\/wp-json\/wp\/v2\/users\/25"}],"replies":[{"embeddable":true,"href":"https:\/\/sdk.mk\/index.php\/wp-json\/wp\/v2\/comments?post=215833"}],"version-history":[{"count":0,"href":"https:\/\/sdk.mk\/index.php\/wp-json\/wp\/v2\/posts\/215833\/revisions"}],"wp:attachment":[{"href":"https:\/\/sdk.mk\/index.php\/wp-json\/wp\/v2\/media?parent=215833"}],"wp:term":[{"taxonomy":"category","embeddable":true,"href":"https:\/\/sdk.mk\/index.php\/wp-json\/wp\/v2\/categories?post=215833"},{"taxonomy":"post_tag","embeddable":true,"href":"https:\/\/sdk.mk\/index.php\/wp-json\/wp\/v2\/tags?post=215833"}],"curies":[{"name":"wp","href":"https:\/\/api.w.org\/{rel}","templated":true}]}}