{"id":216314,"date":"2024-03-11T13:24:38","date_gmt":"2024-03-11T12:24:38","guid":{"rendered":"https:\/\/sdk.mk\/?p=216314"},"modified":"2024-03-11T13:24:38","modified_gmt":"2024-03-11T12:24:38","slug":"bie-nata-bie-kriteri","status":"publish","type":"post","link":"https:\/\/sdk.mk\/index.php\/dua-te-them\/bie-nata-bie-kriteri\/","title":{"rendered":"BIE NATA, BIE KRITERI"},"content":{"rendered":"<div class=\"f52428582a4b906b2d2e2a7d733c7d27\" data-index=\"7\" style=\"float: none; margin:10px 0 10px 0; text-align:center;\">\n<!-- MSP Ads Asynchronous JS Tag - Generated with Revive Adserver v5.4.1 -->\r\n<ins data-revive-zoneid=\"167\" data-revive-id=\"060fdb01f6430ec164d3519234aa4967\"><\/ins>\r\n<script async src=\"\/\/panel.ads.com.mk\/www\/delivery\/asyncjs.php\"><\/script>\n<\/div>\n<p><span class=\"dropcap color firstcharacter\">1 <\/span> N\u00eb zgjedhjet presidenciale dhe parlamentare m\u00eb 25 prill dhe 8 maj, do t\u00eb mund t\u00eb votohet me let\u00ebrnjoftim apo pasaport\u00eb, vlera e t\u00eb cilave ka skaduar n\u00eb periudh\u00ebn prej n\u00ebnt\u00eb muajve para dit\u00ebs s\u00eb zgjedhjeve. Depute\u00ebt\u00eb nga t\u00eb gjitha partit\u00eb u bashkuan dhe pa debat i votuan ndryshimet e Kodit zgjedhor, sipas t\u00eb cilit faktikisht do t\u00eb mund t\u00eb votohet me dokument jovalid, jo p\u00ebr faj t\u00eb qytetar\u00ebve, por p\u00ebr faj t\u00eb shtetit q\u00eb nuk ka arritur t\u2019u siguroj\u00eb dokumente personale n\u00eb koh\u00eb.<br \/>\nDometh\u00ebn\u00eb, na thon\u00eb, t\u2019i mund t\u00eb m\u00eb votosh, por un\u00eb nuk duhet medoemos t\u00eb t\u00eb jap as pasaport\u00eb, as let\u00ebrnjoftim n\u00eb koh\u00eb. Edhe pse ti p\u00ebr k\u00ebt\u00eb m\u00eb ke paguar. Nuk mund t\u00eb udh\u00ebtosh, por eja, m\u00eb voto.<br \/>\nJu mund\u00ebsuam t\u00eb shkoni n\u00eb zgjedhje me dokumente joekzistuese, q\u00eb t\u00eb mund t\u2019i votoni ata q\u00eb nuk ju kan\u00eb siguruar dokumentet, na thon\u00eb.<\/p>\n<p><span class=\"dropcap color firstcharacter\">2 <\/span> Nga nj\u00eb an\u00eb njer\u00ebzit po vdesin duke pritur n\u00eb radh\u00ebt e fotografimit p\u00ebr let\u00ebrnjoftim dhe pasaport\u00eb, e nga ana tjet\u00ebr mij\u00ebra njer\u00ebz t\u00eb diel\u00ebn n\u00eb m\u00ebngjes vullnetaritsh u vendos\u00ebn n\u00eb radh\u00eb q\u00eb t\u00eb presin t\u00eb n\u00ebnshkruajn\u00eb p\u00ebr kandidaturat e kandidat\u00ebve presidencial\u00eb t\u00eb LSDM-s\u00eb dhe VMRO-DPMNE-s\u00eb. Partia th\u00ebrriti: Vraponi q\u00eb t\u00eb n\u00ebnshkruheni e t\u00eb shihni sa t\u00eb fort\u00eb jemi. Do ta masim koh\u00ebn se kush sa shpejt ka mbledhur sa m\u00eb shum\u00eb n\u00ebnshkrime.<br \/>\nSa e madhe duhet t\u00eb jet\u00eb vall\u00eb ajo forc\u00eb q\u00eb t\u00eb t\u00eb ngrej\u00eb nga shtrati nj\u00eb m\u00ebngjes t\u00eb diele, q\u00eb t\u00eb q\u00ebndrosh n\u00eb radh\u00eb p\u00ebr t\u00eb n\u00ebnshkruar p\u00ebr kandidatin e partis\u00eb p\u00ebr zgjedhje presidenciale? Nd\u00ebrkoh\u00eb nuk \u00ebsht\u00eb se duhet ta b\u00ebsh, sepse LSDM-ja dhe VMRO-DPMNE-ja kan\u00eb 30 deputet\u00eb, tashm\u00eb i kemi votuar, dhe edhe pa n\u00ebnshkrimet mundeshin t\u2019i kandidojn\u00eb Stevo Pendarovskin dhe Gordana Siljanovska-Damkov\u00ebn. Demek, qytetar\u00ebt u dogj\u00ebn nga d\u00ebshira dhe me zor prisnin t\u00eb n\u00ebnshkruajn\u00eb. A thua se Pendarovski dhe Siljanovska-Davkova jan\u00eb di\u00e7ka e re, ne nuk i njohim, e do t\u00eb na shiten tani si kandidat\u00eb qytetar\u00eb.<\/p>\n<p>Po, k\u00ebshtu \u00ebsht\u00eb situata. P\u00ebrderisa ka dhjet\u00ebra njer\u00ebz q\u00eb jan\u00eb t\u00eb gatsh\u00ebm t\u00eb p\u00ebrgatiten t\u00eb presin n\u00eb radh\u00eb q\u00eb t\u00eb marrin pjes\u00eb me vet\u00ebdije n\u00eb nj\u00eb sharad\u00eb pompoze, q\u00eb \u00ebsht\u00eb n\u00eb esenc\u00eb thjesht nj\u00eb mashtrim partiak, ne as nuk meritojm\u00eb t\u00eb g\u00ebzohemi m\u00eb tep\u00ebr se sa p\u00ebr faktin se ata q\u00eb i kemi zgjedhur na kan\u00eb siguruar t\u00eb votojm\u00eb me dokumente jovalide.<\/p>\n<p><span class=\"dropcap color firstcharacter\">3<\/span> Q\u00eb kur jonormalen e pranojm\u00eb si normale, do t\u00eb thot\u00eb se k\u00ebt\u00eb e meritojm\u00eb. Ja shembulli i fundit, me nd\u00ebrtimin e 17-katshes n\u00eb Karposhin e Shkupit pran\u00eb spitaleve dhe poliklinikave. Qendra konzervatore e ka anuluar vendimin p\u00ebr nd\u00ebrtim, ai q\u00eb ka qen\u00eb p\u00ebrgjegj\u00ebs p\u00ebr lejen parprake \u00ebsht\u00eb n\u00eb paraburgim sht\u00ebpiak i dyshuar p\u00ebr keqp\u00ebdorim t\u00eb pozit\u00ebs s\u00eb pun\u00ebs, nd\u00ebrsa nd\u00ebrtesa me mbi 400 apartamente tashm\u00eb po nd\u00ebrtohet. Investitori tashm\u00eb i shet banesat. Komuna i ka dh\u00ebn\u00eb leje kriminele, e tani kryetari Stev\u00e7o Jakimovski do t\u00eb na frik\u00ebsoj\u00eb se investitori do ta padit\u00eb n\u00ebse nuk ia nd\u00ebrpret nd\u00ebrtimin. Klasike. T\u00eb mos ju vjedhim dy her\u00eb, jini t\u00eb lumtur q\u00eb ju kemi vjedhur vet\u00ebm nj\u00ebher\u00eb. Nd\u00ebrkoh\u00eb, qeveria do t\u00eb b\u00ebj\u00eb taktika me marrje t\u00eb lejeve q\u00eb t\u2019i jap\u00eb mjaft koh\u00eb nd\u00ebrtimtarit p\u00ebr t\u2019i rr\u00ebnuar themelet. Q\u00eb t\u00eb mos jet\u00eb m\u00eb i madh d\u00ebmi q\u00eb ne do ta paguajm\u00eb.<\/p>\n<p>Por nuk ka faj nd\u00ebrtimtari, as ai q\u00eb e ka bler\u00eb tok\u00ebn shtet\u00ebrore. P\u00ebr m\u00eb tep\u00ebr q\u00eb ato nd\u00ebrtesa nuk do t\u00eb nd\u00ebrtohen n\u00ebse nuk ka se kush t\u2019i blej\u00eb. \u00c7far\u00eb lokacioni i bukur! Nga nj\u00ebra an\u00eb spital ushtarak, nga ana tjet\u00ebr spital privat, nga ana e tret\u00eb Ndihma e shpejt\u00eb p\u00ebr gjith\u00eb Shkupin, nga ana e kat\u00ebrt poliklinika, plus dhe ndonj\u00eb institut p\u00ebr teste p\u00ebr t\u00eb s\u00ebmur\u00ebt nga kanceri. Duhet vet\u00ebm edhe tarrac\u00ebn ta kesh me pamje nga pompa e benzin\u00ebs \u2013 bukuri.<\/p>\n<p>Q\u00eb kur njer\u00ebzit jan\u00eb t\u00eb fatsh\u00ebm t\u00eb japin mij\u00ebra euro p\u00ebr nj\u00eb banes\u00eb n\u00eb lokacion t\u00eb till\u00eb, at\u00ebher\u00eb as nuk meritojn\u00eb t\u00eb mjekohen n\u00eb nj\u00eb kompleks mesatar spitalor, nuk meritojn\u00eb as Ndihma e shpejt\u00eb t\u00eb jet\u00eb v\u00ebrtet\u00eb e shpejt\u00eb, zjarrfik\u00ebsi t\u00eb ket\u00eb qasje t\u00eb pandalur n\u00ebse ndonj\u00ebrit i digjet banesa, nuk meritojn\u00eb as parking t\u00eb garantuar, as vend t\u00eb garantuar p\u00ebr f\u00ebmij\u00ebn n\u00eb kopsht, as shkoll\u00eb t\u00eb re, as park\u2026<\/p>\n<p>K\u00ebshtu, vet\u00ebm qytetar\u00ebt b\u00ebhen bashk\u00ebpun\u00ebtor\u00eb n\u00eb krijimin e kushteve jonjer\u00ebzore n\u00eb t\u00eb cilat vet\u00eb paguajn\u00eb p\u00ebr t\u00eb jetuar. Njer\u00ebzit, vet\u00eb zgjedhin se kush do t\u2019i mundoj\u00eb p\u00ebr parat\u00eb e tyre.<\/p>\n<p><span class=\"dropcap color firstcharacter\">4<\/span> Si qeveria ashtu dhe opozita na l\u00ebvdohen se kan\u00eb vizion. Mesiguri edhe k\u00ebsaj here n\u00eb fushatat zgjedhore do t\u00eb na flasin p\u00ebr nj\u00eb qend\u00ebr t\u00eb re klinike. N\u00eb vend q\u00eb t\u00eb thon\u00eb, jemi t\u00eb vegj\u00ebl, t\u00eb varf\u00ebr, le ta formojm\u00eb deri n\u00eb fund k\u00ebt\u00eb q\u00eb kemi, ta rregullojm\u00eb dhe ta mbind\u00ebrtojm\u00eb, s\u00ebrish do t\u00eb na mashtrojn\u00eb me vizatime t\u00eb projekteve megalomane. Me shp\u00ebrnguljen e pakontrolluar n\u00eb Vodno e mbyll\u00ebn qasjen e vetme p\u00ebr te qendra klinike \u201cN\u00ebn\u00eb Tereza\u201d. T\u00eb nj\u00ebjt\u00ebt ata dhunues tani do ta shkat\u00ebrrojn\u00eb gjith\u00eb bllokun rreth \u201c8 Shtator\u201d-it dhe mund\u00ebsin\u00eb p\u00ebr zgjerim t\u00eb spiralit. Nd\u00ebrsa partit\u00eb nga qeveria dhe opozita q\u00eb mor\u00ebn pjes\u00eb n\u00eb k\u00ebt\u00eb dhunim prej interesave personal\u00eb, tani do t\u00eb na tregojn\u00eb prezantime 3-D nga qendrat marsovike klinike, q\u00eb duhet t\u2019i b\u00ebjn\u00eb n\u00eb ndonj\u00eb livadh jasht\u00eb Shkupit, vet\u00ebm q\u00eb ta k\u00ebnaqin etjen p\u00ebr parcela q\u00eb i mbyt\u00ebn t\u00eb gjitha spitalet e qytetit.<\/p>\n<p>M\u00eb flasin p\u00ebr vizion, p\u00ebr Evrop\u00eb, p\u00ebr Amerik\u00eb, l\u00ebvdohen me NATO-n, Rusin\u00eb nuk e p\u00ebrmendin di\u00e7ka, Kin\u00ebn\u2026Sikur nuk shohin se n\u00eb \u00e7far\u00eb plehrash po mbytemi, sikur nuk shohin se hap\u00ebsira publike \u00ebsht\u00eb uzurpuar, se po vidhet n\u00eb \u00e7do hap, se askush p\u00ebr asgj\u00eb nuk \u00ebsht\u00eb kompetent, se askush p\u00ebr asgj\u00eb nuk mban p\u00ebrgjegj\u00ebsi.<\/p>\n<p>Ne jemi shtet q\u00eb nuk ka post\u00eb funksionale, nuk ka hekurudh\u00eb funksionale, qytetar\u00ebt nuk kan\u00eb dokumente t\u00eb vlefshme personale, por \u00ebsht\u00eb e r\u00ebnd\u00ebsishme se ka politikan\u00eb me vizion.<\/p>\n<p>Vizion \u2013 p\u00ebr t\u00eb vjedhur.<\/p>\n<p><span class=\"dropcap color firstcharacter\">5<\/span> Treni nga Shkupi n\u00eb Veles k\u00ebt\u00eb t\u00eb diel\u00eb, q\u00eb kur \u00ebsht\u00eb rregulluar hekurudha, do t\u00eb mund t\u00eb l\u00ebviz\u00eb deri n\u00eb 50 kilometra n\u00eb or\u00eb, n\u00eb vend t\u00eb deritanishmet 20 kilometra n\u00eb or\u00eb. Le t\u00eb merremi vesh. Ky nuk \u00ebsht\u00eb nj\u00eb lajm nga 1924. Tani jemi 2024.<br \/>\nKemi tre avion\u00eb p\u00ebr fikje t\u00eb zjarrit, por dy pilot\u00eb jan\u00eb pensionuar, e nuk mund t\u00eb angazhohen, sepse para zgjedhjeve nuk mund t\u00eb b\u00ebjn\u00eb marr\u00ebveshje honorari me shtetin. Nga shum\u00eb mend t\u00eb vizionar\u00ebve edhe kjo na duhet \u2013 t\u00eb digjemi deri n\u00eb zgjedhje.<\/p>\n<p>Gjith\u00eb muajin Ministria e sh\u00ebndet\u00ebsis\u00eb dhe Ministria p\u00ebr pun\u00eb dhe politik\u00eb sociale nuk mund t\u00eb bien darkod se kush do t\u00eb ndaloj\u00eb pranimin e f\u00ebmij\u00ebve t\u00eb pavaksionuar n\u00eb kopshtet n\u00eb nj\u00eb koh\u00eb kur shpallet epidemi e kollit t\u00eb madh. Por s\u00ebrish them, p\u00ebr njer\u00ebz q\u00eb lejuan q\u00eb n\u00eb dekad\u00ebn e tret\u00eb t\u00eb shek 21 t\u2019i kthehen s\u00ebmundje q\u00eb jan\u00eb \u00e7rr\u00ebnjosur n\u00eb mesin e shekullit 20, nga t\u00eb cilat njer\u00ebzit kan\u00eb vdekur n\u00eb shekullin 19, ndoshta edhe ato 20 kilomentra n\u00eb or\u00eb u mjaftojn\u00eb si vizion p\u00ebr t\u00eb ardhmen.<\/p>\n<p>Drejtori i Qendr\u00ebs p\u00ebr menaxhimin e krizave Stojan\u00e7e Angellov n\u00eb nj\u00eb podkast p\u00ebr SAKAMDAKAZAM.MK tha se n\u00eb Maqedoni ka ligje, por \u201cle t\u00eb mos g\u00ebnjehemi, kjo \u00ebsht\u00eb Maqedoni dhe e dini, un\u00eb p\u00ebrpiqem t\u00eb p\u00ebrshtatem me realitetin e ashp\u00ebr\u201d.<\/p>\n<p>Mu ashtu. Jeta jon\u00eb u kthye n\u00eb p\u00ebrshtatje me realitetin e ashp\u00ebr. Ne \u00e7do dit\u00eb, sapo t\u00eb dalim nga sht\u00ebpia i p\u00ebrshtatemi realitetit t\u00eb ashp\u00ebr \u2013 me transport joefikas publik, me mafi\u00ebn nd\u00ebrtimore, me trotuaret e bllokuara, me sh\u00ebndetin publik t\u00eb paorganizuar, me mbeturinat n\u00eb tortuare dhe rrug\u00eb, me rrug\u00eb t\u00eb pasigurta, me deponi t\u00eb paligjshme n\u00eb mal, me parkingje t\u00eb paligjshme, me tarraca t\u00eb paligjshme p\u00ebr duhanpirje, me zona k\u00ebmb\u00ebsor\u00ebsh t\u00eb kthyera n\u00eb rrug\u00eb p\u00ebr komunkacion, me plazhe t\u00eb kthyera n\u00eb kafene, me kafe lagjehe t\u00eb kthyera n\u00eb diskoteka dhe klube nate, me k\u00ebrkimin e drejt\u00ebsis\u00eb para pushteteve lokale, institucioneve publike, gjyqeve\u2026 Gjith\u00e7ka ka ligj, por nuk vlen p\u00ebr t\u00eb gjith\u00eb. Dhe ja, p\u00ebrshtatemi. Dhe jemi aq t\u00eb lodhur nga p\u00ebrshtatja, saq\u00eb ka r\u00ebn\u00eb kriteri i \u00e7do gj\u00ebje.<\/p>\n<p>Un\u00eb m\u00eb p\u00ebrpiqem t\u00eb mos k\u00ebrkoj as shpjegim logjik sesi pun\u00ebt jonormale u b\u00ebn\u00eb normale dhe se si kjo nuk na pengon. Si\u00e7 do thot\u00eb zhargoni: Bie nata, bie kriteri.<\/p>\n\n<div style=\"font-size: 0px; height: 0px; line-height: 0px; margin: 0; padding: 0; clear: both;\"><\/div>","protected":false},"excerpt":{"rendered":"<p>N\u00eb zgjedhjet presidenciale dhe parlamentare m\u00eb 25 prill dhe 8 maj, do t\u00eb mund t\u00eb votohet me let\u00ebrnjoftim apo pasaport\u00eb, [&hellip;]<\/p>\n","protected":false},"author":25,"featured_media":0,"comment_status":"closed","ping_status":"closed","sticky":false,"template":"","format":"standard","meta":{"_mo_disable_npp":"no","inline_featured_image":false},"categories":[1825],"tags":[],"imageURL":false,"thumbURL":false,"categoryNames":["DUA T\u00cb THEM"],"feature_caption":"","subtitle":"Q\u00eb kur normalen e pranojm\u00eb si normale, dometh\u00ebn\u00eb q\u00eb k\u00ebshtu e meritojm\u00eb","views":"75","source":"Shkup, (SAKAMDAKAZAM.MK)","yoast_head":"<!-- This site is optimized with the Yoast SEO Premium plugin v15.0 - https:\/\/yoast.com\/wordpress\/plugins\/seo\/ -->\n<title>BIE NATA, BIE KRITERI - \u0421\u0430\u043a\u0430\u043c \u0414\u0430 \u041a\u0430\u0436\u0430\u043c<\/title>\n<meta name=\"robots\" content=\"index, follow, max-snippet:-1, max-image-preview:large, max-video-preview:-1\" \/>\n<link rel=\"canonical\" href=\"https:\/\/sdk.mk\/index.php\/dua-te-them\/bie-nata-bie-kriteri\/\" \/>\n<meta property=\"og:locale\" content=\"mk_MK\" \/>\n<meta property=\"og:type\" content=\"article\" \/>\n<meta property=\"og:title\" content=\"BIE NATA, BIE KRITERI - \u0421\u0430\u043a\u0430\u043c \u0414\u0430 \u041a\u0430\u0436\u0430\u043c\" \/>\n<meta property=\"og:description\" content=\"N\u00eb zgjedhjet presidenciale dhe parlamentare m\u00eb 25 prill dhe 8 maj, do t\u00eb mund t\u00eb votohet me let\u00ebrnjoftim apo pasaport\u00eb, [&hellip;]\" \/>\n<meta property=\"og:url\" content=\"https:\/\/sdk.mk\/index.php\/dua-te-them\/bie-nata-bie-kriteri\/\" \/>\n<meta property=\"og:site_name\" content=\"\u0421\u0430\u043a\u0430\u043c \u0414\u0430 \u041a\u0430\u0436\u0430\u043c\" \/>\n<meta property=\"article:published_time\" content=\"2024-03-11T12:24:38+00:00\" \/>\n<meta property=\"og:image\" content=\"https:\/\/sdk.mk\/wp-content\/uploads\/2015\/12\/goran-mihailovski2.jpg\" \/>\n\t<meta property=\"og:image:width\" content=\"400\" \/>\n\t<meta property=\"og:image:height\" content=\"313\" \/>\n<meta property=\"fb:app_id\" content=\"2407985809428537\" \/>\n<meta name=\"twitter:card\" content=\"summary\" \/>\n<script type=\"application\/ld+json\" class=\"yoast-schema-graph\">{\"@context\":\"https:\/\/schema.org\",\"@graph\":[{\"@type\":\"WebSite\",\"@id\":\"https:\/\/sdk.mk\/#website\",\"url\":\"https:\/\/sdk.mk\/\",\"name\":\"\\u0421\\u0430\\u043a\\u0430\\u043c \\u0414\\u0430 \\u041a\\u0430\\u0436\\u0430\\u043c\",\"description\":\"\\u0417\\u0430 \\u0441\\u043b\\u043e\\u0431\\u043e\\u0434\\u043e\\u0443\\u043c\\u043d\\u0438\",\"potentialAction\":[{\"@type\":\"SearchAction\",\"target\":\"https:\/\/sdk.mk\/?s={search_term_string}\",\"query-input\":\"required name=search_term_string\"}],\"inLanguage\":\"mk-MK\"},{\"@type\":\"WebPage\",\"@id\":\"https:\/\/sdk.mk\/index.php\/dua-te-them\/bie-nata-bie-kriteri\/#webpage\",\"url\":\"https:\/\/sdk.mk\/index.php\/dua-te-them\/bie-nata-bie-kriteri\/\",\"name\":\"BIE NATA, BIE KRITERI - \\u0421\\u0430\\u043a\\u0430\\u043c \\u0414\\u0430 \\u041a\\u0430\\u0436\\u0430\\u043c\",\"isPartOf\":{\"@id\":\"https:\/\/sdk.mk\/#website\"},\"datePublished\":\"2024-03-11T12:24:38+00:00\",\"dateModified\":\"2024-03-11T12:24:38+00:00\",\"author\":{\"@id\":\"https:\/\/sdk.mk\/#\/schema\/person\/737021aeacbe893f7e2c347186c5c7a1\"},\"inLanguage\":\"mk-MK\",\"potentialAction\":[{\"@type\":\"ReadAction\",\"target\":[\"https:\/\/sdk.mk\/index.php\/dua-te-them\/bie-nata-bie-kriteri\/\"]}]},{\"@type\":\"Person\",\"@id\":\"https:\/\/sdk.mk\/#\/schema\/person\/737021aeacbe893f7e2c347186c5c7a1\",\"name\":\"\\u0424\\u0458\\u043e\\u043b\\u0430 \\u0417\\u043b\\u0430\\u0442\\u043a\\u0443\"}]}<\/script>\n<!-- \/ Yoast SEO Premium plugin. -->","_links":{"self":[{"href":"https:\/\/sdk.mk\/index.php\/wp-json\/wp\/v2\/posts\/216314"}],"collection":[{"href":"https:\/\/sdk.mk\/index.php\/wp-json\/wp\/v2\/posts"}],"about":[{"href":"https:\/\/sdk.mk\/index.php\/wp-json\/wp\/v2\/types\/post"}],"author":[{"embeddable":true,"href":"https:\/\/sdk.mk\/index.php\/wp-json\/wp\/v2\/users\/25"}],"replies":[{"embeddable":true,"href":"https:\/\/sdk.mk\/index.php\/wp-json\/wp\/v2\/comments?post=216314"}],"version-history":[{"count":0,"href":"https:\/\/sdk.mk\/index.php\/wp-json\/wp\/v2\/posts\/216314\/revisions"}],"wp:attachment":[{"href":"https:\/\/sdk.mk\/index.php\/wp-json\/wp\/v2\/media?parent=216314"}],"wp:term":[{"taxonomy":"category","embeddable":true,"href":"https:\/\/sdk.mk\/index.php\/wp-json\/wp\/v2\/categories?post=216314"},{"taxonomy":"post_tag","embeddable":true,"href":"https:\/\/sdk.mk\/index.php\/wp-json\/wp\/v2\/tags?post=216314"}],"curies":[{"name":"wp","href":"https:\/\/api.w.org\/{rel}","templated":true}]}}