{"id":217658,"date":"2024-03-31T16:43:14","date_gmt":"2024-03-31T14:43:14","guid":{"rendered":"https:\/\/sdk.mk\/?p=217658"},"modified":"2024-03-31T16:44:03","modified_gmt":"2024-03-31T14:44:03","slug":"gjykata-kushtetuese-vendosi-qe-qytetaret-te-cilet-jane-verbuar-shurdheruar-jane-bere-te-palevizshem-ose-jane-semure-rende-psikikisht-pas-moshes-65-vjecare-do-te-mund-te-padisin-dhe-t-i-fitojne-parate","status":"publish","type":"post","link":"https:\/\/sdk.mk\/index.php\/histori-te-parrefyera\/gjykata-kushtetuese-vendosi-qe-qytetaret-te-cilet-jane-verbuar-shurdheruar-jane-bere-te-palevizshem-ose-jane-semure-rende-psikikisht-pas-moshes-65-vjecare-do-te-mund-te-padisin-dhe-t-i-fitojne-parate\/","title":{"rendered":"GJYKATA KUSHTETUESE VENDOSI Q\u00cb QYTETAR\u00cbT T\u00cb CIL\u00cbT JAN\u00cb VERBUAR, SHURDH\u00cbRUAR, JAN\u00cb B\u00cbR\u00cb T\u00cb PAL\u00cbVIZSH\u00cbM OSE JAN\u00cb S\u00cbMUR\u00cb R\u00cbND\u00cb PSIKIKISHT PAS MOSH\u00cbS 65-VJE\u00c7ARE, DO T\u00cb MUND T\u00cb PADISIN DHE T\u2019I FITOJN\u00cb PARAT\u00cb P\u00cbR MOBILITET NGA VITI 2019, NGA MOMENTI Q\u00cb JAN\u00cb DISKRIMINUAR"},"content":{"rendered":"<div class=\"f52428582a4b906b2d2e2a7d733c7d27\" data-index=\"7\" style=\"float: none; margin:10px 0 10px 0; text-align:center;\">\n<!-- MSP Ads Asynchronous JS Tag - Generated with Revive Adserver v5.4.1 -->\r\n<ins data-revive-zoneid=\"167\" data-revive-id=\"060fdb01f6430ec164d3519234aa4967\"><\/ins>\r\n<script async src=\"\/\/panel.ads.com.mk\/www\/delivery\/asyncjs.php\"><\/script>\n<\/div>\n<p>Gjykata kushtetuese sot e anuloi nenin 3 paragrafin 1 pik\u00ebn 2 t\u00eb Ligjit p\u00ebr mb\u00ebshtetje financiare t\u00eb kategorive sociale t\u00eb cenueshme t\u00eb qytetar\u00ebve n\u00eb pjes\u00ebn \u201cm\u00eb s\u00eb shumti deri n\u00eb mosh\u00ebn 65 vje\u00e7e\u201d dhe me k\u00ebt\u00eb u mund\u00ebsoi qytetar\u00ebve t\u00eb refuzuar mbi 65 vje\u00e7, jo vet\u00ebm t\u00eb marrin kompensim mujor p\u00ebr aft\u00ebsi t\u00eb kufizuara, por edhe t\u2019i k\u00ebrkojn\u00eb parat\u00eb p\u00ebr disa vite pas, t\u00eb cilat shteti n\u00eb m\u00ebnyr\u00eb t\u00eb padrejt\u00eb ua ka nd\u00ebrprer\u00eb.<\/p>\n<ul>\n<li>\n<h4 class=\"post-title entry-title\"><a href=\"https:\/\/sdk.mk\/index.php\/histori-te-parrefyera\/nese-verberoheni-apo-mbeteni-invalide-ne-moshen-65-vjece-e-tutje-nuk-mund-te-kerkoni-kompensim-per-paaftesi-ombudsmani-reagon-ndaj-diskriminimit\/\">N\u00cbSE VERB\u00cbROHENI APO MBETENI INVALID\u00cb N\u00cb MOSH\u00cbN 65 VJE\u00c7E E TUTJE, NUK MUND T\u00cb K\u00cbRKONI KOMPENSIM P\u00cbR PAAFT\u00cbSI, OMBUDSMANI REAGON NDAJ DISKRIMINIMIT<\/a><\/h4>\n<\/li>\n<\/ul>\n<p>Vendimi i Gjykat\u00ebs Kushtetuese \u00ebsht\u00eb anulues, jo shfuqizues, andaj t\u00eb gjith\u00eb k\u00ebta persona t\u00eb moshuar q\u00eb jan\u00eb invalidizuar pas mosh\u00ebs 65 vje\u00e7e, e nd\u00ebrkaq jan\u00eb refuzuar p\u00ebr ndihm\u00ebn financiare sepse kan\u00eb qen\u00eb m\u00eb t\u00eb moshuar se 65 vje\u00e7, tani mudn t\u2019i padisin dhe t\u2019i fitojn\u00eb p\u00ebrnj\u00ebher\u00eb parat\u00eb e nd\u00ebrprera.<\/p>\n<ul class=\"ui-sortable-handle\">\n<li>\n<h4 class=\"post-title entry-title\"><a href=\"https:\/\/sdk.mk\/index.php\/maqedonia\/personat-qe-kane-humbur-degjimin-dhe-shikimin-pas-mbylljes-se-moshes-65-vjecare-te-lenduarit-rende-dhe-te-palevizshmit-si-dhe-ata-me-aftesi-te-kufizuara-te-renda-mendore-nuk-kane-te-drejten-e-ndihmes\/\">PERSONAT Q\u00cb KANE HUMBUR D\u00cbGJIMIN DHE SHIKIMIN PAS MBYLLJES S\u00cb MOSH\u00cbS 65 VJE\u00c7ARE, T\u00cb L\u00cbNDUARIT R\u00cbND\u00cb DHE T\u00cb PAL\u00cbVIZSHMIT, SI DHE ATA ME AFT\u00cbSI T\u00cb KUFIZUARA T\u00cb R\u00cbNDA MENDORE NUK KAN\u00cb T\u00cb DREJT\u00cbN E NDIHM\u00cbS, AVOKATI I POPULLIT<\/a><\/h4>\n<\/li>\n<\/ul>\n<p>SAKAMDAKAZHAM.MK me raste konkrete raportonte se Avokati i Popullit ishte mbytur me parashtresa prej qytetar\u00ebve t\u00eb refuzuar p\u00ebr k\u00ebt\u00eb ndihm\u00eb financiare nga ana e shtetit. Ata jo p\u00ebr fajin e tyre, kan\u00eb mbetur invalid\u00eb pas mosh\u00ebs 65 vje\u00e7e dhe jan\u00eb l\u00ebn\u00eb n\u00eb k\u00ebt\u00eb form\u00eb, t\u00eb pal\u00ebvuzhs\u00ebm, n\u00eb karroca p\u00ebr invalid\u00eb apo t\u00eb verb\u00ebr, q\u00eb t\u00eb mbijetojn\u00eb me mund\u00ebsit\u00eb q\u00eb kan\u00eb.<\/p>\n<ul class=\"ui-sortable-handle\">\n<li>\n<h4 class=\"post-title entry-title\"><a href=\"https:\/\/sdk.mk\/index.php\/maqedonia\/gjykata-kushtetuese-shfuqizoi-nenin-qe-ndalonte-kompensimin-per-personat-qe-humbasin-shikimin-degjimin-kembet-qe-semuren-rende-dhe-mbeten-me-aftesi-te-kufizuara-pas-moshes-65-vjece\/\">GJYKATA KUSHTETUESE SHFUQIZOI NENIN Q\u00cb NDALONTE KOMPENSIMIN P\u00cbR PERSONAT Q\u00cb HUMBASIN SHIKIMIN, D\u00cbGJIMIN, K\u00cbMB\u00cbT, Q\u00cb S\u00cbMUREN R\u00cbND\u00cb DHE MBETEN ME AFT\u00cbSI T\u00cb KUFIZUARA PAS MOSH\u00cbS 65 VJE\u00c7E<\/a><\/h4>\n<\/li>\n<\/ul>\n<p>\u201cLigji diskriminues i miratuar n\u00eb vitin 2019, n\u00eb nenin 3 paragrafin 1 pik\u00ebn 2, thoshte: \u201cp\u00ebrdoruesit e t\u00eb drejt\u00ebs t\u00eb kompensimit p\u00ebr shkak t\u00eb aft\u00ebsis\u00eb s\u00eb kufizuar me mosh\u00ebn 26-vje\u00e7e t\u00eb arritur, e m\u00eb s\u00eb shumti deri n\u00eb 65 vje\u00e7, me paaft\u00ebsi t\u00eb r\u00ebnd\u00eb intelektuale, fizike, pesona krejt\u00ebsisht t\u00eb verb\u00ebr dhe krejt\u00ebsisht t\u00eb shurdh\u00ebr, n\u00eb p\u00ebrputhje me t\u00eb dh\u00ebnat nga evidenca e qendrave p\u00ebr pun\u00eb sociale\u201d.<\/p>\n<p>\u201cNga p\u00ebrmbajtja e nenit t\u00eb lartp\u00ebrmendur t\u00eb Ligjit del se n\u00eb grupin e pr\u00ebduresve t\u00eb k\u00ebsaj t\u00eb drejte t\u00eb kompensimit p\u00ebr shkak t\u00eb paaft\u00ebsis\u00eb, nuk bien pesonat mbi 65 vje\u00e7, e me k\u00ebt\u00eb gj\u00eb k\u00ebta persona p\u00ebrjashtohen nga mb\u00ebshtetja financiare n\u00eb p\u00ebrputhje me Ligjin p\u00ebr mb\u00ebshtetje financiare e kategorive socialisht t\u00eb cenueshme. Gjykata ka vler\u00ebsuar se me k\u00ebt\u00eb urdh\u00ebres\u00eb \u00ebsht\u00eb cenuar vlera themelore e sundimit t\u00eb s\u00eb drejt\u00ebs nga ana e nenit 8 paragrafit 1 pi\u00ebs 3 t\u00eb Kushtetu\u00ebs dhe parimi i sigurimit ligjor t\u00eb qytetar\u00ebve n\u00eb realiizmin e t\u00eb drejtave n\u00eb sfer\u00ebn sociale. Me p\u00ebrjashtimin e k\u00ebtyre pesonave nga kategoria e vetme e p\u00ebrdoruesve t\u00eb s\u00eb drejt\u00ebs p\u00ebr kompensim p\u00ebr shkak t\u00eb aft\u00ebsis\u00eb s\u00eb kufizuar, sipas Gjykat\u00ebs, p\u00ebrb\u00ebn nj\u00eb trajtim t\u00eb pabarabart\u00eb mes personave q\u00eb ndodhen n\u00eb pozit\u00ebn e nj\u00ebjt\u00eb ligjore (q\u00eb jan\u00eb shfryt\u00ebzues t\u00eb s\u00eb drejt\u00ebs t\u00eb kompensimit p\u00ebr shkak t\u00eb aft\u00ebsis\u00eb s\u00eb kufizuar), por nj\u00ebra pal\u00eb mund t\u00eb realizoj\u00eb t\u00eb drejt\u00ebn p\u00ebr mb\u00ebshtetje financiare, nd\u00ebrsa tjetra nuk mundet, ekskluzivisht p\u00ebr shkak t\u00eb mosh\u00ebs\u201d, thot\u00eb Gjykata Kushtetuese.<\/p>\n<p><strong><em>S. K. DELEVSKA<\/em><\/strong><\/p>\n\n<div style=\"font-size: 0px; height: 0px; line-height: 0px; margin: 0; padding: 0; clear: both;\"><\/div>","protected":false},"excerpt":{"rendered":"<p>Gjykata kushtetuese sot e anuloi nenin 3 paragrafin 1 pik\u00ebn 2 t\u00eb Ligjit p\u00ebr mb\u00ebshtetje financiare t\u00eb kategorive sociale t\u00eb [&hellip;]<\/p>\n","protected":false},"author":25,"featured_media":146496,"comment_status":"closed","ping_status":"closed","sticky":false,"template":"","format":"standard","meta":{"_mo_disable_npp":"no","inline_featured_image":false},"categories":[3085,3087],"tags":[],"imageURL":"https:\/\/sdk.mk\/wp-content\/uploads\/2021\/05\/lica-so-posebni-potrebi-invalidska-kolicka-plostad-12.05.2021-650x340.jpg","thumbURL":"https:\/\/sdk.mk\/wp-content\/uploads\/2021\/05\/lica-so-posebni-potrebi-invalidska-kolicka-plostad-12.05.2021-250x131.jpg","categoryNames":["Histori t\u00eb parr\u00ebfyera","Maqedonia"],"feature_caption":"K\u00ebta persona t\u00eb moshuar t\u00eb cil\u00ebt pas mosh\u00ebs 65-vje\u00e7e jo p\u00ebr fajin e tyre kan\u00eb mbetur invalid\u00eb, jan\u00eb l\u00ebn\u00eb ashtu t\u00eb pal\u00ebvizsh\u00ebm, n\u00eb karroca p\u00ebr invalid\u00eb apo t\u00eb verb\u00ebr, q\u00eb t\u00eb mbijetojn\u00eb me ato mund\u00ebsi q\u00eb kan\u00eb. (Foto: SDK.MK) ","subtitle":"","views":"25","source":"Shkup, (SAKAMDAKAZAM.MK)","yoast_head":"<!-- This site is optimized with the Yoast SEO Premium plugin v15.0 - https:\/\/yoast.com\/wordpress\/plugins\/seo\/ -->\n<title>GJYKATA KUSHTETUESE VENDOSI Q\u00cb QYTETAR\u00cbT T\u00cb CIL\u00cbT JAN\u00cb VERBUAR, SHURDH\u00cbRUAR, JAN\u00cb B\u00cbR\u00cb T\u00cb PAL\u00cbVIZSH\u00cbM OSE JAN\u00cb S\u00cbMUR\u00cb R\u00cbND\u00cb PSIKIKISHT PAS MOSH\u00cbS 65-VJE\u00c7ARE, DO T\u00cb MUND T\u00cb PADISIN DHE T\u2019I FITOJN\u00cb PARAT\u00cb P\u00cbR MOBILITET NGA VITI 2019, NGA MOMENTI Q\u00cb JAN\u00cb DISKRIMINUAR - \u0421\u0430\u043a\u0430\u043c \u0414\u0430 \u041a\u0430\u0436\u0430\u043c<\/title>\n<meta name=\"robots\" content=\"index, follow, max-snippet:-1, max-image-preview:large, max-video-preview:-1\" \/>\n<link rel=\"canonical\" href=\"https:\/\/sdk.mk\/index.php\/histori-te-parrefyera\/gjykata-kushtetuese-vendosi-qe-qytetaret-te-cilet-jane-verbuar-shurdheruar-jane-bere-te-palevizshem-ose-jane-semure-rende-psikikisht-pas-moshes-65-vjecare-do-te-mund-te-padisin-dhe-t-i-fitojne-parate\/\" \/>\n<meta property=\"og:locale\" content=\"mk_MK\" \/>\n<meta property=\"og:type\" content=\"article\" \/>\n<meta property=\"og:title\" content=\"GJYKATA KUSHTETUESE VENDOSI Q\u00cb QYTETAR\u00cbT T\u00cb CIL\u00cbT JAN\u00cb VERBUAR, SHURDH\u00cbRUAR, JAN\u00cb B\u00cbR\u00cb T\u00cb PAL\u00cbVIZSH\u00cbM OSE JAN\u00cb S\u00cbMUR\u00cb R\u00cbND\u00cb PSIKIKISHT PAS MOSH\u00cbS 65-VJE\u00c7ARE, DO T\u00cb MUND T\u00cb PADISIN DHE T\u2019I FITOJN\u00cb PARAT\u00cb P\u00cbR MOBILITET NGA VITI 2019, NGA MOMENTI Q\u00cb JAN\u00cb DISKRIMINUAR - \u0421\u0430\u043a\u0430\u043c \u0414\u0430 \u041a\u0430\u0436\u0430\u043c\" \/>\n<meta property=\"og:description\" content=\"Gjykata kushtetuese sot e anuloi nenin 3 paragrafin 1 pik\u00ebn 2 t\u00eb Ligjit p\u00ebr mb\u00ebshtetje financiare t\u00eb kategorive sociale t\u00eb [&hellip;]\" \/>\n<meta property=\"og:url\" content=\"https:\/\/sdk.mk\/index.php\/histori-te-parrefyera\/gjykata-kushtetuese-vendosi-qe-qytetaret-te-cilet-jane-verbuar-shurdheruar-jane-bere-te-palevizshem-ose-jane-semure-rende-psikikisht-pas-moshes-65-vjecare-do-te-mund-te-padisin-dhe-t-i-fitojne-parate\/\" \/>\n<meta property=\"og:site_name\" content=\"\u0421\u0430\u043a\u0430\u043c \u0414\u0430 \u041a\u0430\u0436\u0430\u043c\" \/>\n<meta property=\"article:published_time\" content=\"2024-03-31T14:43:14+00:00\" \/>\n<meta property=\"article:modified_time\" content=\"2024-03-31T14:44:03+00:00\" \/>\n<meta property=\"og:image\" content=\"https:\/\/sdk.mk\/wp-content\/uploads\/2021\/05\/lica-so-posebni-potrebi-invalidska-kolicka-plostad-12.05.2021.jpg\" \/>\n\t<meta property=\"og:image:width\" content=\"999\" \/>\n\t<meta property=\"og:image:height\" content=\"522\" \/>\n<meta property=\"fb:app_id\" content=\"2407985809428537\" \/>\n<meta name=\"twitter:card\" content=\"summary\" \/>\n<script type=\"application\/ld+json\" class=\"yoast-schema-graph\">{\"@context\":\"https:\/\/schema.org\",\"@graph\":[{\"@type\":\"WebSite\",\"@id\":\"https:\/\/sdk.mk\/#website\",\"url\":\"https:\/\/sdk.mk\/\",\"name\":\"\\u0421\\u0430\\u043a\\u0430\\u043c \\u0414\\u0430 \\u041a\\u0430\\u0436\\u0430\\u043c\",\"description\":\"\\u0417\\u0430 \\u0441\\u043b\\u043e\\u0431\\u043e\\u0434\\u043e\\u0443\\u043c\\u043d\\u0438\",\"potentialAction\":[{\"@type\":\"SearchAction\",\"target\":\"https:\/\/sdk.mk\/?s={search_term_string}\",\"query-input\":\"required name=search_term_string\"}],\"inLanguage\":\"mk-MK\"},{\"@type\":\"ImageObject\",\"@id\":\"https:\/\/sdk.mk\/index.php\/histori-te-parrefyera\/gjykata-kushtetuese-vendosi-qe-qytetaret-te-cilet-jane-verbuar-shurdheruar-jane-bere-te-palevizshem-ose-jane-semure-rende-psikikisht-pas-moshes-65-vjecare-do-te-mund-te-padisin-dhe-t-i-fitojne-parate\/#primaryimage\",\"inLanguage\":\"mk-MK\",\"url\":\"https:\/\/sdk.mk\/wp-content\/uploads\/2021\/05\/lica-so-posebni-potrebi-invalidska-kolicka-plostad-12.05.2021.jpg\",\"width\":999,\"height\":522},{\"@type\":\"WebPage\",\"@id\":\"https:\/\/sdk.mk\/index.php\/histori-te-parrefyera\/gjykata-kushtetuese-vendosi-qe-qytetaret-te-cilet-jane-verbuar-shurdheruar-jane-bere-te-palevizshem-ose-jane-semure-rende-psikikisht-pas-moshes-65-vjecare-do-te-mund-te-padisin-dhe-t-i-fitojne-parate\/#webpage\",\"url\":\"https:\/\/sdk.mk\/index.php\/histori-te-parrefyera\/gjykata-kushtetuese-vendosi-qe-qytetaret-te-cilet-jane-verbuar-shurdheruar-jane-bere-te-palevizshem-ose-jane-semure-rende-psikikisht-pas-moshes-65-vjecare-do-te-mund-te-padisin-dhe-t-i-fitojne-parate\/\",\"name\":\"GJYKATA KUSHTETUESE VENDOSI Q\\u00cb QYTETAR\\u00cbT T\\u00cb CIL\\u00cbT JAN\\u00cb VERBUAR, SHURDH\\u00cbRUAR, JAN\\u00cb B\\u00cbR\\u00cb T\\u00cb PAL\\u00cbVIZSH\\u00cbM OSE JAN\\u00cb S\\u00cbMUR\\u00cb R\\u00cbND\\u00cb PSIKIKISHT PAS MOSH\\u00cbS 65-VJE\\u00c7ARE, DO T\\u00cb MUND T\\u00cb PADISIN DHE T\\u2019I FITOJN\\u00cb PARAT\\u00cb P\\u00cbR MOBILITET NGA VITI 2019, NGA MOMENTI Q\\u00cb JAN\\u00cb DISKRIMINUAR - \\u0421\\u0430\\u043a\\u0430\\u043c \\u0414\\u0430 \\u041a\\u0430\\u0436\\u0430\\u043c\",\"isPartOf\":{\"@id\":\"https:\/\/sdk.mk\/#website\"},\"primaryImageOfPage\":{\"@id\":\"https:\/\/sdk.mk\/index.php\/histori-te-parrefyera\/gjykata-kushtetuese-vendosi-qe-qytetaret-te-cilet-jane-verbuar-shurdheruar-jane-bere-te-palevizshem-ose-jane-semure-rende-psikikisht-pas-moshes-65-vjecare-do-te-mund-te-padisin-dhe-t-i-fitojne-parate\/#primaryimage\"},\"datePublished\":\"2024-03-31T14:43:14+00:00\",\"dateModified\":\"2024-03-31T14:44:03+00:00\",\"author\":{\"@id\":\"https:\/\/sdk.mk\/#\/schema\/person\/737021aeacbe893f7e2c347186c5c7a1\"},\"inLanguage\":\"mk-MK\",\"potentialAction\":[{\"@type\":\"ReadAction\",\"target\":[\"https:\/\/sdk.mk\/index.php\/histori-te-parrefyera\/gjykata-kushtetuese-vendosi-qe-qytetaret-te-cilet-jane-verbuar-shurdheruar-jane-bere-te-palevizshem-ose-jane-semure-rende-psikikisht-pas-moshes-65-vjecare-do-te-mund-te-padisin-dhe-t-i-fitojne-parate\/\"]}]},{\"@type\":\"Person\",\"@id\":\"https:\/\/sdk.mk\/#\/schema\/person\/737021aeacbe893f7e2c347186c5c7a1\",\"name\":\"\\u0424\\u0458\\u043e\\u043b\\u0430 \\u0417\\u043b\\u0430\\u0442\\u043a\\u0443\"}]}<\/script>\n<!-- \/ Yoast SEO Premium plugin. -->","_links":{"self":[{"href":"https:\/\/sdk.mk\/index.php\/wp-json\/wp\/v2\/posts\/217658"}],"collection":[{"href":"https:\/\/sdk.mk\/index.php\/wp-json\/wp\/v2\/posts"}],"about":[{"href":"https:\/\/sdk.mk\/index.php\/wp-json\/wp\/v2\/types\/post"}],"author":[{"embeddable":true,"href":"https:\/\/sdk.mk\/index.php\/wp-json\/wp\/v2\/users\/25"}],"replies":[{"embeddable":true,"href":"https:\/\/sdk.mk\/index.php\/wp-json\/wp\/v2\/comments?post=217658"}],"version-history":[{"count":0,"href":"https:\/\/sdk.mk\/index.php\/wp-json\/wp\/v2\/posts\/217658\/revisions"}],"wp:featuredmedia":[{"embeddable":true,"href":"https:\/\/sdk.mk\/index.php\/wp-json\/wp\/v2\/media\/146496"}],"wp:attachment":[{"href":"https:\/\/sdk.mk\/index.php\/wp-json\/wp\/v2\/media?parent=217658"}],"wp:term":[{"taxonomy":"category","embeddable":true,"href":"https:\/\/sdk.mk\/index.php\/wp-json\/wp\/v2\/categories?post=217658"},{"taxonomy":"post_tag","embeddable":true,"href":"https:\/\/sdk.mk\/index.php\/wp-json\/wp\/v2\/tags?post=217658"}],"curies":[{"name":"wp","href":"https:\/\/api.w.org\/{rel}","templated":true}]}}