{"id":218107,"date":"2024-04-08T18:52:31","date_gmt":"2024-04-08T16:52:31","guid":{"rendered":"https:\/\/sdk.mk\/?p=218107"},"modified":"2024-04-08T18:52:31","modified_gmt":"2024-04-08T16:52:31","slug":"me-falni-per-nervozen","status":"publish","type":"post","link":"https:\/\/sdk.mk\/index.php\/dua-te-them\/me-falni-per-nervozen\/","title":{"rendered":"M\u00cb FALNI P\u00cbR NERVOZ\u00cbN"},"content":{"rendered":"<div class=\"f52428582a4b906b2d2e2a7d733c7d27\" data-index=\"7\" style=\"float: none; margin:10px 0 10px 0; text-align:center;\">\n<!-- MSP Ads Asynchronous JS Tag - Generated with Revive Adserver v5.4.1 -->\r\n<ins data-revive-zoneid=\"167\" data-revive-id=\"060fdb01f6430ec164d3519234aa4967\"><\/ins>\r\n<script async src=\"\/\/panel.ads.com.mk\/www\/delivery\/asyncjs.php\"><\/script>\n<\/div>\n<p><span class=\"dropcap color firstcharacter\">1<\/span> Pjesa m\u00eb interesante nga dueli televiziv mes lider\u00ebve Dimitar Kova\u00e7evski dhe Hristijan Mickoski ishte kur n\u00eb ekran u shfaq vajza e llotos Marjana Stanojkovska. Dueli politik u nd\u00ebrpre q\u00eb t\u00eb mund t\u00eb t\u00ebrhiqen topat e llotos. T\u00eb pakt\u00ebn dikujt i buz\u00ebqeshi fati at\u00eb nat\u00eb. Pasi t\u00eb parit se \u00e7far\u00eb kan\u00eb p\u00ebr t\u00eb th\u00ebn\u00eb lider\u00ebt e LSDM-s\u00eb dhe VMRO-DPMNE-s\u00eb paraqet p\u00ebrballje me realitetin ton\u00eb t\u00eb ashp\u00ebr. Ashtu q\u00eb pauza me Marjan\u00ebn erdhi si nj\u00eb freskim i k\u00ebndsh\u00ebm. Me fat t\u00eb gjith\u00ebve!<br \/>\nPrisja nj\u00eb dramatik\u00eb pak m\u00eb t\u00eb madhe kur Mickoski i thoshte Kova\u00e7evskit: \u201cAma ju lutem mos u nervozoni!\u201d Ashtu e kan\u00eb k\u00ebshilluar, por k\u00ebsaj here s\u00eb koti. Kova\u00e7evski, p\u00ebr \u00e7udi, nuk nervozohej. Ose t\u00eb pakt\u00ebn nuk tregonte nervoz\u00ebn si\u00e7 kemi pasur rastin ta shohim. Ashtu q\u00eb as kjo nuk ishte di\u00e7ka emoconuese. Jam i bindur q\u00eb pasi Marjana p\u00ebrfundoi detyr\u00ebn e saj me ndarjen e fatit, shumica kan\u00eb ndryshuar kanalin.<\/p>\n<p>N\u00eb p\u00ebrgjith\u00ebsi duali ishte kot fare. Fati \u00ebsht\u00eb te topat. Sa p\u00ebr p\u00ebrzgjedhjen &#8211; nuk jam i sigurt.<\/p>\n<p>Por edhe Kova\u00e7evski nuk duhet t\u00eb dramatizoj\u00eb aq kur thot\u00eb se\u201dk\u00ebto zgjedhje jan\u00eb zgjedhje mes shpres\u00ebs dhe pashpres\u00ebs\u201d. Kemi mbijetuar ne edhe n\u00eb koh\u00ebn kur VMRO-DPMNE-ja kishte 63 deputet\u00eb n\u00eb 2008. Kemi mbijetuar edhe kur LSDM-ja kishte 87 depuetet\u00eb n\u00eb 1994. Populli nuk vdiq. Por politikan\u00ebt u pasuruan. Dhe kjo z\u00ebnk\u00eb, si dhe t\u00eb gjitha parapraket jan\u00eb p\u00ebr at\u00eb se kush do t\u00eb vazhdoj\u00eb t\u00eb pasurohet dhe kush do t\u00eb shp\u00ebtoj\u00eb me imunitet deputeti.<\/p>\n<p><span class=\"dropcap color firstcharacter\">2<\/span> Nga LSDM-ja qeveris\u00ebse tani para zgjedhjeve filluan t\u00eb k\u00ebrkojn\u00eb falje: Thon\u00eb: \u201cGabimet q\u00eb kemi b\u00ebr\u00eb p\u00ebr ne jan\u00eb m\u00ebsime dhe kjo nuk do t\u00eb thot\u00eb se ne do t\u00eb heqim dor\u00eb nga q\u00ebllimet tona\u201d.<br \/>\nPo si! E \u00e7\u2019tu themi f\u00ebmij\u00ebve p\u00ebr shtat\u00eb vjet\u00ebt e humbura t\u00eb jet\u00ebs s\u00eb tyre? Ja ku jan\u00eb, arrit\u00ebn mosh\u00ebn e pjeskuris\u00eb dhe do t\u00eb votojn\u00eb. Nuk jan\u00eb m\u00eb ata f\u00ebmij\u00ebt e vegj\u00ebl q\u00eb i merrnim me vete \u201c\u00e7do dit\u00eb n\u00eb gjasht\u00eb\u201d. U thoshim se \u201cdo t\u00eb vij\u00eb drejt\u00ebsia dhe paqja\u201d. VMRO-MVRO na i ndiqte edhe f\u00ebmij\u00ebt nd\u00ebrsa ata shkonin n\u00eb shkoll\u00eb dhe na i p\u00ebrgjonte telefonat kur ne flisnim me ta.<\/p>\n<p>Tani ata e pranojn\u00eb se kan\u00eb gabuar, por kur k\u00ebt\u00eb ua thoshim ne, at\u00ebher\u00eb ishim armiq. Shpiknin t\u00eb pav\u00ebrteta p\u00ebr ne&#8230;.Na thoshin: Do t\u00eb na e ktheni VMRO-n\u00eb. Nd\u00ebrkoh\u00eb ne u tregonim se ku gabojn\u00eb, pik\u00ebrisht nga frika q\u00eb t\u00eb mos na e kthejn\u00eb VMRO-n\u00eb. Do t\u00eb ishim m\u00eb budallenjt\u00eb n\u00eb k\u00ebt\u00eb bot\u00eb n\u00ebse do t\u00eb donim q\u00eb \u201ckjo lig\u00ebsi t\u00eb p\u00ebrs\u00ebritej\u201d. Aso kohe kishte ende koh\u00eb q\u00eb t\u2019i p\u00ebrmir\u00ebsonin gabimet.<\/p>\n<p>Mir\u00eb ama, vet\u00ebm tani, pas shtat\u00eb vjet\u00ebsh atyre iu ra nd\u00ebr mend se ka qen\u00eb ide e keqe m\u00ebnyra se si \u00e7do dit\u00eb gjithnj\u00eb e m\u00eb tep\u00ebr po e kthenin VMRO-n\u00eb. E p\u00ebrpiqen t\u00eb na bindin: \u00cbsht\u00eb m\u00eb mir\u00eb ne t\u00eb mbesim, apo jo? Q\u00eb t\u2019u l\u00ebm\u00eb hap\u00ebsir\u00eb q\u00eb s\u00ebrish t\u00eb b\u00ebjn\u00eb gabime. E t\u00eb na d\u00ebnojn\u00eb kur u themi se jan\u00eb gabim.<\/p>\n<p>T\u00eb pakt\u00ebn k\u00ebta t\u00eb LSDM-s\u00eb duke k\u00ebrkuar vota, vendos\u00ebn edhe t\u00eb k\u00ebrkojn\u00eb falje. Nga VMRO-DPMNE-ja nuk e kan\u00eb as n\u00eb fund t\u00eb mendjes t\u00eb k\u00ebrkojn\u00eb falje. Aq d\u00ebm i b\u00ebn\u00eb shoq\u00ebris\u00eb gjat\u00eb qeverisjes 11-vje\u00e7are t\u00eb Nikolla Gruevskit, saq\u00eb neve akoma na dhemb. Gabimet e tyre dhe pasoja e k\u00ebtyre gabimeve vazhdojm\u00eb t\u2019i ndjejm\u00eb. Disa plag\u00eb t\u00eb asaj kohe jan\u00eb aq t\u00eb thella, saq\u00eb nuk mund t\u00eb sh\u00ebrohen.<\/p>\n<p>Mir\u00eb q\u00eb nuk k\u00ebrkojn\u00eb falje p\u00ebr Gruevskin, thua me veten ai ka koh\u00eb q\u00eb ka ikur, e njer\u00ebzit kan\u00eb kujtes\u00ebn e shkurt\u00ebr. Por as p\u00ebr Danella Arsovsk\u00ebn nuk k\u00ebrkojn\u00eb falje, p\u00ebr faktin se i mashtruan votuesit e Shkupit nd\u00ebrsa e prezantuan at\u00eb si t\u00eb pavarur dhe t\u00eb aft\u00eb. Akoma jan\u00eb t\u00eb fresk\u00ebta zurlat dhe daullet e fest\u00ebs para Pallatit t\u00eb bardh\u00eb. Ajo vazhdon ta shkat\u00ebrroj\u00eb kryeqytetin, fal\u00eb mb\u00ebshtetjes s\u00eb tyre p\u00ebr \u201cShkupin modern\u201d, nd\u00ebrsa ata na japin p\u00ebr t\u00eb zgjedhur Danella t\u00eb reja.<\/p>\n<p><span class=\"dropcap color firstcharacter\">3<\/span> Gjithmon\u00eb kur afrojn\u00eb zgjedhjet kam dilem\u00ebn se \u00e7far\u00eb t\u00eb shkruaj, \u00e7far\u00eb t\u00eb sh\u00ebnoj, mos hidh\u00ebrohet dikush apo mos ndihet i favorizuar dikush tjet\u00ebr\u2026 &#8211; Nuk \u00ebsht\u00eb mir\u00eb t\u00eb mbahet an\u00eb. Por as nuk \u00ebsht\u00eb mir\u00eb t\u00eb mos thuhen disa gjera.<\/p>\n<p>Thjesht, nuk mund q\u00ebndroj indiferent kur e shikoj Stev\u00e7e Jakimovskin n\u00ebp\u00ebr reklama \u2013 t\u00eb vetmin nga shtat\u00eb kandidat\u00ebt p\u00ebr president t\u00eb shtetit q\u00eb ndodhet n\u00eb list\u00ebn e zez\u00eb t\u00eb SHBA-s\u00eb.&#8221;K\u00ebtu promovohet si \u201cshtetas u mir\u00eb q\u00eb mendon p\u00ebr brezat e ardh\u00ebm\u201d. Nd\u00ebrsa na tregon se ka nd\u00ebrtuar spital p\u00ebr nevojat e ushtris\u00eb sipas standardeve t\u00eb NATO-s.<\/p>\n<p>Ne tashm\u00eb kemi nj\u00eb spital sipas standardeve t\u00eb NATO-s n\u00eb mes t\u00eb komun\u00ebs s\u00eb tij Karposh \u2013 \u201c8 Shtatori\u201d, t\u00eb cil\u00ebn shkupjan\u00ebt akoma e th\u00ebrrasin Spitali ushtarak. N\u00eb rrethin e k\u00ebij spitali akoma q\u00ebndrojn\u00eb qendra mjek\u00ebsore ushtarke dhe logjistika e Ministris\u00eb s\u00eb mbrojtjes e lidhur me NATO-n.<\/p>\n<p>M\u00eb falni, ndoshta jam i nj\u00ebansh\u00ebm, sepse p\u00ebr Karposhin dhe Spitalin ushtarak me lidhin shum\u00eb emocione. Por qasja drejt atij spitali dhe gjith\u00eb asaj pjese ku \u00ebsht\u00eb vendosur Ndima e shpejt\u00eb dhe poliklinika \u201cBukuresht\u201d shum\u00eb shpejt do t\u00eb kufizohet, si qasja me vetura, ashtu edhe ajo me helikopter\u00eb shp\u00ebtimi, pik\u00ebrisht sepse Jakimovski gjat\u00eb koh\u00ebs s\u00eb mandatit t\u00eb tij si kryetar komune lejoi nd\u00ebrtimin e 17-kat\u00ebshes me gjith\u00eb qendr\u00ebn tregtare.<br \/>\nShtetasi p\u00ebr t\u00eb cilin Stejt departmenti amerikan ka dijeni se ka qen\u00eb i p\u00ebrfshir\u00eb n\u00eb aktivitete korruptive t\u00eb lidhura me planet urbanistike, na premton spital sipas standardeve t\u00eb NATO-s, q\u00eb kur vet\u00eb do t\u00eb shkat\u00ebrroj\u00eb nj\u00eb kompleks sh\u00ebndet\u00ebsor dhe spital ekzistues t\u00eb nd\u00ebrtuar nga UPJ, q\u00eb me siguri i ka ditur se cilat jan\u00eb standardet e NATO-s. E q\u00eb t\u00eb jet\u00eb ironia edhe m\u00eb e madhe, rinovimi i Qendr\u00ebs s\u00eb urgjenc\u00ebs p\u00ebr k\u00ebt\u00eb spital, n\u00eb vitin 2014, \u00ebsht\u00eb paguar me donacion nga ushtria amerikane dhe \u201c8 Shtatori\u201d \u00ebsht\u00eb caktuar si nj\u00ebsi p\u00ebr reagim t\u00eb par\u00eb t\u00eb forcave t\u00eb NATO-s n\u00eb Kosov\u00eb.<\/p>\n<p>Stev\u00e7e thot\u00eb se \u201cnj\u00eb politikan i mir\u00eb mendon p\u00ebr zgjedhjet e ardhme, kurse nj\u00eb shtetas i mir\u00eb mendon p\u00ebr brezat e ardh\u00ebm\u201d. Kurse nj\u00eb kryetar komune i mir\u00eb mendon p\u00ebr p\u00ebrfitimin e nd\u00ebrtimtar\u00ebve. Nuk i b\u00ebhet von\u00eb p\u00ebr qytetar\u00ebt. Ata jan\u00eb k\u00ebtu vet\u00ebm p\u00ebr t\u00eb siguruar vota. Se \u00e7far\u00eb sigurojn\u00eb investitor\u00ebt, pyesni n\u00eb Amerik\u00eb.<\/p>\n<p>Mund t\u00eb pyesni edhe pushtetin qendror. Edhe ata hiqen si budallenj p\u00ebr k\u00ebt\u00eb rast.<br \/>\nPasi edhe LSDM-s\u00eb dhe BDI-s\u00eb i kan\u00eb m\u00eb t\u00eb r\u00ebnd\u00ebsish\u00ebm interesat e t\u00eb ashtuquajturve investitor\u00eb, sesa interesat e qytetar\u00ebve. Neve na k\u00ebrkojn\u00eb falje, por atyre ua plot\u00ebsojn\u00eb qejfet. Nga lakmia na e shnd\u00ebrruan shtetin n\u00eb nj\u00eb vend jonjer\u00ebzor p\u00ebr t\u00eb jetuar. Q\u00eb kur investitor\u00ebt jan\u00eb m\u00eb t\u00eb r\u00ebnd\u00ebsish\u00ebm p\u00ebr ta sesa tatimpaguesit e thjesht\u00eb, at\u00ebher\u00eb le t\u00eb k\u00ebrkojn\u00eb vota prej tyre.<\/p>\n<p>&nbsp;<\/p>\n\n<div style=\"font-size: 0px; height: 0px; line-height: 0px; margin: 0; padding: 0; clear: both;\"><\/div>","protected":false},"excerpt":{"rendered":"<p>Pjesa m\u00eb interesante nga dueli televiziv mes lider\u00ebve Dimitar Kova\u00e7evski dhe Hristijan Mickoski ishte kur n\u00eb ekran u shfaq vajza [&hellip;]<\/p>\n","protected":false},"author":25,"featured_media":0,"comment_status":"closed","ping_status":"closed","sticky":false,"template":"","format":"standard","meta":{"_mo_disable_npp":"no","inline_featured_image":false},"categories":[1825],"tags":[],"imageURL":false,"thumbURL":false,"categoryNames":["DUA T\u00cb THEM"],"feature_caption":"","subtitle":"P\u00ebr fat, u shfaq Marjana.","views":"31","source":"Shkup, (SAKAMDAKAZAM.MK)","yoast_head":"<!-- This site is optimized with the Yoast SEO Premium plugin v15.0 - https:\/\/yoast.com\/wordpress\/plugins\/seo\/ -->\n<title>M\u00cb FALNI P\u00cbR NERVOZ\u00cbN - \u0421\u0430\u043a\u0430\u043c \u0414\u0430 \u041a\u0430\u0436\u0430\u043c<\/title>\n<meta name=\"robots\" content=\"index, follow, max-snippet:-1, max-image-preview:large, max-video-preview:-1\" \/>\n<link rel=\"canonical\" href=\"https:\/\/sdk.mk\/index.php\/dua-te-them\/me-falni-per-nervozen\/\" \/>\n<meta property=\"og:locale\" content=\"mk_MK\" \/>\n<meta property=\"og:type\" content=\"article\" \/>\n<meta property=\"og:title\" content=\"M\u00cb FALNI P\u00cbR NERVOZ\u00cbN - \u0421\u0430\u043a\u0430\u043c \u0414\u0430 \u041a\u0430\u0436\u0430\u043c\" \/>\n<meta property=\"og:description\" content=\"Pjesa m\u00eb interesante nga dueli televiziv mes lider\u00ebve Dimitar Kova\u00e7evski dhe Hristijan Mickoski ishte kur n\u00eb ekran u shfaq vajza [&hellip;]\" \/>\n<meta property=\"og:url\" content=\"https:\/\/sdk.mk\/index.php\/dua-te-them\/me-falni-per-nervozen\/\" \/>\n<meta property=\"og:site_name\" content=\"\u0421\u0430\u043a\u0430\u043c \u0414\u0430 \u041a\u0430\u0436\u0430\u043c\" \/>\n<meta property=\"article:published_time\" content=\"2024-04-08T16:52:31+00:00\" \/>\n<meta property=\"og:image\" content=\"https:\/\/sdk.mk\/wp-content\/uploads\/2015\/12\/goran-mihailovski2.jpg\" \/>\n\t<meta property=\"og:image:width\" content=\"400\" \/>\n\t<meta property=\"og:image:height\" content=\"313\" \/>\n<meta property=\"fb:app_id\" content=\"2407985809428537\" \/>\n<meta name=\"twitter:card\" content=\"summary\" \/>\n<script type=\"application\/ld+json\" class=\"yoast-schema-graph\">{\"@context\":\"https:\/\/schema.org\",\"@graph\":[{\"@type\":\"WebSite\",\"@id\":\"https:\/\/sdk.mk\/#website\",\"url\":\"https:\/\/sdk.mk\/\",\"name\":\"\\u0421\\u0430\\u043a\\u0430\\u043c \\u0414\\u0430 \\u041a\\u0430\\u0436\\u0430\\u043c\",\"description\":\"\\u0417\\u0430 \\u0441\\u043b\\u043e\\u0431\\u043e\\u0434\\u043e\\u0443\\u043c\\u043d\\u0438\",\"potentialAction\":[{\"@type\":\"SearchAction\",\"target\":\"https:\/\/sdk.mk\/?s={search_term_string}\",\"query-input\":\"required name=search_term_string\"}],\"inLanguage\":\"mk-MK\"},{\"@type\":\"WebPage\",\"@id\":\"https:\/\/sdk.mk\/index.php\/dua-te-them\/me-falni-per-nervozen\/#webpage\",\"url\":\"https:\/\/sdk.mk\/index.php\/dua-te-them\/me-falni-per-nervozen\/\",\"name\":\"M\\u00cb FALNI P\\u00cbR NERVOZ\\u00cbN - \\u0421\\u0430\\u043a\\u0430\\u043c \\u0414\\u0430 \\u041a\\u0430\\u0436\\u0430\\u043c\",\"isPartOf\":{\"@id\":\"https:\/\/sdk.mk\/#website\"},\"datePublished\":\"2024-04-08T16:52:31+00:00\",\"dateModified\":\"2024-04-08T16:52:31+00:00\",\"author\":{\"@id\":\"https:\/\/sdk.mk\/#\/schema\/person\/737021aeacbe893f7e2c347186c5c7a1\"},\"inLanguage\":\"mk-MK\",\"potentialAction\":[{\"@type\":\"ReadAction\",\"target\":[\"https:\/\/sdk.mk\/index.php\/dua-te-them\/me-falni-per-nervozen\/\"]}]},{\"@type\":\"Person\",\"@id\":\"https:\/\/sdk.mk\/#\/schema\/person\/737021aeacbe893f7e2c347186c5c7a1\",\"name\":\"\\u0424\\u0458\\u043e\\u043b\\u0430 \\u0417\\u043b\\u0430\\u0442\\u043a\\u0443\"}]}<\/script>\n<!-- \/ Yoast SEO Premium plugin. -->","_links":{"self":[{"href":"https:\/\/sdk.mk\/index.php\/wp-json\/wp\/v2\/posts\/218107"}],"collection":[{"href":"https:\/\/sdk.mk\/index.php\/wp-json\/wp\/v2\/posts"}],"about":[{"href":"https:\/\/sdk.mk\/index.php\/wp-json\/wp\/v2\/types\/post"}],"author":[{"embeddable":true,"href":"https:\/\/sdk.mk\/index.php\/wp-json\/wp\/v2\/users\/25"}],"replies":[{"embeddable":true,"href":"https:\/\/sdk.mk\/index.php\/wp-json\/wp\/v2\/comments?post=218107"}],"version-history":[{"count":0,"href":"https:\/\/sdk.mk\/index.php\/wp-json\/wp\/v2\/posts\/218107\/revisions"}],"wp:attachment":[{"href":"https:\/\/sdk.mk\/index.php\/wp-json\/wp\/v2\/media?parent=218107"}],"wp:term":[{"taxonomy":"category","embeddable":true,"href":"https:\/\/sdk.mk\/index.php\/wp-json\/wp\/v2\/categories?post=218107"},{"taxonomy":"post_tag","embeddable":true,"href":"https:\/\/sdk.mk\/index.php\/wp-json\/wp\/v2\/tags?post=218107"}],"curies":[{"name":"wp","href":"https:\/\/api.w.org\/{rel}","templated":true}]}}