{"id":218968,"date":"2024-04-23T09:32:04","date_gmt":"2024-04-23T07:32:04","guid":{"rendered":"https:\/\/sdk.mk\/?p=218968"},"modified":"2024-04-23T09:32:04","modified_gmt":"2024-04-23T07:32:04","slug":"murti-dhe-kurti","status":"publish","type":"post","link":"https:\/\/sdk.mk\/index.php\/dua-te-them\/murti-dhe-kurti\/","title":{"rendered":"MURTI DHE KURTI"},"content":{"rendered":"<div class=\"f52428582a4b906b2d2e2a7d733c7d27\" data-index=\"7\" style=\"float: none; margin:10px 0 10px 0; text-align:center;\">\n<!-- MSP Ads Asynchronous JS Tag - Generated with Revive Adserver v5.4.1 -->\r\n<ins data-revive-zoneid=\"167\" data-revive-id=\"060fdb01f6430ec164d3519234aa4967\"><\/ins>\r\n<script async src=\"\/\/panel.ads.com.mk\/www\/delivery\/asyncjs.php\"><\/script>\n<\/div>\n<p><span class=\"dropcap color firstcharacter\">1<\/span> Hajde tani, n\u00eb pushim. Shkojm\u00eb n\u00eb zgjedhje. Zoti na ruajtt\u00eb. T\u00eb m\u00ebrkurave kur mbahen zgjedhjet jan\u00eb shpallur si dit\u00eb jopune. Me vendimin e Qeveris\u00eb. Me arsyetimin \u2013 t\u00eb zhvillohet procesi zgjedhor n\u00eb m\u00ebnyr\u00eb t\u00eb pand\u00ebrprer\u00eb. Nd\u00ebrsa procesi prodhues \u2013 nuk ka r\u00ebnd\u00ebsi. Mir\u00eb ore, a nuk duhet q\u00eb pun\u00ebtor\u00ebt e kompanive private t\u00eb fitojn\u00eb rrog\u00eb, n\u00eb m\u00ebnyr\u00eb q\u00eb t\u00eb mundet edhe administrat\u00ebs publike t\u2019i sigurojn\u00eb rrog\u00eb. Po edhe p\u00ebr partit\u00eb t\u00eb sigurojn\u00eb parat\u00eb e autobusave me t\u00eb cil\u00ebt do t&#8217;i sh\u00ebtisin ndjek\u00ebsit partiak\u00eb k\u00ebtej-andej n\u00ebp\u00ebr tubime. Edhe p\u00ebr reklamat me t\u00eb cilat na p\u00ebrqeshin, edhe p\u00ebr ato \u2013 a nuk duhet punuar?<\/p>\n<p>Pse dikush duhet fare ta ndaloj\u00eb procesin prodhues n\u00eb dit\u00ebn e zgjedhjeve? Votimi \u00ebsht\u00eb nga ora 7 e m\u00ebngjesit deri n\u00eb 7 t\u00eb mbr\u00ebmjes. Se \u00ebsht\u00eb fest\u00eb e demokracis\u00eb, e tani t\u00eb ndajm\u00eb dhe fitoret e festave? Kush d\u00ebshiron t\u00eb votoj\u00eb, ka koh\u00eb t\u00eb shkoj\u00eb t\u00eb votoj\u00eb. P\u00ebr ata q\u00eb jan\u00eb n\u00eb komisionet zgjedhore n\u00eb em\u00ebr t\u00eb shtetit -nuk i dihet, at\u00eb dit\u00eb at\u00eb pun\u00eb kan\u00eb. Por p\u00ebr t\u00eb tjer\u00ebt? Le t\u00eb marrin dit\u00eb pa pages\u00eb n\u00ebse ua miraton shefi, apo dit\u00eb nga pushimi. Me humbjen e dit\u00ebs n\u00ebpr\u00eb shtabe, pun\u00ebdh\u00ebn\u00ebsit nuk kan\u00eb parashikuar para p\u00ebr dy dit\u00eb jopune shtes\u00eb n\u00eb buxhetin e rrogave.<\/p>\n<p>Kjo edhe nj\u00ebher\u00eb tregon se sa udh\u00ebheq\u00ebsia partiake nuk ka kontakt me realitetin.<br \/>\nGjegj\u00ebsisht, jetojn\u00eb n\u00eb nj\u00eb realitet paralel n\u00eb t\u00eb cilin i kan\u00eb m\u00eb t\u00eb r\u00ebnd\u00ebsish\u00ebm ndjek\u00ebsit, t\u00eb cil\u00ebve u premtojn\u00eb vende pune q\u00eb t\u00eb vazhdojn\u00eb t\u2019u sh\u00ebrbejn\u00eb, e nuk na sh\u00ebrbejn\u00eb neve. Eh, me k\u00ebto udh\u00ebheq\u00ebsi kemi pun\u00eb. As nuk fshihen p\u00ebr at\u00eb se kujt i sh\u00ebrbejn\u00eb.<\/p>\n<p><span class=\"dropcap color firstcharacter\">2 <\/span> LSDM-ja po organizon fushat\u00eb p\u00ebr Fronin Evropian. Thon\u00eb se kan\u00eb vizion, e din\u00eb se si dhe e din\u00eb se kur do t\u00eb hym\u00eb n\u00eb BE. Si? Me ndryshimin e Kushtetut\u00ebs p\u00ebr t\u00eb cil\u00ebn nuk e di se si mendojn\u00eb t\u00eb sigurojn\u00eb 80 deputet\u00eb. E kur? K\u00ebt\u00eb gj\u00eb nuk e di as Bashkimi Evropian. Ndoshta p\u00ebr k\u00ebt\u00eb edhe n\u00eb spotin propagadnues hipin n\u00eb ndonj\u00eb maj\u00eb, por kur hipin e shohin flamurin e BE-n\u00eb n\u00eb ndonj\u00eb maj\u00eb tjet\u00ebr, n\u00eb larg\u00ebsi. K\u00ebshtu zbresin nga mali n\u00eb fush\u00eb dhe luajn\u00eb futboll. Dimitar Kova\u00e7evski shuton n\u00eb nj\u00eb gol t\u00eb zbrarz\u00ebt. Epo njer\u00ebz t\u00eb dashur, BE-ja na vuri mur para golit, mundeshte partia n\u00eb spot t\u00eb shpik\u00eb t\u00eb pakt\u00ebn ndonj\u00eb gollman me nj\u00eb dres bullgar q\u00eb t\u00eb hidhej pas topit.<br \/>\nNuk duhet t\u00eb shutohet n\u00eb gol t\u00eb zbrez\u00ebt. Le t\u00eb premtojn\u00eb se tani do t\u2019i respektojn\u00eb ligjet q\u00eb tashm\u00eb i kemi dhe se ato ligje do t\u00eb vlejn\u00eb p\u00ebr t\u00eb gjith\u00eb nj\u00eblloj. \u00c7far\u00eb b\u00ebn LSDM-ja gjat\u00eb koh\u00ebs s\u00eb qeverisjes s\u00eb saj q\u00eb ta sjell\u00eb shtetin deri n\u00eb pozit\u00ebn para shutimit t\u00eb golit? Mbeturinat nuk arrit\u00ebn t&#8217;i mbledhin, parkimin n\u00eb zona k\u00ebmb\u00ebsore nuk mund ta d\u00ebnojn\u00eb, uzurpimin nga ana e kafeneve t\u00eb hap\u00ebsir\u00ebs publike b\u00ebhen se nuk e shohin, zhurm\u00ebn nuk e d\u00ebgjojn\u00eb\u2026Le t\u00eb gjejn\u00eb nj\u00eb d\u00ebshir\u00eb t\u00eb mir\u00eb t\u00eb k\u00ebtill\u00eb n\u00eb Evrop\u00ebn q\u00eb na e premtojn\u00eb. Nuk mbeti vij\u00eb e bardh\u00eb e vizatuar n\u00eb rrug\u00eb, nd\u00ebrsa ata na flasin p\u00ebr ndonj\u00eb t\u00eb ardhme t\u00eb larg\u00ebt.<\/p>\n<p><span class=\"dropcap color firstcharacter\">3 <\/span> VMRO-DPMNE-ja nuk di se si do ta \u00e7oj\u00eb Maqedonin\u00eb n\u00eb BE, por p\u00ebr k\u00ebt\u00eb dhe nuk flet p\u00ebr BE-n\u00eb. Do ta b\u00ebjn\u00eb Maqedonin\u00eb \u201cs\u00ebrish krenare\u201d. A thua do ta kthejn\u00eb krenarin\u00eb nga koha e Nikolla Gruevskit? Sepse, at\u00ebher\u00eb shteti ishte m\u00eb krenar me llogarit\u00eb nga Belize dhe parajsat e tjera tatimore, me p\u00ebrgjimet e paligjshme t\u00eb mij\u00ebra qytetar\u00ebve, me vjedhjen epike t\u00eb \u201cShkupi 2024\u201d, e sidomos krenar me sulmin e organizuar t\u00eb Kuvendit m\u00eb 27 prill 2017.<br \/>\nP\u00ebrves\u00ebe, n\u00ebse Hristijan Mickoski dhe Gordana Siljanovska-Davkova nuk kan\u00eb vendosur ta kthejn\u00eb krenarin\u00eb e Maqedonis\u00eb nga koha e Aleksandrit t\u00eb Madh, carit Samoil, Goce Dell\u00e7evit, kryengritjes s\u00eb Ilindenit, Van\u00e7o Mihajllovit\u2026.kur nuk ka ekzistuar shtet maqedonas.<\/p>\n<p>Faleminderit VMRO, q\u00eb na kujtove partizan\u00ebt, luft\u00ebn antifashiste, ASNOM-in dhe 1945, kur e krijuam shtetin. Sepse kjo po q\u00eb ka qen\u00eb koh\u00eb krenarie. Kur manifesti i Krushev\u00ebs \u00ebsht\u00eb realizuar plot\u00ebsisht. Dhe kur \u00ebsht\u00eb b\u00ebr\u00eb kodifikimi i gjuh\u00ebs maqedonase. Faleminderit q\u00eb na e kujtove edhe Bllazhe Koneskin, t\u00eb cilin partit\u00eb tuaja e qujan\u00eb \u201cxhuxhi i Nebregov\u00ebs\u201d.<\/p>\n<p>Nga viti 1945 Maqedonia \u00ebsht\u00eb e jona. Prandaj nuk e kam t\u00eb qart\u00eb se \u00e7far\u00eb mendojn\u00eb ata t\u00eb VMRO-s\u00eb tani kur na premtojn\u00eb se Maqedonia, nuk do t\u00eb jet\u00eb vet\u00ebm \u201cs\u00ebrish krenare\u201d, por do t\u00eb jet\u00eb dhe \u201cs\u00ebrish e jotja\u201d. Por tani e kujt \u00ebsht\u00eb?<\/p>\n<p>Kur partia do t\u00eb l\u00ebshoj\u00eb nj\u00eb parull\u00eb t\u00eb till\u00eb, e nd\u00ebrkaq gjat\u00eb 11 vjet\u00ebve q\u00eb ishte n\u00eb pushtet arrititi t\u2019i grabis\u00eb t\u00eb gjitha institucionet shtet\u00ebrore, shtetin, ta shkel\u00eb t\u00eb drejt\u00ebn dhe gjyq\u00ebsin\u00eb n\u00eb t\u00eb gjitha nivelet, dhe t\u2019i vjedh\u00eb t\u00eb gjitha zgjedhjet me radh\u00eb, fjala \u201cs\u00ebrish jotja\u201d kthehet n\u00eb \u201cs\u00ebrish tyrja\u201d.<\/p>\n<p>Faleminderit LSDM, q\u00eb p\u00ebr shtat\u00eb vjet arrite t\u00eb na \u00e7osh deri n\u00eb at\u00eb derexhe, sa tani VMRO-ja t\u00eb na flas\u00eb p\u00ebr Maqedoni krenare.<\/p>\n<p><span class=\"dropcap color firstcharacter\">4 <\/span>BDI-ja e filoi fushat\u00ebn e deputet\u00ebve me simulim t\u00eb seancave n\u00eb Kuvend. Dhe n\u00eb m\u00ebnyr\u00eb t\u00eb simuluar zgjodh\u00ebn kryetar t\u00eb Kuvendit, kryeminist\u00ebr dhe kryetar shteti \u2013 t\u00eb gjith\u00eb shqiptar\u00eb. Simulimi nuk \u00ebsht\u00eb di\u00e7ka e pazakont\u00eb p\u00ebr BDI-n\u00eb. Ata luajn\u00eb shtet gjith\u00eb koh\u00ebs. Do t\u00eb v\u00ebm\u00eb n\u00eb pozita drejtuese njer\u00ebz analfabet\u00eb, dhunues, nacionalis\u00eb, do t\u2019u japim para shtet\u00ebrore ndjek\u00ebsve tan\u00eb, pa \u00e7ka se nuk vijn\u00eb n\u00eb pun\u00eb. Nuk do ta anulojm\u00eb balancuesin p\u00ebr pun\u00ebsim, n\u00eb pun\u00eb do t\u00eb hyj\u00eb dikush n\u00eb baza nacionale, jo cil\u00ebsie, por t\u00eb gjith\u00eb do t\u00eb jen\u00eb t\u00eb barabart\u00eb. Dhe thon\u00eb, na votoni.<br \/>\nVet\u00ebm se, si do t\u2019ua p\u00ebrmir\u00ebsoj\u00eb jet\u00ebn kjo gj\u00eb tatimpaguesve? Ja, nuk duhet t\u00eb mendojn\u00eb p\u00ebr maqedonasit. Por le t\u00eb mendojn\u00eb p\u00ebr tatimpaguesit shqiptar\u00eb t\u00eb cil\u00ebt do t\u00eb duhet t\u2019i sigurojn\u00eb ato para.<\/p>\n<p>Kur i shikoj fushatat e BDI-s\u00eb dhe opozit\u00ebs shqiptare dhe kush d\u00ebgjoj se cilat jan\u00eb q\u00ebllimet e tyre, pyes veten a po flasin p\u00ebr Maqedonin\u00eb, apo p\u00ebr ndonj\u00eb shtet tjet\u00ebr.<br \/>\nNuk kan\u00eb asgj\u00eb q\u00eb t\u2019i ofrojn\u00eb k\u00ebtij shteti p\u00ebrve\u00e7se nacionaliz\u00ebm. E akoma edhe n\u00eb opozit\u00eb kan\u00eb nj\u00eb parti q\u00eb \u00ebsht\u00eb dora e partis\u00eb s\u00eb kryeministrit t\u00eb Kosov\u00ebs Albin Kurti. Do t\u00eb dal\u00eb si nj\u00eb shprehje popullore \u2013 zbrit Murti, q\u00eb t\u00eb hip\u00eb Kurti. Si t\u00eb ishin duke b\u00ebr\u00eb fushat\u00eb kund\u00ebr shtetit maqedonas.<\/p>\n<p><span class=\"dropcap color firstcharacter\">5<\/span> Hristijan Micskoski lajm\u00ebroi se v\u00eb moratorium t\u00eb sulmeve kund\u00ebr Levic\u00ebs dhe ZNAM sepse b\u00ebn thirrje p\u00ebr nj\u00eb bashkim nacional. Dometh\u00ebn\u00eb, projkcionet p\u00ebr shumic\u00eb parlamentare nuk i ka tamam optimiste, prandaj q\u00eb tani i th\u00ebrriti Maksim Dimitrievskin dhe Dimitar Apasievin n\u00eb Qeveri.<br \/>\nS\u00eb pari, bashkimi nuk arrihet kur ti th\u00ebrret vet\u00ebm nj\u00eb pala\u00eb, e tjetr\u00ebn e trajton si tradh\u00ebtare. Bashkim nacional pa LSDM-n\u00eb nuk \u00ebsht\u00eb bashkim. \u00cbsht\u00eb nj\u00eb ndarje tjet\u00ebr.<\/p>\n<p>S\u00eb dyti, nuk mundet VMRO-ja t\u00eb b\u00ebj\u00eb thirrje p\u00ebr bashkim, pa k\u00ebrkuar falje paraprakisht p\u00ebr faktin q\u00eb nd\u00ebrsa ishte n\u00eb pushtet e legalizonte gjuh\u00ebn e urrejtjes kund\u00ebr t\u00eb gjith\u00eb atyre q\u00eb nuk mendojn\u00eb nj\u00ebsoj.<\/p>\n<p>Dhe s\u00eb fundi dhe m\u00eb e r\u00ebnd\u00ebsishmja, si mund t\u00eb jet\u00eb interes nacional p\u00ebr Maqedonin\u00eb ajo q\u00eb po b\u00ebn VMRO-DPMNE-ja, e tani p\u00ebr m\u00eb tep\u00ebr edhe do ta rob\u00ebroj\u00eb \u201clicenc\u00ebn p\u00ebr maqedoniz\u00ebm\u201d? Vall\u00eb, vet\u00ebm n\u00eb VMRO jan\u00eb maqedonas?<\/p>\n<p>Nd\u00ebrsa licenc\u00ebn e bashkimit do ta rinovojn\u00eb nga Todor Aleksandrovi dhe Qosja.<\/p>\n<p>&nbsp;<\/p>\n\n<div style=\"font-size: 0px; height: 0px; line-height: 0px; margin: 0; padding: 0; clear: both;\"><\/div>","protected":false},"excerpt":{"rendered":"<p>Hajde tani, n\u00eb pushim. Shkojm\u00eb n\u00eb zgjedhje. Zoti na ruajtt\u00eb. T\u00eb m\u00ebrkurave kur mbahen zgjedhjet jan\u00eb shpallur si dit\u00eb jopune. [&hellip;]<\/p>\n","protected":false},"author":25,"featured_media":0,"comment_status":"closed","ping_status":"closed","sticky":false,"template":"","format":"standard","meta":{"_mo_disable_npp":"no","inline_featured_image":false},"categories":[1825],"tags":[],"imageURL":false,"thumbURL":false,"categoryNames":["DUA T\u00cb THEM"],"feature_caption":"","subtitle":"Faleminderit LSDM, q\u00eb p\u00ebr shtat\u00eb vjet arrite t\u00eb na \u00e7osh deri n\u00eb at\u00eb derexhe, sa tani VMRO-ja t\u00eb na flas\u00eb p\u00ebr Maqedoni krenare.","views":"67","source":"Shkup, (SAKAMDAKAZAM.MK)","yoast_head":"<!-- This site is optimized with the Yoast SEO Premium plugin v15.0 - https:\/\/yoast.com\/wordpress\/plugins\/seo\/ -->\n<title>MURTI DHE KURTI - \u0421\u0430\u043a\u0430\u043c \u0414\u0430 \u041a\u0430\u0436\u0430\u043c<\/title>\n<meta name=\"robots\" content=\"index, follow, max-snippet:-1, max-image-preview:large, max-video-preview:-1\" \/>\n<link rel=\"canonical\" href=\"https:\/\/sdk.mk\/index.php\/dua-te-them\/murti-dhe-kurti\/\" \/>\n<meta property=\"og:locale\" content=\"mk_MK\" \/>\n<meta property=\"og:type\" content=\"article\" \/>\n<meta property=\"og:title\" content=\"MURTI DHE KURTI - \u0421\u0430\u043a\u0430\u043c \u0414\u0430 \u041a\u0430\u0436\u0430\u043c\" \/>\n<meta property=\"og:description\" content=\"Hajde tani, n\u00eb pushim. Shkojm\u00eb n\u00eb zgjedhje. Zoti na ruajtt\u00eb. T\u00eb m\u00ebrkurave kur mbahen zgjedhjet jan\u00eb shpallur si dit\u00eb jopune. [&hellip;]\" \/>\n<meta property=\"og:url\" content=\"https:\/\/sdk.mk\/index.php\/dua-te-them\/murti-dhe-kurti\/\" \/>\n<meta property=\"og:site_name\" content=\"\u0421\u0430\u043a\u0430\u043c \u0414\u0430 \u041a\u0430\u0436\u0430\u043c\" \/>\n<meta property=\"article:published_time\" content=\"2024-04-23T07:32:04+00:00\" \/>\n<meta property=\"og:image\" content=\"https:\/\/sdk.mk\/wp-content\/uploads\/2015\/12\/goran-mihailovski2.jpg\" \/>\n\t<meta property=\"og:image:width\" content=\"400\" \/>\n\t<meta property=\"og:image:height\" content=\"313\" \/>\n<meta property=\"fb:app_id\" content=\"2407985809428537\" \/>\n<meta name=\"twitter:card\" content=\"summary\" \/>\n<script type=\"application\/ld+json\" class=\"yoast-schema-graph\">{\"@context\":\"https:\/\/schema.org\",\"@graph\":[{\"@type\":\"WebSite\",\"@id\":\"https:\/\/sdk.mk\/#website\",\"url\":\"https:\/\/sdk.mk\/\",\"name\":\"\\u0421\\u0430\\u043a\\u0430\\u043c \\u0414\\u0430 \\u041a\\u0430\\u0436\\u0430\\u043c\",\"description\":\"\\u0417\\u0430 \\u0441\\u043b\\u043e\\u0431\\u043e\\u0434\\u043e\\u0443\\u043c\\u043d\\u0438\",\"potentialAction\":[{\"@type\":\"SearchAction\",\"target\":\"https:\/\/sdk.mk\/?s={search_term_string}\",\"query-input\":\"required name=search_term_string\"}],\"inLanguage\":\"mk-MK\"},{\"@type\":\"WebPage\",\"@id\":\"https:\/\/sdk.mk\/index.php\/dua-te-them\/murti-dhe-kurti\/#webpage\",\"url\":\"https:\/\/sdk.mk\/index.php\/dua-te-them\/murti-dhe-kurti\/\",\"name\":\"MURTI DHE KURTI - \\u0421\\u0430\\u043a\\u0430\\u043c \\u0414\\u0430 \\u041a\\u0430\\u0436\\u0430\\u043c\",\"isPartOf\":{\"@id\":\"https:\/\/sdk.mk\/#website\"},\"datePublished\":\"2024-04-23T07:32:04+00:00\",\"dateModified\":\"2024-04-23T07:32:04+00:00\",\"author\":{\"@id\":\"https:\/\/sdk.mk\/#\/schema\/person\/737021aeacbe893f7e2c347186c5c7a1\"},\"inLanguage\":\"mk-MK\",\"potentialAction\":[{\"@type\":\"ReadAction\",\"target\":[\"https:\/\/sdk.mk\/index.php\/dua-te-them\/murti-dhe-kurti\/\"]}]},{\"@type\":\"Person\",\"@id\":\"https:\/\/sdk.mk\/#\/schema\/person\/737021aeacbe893f7e2c347186c5c7a1\",\"name\":\"\\u0424\\u0458\\u043e\\u043b\\u0430 \\u0417\\u043b\\u0430\\u0442\\u043a\\u0443\"}]}<\/script>\n<!-- \/ Yoast SEO Premium plugin. -->","_links":{"self":[{"href":"https:\/\/sdk.mk\/index.php\/wp-json\/wp\/v2\/posts\/218968"}],"collection":[{"href":"https:\/\/sdk.mk\/index.php\/wp-json\/wp\/v2\/posts"}],"about":[{"href":"https:\/\/sdk.mk\/index.php\/wp-json\/wp\/v2\/types\/post"}],"author":[{"embeddable":true,"href":"https:\/\/sdk.mk\/index.php\/wp-json\/wp\/v2\/users\/25"}],"replies":[{"embeddable":true,"href":"https:\/\/sdk.mk\/index.php\/wp-json\/wp\/v2\/comments?post=218968"}],"version-history":[{"count":0,"href":"https:\/\/sdk.mk\/index.php\/wp-json\/wp\/v2\/posts\/218968\/revisions"}],"wp:attachment":[{"href":"https:\/\/sdk.mk\/index.php\/wp-json\/wp\/v2\/media?parent=218968"}],"wp:term":[{"taxonomy":"category","embeddable":true,"href":"https:\/\/sdk.mk\/index.php\/wp-json\/wp\/v2\/categories?post=218968"},{"taxonomy":"post_tag","embeddable":true,"href":"https:\/\/sdk.mk\/index.php\/wp-json\/wp\/v2\/tags?post=218968"}],"curies":[{"name":"wp","href":"https:\/\/api.w.org\/{rel}","templated":true}]}}