{"id":21940,"date":"2017-01-26T20:30:54","date_gmt":"2017-01-26T19:30:54","guid":{"rendered":"http:\/\/sdk.mk\/\/?p=21940"},"modified":"2017-01-26T20:30:54","modified_gmt":"2017-01-26T19:30:54","slug":"qe-kur-bdi-ja-dhe-pdsh-ja-akuzuan-per-diskriminim-qyteti-shkupit-ktheu-autobuset-shteterore-9-dhe-19","status":"publish","type":"post","link":"https:\/\/sdk.mk\/index.php\/rrjeti-i-korrespondenteve\/qe-kur-bdi-ja-dhe-pdsh-ja-akuzuan-per-diskriminim-qyteti-shkupit-ktheu-autobuset-shteterore-9-dhe-19\/","title":{"rendered":"Q\u00cb KUR BDI-JA DHE PDSH-JA AKUZUAN P\u00cbR DISKRIMINIM, QYTETI I SHKUPIT I KTHEU AUTOBUS\u00cbT SHTET\u00cbROR\u00cb 9 DHE 19"},"content":{"rendered":"<div class=\"f52428582a4b906b2d2e2a7d733c7d27\" data-index=\"7\" style=\"float: none; margin:10px 0 10px 0; text-align:center;\">\n<!-- MSP Ads Asynchronous JS Tag - Generated with Revive Adserver v5.4.1 -->\r\n<ins data-revive-zoneid=\"167\" data-revive-id=\"060fdb01f6430ec164d3519234aa4967\"><\/ins>\r\n<script async src=\"\/\/panel.ads.com.mk\/www\/delivery\/asyncjs.php\"><\/script>\n<\/div>\n<p>Autobus\u00ebt e JSP Shkupit do t\u00eb kthehen n\u00eb linjat n\u00ebnt\u00eb dhe n\u00ebnt\u00ebmb\u00ebdhjet\u00eb, sipas k\u00ebrkes\u00ebs s\u00eb k\u00ebshilltar\u00ebve t\u00eb BDI-s\u00eb dhe PDSH-s\u00eb n\u00eb K\u00ebshillin e Shkupit. Nga fillimi i muajit k\u00ebta autobus\u00eb nuk ecnin n\u00ebp\u00ebr \u00a0k\u00ebto linja ngaq\u00eb me Vendimin p\u00ebr transport n\u00eb linj\u00eb, tashm\u00eb t\u00eb votuar nga K\u00ebshilli i Qytetit t\u00eb Shkupit, linjat u jan\u00eb dh\u00ebn\u00eb ekskluzivisht transportuesve privat\u00eb.<\/p>\n<p>K\u00ebshilltar\u00ebt nga BDI-\u0458\u0430 dhe PDSH-\u0458\u0430 \u0435 akuzuan kryetarin e Shkupit, Koce Trajanovskin dhe drejtorin e JSP-s\u00eb, Igor Janushevin p\u00ebr diskriminim.<\/p>\n<p>\u201cKy \u00ebsht\u00eb nj\u00eb skandal p\u00ebr t\u00eb cilin, fajin e kan\u00eb kryetari i Shkupit dhe drejtori i JSP-s\u00eb. T\u2019i p\u00ebrkujtoj q\u00eb me k\u00ebt\u00eb politik\u00eb t\u00eb ul\u00ebt diskriminuese tregojn\u00eb nivelin m\u00eb t\u00eb skajsh\u00ebm t\u00eb n\u00ebn\u00e7mimit dhe n\u00ebnvler\u00ebsimit p\u00ebr t\u00eb gjith\u00eb ata q\u00eb nuk jan\u00eb maqedonas. Me k\u00ebt\u00eb mentalitet fashist, fshataresk dhe shum\u00eb dyftyr\u00ebsh e treguan fytyr\u00ebn e tyre t\u00eb v\u00ebrtet\u00eb. Ky \u00ebsht\u00eb kulmi i nj\u00eb marr\u00ebdh\u00ebnieje pa parime, n\u00ebn\u00e7mues dhe diskriminues i partive qeveris\u00ebse BDI dhe VMRO-DPMNE. Pas kush e di se cil\u00ebs her\u00eb, qyteti i Shkupit i ndau qytetar\u00ebt n\u00eb dy kampe turp\u00ebruese.\u201d Insistoj q\u00eb t\u00eb ndryshohet Vendimi i Qytetit t\u00eb Shkupit, t\u00eb rikthehet mund\u00ebsia e p\u00ebrdorimit t\u00eb autobus\u00ebve t\u00eb rinj t\u00eb JSP-s\u00eb, t\u00eb bler\u00eb me parat\u00eb e qytetar\u00ebve shqiptar\u00eb, t\u00eb cil\u00ebt i paguajn\u00eb tatime shtetit, dhe 80 p\u00ebrqind nga numri i caktuar i autobusave t\u00eb jen\u00eb n\u00eb JSP, nd\u00ebrsa 20 p\u00ebrqind t\u00eb jen\u00eb autobus\u00eb privat\u00eb\u201d, k\u00ebrkoi k\u00ebshilltari i PDSH-s\u00eb n\u00eb K\u00ebshillin e Shkupit, Idriz Orana.<\/p>\n<p>K\u00ebrkes\u00eb t\u00eb nj\u00ebjt\u00eb te K\u00ebshilli i Shkupit ka d\u00ebrguar edhe grupi k\u00ebshillues i BDI-s\u00eb dhe k\u00ebshtu, n\u00eb seanc\u00ebn e sotme, k\u00ebshilltar\u00ebt e k\u00ebtyre dy partive sulmonin nj\u00ebri tjetrin n\u00eb lidhje me se kush ka votuar, e kush jo, p\u00ebr vendimin tashm\u00eb t\u00eb marr\u00eb, n\u00eb d\u00ebm t\u00eb shfryt\u00ebzuesve t\u00eb linjave n\u00ebnt\u00eb dhe n\u00ebnt\u00ebmb\u00ebdhjet\u00eb.<\/p>\n<p>K\u00ebshilli ka votuar p\u00ebr ndryshim t\u00eb Vendimit p\u00ebr transport n\u00eb linj\u00eb, me t\u00eb cilin autobus\u00ebt e JSP-s\u00eb do t\u00eb rikthehen n\u00eb linjat e vjetra.<\/p>\n\n<div style=\"font-size: 0px; height: 0px; line-height: 0px; margin: 0; padding: 0; clear: both;\"><\/div>","protected":false},"excerpt":{"rendered":"<p>Autobus\u00ebt e JSP Shkupit do t\u00eb kthehen n\u00eb linjat n\u00ebnt\u00eb dhe n\u00ebnt\u00ebmb\u00ebdhjet\u00eb, sipas k\u00ebrkes\u00ebs s\u00eb k\u00ebshilltar\u00ebve t\u00eb BDI-s\u00eb dhe PDSH-s\u00eb [&hellip;]<\/p>\n","protected":false},"author":9,"featured_media":21919,"comment_status":"closed","ping_status":"closed","sticky":false,"template":"","format":"standard","meta":{"_mo_disable_npp":"","inline_featured_image":false},"categories":[3095],"tags":[],"imageURL":"https:\/\/sdk.mk\/wp-content\/uploads\/2017\/01\/jsp-skopje-dvokaten-avtobus-823489238932-650x394.jpg","thumbURL":"https:\/\/sdk.mk\/wp-content\/uploads\/2017\/01\/jsp-skopje-dvokaten-avtobus-823489238932-250x151.jpg","categoryNames":["Rrjeti i korrespondent\u00ebve"],"feature_caption":"","subtitle":"a:2:{s:16:\"td_post_template\";s:22:\"single_template_civica\";s:9:\"td_source\";s:45:\"\u0421\u043a\u043e\u043f\u0458\u0435,(\u0421\u0410\u041a\u0410\u041c\u0414\u0410\u041a\u0410\u0416\u0410\u041c.\u041c\u041a)","views":"2692","source":"","yoast_head":"<!-- This site is optimized with the Yoast SEO Premium plugin v15.0 - https:\/\/yoast.com\/wordpress\/plugins\/seo\/ -->\n<title>Q\u00cb KUR BDI-JA DHE PDSH-JA AKUZUAN P\u00cbR DISKRIMINIM, QYTETI I SHKUPIT I KTHEU AUTOBUS\u00cbT SHTET\u00cbROR\u00cb 9 DHE 19 - \u0421\u0430\u043a\u0430\u043c \u0414\u0430 \u041a\u0430\u0436\u0430\u043c<\/title>\n<meta name=\"robots\" content=\"index, follow, max-snippet:-1, max-image-preview:large, max-video-preview:-1\" \/>\n<link rel=\"canonical\" href=\"https:\/\/sdk.mk\/index.php\/rrjeti-i-korrespondenteve\/qe-kur-bdi-ja-dhe-pdsh-ja-akuzuan-per-diskriminim-qyteti-shkupit-ktheu-autobuset-shteterore-9-dhe-19\/\" \/>\n<meta property=\"og:locale\" content=\"mk_MK\" \/>\n<meta property=\"og:type\" content=\"article\" \/>\n<meta property=\"og:title\" content=\"Q\u00cb KUR BDI-JA DHE PDSH-JA AKUZUAN P\u00cbR DISKRIMINIM, QYTETI I SHKUPIT I KTHEU AUTOBUS\u00cbT SHTET\u00cbROR\u00cb 9 DHE 19 - \u0421\u0430\u043a\u0430\u043c \u0414\u0430 \u041a\u0430\u0436\u0430\u043c\" \/>\n<meta property=\"og:description\" content=\"Autobus\u00ebt e JSP Shkupit do t\u00eb kthehen n\u00eb linjat n\u00ebnt\u00eb dhe n\u00ebnt\u00ebmb\u00ebdhjet\u00eb, sipas k\u00ebrkes\u00ebs s\u00eb k\u00ebshilltar\u00ebve t\u00eb BDI-s\u00eb dhe PDSH-s\u00eb [&hellip;]\" \/>\n<meta property=\"og:url\" content=\"https:\/\/sdk.mk\/index.php\/rrjeti-i-korrespondenteve\/qe-kur-bdi-ja-dhe-pdsh-ja-akuzuan-per-diskriminim-qyteti-shkupit-ktheu-autobuset-shteterore-9-dhe-19\/\" \/>\n<meta property=\"og:site_name\" content=\"\u0421\u0430\u043a\u0430\u043c \u0414\u0430 \u041a\u0430\u0436\u0430\u043c\" \/>\n<meta property=\"article:published_time\" content=\"2017-01-26T19:30:54+00:00\" \/>\n<meta property=\"og:image\" content=\"https:\/\/sdk.mk\/wp-content\/uploads\/2017\/01\/jsp-skopje-dvokaten-avtobus-823489238932.jpg\" \/>\n\t<meta property=\"og:image:width\" content=\"690\" \/>\n\t<meta property=\"og:image:height\" content=\"418\" \/>\n<meta property=\"fb:app_id\" content=\"2407985809428537\" \/>\n<meta name=\"twitter:card\" content=\"summary\" \/>\n<script type=\"application\/ld+json\" class=\"yoast-schema-graph\">{\"@context\":\"https:\/\/schema.org\",\"@graph\":[{\"@type\":\"WebSite\",\"@id\":\"https:\/\/sdk.mk\/#website\",\"url\":\"https:\/\/sdk.mk\/\",\"name\":\"\\u0421\\u0430\\u043a\\u0430\\u043c \\u0414\\u0430 \\u041a\\u0430\\u0436\\u0430\\u043c\",\"description\":\"\\u0417\\u0430 \\u0441\\u043b\\u043e\\u0431\\u043e\\u0434\\u043e\\u0443\\u043c\\u043d\\u0438\",\"potentialAction\":[{\"@type\":\"SearchAction\",\"target\":\"https:\/\/sdk.mk\/?s={search_term_string}\",\"query-input\":\"required name=search_term_string\"}],\"inLanguage\":\"mk-MK\"},{\"@type\":\"ImageObject\",\"@id\":\"https:\/\/sdk.mk\/index.php\/rrjeti-i-korrespondenteve\/qe-kur-bdi-ja-dhe-pdsh-ja-akuzuan-per-diskriminim-qyteti-shkupit-ktheu-autobuset-shteterore-9-dhe-19\/#primaryimage\",\"inLanguage\":\"mk-MK\",\"url\":\"https:\/\/sdk.mk\/wp-content\/uploads\/2017\/01\/jsp-skopje-dvokaten-avtobus-823489238932.jpg\",\"width\":690,\"height\":418,\"caption\":\"\\u041e\\u0434 \\u043f\\u043e\\u0447\\u0435\\u0442\\u043e\\u043a\\u043e\\u0442 \\u043d\\u0430 \\u043c\\u0435\\u0441\\u0435\\u0446\\u043e\\u0432, \\u0430\\u0432\\u0442\\u043e\\u0431\\u0443\\u0441\\u0438\\u0442\\u0435 \\u043d\\u0430 \\u0408\\u0421\\u041f \\u043d\\u0435 \\u0432\\u043e\\u0437\\u0430\\u0442 \\u043d\\u0430 \\u043b\\u0438\\u043d\\u0438\\u0438\\u0442\\u0435 9 \\u0438 19 \\u043e\\u0442\\u0438 \\u0441\\u043e \\u041e\\u0434\\u043b\\u0443\\u043a\\u0430 \\u0437\\u0430 \\u043b\\u0438\\u043d\\u0438\\u0441\\u043a\\u0438 \\u043f\\u0440\\u0435\\u0432\\u043e\\u0437 \\u0438\\u043c \\u0431\\u0435\\u0430 \\u0434\\u043e\\u0434\\u0435\\u043b\\u0435\\u043d\\u0438 \\u0438\\u0441\\u043a\\u043b\\u0443\\u0447\\u0438\\u0432\\u043e \\u043d\\u0430 \\u043f\\u0440\\u0438\\u0432\\u0430\\u0442\\u043d\\u0438\\u0442\\u0435 \\u043f\\u0440\\u0435\\u0432\\u043e\\u0437\\u043d\\u0438\\u0446\\u0438. (\\u0424\\u043e\\u0442\\u043e: \\u0421\\u0414\\u041a.\\u041c\\u041a)\"},{\"@type\":\"WebPage\",\"@id\":\"https:\/\/sdk.mk\/index.php\/rrjeti-i-korrespondenteve\/qe-kur-bdi-ja-dhe-pdsh-ja-akuzuan-per-diskriminim-qyteti-shkupit-ktheu-autobuset-shteterore-9-dhe-19\/#webpage\",\"url\":\"https:\/\/sdk.mk\/index.php\/rrjeti-i-korrespondenteve\/qe-kur-bdi-ja-dhe-pdsh-ja-akuzuan-per-diskriminim-qyteti-shkupit-ktheu-autobuset-shteterore-9-dhe-19\/\",\"name\":\"Q\\u00cb KUR BDI-JA DHE PDSH-JA AKUZUAN P\\u00cbR DISKRIMINIM, QYTETI I SHKUPIT I KTHEU AUTOBUS\\u00cbT SHTET\\u00cbROR\\u00cb 9 DHE 19 - \\u0421\\u0430\\u043a\\u0430\\u043c \\u0414\\u0430 \\u041a\\u0430\\u0436\\u0430\\u043c\",\"isPartOf\":{\"@id\":\"https:\/\/sdk.mk\/#website\"},\"primaryImageOfPage\":{\"@id\":\"https:\/\/sdk.mk\/index.php\/rrjeti-i-korrespondenteve\/qe-kur-bdi-ja-dhe-pdsh-ja-akuzuan-per-diskriminim-qyteti-shkupit-ktheu-autobuset-shteterore-9-dhe-19\/#primaryimage\"},\"datePublished\":\"2017-01-26T19:30:54+00:00\",\"dateModified\":\"2017-01-26T19:30:54+00:00\",\"author\":{\"@id\":\"https:\/\/sdk.mk\/#\/schema\/person\/3e8217f71bc38bd7c592f30c69e10e5a\"},\"inLanguage\":\"mk-MK\",\"potentialAction\":[{\"@type\":\"ReadAction\",\"target\":[\"https:\/\/sdk.mk\/index.php\/rrjeti-i-korrespondenteve\/qe-kur-bdi-ja-dhe-pdsh-ja-akuzuan-per-diskriminim-qyteti-shkupit-ktheu-autobuset-shteterore-9-dhe-19\/\"]}]},{\"@type\":\"Person\",\"@id\":\"https:\/\/sdk.mk\/#\/schema\/person\/3e8217f71bc38bd7c592f30c69e10e5a\",\"name\":\"\\u041c\\u0438\\u0440\\u043e\\u0441\\u043b\\u0430\\u0432 \\u0418\\u043b\\u0438\\u043e\\u0441\\u043a\\u0438\"}]}<\/script>\n<!-- \/ Yoast SEO Premium plugin. -->","_links":{"self":[{"href":"https:\/\/sdk.mk\/index.php\/wp-json\/wp\/v2\/posts\/21940"}],"collection":[{"href":"https:\/\/sdk.mk\/index.php\/wp-json\/wp\/v2\/posts"}],"about":[{"href":"https:\/\/sdk.mk\/index.php\/wp-json\/wp\/v2\/types\/post"}],"author":[{"embeddable":true,"href":"https:\/\/sdk.mk\/index.php\/wp-json\/wp\/v2\/users\/9"}],"replies":[{"embeddable":true,"href":"https:\/\/sdk.mk\/index.php\/wp-json\/wp\/v2\/comments?post=21940"}],"version-history":[{"count":0,"href":"https:\/\/sdk.mk\/index.php\/wp-json\/wp\/v2\/posts\/21940\/revisions"}],"wp:featuredmedia":[{"embeddable":true,"href":"https:\/\/sdk.mk\/index.php\/wp-json\/wp\/v2\/media\/21919"}],"wp:attachment":[{"href":"https:\/\/sdk.mk\/index.php\/wp-json\/wp\/v2\/media?parent=21940"}],"wp:term":[{"taxonomy":"category","embeddable":true,"href":"https:\/\/sdk.mk\/index.php\/wp-json\/wp\/v2\/categories?post=21940"},{"taxonomy":"post_tag","embeddable":true,"href":"https:\/\/sdk.mk\/index.php\/wp-json\/wp\/v2\/tags?post=21940"}],"curies":[{"name":"wp","href":"https:\/\/api.w.org\/{rel}","templated":true}]}}