{"id":21945,"date":"2017-01-26T20:50:35","date_gmt":"2017-01-26T19:50:35","guid":{"rendered":"http:\/\/sdk.mk\/\/?p=21945"},"modified":"2017-01-26T20:50:35","modified_gmt":"2017-01-26T19:50:35","slug":"artan-grubi-thote-qe-nuk-eshte-per-vmro-dpmne-ne-e-per-lsdm-ne","status":"publish","type":"post","link":"https:\/\/sdk.mk\/index.php\/maqedonia\/artan-grubi-thote-qe-nuk-eshte-per-vmro-dpmne-ne-e-per-lsdm-ne\/","title":{"rendered":"ARTAN GRUBI THOT\u00cb Q\u00cb NUK \u00cbSHT\u00cb AS P\u00cbR VMRO-DPMNE-N\u00cb E AS P\u00cbR LSDM-N\u00cb"},"content":{"rendered":"<div class=\"f52428582a4b906b2d2e2a7d733c7d27\" data-index=\"7\" style=\"float: none; margin:10px 0 10px 0; text-align:center;\">\n<!-- MSP Ads Asynchronous JS Tag - Generated with Revive Adserver v5.4.1 -->\r\n<ins data-revive-zoneid=\"167\" data-revive-id=\"060fdb01f6430ec164d3519234aa4967\"><\/ins>\r\n<script async src=\"\/\/panel.ads.com.mk\/www\/delivery\/asyncjs.php\"><\/script>\n<\/div>\n<p>Iu q\u00ebndroj besnik bindjeve t\u00eb mia komb\u00ebtare n\u00eb p\u00ebrkrahje t\u00eb plot\u00eb t\u00eb deklarat\u00ebs s\u00eb p\u00ebrbashk\u00ebt shqiptare, liderit tim Ali Ahmeti dhe BDI-s\u00eb\u201d, thot\u00eb deputeti Artan Grubi.<\/p>\n<p>Deputeti Artan Grubi sonte, n\u00eb nj\u00eb deklarat\u00eb t\u00eb shkruar lajm\u00ebroi q\u00eb as ka qen\u00eb, e as do t\u00eb jet\u00eb ndonj\u00ebher\u00eb p\u00ebr VMRO-DPMNE-n\u00eb apo p\u00ebr LSDM-n\u00eb.<\/p>\n<p>Me shum\u00eb siguri, i nxitur nga shkrimet n\u00eb media q\u00eb thon\u00eb se ai p\u00ebrfaq\u00ebson an\u00ebn q\u00eb favorizon krijimin e Qeveris\u00eb bashk\u00eb me VMRO-DPMNE-n\u00eb, bashk\u00ebpunuesi m\u00eb i af\u00ebrt i liderit t\u00eb BDI-s\u00eb, Ali Ahmeti n\u00eb k\u00ebt\u00eb mesazh me shkrim deklaron: \u201c<\/p>\n<p>T\u00eb nderuar, e v\u00eb re p\u00ebrfoljen e madhe dashakeq\u00ebse, tendencioze dhe intrigante n\u00eb lidhje me q\u00ebndrimet individuale p\u00ebr situat\u00ebn paszgjedhore n\u00eb vend, andaj dua t\u2019ju risiguroj se, un\u00eb nuk kam qen\u00eb asnj\u00ebher\u00eb, nuk jam sot, e as q\u00eb do jam ndonj\u00ebher\u00eb as me VMRO e as me LSDM, por iu q\u00ebndroj besnik bindjeve t\u00eb mia komb\u00ebtare n\u00eb p\u00ebrkrahje t\u00eb plot\u00eb t\u00eb deklarat\u00ebs s\u00eb p\u00ebrbashk\u00ebt shqiptare, liderit tim Ali Ahmeti dhe BDI- s\u00eb\u201d, shkruan deputeti Grubi.<\/p>\n\n<div style=\"font-size: 0px; height: 0px; line-height: 0px; margin: 0; padding: 0; clear: both;\"><\/div>","protected":false},"excerpt":{"rendered":"<p>Iu q\u00ebndroj besnik bindjeve t\u00eb mia komb\u00ebtare n\u00eb p\u00ebrkrahje t\u00eb plot\u00eb t\u00eb deklarat\u00ebs s\u00eb p\u00ebrbashk\u00ebt shqiptare, liderit tim Ali Ahmeti [&hellip;]<\/p>\n","protected":false},"author":9,"featured_media":21930,"comment_status":"closed","ping_status":"closed","sticky":false,"template":"","format":"standard","meta":{"_mo_disable_npp":"","inline_featured_image":false},"categories":[3087],"tags":[10725],"imageURL":"https:\/\/sdk.mk\/wp-content\/uploads\/2017\/01\/gRUBI-AHMETI.jpg","thumbURL":"https:\/\/sdk.mk\/wp-content\/uploads\/2017\/01\/gRUBI-AHMETI-250x180.jpg","categoryNames":["Maqedonia"],"feature_caption":"","subtitle":"a:1:{s:9:\"td_source\";s:45:\"\u0421\u043a\u043e\u043f\u0458\u0435,(\u0421\u0410\u041a\u0410\u041c\u0414\u0410\u041a\u0410\u0416\u0410\u041c.\u041c\u041a)","views":"3763","source":"","yoast_head":"<!-- This site is optimized with the Yoast SEO Premium plugin v15.0 - https:\/\/yoast.com\/wordpress\/plugins\/seo\/ -->\n<title>ARTAN GRUBI THOT\u00cb Q\u00cb NUK \u00cbSHT\u00cb AS P\u00cbR VMRO-DPMNE-N\u00cb E AS P\u00cbR LSDM-N\u00cb - \u0421\u0430\u043a\u0430\u043c \u0414\u0430 \u041a\u0430\u0436\u0430\u043c<\/title>\n<meta name=\"robots\" content=\"index, follow, max-snippet:-1, max-image-preview:large, max-video-preview:-1\" \/>\n<link rel=\"canonical\" href=\"https:\/\/sdk.mk\/index.php\/maqedonia\/artan-grubi-thote-qe-nuk-eshte-per-vmro-dpmne-ne-e-per-lsdm-ne\/\" \/>\n<meta property=\"og:locale\" content=\"mk_MK\" \/>\n<meta property=\"og:type\" content=\"article\" \/>\n<meta property=\"og:title\" content=\"ARTAN GRUBI THOT\u00cb Q\u00cb NUK \u00cbSHT\u00cb AS P\u00cbR VMRO-DPMNE-N\u00cb E AS P\u00cbR LSDM-N\u00cb - \u0421\u0430\u043a\u0430\u043c \u0414\u0430 \u041a\u0430\u0436\u0430\u043c\" \/>\n<meta property=\"og:description\" content=\"Iu q\u00ebndroj besnik bindjeve t\u00eb mia komb\u00ebtare n\u00eb p\u00ebrkrahje t\u00eb plot\u00eb t\u00eb deklarat\u00ebs s\u00eb p\u00ebrbashk\u00ebt shqiptare, liderit tim Ali Ahmeti [&hellip;]\" \/>\n<meta property=\"og:url\" content=\"https:\/\/sdk.mk\/index.php\/maqedonia\/artan-grubi-thote-qe-nuk-eshte-per-vmro-dpmne-ne-e-per-lsdm-ne\/\" \/>\n<meta property=\"og:site_name\" content=\"\u0421\u0430\u043a\u0430\u043c \u0414\u0430 \u041a\u0430\u0436\u0430\u043c\" \/>\n<meta property=\"article:published_time\" content=\"2017-01-26T19:50:35+00:00\" \/>\n<meta property=\"og:image\" content=\"https:\/\/sdk.mk\/wp-content\/uploads\/2017\/01\/gRUBI-AHMETI.jpg\" \/>\n\t<meta property=\"og:image:width\" content=\"461\" \/>\n\t<meta property=\"og:image:height\" content=\"332\" \/>\n<meta property=\"fb:app_id\" content=\"2407985809428537\" \/>\n<meta name=\"twitter:card\" content=\"summary\" \/>\n<script type=\"application\/ld+json\" class=\"yoast-schema-graph\">{\"@context\":\"https:\/\/schema.org\",\"@graph\":[{\"@type\":\"WebSite\",\"@id\":\"https:\/\/sdk.mk\/#website\",\"url\":\"https:\/\/sdk.mk\/\",\"name\":\"\\u0421\\u0430\\u043a\\u0430\\u043c \\u0414\\u0430 \\u041a\\u0430\\u0436\\u0430\\u043c\",\"description\":\"\\u0417\\u0430 \\u0441\\u043b\\u043e\\u0431\\u043e\\u0434\\u043e\\u0443\\u043c\\u043d\\u0438\",\"potentialAction\":[{\"@type\":\"SearchAction\",\"target\":\"https:\/\/sdk.mk\/?s={search_term_string}\",\"query-input\":\"required name=search_term_string\"}],\"inLanguage\":\"mk-MK\"},{\"@type\":\"ImageObject\",\"@id\":\"https:\/\/sdk.mk\/index.php\/maqedonia\/artan-grubi-thote-qe-nuk-eshte-per-vmro-dpmne-ne-e-per-lsdm-ne\/#primaryimage\",\"inLanguage\":\"mk-MK\",\"url\":\"https:\/\/sdk.mk\/wp-content\/uploads\/2017\/01\/gRUBI-AHMETI.jpg\",\"width\":461,\"height\":332,\"caption\":\"\\u0412\\u0435\\u0440\\u0435\\u043d \\u0441\\u0443\\u043c \\u043d\\u0430 \\u043c\\u043e\\u0438\\u0442\\u0435 \\u043d\\u0430\\u0446\\u0438\\u043e\\u043d\\u0430\\u043b\\u043d\\u0438 \\u0443\\u0431\\u0435\\u0434\\u0443\\u0432\\u0430\\u045a\\u0430 \\u0432\\u043e \\u0446\\u0435\\u043b\\u043e\\u0441\\u043d\\u0430 \\u043f\\u043e\\u0434\\u0434\\u0440\\u0448\\u043a\\u0430 \\u043d\\u0430 \\u0437\\u0430\\u0435\\u0434\\u043d\\u0438\\u0447\\u043a\\u0430\\u0442\\u0430 \\u0430\\u043b\\u0431\\u0430\\u043d\\u0441\\u043a\\u0430 \\u0438\\u0437\\u0458\\u0430\\u0432\\u0430, \\u043c\\u043e\\u0458\\u043e\\u0442 \\u043b\\u0438\\u0434\\u0435\\u0440 \\u0410\\u043b\\u0438 \\u0410\\u0445\\u043c\\u0435\\u0442\\u0438 \\u0438 \\u043d\\u0430 \\u0414\\u0423\\u0418\\u201c, \\u0432\\u0435\\u043b\\u0438 \\u043f\\u0440\\u0430\\u0442\\u0435\\u043d\\u0438\\u043a\\u043e\\u0442 \\u0410\\u0440\\u0442\\u0430\\u043d \\u0413\\u0440\\u0443\\u0431\\u0438.\"},{\"@type\":\"WebPage\",\"@id\":\"https:\/\/sdk.mk\/index.php\/maqedonia\/artan-grubi-thote-qe-nuk-eshte-per-vmro-dpmne-ne-e-per-lsdm-ne\/#webpage\",\"url\":\"https:\/\/sdk.mk\/index.php\/maqedonia\/artan-grubi-thote-qe-nuk-eshte-per-vmro-dpmne-ne-e-per-lsdm-ne\/\",\"name\":\"ARTAN GRUBI THOT\\u00cb Q\\u00cb NUK \\u00cbSHT\\u00cb AS P\\u00cbR VMRO-DPMNE-N\\u00cb E AS P\\u00cbR LSDM-N\\u00cb - \\u0421\\u0430\\u043a\\u0430\\u043c \\u0414\\u0430 \\u041a\\u0430\\u0436\\u0430\\u043c\",\"isPartOf\":{\"@id\":\"https:\/\/sdk.mk\/#website\"},\"primaryImageOfPage\":{\"@id\":\"https:\/\/sdk.mk\/index.php\/maqedonia\/artan-grubi-thote-qe-nuk-eshte-per-vmro-dpmne-ne-e-per-lsdm-ne\/#primaryimage\"},\"datePublished\":\"2017-01-26T19:50:35+00:00\",\"dateModified\":\"2017-01-26T19:50:35+00:00\",\"author\":{\"@id\":\"https:\/\/sdk.mk\/#\/schema\/person\/3e8217f71bc38bd7c592f30c69e10e5a\"},\"inLanguage\":\"mk-MK\",\"potentialAction\":[{\"@type\":\"ReadAction\",\"target\":[\"https:\/\/sdk.mk\/index.php\/maqedonia\/artan-grubi-thote-qe-nuk-eshte-per-vmro-dpmne-ne-e-per-lsdm-ne\/\"]}]},{\"@type\":\"Person\",\"@id\":\"https:\/\/sdk.mk\/#\/schema\/person\/3e8217f71bc38bd7c592f30c69e10e5a\",\"name\":\"\\u041c\\u0438\\u0440\\u043e\\u0441\\u043b\\u0430\\u0432 \\u0418\\u043b\\u0438\\u043e\\u0441\\u043a\\u0438\"}]}<\/script>\n<!-- \/ Yoast SEO Premium plugin. -->","_links":{"self":[{"href":"https:\/\/sdk.mk\/index.php\/wp-json\/wp\/v2\/posts\/21945"}],"collection":[{"href":"https:\/\/sdk.mk\/index.php\/wp-json\/wp\/v2\/posts"}],"about":[{"href":"https:\/\/sdk.mk\/index.php\/wp-json\/wp\/v2\/types\/post"}],"author":[{"embeddable":true,"href":"https:\/\/sdk.mk\/index.php\/wp-json\/wp\/v2\/users\/9"}],"replies":[{"embeddable":true,"href":"https:\/\/sdk.mk\/index.php\/wp-json\/wp\/v2\/comments?post=21945"}],"version-history":[{"count":0,"href":"https:\/\/sdk.mk\/index.php\/wp-json\/wp\/v2\/posts\/21945\/revisions"}],"wp:featuredmedia":[{"embeddable":true,"href":"https:\/\/sdk.mk\/index.php\/wp-json\/wp\/v2\/media\/21930"}],"wp:attachment":[{"href":"https:\/\/sdk.mk\/index.php\/wp-json\/wp\/v2\/media?parent=21945"}],"wp:term":[{"taxonomy":"category","embeddable":true,"href":"https:\/\/sdk.mk\/index.php\/wp-json\/wp\/v2\/categories?post=21945"},{"taxonomy":"post_tag","embeddable":true,"href":"https:\/\/sdk.mk\/index.php\/wp-json\/wp\/v2\/tags?post=21945"}],"curies":[{"name":"wp","href":"https:\/\/api.w.org\/{rel}","templated":true}]}}