{"id":219455,"date":"2023-10-04T13:57:05","date_gmt":"2023-10-04T11:57:05","guid":{"rendered":"https:\/\/sdk.mk\/?p=219455"},"modified":"2024-05-01T11:20:44","modified_gmt":"2024-05-01T09:20:44","slug":"femijet-me-pengesa-ne-zhvillim-ne-kumanove-po-i-humbasin-te-drejtat-sepse-nuk-ka-termine-per-kontroll-kompetentet-ankohen-per-mungese-te-ekipit","status":"publish","type":"post","link":"https:\/\/sdk.mk\/index.php\/rrjeti-i-korrespondenteve\/femijet-me-pengesa-ne-zhvillim-ne-kumanove-po-i-humbasin-te-drejtat-sepse-nuk-ka-termine-per-kontroll-kompetentet-ankohen-per-mungese-te-ekipit\/","title":{"rendered":"F\u00cbMIJ\u00cbT ME PENGESA N\u00cb ZHVILLIM N\u00cb KUMANOV\u00cb PO I HUMBASIN T\u00cb DREJTAT SEPSE NUK KA TERMINE P\u00cbR KONTROLL, KOMPETENT\u00cbT ANKOHEN P\u00cbR MUNGES\u00cb T\u00cb EKIPIT"},"content":{"rendered":"<div class=\"f52428582a4b906b2d2e2a7d733c7d27\" data-index=\"7\" style=\"float: none; margin:10px 0 10px 0; text-align:center;\">\n<!-- MSP Ads Asynchronous JS Tag - Generated with Revive Adserver v5.4.1 -->\r\n<ins data-revive-zoneid=\"167\" data-revive-id=\"060fdb01f6430ec164d3519234aa4967\"><\/ins>\r\n<script async src=\"\/\/panel.ads.com.mk\/www\/delivery\/asyncjs.php\"><\/script>\n<\/div>\n<p>Prind\u00ebrit e f\u00ebmij\u00ebve me pengesa n\u00eb zhvillim nga Kumanova ankohen se me muaj t\u00eb t\u00ebr\u00eb nuk mund t\u00eb ken\u00eb termin dhe t\u2019i \u00e7ojn\u00eb f\u00ebmij\u00ebt n\u00eb kontroll n\u00eb komisionin p\u00ebr Klasifimin nd\u00ebrkomb\u00ebtar t\u00eb funksionimit, penges\u00ebs dhe sh\u00ebndetit (MKF), gj\u00eb p\u00ebr shkak t\u00eb t\u00eb cil\u00ebs ata p\u00ebrballen me probleme n\u00eb realizimin e t\u00eb drejtave q\u00eb ua garanton shteti.<\/p>\n<p>N\u00ebn\u00eb e f\u00ebmij\u00ebs shtat\u00ebvje\u00e7are me nevoja t\u00eb ve\u00e7anta, q\u00eb ka sulme epileptike, nj\u00eb form\u00eb t\u00eb leht\u00eb t\u00eb autizmit dhe munges\u00eb t\u00eb t\u00ebr\u00ebsishme t\u00eb t\u00eb folurit, thot\u00eb se \u00ebsht\u00eb rrug\u00ebs p\u00ebr t\u00eb humbur ndihm\u00ebn monetare nga Qendra p\u00ebr pun\u00eb sociale n\u00eb Kumanov\u00eb dhe se nuk mund t\u00eb marr\u00eb v\u00ebrtetim p\u00ebr asistent personal p\u00ebr shkak se komisioni nuk punon.<\/p>\n<p>Nga Qendra p\u00ebr pun\u00eb sociale n\u00eb Kumanov\u00eb p\u00ebrs\u00ebrisin se jan\u00eb n\u00eb dijeni p\u00ebr list\u00ebn e pritjes dhe me problemet q\u00eb shkaktohen p\u00ebr shkak t\u00eb kontrolleve dhe vler\u00ebsimeve t\u00eb vonuara.<\/p>\n<ul>\n<li><a href=\"https:\/\/sdk.mk\/index.php\/makedonija\/komisija-bez-spetsijalisti-im-gi-ukina-parite-na-del-od-detsata-so-daunov-sindrom-i-retki-bolesti\/?fbclid=IwAR1kMmClzRlC3YIH38qZGHJ6XYcfP2clhmmrNEaJFCKc5Y9xnSWJs8EU1xI\"><strong><em>KOMISIONI PA SPECIALIST\u00cb UA HOQI PARAT\u00cb NJ\u00cb PJESE T\u00cb F\u00cbMIJ\u00cbVE ME DAUN SINDROM DHE S\u00cbMUNDJE T\u00cb RRALLA<\/em><\/strong><\/a><\/li>\n<\/ul>\n<p>Kompetenti p\u00ebr formimin dhe pun\u00ebn e komisioneve t\u00eb MKF \u00ebsht\u00eb Unioni i edukator\u00ebve special\u00eb dhe rehabilituesve n\u00eb Ministrin\u00eb e sh\u00ebndet\u00ebsis\u00eb. Ata pranojn\u00eb se kan\u00eb probleme sa i p\u00ebrket ekipit, gj\u00eb q\u00eb shkakton list\u00eb t\u00eb pritjes, por thon\u00eb se punojn\u00eb nj\u00eb deri n\u00eb dy her\u00eb n\u00eb jav\u00eb.<\/p>\n<p>P\u00ebr momentin aktivisht punojn\u00eb t\u00eb dy qendrat n\u00eb Shkup, qendra n\u00eb Manastir p\u00ebr Rajonin e Pellagonis\u00eb, n\u00eb Gostivar p\u00ebr Rajonin e Pollogut dhe n\u00eb Strumic\u00eb p\u00ebr Rajonin jugolindor. N\u00eb procedur\u00ebn e plot\u00ebsimit t\u00eb ekipit dhe organeve profesionale n\u00eb qendrat n\u00eb Kumanov\u00eb, Veles dhe Oh\u00ebr. \u00c7do komision i MKF duhet t\u00eb ket\u00eb defektolog, sociolog, psikolog dhe mjek. P\u00ebr f\u00ebmij\u00ebt n\u00eb Kumanov\u00eb, komisioni pun\u00ebn n\u00eb shkoll\u00ebn fillore \u201cVuk Karaxhiq\u201d dhe n\u00eb vizit\u00ebn e sotme, zyra ishte e mbyllur.<\/p>\n<p><strong>S. NIKOLIQ<\/strong><\/p>\n\n<div style=\"font-size: 0px; height: 0px; line-height: 0px; margin: 0; padding: 0; clear: both;\"><\/div>","protected":false},"excerpt":{"rendered":"<p>Prind\u00ebrit e f\u00ebmij\u00ebve me pengesa n\u00eb zhvillim nga Kumanova ankohen se me muaj t\u00eb t\u00ebr\u00eb nuk mund t\u00eb ken\u00eb termin [&hellip;]<\/p>\n","protected":false},"author":25,"featured_media":204889,"comment_status":"closed","ping_status":"closed","sticky":false,"template":"","format":"standard","meta":{"_mo_disable_npp":"no","inline_featured_image":false},"categories":[3095],"tags":[],"imageURL":"https:\/\/sdk.mk\/wp-content\/uploads\/2023\/10\/MKF-KUMANOVO-650x366.jpg","thumbURL":"https:\/\/sdk.mk\/wp-content\/uploads\/2023\/10\/MKF-KUMANOVO-250x141.jpg","categoryNames":["Rrjeti i korrespondent\u00ebve"],"feature_caption":"\u041c\u041a\u0424 \u043a\u043e\u043c\u0438\u0441\u0438\u0458\u0430\u0442\u0430 \u0432\u043e \u041a\u0443\u043c\u0430\u043d\u043e\u0432\u043e \u043f\u043e\u0440\u0430\u0434\u0438 \u043d\u0435\u0434\u043e\u0432\u043e\u043b\u043d\u043e \u043a\u0430\u0434\u0430\u0440 \u0440\u0430\u0431\u043e\u0442\u0435\u043b\u0430 \u0435\u0434\u043d\u0430\u0448 \u0434\u043e \u0434\u0432\u0430\u043f\u0430\u0442\u0438 \u043d\u0435\u0434\u0435\u043b\u043d\u043e (\u0424\u043e\u0442\u043e: \u0421\u0414\u041a.\u041c\u041a)","subtitle":"","views":"29","source":"\u041aumanov\u00eb, (SAKAMDAKAZHAM.MK) ","yoast_head":"<!-- This site is optimized with the Yoast SEO Premium plugin v15.0 - https:\/\/yoast.com\/wordpress\/plugins\/seo\/ -->\n<title>F\u00cbMIJ\u00cbT ME PENGESA N\u00cb ZHVILLIM N\u00cb KUMANOV\u00cb PO I HUMBASIN T\u00cb DREJTAT SEPSE NUK KA TERMINE P\u00cbR KONTROLL, KOMPETENT\u00cbT ANKOHEN P\u00cbR MUNGES\u00cb T\u00cb EKIPIT - \u0421\u0430\u043a\u0430\u043c \u0414\u0430 \u041a\u0430\u0436\u0430\u043c<\/title>\n<meta name=\"robots\" content=\"index, follow, max-snippet:-1, max-image-preview:large, max-video-preview:-1\" \/>\n<link rel=\"canonical\" href=\"https:\/\/sdk.mk\/index.php\/rrjeti-i-korrespondenteve\/femijet-me-pengesa-ne-zhvillim-ne-kumanove-po-i-humbasin-te-drejtat-sepse-nuk-ka-termine-per-kontroll-kompetentet-ankohen-per-mungese-te-ekipit\/\" \/>\n<meta property=\"og:locale\" content=\"mk_MK\" \/>\n<meta property=\"og:type\" content=\"article\" \/>\n<meta property=\"og:title\" content=\"F\u00cbMIJ\u00cbT ME PENGESA N\u00cb ZHVILLIM N\u00cb KUMANOV\u00cb PO I HUMBASIN T\u00cb DREJTAT SEPSE NUK KA TERMINE P\u00cbR KONTROLL, KOMPETENT\u00cbT ANKOHEN P\u00cbR MUNGES\u00cb T\u00cb EKIPIT - \u0421\u0430\u043a\u0430\u043c \u0414\u0430 \u041a\u0430\u0436\u0430\u043c\" \/>\n<meta property=\"og:description\" content=\"Prind\u00ebrit e f\u00ebmij\u00ebve me pengesa n\u00eb zhvillim nga Kumanova ankohen se me muaj t\u00eb t\u00ebr\u00eb nuk mund t\u00eb ken\u00eb termin [&hellip;]\" \/>\n<meta property=\"og:url\" content=\"https:\/\/sdk.mk\/index.php\/rrjeti-i-korrespondenteve\/femijet-me-pengesa-ne-zhvillim-ne-kumanove-po-i-humbasin-te-drejtat-sepse-nuk-ka-termine-per-kontroll-kompetentet-ankohen-per-mungese-te-ekipit\/\" \/>\n<meta property=\"og:site_name\" content=\"\u0421\u0430\u043a\u0430\u043c \u0414\u0430 \u041a\u0430\u0436\u0430\u043c\" \/>\n<meta property=\"article:published_time\" content=\"2023-10-04T11:57:05+00:00\" \/>\n<meta property=\"article:modified_time\" content=\"2024-05-01T09:20:44+00:00\" \/>\n<meta property=\"og:image\" content=\"https:\/\/sdk.mk\/wp-content\/uploads\/2023\/10\/MKF-KUMANOVO.jpg\" \/>\n\t<meta property=\"og:image:width\" content=\"2000\" \/>\n\t<meta property=\"og:image:height\" content=\"1125\" \/>\n<meta property=\"fb:app_id\" content=\"2407985809428537\" \/>\n<meta name=\"twitter:card\" content=\"summary\" \/>\n<script type=\"application\/ld+json\" class=\"yoast-schema-graph\">{\"@context\":\"https:\/\/schema.org\",\"@graph\":[{\"@type\":\"WebSite\",\"@id\":\"https:\/\/sdk.mk\/#website\",\"url\":\"https:\/\/sdk.mk\/\",\"name\":\"\\u0421\\u0430\\u043a\\u0430\\u043c \\u0414\\u0430 \\u041a\\u0430\\u0436\\u0430\\u043c\",\"description\":\"\\u0417\\u0430 \\u0441\\u043b\\u043e\\u0431\\u043e\\u0434\\u043e\\u0443\\u043c\\u043d\\u0438\",\"potentialAction\":[{\"@type\":\"SearchAction\",\"target\":\"https:\/\/sdk.mk\/?s={search_term_string}\",\"query-input\":\"required name=search_term_string\"}],\"inLanguage\":\"mk-MK\"},{\"@type\":\"ImageObject\",\"@id\":\"https:\/\/sdk.mk\/index.php\/rrjeti-i-korrespondenteve\/femijet-me-pengesa-ne-zhvillim-ne-kumanove-po-i-humbasin-te-drejtat-sepse-nuk-ka-termine-per-kontroll-kompetentet-ankohen-per-mungese-te-ekipit\/#primaryimage\",\"inLanguage\":\"mk-MK\",\"url\":\"https:\/\/sdk.mk\/wp-content\/uploads\/2023\/10\/MKF-KUMANOVO.jpg\",\"width\":2000,\"height\":1125},{\"@type\":\"WebPage\",\"@id\":\"https:\/\/sdk.mk\/index.php\/rrjeti-i-korrespondenteve\/femijet-me-pengesa-ne-zhvillim-ne-kumanove-po-i-humbasin-te-drejtat-sepse-nuk-ka-termine-per-kontroll-kompetentet-ankohen-per-mungese-te-ekipit\/#webpage\",\"url\":\"https:\/\/sdk.mk\/index.php\/rrjeti-i-korrespondenteve\/femijet-me-pengesa-ne-zhvillim-ne-kumanove-po-i-humbasin-te-drejtat-sepse-nuk-ka-termine-per-kontroll-kompetentet-ankohen-per-mungese-te-ekipit\/\",\"name\":\"F\\u00cbMIJ\\u00cbT ME PENGESA N\\u00cb ZHVILLIM N\\u00cb KUMANOV\\u00cb PO I HUMBASIN T\\u00cb DREJTAT SEPSE NUK KA TERMINE P\\u00cbR KONTROLL, KOMPETENT\\u00cbT ANKOHEN P\\u00cbR MUNGES\\u00cb T\\u00cb EKIPIT - \\u0421\\u0430\\u043a\\u0430\\u043c \\u0414\\u0430 \\u041a\\u0430\\u0436\\u0430\\u043c\",\"isPartOf\":{\"@id\":\"https:\/\/sdk.mk\/#website\"},\"primaryImageOfPage\":{\"@id\":\"https:\/\/sdk.mk\/index.php\/rrjeti-i-korrespondenteve\/femijet-me-pengesa-ne-zhvillim-ne-kumanove-po-i-humbasin-te-drejtat-sepse-nuk-ka-termine-per-kontroll-kompetentet-ankohen-per-mungese-te-ekipit\/#primaryimage\"},\"datePublished\":\"2023-10-04T11:57:05+00:00\",\"dateModified\":\"2024-05-01T09:20:44+00:00\",\"author\":{\"@id\":\"https:\/\/sdk.mk\/#\/schema\/person\/737021aeacbe893f7e2c347186c5c7a1\"},\"inLanguage\":\"mk-MK\",\"potentialAction\":[{\"@type\":\"ReadAction\",\"target\":[\"https:\/\/sdk.mk\/index.php\/rrjeti-i-korrespondenteve\/femijet-me-pengesa-ne-zhvillim-ne-kumanove-po-i-humbasin-te-drejtat-sepse-nuk-ka-termine-per-kontroll-kompetentet-ankohen-per-mungese-te-ekipit\/\"]}]},{\"@type\":\"Person\",\"@id\":\"https:\/\/sdk.mk\/#\/schema\/person\/737021aeacbe893f7e2c347186c5c7a1\",\"name\":\"\\u0424\\u0458\\u043e\\u043b\\u0430 \\u0417\\u043b\\u0430\\u0442\\u043a\\u0443\"}]}<\/script>\n<!-- \/ Yoast SEO Premium plugin. -->","_links":{"self":[{"href":"https:\/\/sdk.mk\/index.php\/wp-json\/wp\/v2\/posts\/219455"}],"collection":[{"href":"https:\/\/sdk.mk\/index.php\/wp-json\/wp\/v2\/posts"}],"about":[{"href":"https:\/\/sdk.mk\/index.php\/wp-json\/wp\/v2\/types\/post"}],"author":[{"embeddable":true,"href":"https:\/\/sdk.mk\/index.php\/wp-json\/wp\/v2\/users\/25"}],"replies":[{"embeddable":true,"href":"https:\/\/sdk.mk\/index.php\/wp-json\/wp\/v2\/comments?post=219455"}],"version-history":[{"count":0,"href":"https:\/\/sdk.mk\/index.php\/wp-json\/wp\/v2\/posts\/219455\/revisions"}],"wp:featuredmedia":[{"embeddable":true,"href":"https:\/\/sdk.mk\/index.php\/wp-json\/wp\/v2\/media\/204889"}],"wp:attachment":[{"href":"https:\/\/sdk.mk\/index.php\/wp-json\/wp\/v2\/media?parent=219455"}],"wp:term":[{"taxonomy":"category","embeddable":true,"href":"https:\/\/sdk.mk\/index.php\/wp-json\/wp\/v2\/categories?post=219455"},{"taxonomy":"post_tag","embeddable":true,"href":"https:\/\/sdk.mk\/index.php\/wp-json\/wp\/v2\/tags?post=219455"}],"curies":[{"name":"wp","href":"https:\/\/api.w.org\/{rel}","templated":true}]}}