{"id":219558,"date":"2023-10-30T14:27:48","date_gmt":"2023-10-30T13:27:48","guid":{"rendered":"https:\/\/sdk.mk\/?p=219558"},"modified":"2024-05-01T11:15:15","modified_gmt":"2024-05-01T09:15:15","slug":"komuna-e-karposhit-vazhdoi-proceduren-per-planin-e-detajuar-per-vllaen-i-cili-do-te-mbyse-vendbanimin-me-nje-ndertese-te-madhe-12-kateshe","status":"publish","type":"post","link":"https:\/\/sdk.mk\/index.php\/rrjeti-i-korrespondenteve\/komuna-e-karposhit-vazhdoi-proceduren-per-planin-e-detajuar-per-vllaen-i-cili-do-te-mbyse-vendbanimin-me-nje-ndertese-te-madhe-12-kateshe\/","title":{"rendered":"KOMUNA E KARPOSHIT VAZHDOI PROCEDUR\u00cbN P\u00cbR PLANIN E DETAJUAR P\u00cbR VLLAEN I CILI DO T\u00cb MBYS\u00cb VENDBANIMIN ME NJ\u00cb ND\u00cbRTES\u00cb T\u00cb MADHE 12-KAT\u00cbSHE"},"content":{"rendered":"<div class=\"f52428582a4b906b2d2e2a7d733c7d27\" data-index=\"7\" style=\"float: none; margin:10px 0 10px 0; text-align:center;\">\n<!-- MSP Ads Asynchronous JS Tag - Generated with Revive Adserver v5.4.1 -->\r\n<ins data-revive-zoneid=\"167\" data-revive-id=\"060fdb01f6430ec164d3519234aa4967\"><\/ins>\r\n<script async src=\"\/\/panel.ads.com.mk\/www\/delivery\/asyncjs.php\"><\/script>\n<\/div>\n<p>Komuna Karposh vazhdoi procedur\u00ebn p\u00ebr miratimin e Planit t\u00eb Detajuar Urbanistik p\u00ebr vendbanimin Vllae 2, i cili parashikon nd\u00ebrtimin e nj\u00eb nd\u00ebrtese 12-kat\u00ebshe n\u00eb nj\u00eb sip\u00ebrfaqe prej 20.800 metra katror\u00eb. Plani rregullues p\u00ebr k\u00ebt\u00eb pjes\u00eb t\u00eb qytetit n\u00eb baz\u00eb t\u00eb t\u00eb cilit b\u00ebhet PDU u anulua me vendim t\u00eb K\u00ebshillit t\u00eb Qytetit t\u00eb Shkupit. Por kryetarja Danella Arsovska apeloi kund\u00ebr vendimit p\u00ebr anulimin e planit n\u00eb Inspektoratin Shtet\u00ebror t\u00eb Nd\u00ebrtimit \u00a0dhe k\u00ebshtu ai vazhdon t\u00eb vlej\u00eb.<\/p>\n<ul>\n<li><a href=\"https:\/\/sdk.mk\/index.php\/dopisna-mrezha\/tsrtaat-ulitsa-vo-dvorot-na-shkoloto-za-da-mozhe-da-se-gradat-11-katnitsi-petitsija-na-zhitelite-na-vlae-protiv-noviot-plan\/\"><strong><em>VIZATOJN\u00cb NJ\u00cb RRUG\u00cb N\u00cb NJ\u00cb OBORR SHKOLLE N\u00cb M\u00cbNYR\u00cb Q\u00cb T\u00cb MUND T\u00cb ND\u00cbRTOHEN APARTAMENTE 11-KAT\u00cbSHE, NJ\u00cb PETICION NGA BANOR\u00cbT E VLLAE KUND\u00cbR PLANIT T\u00cb RI<\/em><\/strong> \u00a0\u00a0<\/a><\/li>\n<li><a href=\"https:\/\/sdk.mk\/index.php\/dopisna-mrezha\/ke-se-rasprodava-drzhavno-zemjishte-kaj-kino-vlae-za-privatni-investitori-da-gradat-10-katnitsi-velat-zhiteli-na-vlae\/\"><strong><em>TOKA SHTET\u00cbRORE DO T\u00cb SHITET N\u00cb KINEMAN\u00cb VLLAE P\u00cbR INVESTITOR\u00cbT PRIVAT\u00cb P\u00cbR T\u00cb ND\u00cbRTUAR APARTAMENTE 10-KAT\u00cbSHE, THON\u00cb BANOR\u00cbT E VLLAE<\/em><\/strong> \u00a0\u00a0<\/a><\/li>\n<\/ul>\n<p>Qytetar\u00ebt q\u00eb ishin n\u00eb prezantimin publik u fut\u00ebn n\u00eb nj\u00eb grindje t\u00eb ashp\u00ebr me nj\u00ebri-tjetrin. Nj\u00eb pjes\u00eb e tyre, e udh\u00ebhequr nga iniciative &#8220;Borba za Vllae&#8221; ishin kund\u00ebr planit me t\u00eb cil\u00ebn do t\u00eb betonizohet lagjja, kurse t\u00eb tjer\u00eb, mes t\u00eb cil\u00ebve kishte edhe p\u00ebrfaq\u00ebsues t\u00eb nd\u00ebrtuesve, thoshin se plani \u00ebsht\u00eb i mir\u00eb dhe se duhet t\u00eb realizohet.<\/p>\n<ul>\n<li><a href=\"https:\/\/sdk.mk\/index.php\/dopisna-mrezha\/gradene-zgradi-kaj-kino-vlae-e-soglasno-zakonot-i-generalniot-plan-ne-mozham-jas-sega-da-natsrtam-treva-veli-jakimovski\/\"><strong><em>ND\u00cbRTIMI I ND\u00cbRTESAVE TE KINO VLLAE \u00cbSHT\u00cb N\u00cb P\u00cbRPUTHJE ME LIGJIN DHE PLANIN E P\u00cbRGJITHSH\u00cbM, NUK MUNDEM TANI UN\u00cb T\u00cb VIZATOJ BAR, THOT\u00cb JAKIMOVSKI<\/em><\/strong> \u00a0\u00a0<\/a><\/li>\n<li><a href=\"https:\/\/sdk.mk\/index.php\/dopisna-mrezha\/ponishten-regulatsiskiot-plan-za-naselbata-vlae-sprechena-nova-betonizatsija-na-skopje\/\"><strong><em>U ANULUA PLANI RREGULLUES P\u00cbR LAGJEN VLLAE, PARANDALOHET NJ\u00cb BETONIM I RI I SHKUPIT<\/em><\/strong> \u00a0\u00a0<\/a><\/li>\n<\/ul>\n<p>Qytetar\u00ebt pyet\u00ebn se si \u00ebsht\u00eb e mundur q\u00eb f\u00ebmij\u00ebve t&#8217;u vizatohet nj\u00eb kopsht n\u00eb pron\u00eb private, nd\u00ebrsa toka shtet\u00ebrore t\u00eb shitet p\u00ebr t\u00eb nd\u00ebrtuar nd\u00ebrtesa?<\/p>\n<p>Disa prej tyre than\u00eb se nuk mund t\u00eb b\u00ebnin asnj\u00eb sanim, rinovim apo shtim t\u00eb sht\u00ebpive p\u00ebr 7 vjet, sepse nuk ka plan t\u00eb detajuar.<\/p>\n<p>\u201cSht\u00ebpia ime po bie n\u00eb nj\u00ebr\u00ebn an\u00eb dhe nuk mund ta rregulloj sepse nuk ka plan dhe nuk mund t\u00eb marr leje. Leja e m\u00ebparshme u anulua nga Gjykata Kushtetuese, kjo nuk mund t\u00eb miratohet dhe ne nuk mund t\u00eb b\u00ebjm\u00eb asgj\u00eb n\u00eb pronat tona p\u00ebr 7 vjet, p\u00ebrve\u00e7se n\u00ebse nd\u00ebrtojm\u00eb n\u00eb m\u00ebnyr\u00eb t\u00eb paligjshme. A ka dikush nga komuna q\u00eb mund t\u00eb na tregoj\u00eb se kur do t\u00eb kemi nj\u00eb plan?\u201d, u shpreh\u00ebn qytetar\u00ebt n\u00eb nj\u00eb prezantim.<\/p>\n<p>Planifikuesja heshti p\u00ebr k\u00ebto pyetje t\u00eb qytetar\u00ebve, duke th\u00ebn\u00eb se ajo ishte nga nj\u00eb kompani private, dhe p\u00ebrfaq\u00ebsuesit e komun\u00ebs q\u00eb ishin n\u00eb sall\u00eb nuk iu p\u00ebrgjigj\u00ebn pyetjeve t\u00eb qytetar\u00ebve dhe nuk hyn\u00eb n\u00eb diskutim me ta.<\/p>\n<p><strong><em>A. ANTEVSKA<\/em><\/strong><\/p>\n\n<div style=\"font-size: 0px; height: 0px; line-height: 0px; margin: 0; padding: 0; clear: both;\"><\/div>","protected":false},"excerpt":{"rendered":"<p>Komuna Karposh vazhdoi procedur\u00ebn p\u00ebr miratimin e Planit t\u00eb Detajuar Urbanistik p\u00ebr vendbanimin Vllae 2, i cili parashikon nd\u00ebrtimin e [&hellip;]<\/p>\n","protected":false},"author":25,"featured_media":206739,"comment_status":"closed","ping_status":"closed","sticky":false,"template":"","format":"standard","meta":{"_mo_disable_npp":"no","inline_featured_image":false},"categories":[3095],"tags":[],"imageURL":"https:\/\/sdk.mk\/wp-content\/uploads\/2023\/10\/dup-vlae-1-26.10.2023-650x370.jpg","thumbURL":"https:\/\/sdk.mk\/wp-content\/uploads\/2023\/10\/dup-vlae-1-26.10.2023-250x142.jpg","categoryNames":["Rrjeti i korrespondent\u00ebve"],"feature_caption":"Edhe me versionin e ri t\u00eb planit, nd\u00ebrtesa mbetet me po t\u00eb nj\u00ebjt\u00ebn lart\u00ebsi n\u00eb vend t\u00eb barakave t\u00eb ish kinemas\u00eb \u201cVllae\u201d.(foto: SDK.mk) ","subtitle":"","views":"14","source":"Shkup, (SAKAMDAKAZAM.MK)","yoast_head":"<!-- This site is optimized with the Yoast SEO Premium plugin v15.0 - https:\/\/yoast.com\/wordpress\/plugins\/seo\/ -->\n<title>KOMUNA E KARPOSHIT VAZHDOI PROCEDUR\u00cbN P\u00cbR PLANIN E DETAJUAR P\u00cbR VLLAEN I CILI DO T\u00cb MBYS\u00cb VENDBANIMIN ME NJ\u00cb ND\u00cbRTES\u00cb T\u00cb MADHE 12-KAT\u00cbSHE - \u0421\u0430\u043a\u0430\u043c \u0414\u0430 \u041a\u0430\u0436\u0430\u043c<\/title>\n<meta name=\"robots\" content=\"index, follow, max-snippet:-1, max-image-preview:large, max-video-preview:-1\" \/>\n<link rel=\"canonical\" href=\"https:\/\/sdk.mk\/index.php\/rrjeti-i-korrespondenteve\/komuna-e-karposhit-vazhdoi-proceduren-per-planin-e-detajuar-per-vllaen-i-cili-do-te-mbyse-vendbanimin-me-nje-ndertese-te-madhe-12-kateshe\/\" \/>\n<meta property=\"og:locale\" content=\"mk_MK\" \/>\n<meta property=\"og:type\" content=\"article\" \/>\n<meta property=\"og:title\" content=\"KOMUNA E KARPOSHIT VAZHDOI PROCEDUR\u00cbN P\u00cbR PLANIN E DETAJUAR P\u00cbR VLLAEN I CILI DO T\u00cb MBYS\u00cb VENDBANIMIN ME NJ\u00cb ND\u00cbRTES\u00cb T\u00cb MADHE 12-KAT\u00cbSHE - \u0421\u0430\u043a\u0430\u043c \u0414\u0430 \u041a\u0430\u0436\u0430\u043c\" \/>\n<meta property=\"og:description\" content=\"Komuna Karposh vazhdoi procedur\u00ebn p\u00ebr miratimin e Planit t\u00eb Detajuar Urbanistik p\u00ebr vendbanimin Vllae 2, i cili parashikon nd\u00ebrtimin e [&hellip;]\" \/>\n<meta property=\"og:url\" content=\"https:\/\/sdk.mk\/index.php\/rrjeti-i-korrespondenteve\/komuna-e-karposhit-vazhdoi-proceduren-per-planin-e-detajuar-per-vllaen-i-cili-do-te-mbyse-vendbanimin-me-nje-ndertese-te-madhe-12-kateshe\/\" \/>\n<meta property=\"og:site_name\" content=\"\u0421\u0430\u043a\u0430\u043c \u0414\u0430 \u041a\u0430\u0436\u0430\u043c\" \/>\n<meta property=\"article:published_time\" content=\"2023-10-30T13:27:48+00:00\" \/>\n<meta property=\"article:modified_time\" content=\"2024-05-01T09:15:15+00:00\" \/>\n<meta property=\"og:image\" content=\"https:\/\/sdk.mk\/wp-content\/uploads\/2023\/10\/dup-vlae-1-26.10.2023.jpg\" \/>\n\t<meta property=\"og:image:width\" content=\"2048\" \/>\n\t<meta property=\"og:image:height\" content=\"1165\" \/>\n<meta property=\"fb:app_id\" content=\"2407985809428537\" \/>\n<meta name=\"twitter:card\" content=\"summary\" \/>\n<script type=\"application\/ld+json\" class=\"yoast-schema-graph\">{\"@context\":\"https:\/\/schema.org\",\"@graph\":[{\"@type\":\"WebSite\",\"@id\":\"https:\/\/sdk.mk\/#website\",\"url\":\"https:\/\/sdk.mk\/\",\"name\":\"\\u0421\\u0430\\u043a\\u0430\\u043c \\u0414\\u0430 \\u041a\\u0430\\u0436\\u0430\\u043c\",\"description\":\"\\u0417\\u0430 \\u0441\\u043b\\u043e\\u0431\\u043e\\u0434\\u043e\\u0443\\u043c\\u043d\\u0438\",\"potentialAction\":[{\"@type\":\"SearchAction\",\"target\":\"https:\/\/sdk.mk\/?s={search_term_string}\",\"query-input\":\"required name=search_term_string\"}],\"inLanguage\":\"mk-MK\"},{\"@type\":\"ImageObject\",\"@id\":\"https:\/\/sdk.mk\/index.php\/rrjeti-i-korrespondenteve\/komuna-e-karposhit-vazhdoi-proceduren-per-planin-e-detajuar-per-vllaen-i-cili-do-te-mbyse-vendbanimin-me-nje-ndertese-te-madhe-12-kateshe\/#primaryimage\",\"inLanguage\":\"mk-MK\",\"url\":\"https:\/\/sdk.mk\/wp-content\/uploads\/2023\/10\/dup-vlae-1-26.10.2023.jpg\",\"width\":2048,\"height\":1165},{\"@type\":\"WebPage\",\"@id\":\"https:\/\/sdk.mk\/index.php\/rrjeti-i-korrespondenteve\/komuna-e-karposhit-vazhdoi-proceduren-per-planin-e-detajuar-per-vllaen-i-cili-do-te-mbyse-vendbanimin-me-nje-ndertese-te-madhe-12-kateshe\/#webpage\",\"url\":\"https:\/\/sdk.mk\/index.php\/rrjeti-i-korrespondenteve\/komuna-e-karposhit-vazhdoi-proceduren-per-planin-e-detajuar-per-vllaen-i-cili-do-te-mbyse-vendbanimin-me-nje-ndertese-te-madhe-12-kateshe\/\",\"name\":\"KOMUNA E KARPOSHIT VAZHDOI PROCEDUR\\u00cbN P\\u00cbR PLANIN E DETAJUAR P\\u00cbR VLLAEN I CILI DO T\\u00cb MBYS\\u00cb VENDBANIMIN ME NJ\\u00cb ND\\u00cbRTES\\u00cb T\\u00cb MADHE 12-KAT\\u00cbSHE - \\u0421\\u0430\\u043a\\u0430\\u043c \\u0414\\u0430 \\u041a\\u0430\\u0436\\u0430\\u043c\",\"isPartOf\":{\"@id\":\"https:\/\/sdk.mk\/#website\"},\"primaryImageOfPage\":{\"@id\":\"https:\/\/sdk.mk\/index.php\/rrjeti-i-korrespondenteve\/komuna-e-karposhit-vazhdoi-proceduren-per-planin-e-detajuar-per-vllaen-i-cili-do-te-mbyse-vendbanimin-me-nje-ndertese-te-madhe-12-kateshe\/#primaryimage\"},\"datePublished\":\"2023-10-30T13:27:48+00:00\",\"dateModified\":\"2024-05-01T09:15:15+00:00\",\"author\":{\"@id\":\"https:\/\/sdk.mk\/#\/schema\/person\/737021aeacbe893f7e2c347186c5c7a1\"},\"inLanguage\":\"mk-MK\",\"potentialAction\":[{\"@type\":\"ReadAction\",\"target\":[\"https:\/\/sdk.mk\/index.php\/rrjeti-i-korrespondenteve\/komuna-e-karposhit-vazhdoi-proceduren-per-planin-e-detajuar-per-vllaen-i-cili-do-te-mbyse-vendbanimin-me-nje-ndertese-te-madhe-12-kateshe\/\"]}]},{\"@type\":\"Person\",\"@id\":\"https:\/\/sdk.mk\/#\/schema\/person\/737021aeacbe893f7e2c347186c5c7a1\",\"name\":\"\\u0424\\u0458\\u043e\\u043b\\u0430 \\u0417\\u043b\\u0430\\u0442\\u043a\\u0443\"}]}<\/script>\n<!-- \/ Yoast SEO Premium plugin. -->","_links":{"self":[{"href":"https:\/\/sdk.mk\/index.php\/wp-json\/wp\/v2\/posts\/219558"}],"collection":[{"href":"https:\/\/sdk.mk\/index.php\/wp-json\/wp\/v2\/posts"}],"about":[{"href":"https:\/\/sdk.mk\/index.php\/wp-json\/wp\/v2\/types\/post"}],"author":[{"embeddable":true,"href":"https:\/\/sdk.mk\/index.php\/wp-json\/wp\/v2\/users\/25"}],"replies":[{"embeddable":true,"href":"https:\/\/sdk.mk\/index.php\/wp-json\/wp\/v2\/comments?post=219558"}],"version-history":[{"count":0,"href":"https:\/\/sdk.mk\/index.php\/wp-json\/wp\/v2\/posts\/219558\/revisions"}],"wp:featuredmedia":[{"embeddable":true,"href":"https:\/\/sdk.mk\/index.php\/wp-json\/wp\/v2\/media\/206739"}],"wp:attachment":[{"href":"https:\/\/sdk.mk\/index.php\/wp-json\/wp\/v2\/media?parent=219558"}],"wp:term":[{"taxonomy":"category","embeddable":true,"href":"https:\/\/sdk.mk\/index.php\/wp-json\/wp\/v2\/categories?post=219558"},{"taxonomy":"post_tag","embeddable":true,"href":"https:\/\/sdk.mk\/index.php\/wp-json\/wp\/v2\/tags?post=219558"}],"curies":[{"name":"wp","href":"https:\/\/api.w.org\/{rel}","templated":true}]}}