{"id":219564,"date":"2024-02-28T14:40:53","date_gmt":"2024-02-28T13:40:53","guid":{"rendered":"https:\/\/sdk.mk\/?p=219564"},"modified":"2024-05-01T11:13:03","modified_gmt":"2024-05-01T09:13:03","slug":"nuk-ka-ligj-prandaj-shkollat-ne-manastir-kane-mbetur-pa-drejtore-dhe-arsimtare-per-shkak-te-zenkes-politike-per-komtepetncat-mes-pushtetit-komunal-te-vmro-dpmne-se-dhe-ministrise-se-arsimit-te-bdi-se","status":"publish","type":"post","link":"https:\/\/sdk.mk\/index.php\/rrjeti-i-korrespondenteve\/nuk-ka-ligj-prandaj-shkollat-ne-manastir-kane-mbetur-pa-drejtore-dhe-arsimtare-per-shkak-te-zenkes-politike-per-komtepetncat-mes-pushtetit-komunal-te-vmro-dpmne-se-dhe-ministrise-se-arsimit-te-bdi-se\/","title":{"rendered":"NUK KA LIGJ, PRANDAJ SHKOLLAT N\u00cb MANASTIR KAN\u00cb MBETUR PA DREJTOR\u00cb DHE ARSIMTAR\u00cb P\u00cbR SHKAK T\u00cb Z\u00cbNK\u00cbS POLITIKE P\u00cbR KOMTEPETNCAT MES PUSHTETIT KOMUNAL T\u00cb VMRO-DPMNE-S\u00cb DHE MINISTRIS\u00cb S\u00cb ARSIMIT T\u00cb BDI-S\u00cb"},"content":{"rendered":"<div class=\"f52428582a4b906b2d2e2a7d733c7d27\" data-index=\"7\" style=\"float: none; margin:10px 0 10px 0; text-align:center;\">\n<!-- MSP Ads Asynchronous JS Tag - Generated with Revive Adserver v5.4.1 -->\r\n<ins data-revive-zoneid=\"167\" data-revive-id=\"060fdb01f6430ec164d3519234aa4967\"><\/ins>\r\n<script async src=\"\/\/panel.ads.com.mk\/www\/delivery\/asyncjs.php\"><\/script>\n<\/div>\n<p>Atmosfera e nd\u00ebrprer\u00eb e pun\u00ebs, pagat e vonuara, bojkoti i klasave, raportet n\u00eb inspektime jan\u00eb pjes\u00eb e pasojave t\u00eb ndjera p\u00ebr muaj t\u00eb t\u00ebr\u00eb n\u00eb arsimin n\u00eb Manastir p\u00ebr shkak t\u00eb pik\u00ebpamjeve t\u00eb kund\u00ebrta t\u00eb Ministris\u00eb s\u00eb Arsimit dhe Shkenc\u00ebs (MASH) dhe Komun\u00ebs s\u00eb Manastirit. Ministria, e cila udh\u00ebhiqet nga stafi i BDI-s\u00eb, e cila \u00ebsht\u00eb n\u00eb koalicion me LSDM-n\u00eb, dhe Komuna e udh\u00ebhequr nga VMRO-DPMNE-ja n\u00eb asnj\u00eb m\u00ebnyr\u00eb nuk do t\u00eb gjejn\u00eb gjuh\u00eb t\u00eb p\u00ebrbashk\u00ebt p\u00ebr disa nga shkollat. Arsimi \u00ebsht\u00eb shnd\u00ebrruar n\u00eb nj\u00eb aren\u00eb p\u00ebr p\u00ebr\u00e7arje politike mes selis\u00eb qendrore dhe pushtetit vendor.<\/p>\n<p>Mosmarr\u00ebveshjet kan\u00eb t\u00eb b\u00ebjn\u00eb me em\u00ebrimin e drejtor\u00ebve dhe pun\u00ebsimin e m\u00ebsuesve. MASH ia mori kompetencat komun\u00ebs p\u00ebr em\u00ebrimin e drejtorit n\u00eb tre shkolla. Kryetari i komun\u00ebs dhe ministri akuzojn\u00eb nj\u00ebri-tjetrin p\u00ebr partizim n\u00eb arsim.<\/p>\n<p>Qendra p\u00ebr Menaxhimin e Ndryshimeve tregon se mekanizmat ligjor\u00eb duhet t\u00eb p\u00ebrdoren p\u00ebr t\u00eb zgjidhur situata t\u00eb tilla, dhe jo p\u00ebr t\u00eb krijuar pengesave t\u00eb p\u00ebrditshme politike p\u00ebr presione nd\u00ebrmjet organeve.<\/p>\n<p>Ministri i Arsimit Jeton Shaqiri u p\u00ebrgjigj se pushteti vendor d\u00ebshiron t&#8217;i partizoj\u00eb shkollat.\u00a0 Q\u00eb nga fillimi i vitit shkollor, ai ka deklaruar n\u00eb disa raste se kompetencat hiqen n\u00eb m\u00ebnyr\u00eb q\u00eb t\u00eb mos ket\u00eb ndikim politik n\u00eb pun\u00ebsim. Ai kritikonte se m\u00ebsuesit nuk kan\u00eb marr\u00eb transformim t\u00eb pun\u00ebsimit n\u00eb nj\u00eb t\u00eb p\u00ebrhersh\u00ebm edhe pse i kan\u00eb plot\u00ebsuar kushtet.<\/p>\n<p>Qendra p\u00ebr Menaxhimin e Ndryshimeve sqaron se sipas ligjit p\u00ebr vet\u00ebqeverisjen vendore, kompetencat e komunave nuk mund t\u00eb t\u00ebrhiqen ose t\u00eb kufizohen, me p\u00ebrjashtim t\u00eb rasteve t\u00eb p\u00ebrcaktuara me ligj. Revokimi b\u00ebhet nga Ministria e Arsimit dhe Shkenc\u00ebs deri n\u00eb nj\u00eb maksimum prej nj\u00eb viti, n\u00eb em\u00ebr dhe n\u00eb kurriz t\u00eb komun\u00ebs. Por ligji nuk p\u00ebrmend n\u00ebse revokimi mund t\u00eb jet\u00eb i plot\u00eb apo i pjessh\u00ebm. Sipas ekspert\u00ebve, \u00ebsht\u00eb e nevojshme t\u00eb ket\u00eb kritere t\u00eb p\u00ebrcaktuara me sakt\u00ebsi p\u00ebr konfiskim t\u00eb kompetencave.<\/p>\n<p>Situata m\u00eb konfuze ka ndodhur n\u00eb shkoll\u00ebn e mesme teknike \u201cGjorgi Naumov\u201d n\u00eb Manastir. MASH i hoqi kryetarit t\u00eb komun\u00ebs autoritetin p\u00ebr t\u00eb em\u00ebruar nj\u00eb drejtor, pasi Zhaneta Servini ishte em\u00ebruar p\u00ebr tre mandate si drejtoresh\u00eb e p\u00ebrkohshme. Por n\u00eb konkursin e shpallur, vet\u00eb ministrja e riem\u00ebroi at\u00eb si drejtoresh\u00eb. N\u00eb periudh\u00ebn e kaluar, shkolla ka qen\u00eb nj\u00eb objektiv i vazhduesh\u00ebm i raporteve n\u00eb Inspektoratin Arsimor Shtet\u00ebror p\u00ebr arsye t\u00eb ndryshme. Disa jan\u00eb refuzuar, shkolla thot\u00eb se ata punojn\u00eb sipas ligjit, dhe K\u00ebshilli i Inspektimit tha se dy inspektor\u00eb arsimor\u00eb me 30 p\u00ebr qind t\u00eb pag\u00ebs neto prej dy muajsh jan\u00eb nd\u00ebshkuar, p\u00ebr shkak t\u00eb kryerjes s\u00eb parakohshme ose neglizhenc\u00ebs s\u00eb detyrave t\u00eb pun\u00ebs n\u00eb lidhje me inspektimet e jasht\u00ebzakonshme n\u00eb shkoll\u00eb.<\/p>\n<p><em><strong>ZH. ZDRAVKOVSKA<\/strong><\/em><\/p>\n<p>&nbsp;<\/p>\n\n<div style=\"font-size: 0px; height: 0px; line-height: 0px; margin: 0; padding: 0; clear: both;\"><\/div>","protected":false},"excerpt":{"rendered":"<p>Atmosfera e nd\u00ebrprer\u00eb e pun\u00ebs, pagat e vonuara, bojkoti i klasave, raportet n\u00eb inspektime jan\u00eb pjes\u00eb e pasojave t\u00eb ndjera [&hellip;]<\/p>\n","protected":false},"author":25,"featured_media":215256,"comment_status":"closed","ping_status":"closed","sticky":false,"template":"","format":"standard","meta":{"_mo_disable_npp":"no","inline_featured_image":false},"categories":[3095],"tags":[],"imageURL":"https:\/\/sdk.mk\/wp-content\/uploads\/2024\/02\/bitola-obrazovanie-kombo-650x303.jpg","thumbURL":"https:\/\/sdk.mk\/wp-content\/uploads\/2024\/02\/bitola-obrazovanie-kombo-250x117.jpg","categoryNames":["Rrjeti i korrespondent\u00ebve"],"feature_caption":"Kriteret p\u00ebr revokimin e kompetencave t\u00eb Komun\u00ebs duhet t\u00eb p\u00ebrcaktohen n\u00eb m\u00ebnyr\u00eb adekuate me ligj n\u00eb m\u00ebnyr\u00eb q\u00eb dispozitat e gjera dhe t\u00eb p\u00ebrgjithshme t\u00eb mos abuzohen dhe situata t\u00eb tilla t\u00eb mos jen\u00eb n\u00eb d\u00ebm t\u00eb qytetar\u00ebve, thon\u00eb ekspert\u00ebt.  (Foto: SDK.MK)","subtitle":"","views":"14","source":"Manastir, (SAKAMDAKAZAM.MK)","yoast_head":"<!-- This site is optimized with the Yoast SEO Premium plugin v15.0 - https:\/\/yoast.com\/wordpress\/plugins\/seo\/ -->\n<title>NUK KA LIGJ, PRANDAJ SHKOLLAT N\u00cb MANASTIR KAN\u00cb MBETUR PA DREJTOR\u00cb DHE ARSIMTAR\u00cb P\u00cbR SHKAK T\u00cb Z\u00cbNK\u00cbS POLITIKE P\u00cbR KOMTEPETNCAT MES PUSHTETIT KOMUNAL T\u00cb VMRO-DPMNE-S\u00cb DHE MINISTRIS\u00cb S\u00cb ARSIMIT T\u00cb BDI-S\u00cb - \u0421\u0430\u043a\u0430\u043c \u0414\u0430 \u041a\u0430\u0436\u0430\u043c<\/title>\n<meta name=\"robots\" content=\"index, follow, max-snippet:-1, max-image-preview:large, max-video-preview:-1\" \/>\n<link rel=\"canonical\" href=\"https:\/\/sdk.mk\/index.php\/rrjeti-i-korrespondenteve\/nuk-ka-ligj-prandaj-shkollat-ne-manastir-kane-mbetur-pa-drejtore-dhe-arsimtare-per-shkak-te-zenkes-politike-per-komtepetncat-mes-pushtetit-komunal-te-vmro-dpmne-se-dhe-ministrise-se-arsimit-te-bdi-se\/\" \/>\n<meta property=\"og:locale\" content=\"mk_MK\" \/>\n<meta property=\"og:type\" content=\"article\" \/>\n<meta property=\"og:title\" content=\"NUK KA LIGJ, PRANDAJ SHKOLLAT N\u00cb MANASTIR KAN\u00cb MBETUR PA DREJTOR\u00cb DHE ARSIMTAR\u00cb P\u00cbR SHKAK T\u00cb Z\u00cbNK\u00cbS POLITIKE P\u00cbR KOMTEPETNCAT MES PUSHTETIT KOMUNAL T\u00cb VMRO-DPMNE-S\u00cb DHE MINISTRIS\u00cb S\u00cb ARSIMIT T\u00cb BDI-S\u00cb - \u0421\u0430\u043a\u0430\u043c \u0414\u0430 \u041a\u0430\u0436\u0430\u043c\" \/>\n<meta property=\"og:description\" content=\"Atmosfera e nd\u00ebrprer\u00eb e pun\u00ebs, pagat e vonuara, bojkoti i klasave, raportet n\u00eb inspektime jan\u00eb pjes\u00eb e pasojave t\u00eb ndjera [&hellip;]\" \/>\n<meta property=\"og:url\" content=\"https:\/\/sdk.mk\/index.php\/rrjeti-i-korrespondenteve\/nuk-ka-ligj-prandaj-shkollat-ne-manastir-kane-mbetur-pa-drejtore-dhe-arsimtare-per-shkak-te-zenkes-politike-per-komtepetncat-mes-pushtetit-komunal-te-vmro-dpmne-se-dhe-ministrise-se-arsimit-te-bdi-se\/\" \/>\n<meta property=\"og:site_name\" content=\"\u0421\u0430\u043a\u0430\u043c \u0414\u0430 \u041a\u0430\u0436\u0430\u043c\" \/>\n<meta property=\"article:published_time\" content=\"2024-02-28T13:40:53+00:00\" \/>\n<meta property=\"article:modified_time\" content=\"2024-05-01T09:13:03+00:00\" \/>\n<meta property=\"og:image\" content=\"https:\/\/sdk.mk\/wp-content\/uploads\/2024\/02\/bitola-obrazovanie-kombo.jpg\" \/>\n\t<meta property=\"og:image:width\" content=\"1500\" \/>\n\t<meta property=\"og:image:height\" content=\"699\" \/>\n<meta property=\"fb:app_id\" content=\"2407985809428537\" \/>\n<meta name=\"twitter:card\" content=\"summary\" \/>\n<script type=\"application\/ld+json\" class=\"yoast-schema-graph\">{\"@context\":\"https:\/\/schema.org\",\"@graph\":[{\"@type\":\"WebSite\",\"@id\":\"https:\/\/sdk.mk\/#website\",\"url\":\"https:\/\/sdk.mk\/\",\"name\":\"\\u0421\\u0430\\u043a\\u0430\\u043c \\u0414\\u0430 \\u041a\\u0430\\u0436\\u0430\\u043c\",\"description\":\"\\u0417\\u0430 \\u0441\\u043b\\u043e\\u0431\\u043e\\u0434\\u043e\\u0443\\u043c\\u043d\\u0438\",\"potentialAction\":[{\"@type\":\"SearchAction\",\"target\":\"https:\/\/sdk.mk\/?s={search_term_string}\",\"query-input\":\"required name=search_term_string\"}],\"inLanguage\":\"mk-MK\"},{\"@type\":\"ImageObject\",\"@id\":\"https:\/\/sdk.mk\/index.php\/rrjeti-i-korrespondenteve\/nuk-ka-ligj-prandaj-shkollat-ne-manastir-kane-mbetur-pa-drejtore-dhe-arsimtare-per-shkak-te-zenkes-politike-per-komtepetncat-mes-pushtetit-komunal-te-vmro-dpmne-se-dhe-ministrise-se-arsimit-te-bdi-se\/#primaryimage\",\"inLanguage\":\"mk-MK\",\"url\":\"https:\/\/sdk.mk\/wp-content\/uploads\/2024\/02\/bitola-obrazovanie-kombo.jpg\",\"width\":1500,\"height\":699},{\"@type\":\"WebPage\",\"@id\":\"https:\/\/sdk.mk\/index.php\/rrjeti-i-korrespondenteve\/nuk-ka-ligj-prandaj-shkollat-ne-manastir-kane-mbetur-pa-drejtore-dhe-arsimtare-per-shkak-te-zenkes-politike-per-komtepetncat-mes-pushtetit-komunal-te-vmro-dpmne-se-dhe-ministrise-se-arsimit-te-bdi-se\/#webpage\",\"url\":\"https:\/\/sdk.mk\/index.php\/rrjeti-i-korrespondenteve\/nuk-ka-ligj-prandaj-shkollat-ne-manastir-kane-mbetur-pa-drejtore-dhe-arsimtare-per-shkak-te-zenkes-politike-per-komtepetncat-mes-pushtetit-komunal-te-vmro-dpmne-se-dhe-ministrise-se-arsimit-te-bdi-se\/\",\"name\":\"NUK KA LIGJ, PRANDAJ SHKOLLAT N\\u00cb MANASTIR KAN\\u00cb MBETUR PA DREJTOR\\u00cb DHE ARSIMTAR\\u00cb P\\u00cbR SHKAK T\\u00cb Z\\u00cbNK\\u00cbS POLITIKE P\\u00cbR KOMTEPETNCAT MES PUSHTETIT KOMUNAL T\\u00cb VMRO-DPMNE-S\\u00cb DHE MINISTRIS\\u00cb S\\u00cb ARSIMIT T\\u00cb BDI-S\\u00cb - \\u0421\\u0430\\u043a\\u0430\\u043c \\u0414\\u0430 \\u041a\\u0430\\u0436\\u0430\\u043c\",\"isPartOf\":{\"@id\":\"https:\/\/sdk.mk\/#website\"},\"primaryImageOfPage\":{\"@id\":\"https:\/\/sdk.mk\/index.php\/rrjeti-i-korrespondenteve\/nuk-ka-ligj-prandaj-shkollat-ne-manastir-kane-mbetur-pa-drejtore-dhe-arsimtare-per-shkak-te-zenkes-politike-per-komtepetncat-mes-pushtetit-komunal-te-vmro-dpmne-se-dhe-ministrise-se-arsimit-te-bdi-se\/#primaryimage\"},\"datePublished\":\"2024-02-28T13:40:53+00:00\",\"dateModified\":\"2024-05-01T09:13:03+00:00\",\"author\":{\"@id\":\"https:\/\/sdk.mk\/#\/schema\/person\/737021aeacbe893f7e2c347186c5c7a1\"},\"inLanguage\":\"mk-MK\",\"potentialAction\":[{\"@type\":\"ReadAction\",\"target\":[\"https:\/\/sdk.mk\/index.php\/rrjeti-i-korrespondenteve\/nuk-ka-ligj-prandaj-shkollat-ne-manastir-kane-mbetur-pa-drejtore-dhe-arsimtare-per-shkak-te-zenkes-politike-per-komtepetncat-mes-pushtetit-komunal-te-vmro-dpmne-se-dhe-ministrise-se-arsimit-te-bdi-se\/\"]}]},{\"@type\":\"Person\",\"@id\":\"https:\/\/sdk.mk\/#\/schema\/person\/737021aeacbe893f7e2c347186c5c7a1\",\"name\":\"\\u0424\\u0458\\u043e\\u043b\\u0430 \\u0417\\u043b\\u0430\\u0442\\u043a\\u0443\"}]}<\/script>\n<!-- \/ Yoast SEO Premium plugin. -->","_links":{"self":[{"href":"https:\/\/sdk.mk\/index.php\/wp-json\/wp\/v2\/posts\/219564"}],"collection":[{"href":"https:\/\/sdk.mk\/index.php\/wp-json\/wp\/v2\/posts"}],"about":[{"href":"https:\/\/sdk.mk\/index.php\/wp-json\/wp\/v2\/types\/post"}],"author":[{"embeddable":true,"href":"https:\/\/sdk.mk\/index.php\/wp-json\/wp\/v2\/users\/25"}],"replies":[{"embeddable":true,"href":"https:\/\/sdk.mk\/index.php\/wp-json\/wp\/v2\/comments?post=219564"}],"version-history":[{"count":0,"href":"https:\/\/sdk.mk\/index.php\/wp-json\/wp\/v2\/posts\/219564\/revisions"}],"wp:featuredmedia":[{"embeddable":true,"href":"https:\/\/sdk.mk\/index.php\/wp-json\/wp\/v2\/media\/215256"}],"wp:attachment":[{"href":"https:\/\/sdk.mk\/index.php\/wp-json\/wp\/v2\/media?parent=219564"}],"wp:term":[{"taxonomy":"category","embeddable":true,"href":"https:\/\/sdk.mk\/index.php\/wp-json\/wp\/v2\/categories?post=219564"},{"taxonomy":"post_tag","embeddable":true,"href":"https:\/\/sdk.mk\/index.php\/wp-json\/wp\/v2\/tags?post=219564"}],"curies":[{"name":"wp","href":"https:\/\/api.w.org\/{rel}","templated":true}]}}