{"id":219996,"date":"2024-05-06T12:59:46","date_gmt":"2024-05-06T10:59:46","guid":{"rendered":"https:\/\/sdk.mk\/?p=219996"},"modified":"2024-05-06T12:59:46","modified_gmt":"2024-05-06T10:59:46","slug":"peme-me-para","status":"publish","type":"post","link":"https:\/\/sdk.mk\/index.php\/dua-te-them\/peme-me-para\/","title":{"rendered":"PEM\u00cb ME PARA"},"content":{"rendered":"<div class=\"f52428582a4b906b2d2e2a7d733c7d27\" data-index=\"7\" style=\"float: none; margin:10px 0 10px 0; text-align:center;\">\n<!-- MSP Ads Asynchronous JS Tag - Generated with Revive Adserver v5.4.1 -->\r\n<ins data-revive-zoneid=\"167\" data-revive-id=\"060fdb01f6430ec164d3519234aa4967\"><\/ins>\r\n<script async src=\"\/\/panel.ads.com.mk\/www\/delivery\/asyncjs.php\"><\/script>\n<\/div>\n<p><span class=\"dropcap color firstcharacter\">1<\/span> Pes\u00eb dit\u00eb para zgjedhjeve parlamentare dhe rrethit t\u00eb dyt\u00eb t\u00eb zgjedhjeve parlamentare, m\u00eb duket e pakuptimpt\u00eb t\u00eb analizohet se kush \u00e7far\u00eb ka th\u00ebn\u00eb n\u00eb tubime, kush si \u00ebsht\u00eb sjell\u00eb n\u00eb fushata dhe kush si \u00ebsht\u00eb p\u00ebrgjigjur n\u00eb duelet parazgjedhore. Kam p\u00ebrshtypjen se deri m\u00eb tani t\u00eb gjith\u00eb kan\u00eb vendosur se p\u00ebr k\u00eb do t\u00eb votojn\u00eb dhe n\u00ebse fare do t\u00eb votojn\u00eb.<br \/>\nMua vet\u00ebm m\u00eb intereson, kush do t\u00eb paguaj\u00eb p\u00ebr gjith\u00eb k\u00ebt\u00eb? K\u00ebshtu-ashtu, u b\u00ebn\u00eb dy jav\u00eb t\u00eb t\u00ebra jopune, ndonj\u00eb fest\u00eb shtet\u00ebrore, ndonj\u00eb fetare, e m\u00ebrkura jopune p\u00ebr shkak t\u00eb zgjedhjeve, e pastaj edhe nj\u00eb pushim pranveror q\u00eb bash k\u00ebr\u00eb vit vendos\u00ebn ta integrojn\u00eb si reform\u00eb n\u00eb arsim, shtoja k\u00ebsaj dhe nj\u00eb dit\u00eb pushimi dhe nj\u00eb pushim t\u00eb vjetsh\u00ebm\u2026Parat\u00eb prej ku?<\/p>\n<p><span class=\"dropcap color firstcharacter\">2 <\/span> D\u00ebgjoj se LSDM-ja do t\u2019i rrit\u00eb rrogat. VMRO-DPMNE-ja i rrit pensionet. Akoma licitojn\u00eb? Me numra. Edhe prodhimi sht\u00ebpiak bruto do t\u00eb rritet. Dhe at\u00eb shum\u00eb. Le t\u00eb tregojn\u00eb se n\u00eb \u00e7\u2019pem\u00eb rriten parat\u00eb, edhe ne t\u00eb shkojm\u00eb t\u2019i mbledhim. T\u00eb mos dinim se me k\u00eb kemi pun\u00eb, do t\u00eb kishim th\u00ebn\u00eb me vete se k\u00ebta kan\u00eb merituar t\u2019i votosh me gjith\u00eb zem\u00ebr. Por, ne i njohim mir\u00eb. T\u00eb gjitha personazhet q\u00eb i shohim se si na premtojn\u00eb n\u00eb tubime nuk kan\u00eb ndonj\u00eb histori t\u00eb shpenzimit sht\u00ebpiak t\u00eb parave t\u00eb tatimpaguesve. E shumica prej tyre nuk e din\u00eb as se \u00e7far\u00eb do t\u00eb thot\u00eb t\u00eb nxjerr\u00ebsh denarin. P\u00ebr m\u00eb tep\u00ebr q\u00eb, edhe sikur t\u00eb premtonin se do t\u00eb vjeidhin m\u00eb pak, dikush do t\u00eb duhet ta nxjerr\u00eb denarin edhe p\u00ebr pjes\u00ebn e tyre.<br \/>\nPyetje: Prej ku parat\u00eb? \u00cbsht\u00eb krejt\u00ebsisht normale n\u00eb bot\u00ebn e t\u00eb rriturve. Sidmos n\u00eb nj\u00eb shtet ku partit\u00eb kultivojn\u00eb klienteliz\u00ebm dhe n\u00eb zgjedhje shohin q\u00eb t\u2019ua rregullojn\u00eb pun\u00ebn votuesve t\u00eb tyre q\u00eb i kan\u00eb futur n\u00eb administrat\u00eb shtet\u00ebrore. Askush nuk e di se sa jan\u00eb \u2013 kush p\u00ebrkoh\u00ebsisht, kush vazhdimisht, kush p\u00ebr rrog\u00eb, kush p\u00ebr honorar, kush edhe pa kontrat\u00eb thjesht ngroh karrigen , me pozita t\u00eb shpikura si \u201cndihm\u00ebs referenti p\u00ebr referim\u201d\u2026Po edhe me Sinikatat shkojn\u00eb mir\u00eb\u2026me t\u00eb gjith\u00eb ata q\u00eb kan\u00eb rrog\u00eb shteti. Atyre t\u2019ua rrisin rrogat q\u00eb t\u00eb votojn\u00eb, kurse ne q\u00eb duhet t\u00eb nxjerrim edhe rrogat tona dhe t\u00eb tyret duhet t\u00eb jemi t\u00eb lumtur n\u00ebse nuk na e gabojn\u00eb emrin n\u00eb certifikat\u00ebn e lindjes.<\/p>\n<p>Kush do t\u2019ua b\u00ebj\u00eb rritjen e prodhimit sht\u00ebpiak bruto q\u00eb e premtojn\u00eb?<br \/>\nAdministrata? Me gabimet q\u00eb i b\u00ebn pa u b\u00ebr\u00eb syri t\u00ebrr? Apo me t\u00eb mosshkuarit n\u00eb pun\u00eb?<\/p>\n<p><span class=\"dropcap color firstcharacter\">3 <\/span> Nuk \u00ebsht\u00eb se nuk e di p\u00ebrgjigjen e pyetjes \u2013 kush do ta paguaj\u00eb gjith\u00eb k\u00ebt\u00eb? Do ta paguajm\u00eb ne, tatimpaguesit. Por, a pyeti dikush n\u00ebse ne mundemi, vall\u00eb? Deri kur do t\u00eb mundemi. As administrata q\u00eb kemi nuk do t\u00eb ket\u00eb nga se t\u00eb jetoj\u00eb, n\u00ebse nuk do t\u00eb ket\u00eb se kush t\u2019ua nxjerr\u00eb rrogat.<br \/>\nDuhet t\u00eb nxirret rroga e tanishme, rroga e ardhshme e rritur, pensioni i ardhshe\u00ebm i rritur, dit\u00ebt e paguara kur administrata nuk shkon n\u00eb pun\u00eb, festat e lidhura, borxhet e shtetit dhe plus bizneset private duhet t\u00eb investojn\u00eb q\u00eb ta rritin profitablitietin dhe ta realizojn\u00eb rritjen e parashikuar t\u00eb politikan\u00ebve. Eh kjo, me sa duket akoma nuk u ka ardhur nd\u00ebrmend k\u00ebtyre elitave partiake. P\u00ebr hir t\u00eb s\u00eb v\u00ebrtet\u00ebs, as shum\u00eb prej votuesve jo. Prandaj edhe premtimet e k\u00ebtilla t\u00eb paq\u00ebndrueshme p\u00ebrs\u00ebriten dhe kalojn\u00eb.<\/p>\n<p>Kur votuesit do t\u00eb jen\u00eb mjaft t\u00eb vet\u00ebdijsh\u00ebm q\u00eb t\u00eb pyesin se \u2013 kush do ta paguaj\u00eb gjith\u00eb k\u00ebt\u00eb?, at\u00ebher\u00eb edhe lider\u00ebt politik\u00eb partiak\u00eb do t\u00eb mendojn\u00eb dy her\u00eb para se t\u2019i shkruajn\u00eb t\u00eb gjitha ato premtime.<\/p>\n<p><span class=\"dropcap color firstcharacter\">4<\/span> Shihemi n\u00eb 8 maj. N\u00eb 9 maj do t\u2019ia mendojm\u00eb.<br \/>\nG\u00ebzuar festat.<br \/>\nPa merak, pas Pashk\u00ebve, ja ku \u00ebsh\u00ebt edhe 24 maji, po edhe e Shtuna e shpirtrave na vjen muajin e ardhsh\u00ebm. Kjo rritje ekonomike paska qen\u00eb shum\u00eb e lodhshme, t\u00eb pushojm\u00eb pak. Pastaj do t\u2019ia nisim pun\u00ebs. Do t\u00eb duhet t\u2019u paguhen dit\u00ebt kur do t\u00eb tregojn\u00eb se ku kan\u00eb qen\u00eb me pushimeve e si i kan\u00eb kaluar festat.<\/p>\n<p>&nbsp;<\/p>\n\n<div style=\"font-size: 0px; height: 0px; line-height: 0px; margin: 0; padding: 0; clear: both;\"><\/div>","protected":false},"excerpt":{"rendered":"<p>Pes\u00eb dit\u00eb para zgjedhjeve parlamentare dhe rrethit t\u00eb dyt\u00eb t\u00eb zgjedhjeve parlamentare, m\u00eb duket e pakuptimpt\u00eb t\u00eb analizohet se kush [&hellip;]<\/p>\n","protected":false},"author":25,"featured_media":0,"comment_status":"closed","ping_status":"closed","sticky":false,"template":"","format":"standard","meta":{"_mo_disable_npp":"no","inline_featured_image":false},"categories":[1825],"tags":[],"imageURL":false,"thumbURL":false,"categoryNames":["DUA T\u00cb THEM"],"feature_caption":"","subtitle":"Kjo rritja ekonomike paska qen\u00eb pak e lodhshme, t\u00eb pushojm\u00eb pak","views":"33","source":"Shkup, (SAKAMDAKAZAM.MK)","yoast_head":"<!-- This site is optimized with the Yoast SEO Premium plugin v15.0 - https:\/\/yoast.com\/wordpress\/plugins\/seo\/ -->\n<title>PEM\u00cb ME PARA - \u0421\u0430\u043a\u0430\u043c \u0414\u0430 \u041a\u0430\u0436\u0430\u043c<\/title>\n<meta name=\"robots\" content=\"index, follow, max-snippet:-1, max-image-preview:large, max-video-preview:-1\" \/>\n<link rel=\"canonical\" href=\"https:\/\/sdk.mk\/index.php\/dua-te-them\/peme-me-para\/\" \/>\n<meta property=\"og:locale\" content=\"mk_MK\" \/>\n<meta property=\"og:type\" content=\"article\" \/>\n<meta property=\"og:title\" content=\"PEM\u00cb ME PARA - \u0421\u0430\u043a\u0430\u043c \u0414\u0430 \u041a\u0430\u0436\u0430\u043c\" \/>\n<meta property=\"og:description\" content=\"Pes\u00eb dit\u00eb para zgjedhjeve parlamentare dhe rrethit t\u00eb dyt\u00eb t\u00eb zgjedhjeve parlamentare, m\u00eb duket e pakuptimpt\u00eb t\u00eb analizohet se kush [&hellip;]\" \/>\n<meta property=\"og:url\" content=\"https:\/\/sdk.mk\/index.php\/dua-te-them\/peme-me-para\/\" \/>\n<meta property=\"og:site_name\" content=\"\u0421\u0430\u043a\u0430\u043c \u0414\u0430 \u041a\u0430\u0436\u0430\u043c\" \/>\n<meta property=\"article:published_time\" content=\"2024-05-06T10:59:46+00:00\" \/>\n<meta property=\"og:image\" content=\"https:\/\/sdk.mk\/wp-content\/uploads\/2015\/12\/goran-mihailovski2.jpg\" \/>\n\t<meta property=\"og:image:width\" content=\"400\" \/>\n\t<meta property=\"og:image:height\" content=\"313\" \/>\n<meta property=\"fb:app_id\" content=\"2407985809428537\" \/>\n<meta name=\"twitter:card\" content=\"summary\" \/>\n<script type=\"application\/ld+json\" class=\"yoast-schema-graph\">{\"@context\":\"https:\/\/schema.org\",\"@graph\":[{\"@type\":\"WebSite\",\"@id\":\"https:\/\/sdk.mk\/#website\",\"url\":\"https:\/\/sdk.mk\/\",\"name\":\"\\u0421\\u0430\\u043a\\u0430\\u043c \\u0414\\u0430 \\u041a\\u0430\\u0436\\u0430\\u043c\",\"description\":\"\\u0417\\u0430 \\u0441\\u043b\\u043e\\u0431\\u043e\\u0434\\u043e\\u0443\\u043c\\u043d\\u0438\",\"potentialAction\":[{\"@type\":\"SearchAction\",\"target\":\"https:\/\/sdk.mk\/?s={search_term_string}\",\"query-input\":\"required name=search_term_string\"}],\"inLanguage\":\"mk-MK\"},{\"@type\":\"WebPage\",\"@id\":\"https:\/\/sdk.mk\/index.php\/dua-te-them\/peme-me-para\/#webpage\",\"url\":\"https:\/\/sdk.mk\/index.php\/dua-te-them\/peme-me-para\/\",\"name\":\"PEM\\u00cb ME PARA - \\u0421\\u0430\\u043a\\u0430\\u043c \\u0414\\u0430 \\u041a\\u0430\\u0436\\u0430\\u043c\",\"isPartOf\":{\"@id\":\"https:\/\/sdk.mk\/#website\"},\"datePublished\":\"2024-05-06T10:59:46+00:00\",\"dateModified\":\"2024-05-06T10:59:46+00:00\",\"author\":{\"@id\":\"https:\/\/sdk.mk\/#\/schema\/person\/737021aeacbe893f7e2c347186c5c7a1\"},\"inLanguage\":\"mk-MK\",\"potentialAction\":[{\"@type\":\"ReadAction\",\"target\":[\"https:\/\/sdk.mk\/index.php\/dua-te-them\/peme-me-para\/\"]}]},{\"@type\":\"Person\",\"@id\":\"https:\/\/sdk.mk\/#\/schema\/person\/737021aeacbe893f7e2c347186c5c7a1\",\"name\":\"\\u0424\\u0458\\u043e\\u043b\\u0430 \\u0417\\u043b\\u0430\\u0442\\u043a\\u0443\"}]}<\/script>\n<!-- \/ Yoast SEO Premium plugin. -->","_links":{"self":[{"href":"https:\/\/sdk.mk\/index.php\/wp-json\/wp\/v2\/posts\/219996"}],"collection":[{"href":"https:\/\/sdk.mk\/index.php\/wp-json\/wp\/v2\/posts"}],"about":[{"href":"https:\/\/sdk.mk\/index.php\/wp-json\/wp\/v2\/types\/post"}],"author":[{"embeddable":true,"href":"https:\/\/sdk.mk\/index.php\/wp-json\/wp\/v2\/users\/25"}],"replies":[{"embeddable":true,"href":"https:\/\/sdk.mk\/index.php\/wp-json\/wp\/v2\/comments?post=219996"}],"version-history":[{"count":0,"href":"https:\/\/sdk.mk\/index.php\/wp-json\/wp\/v2\/posts\/219996\/revisions"}],"wp:attachment":[{"href":"https:\/\/sdk.mk\/index.php\/wp-json\/wp\/v2\/media?parent=219996"}],"wp:term":[{"taxonomy":"category","embeddable":true,"href":"https:\/\/sdk.mk\/index.php\/wp-json\/wp\/v2\/categories?post=219996"},{"taxonomy":"post_tag","embeddable":true,"href":"https:\/\/sdk.mk\/index.php\/wp-json\/wp\/v2\/tags?post=219996"}],"curies":[{"name":"wp","href":"https:\/\/api.w.org\/{rel}","templated":true}]}}