{"id":220561,"date":"2024-05-13T11:13:42","date_gmt":"2024-05-13T09:13:42","guid":{"rendered":"https:\/\/sdk.mk\/?p=220561"},"modified":"2024-05-13T11:13:42","modified_gmt":"2024-05-13T09:13:42","slug":"miq-te-vertete","status":"publish","type":"post","link":"https:\/\/sdk.mk\/index.php\/dua-te-them\/miq-te-vertete\/","title":{"rendered":"MIQ T\u00cb V\u00cbRTET\u00cb"},"content":{"rendered":"<div class=\"f52428582a4b906b2d2e2a7d733c7d27\" data-index=\"7\" style=\"float: none; margin:10px 0 10px 0; text-align:center;\">\n<!-- MSP Ads Asynchronous JS Tag - Generated with Revive Adserver v5.4.1 -->\r\n<ins data-revive-zoneid=\"167\" data-revive-id=\"060fdb01f6430ec164d3519234aa4967\"><\/ins>\r\n<script async src=\"\/\/panel.ads.com.mk\/www\/delivery\/asyncjs.php\"><\/script>\n<\/div>\n<p><span class=\"dropcap color firstcharacter\">1<\/span> N\u00ebse jo, ta kthejm\u00eb VMRO-n\u00eb.<br \/>\nG\u00ebzuar! Tanim\u00eb \u00ebsht\u00eb humbje kohe n\u00ebse analizohet si dhe p\u00ebrse LSDM-ja p\u00ebrjetoi disfat\u00ebn m\u00eb t\u00eb madhe historike n\u00eb zgjedhje. Disa prej tyre thon\u00eb se i kan\u00eb v\u00ebrtetuar gabimet, prandaj nuk ka nevoj\u00eb as t\u2019u shpjegohet.<\/p>\n<p>N\u00eb pushtet kthehet VMRO-DPMNE-ja, e cila vazhdon t\u00eb na i mbaj\u00eb gjall\u00eb kujtimet nga qeverisja e saj e lig\u00eb. Nd\u00ebrkoh\u00eb q\u00eb Nikolla Gruevski sundonte p\u00ebr 11 vjet, LSDM-ja n\u00eb vend q\u00eb t\u00eb jet\u00eb aktive dhe e p\u00ebrgjegjshme, gjith\u00eb koh\u00ebs ankohej se nuk \u00ebsht\u00eb n\u00eb pushtet dhe priste simpati. Q\u00eb kur para shtat\u00eb vjet\u00ebsh me ndihm\u00eb t\u00eb fuqis\u00eb civile erdhi n\u00eb pushtet, vazhdoi me ankes\u00eb: e di se si \u00ebsht\u00eb, nuk \u00ebsht\u00eb bash ashtu, nuk mundet ve\u00e7 ashtu, ju nuk kuptoni, sa e v\u00ebshtir\u00eb \u00ebsht\u00eb\u201d\u2026dhe t\u00eb gjitha arsyetimet mbaronin me\u00a0 argumentin m\u00eb t\u00eb fort\u00eb: \u201cN\u00ebse jo, le ta kthejm\u00eb VMRO-DPMNE-n\u00eb\u201d.<\/p>\n<p>Kjo disfat\u00eb historike \u00ebsht\u00eb momenti m\u00eb i mir\u00eb q\u00eb t\u00eb kuptojn\u00eb se ankesa e tipit \u201ct\u00eb gjith\u00eb jeni fajtor\u00eb q\u00eb ne jemi n\u00eb pushtet\u201d nuk do t\u00eb ndihmoj\u00eb q\u00eb ta reformojn\u00eb partin\u00eb esencialisht. Por, kjo \u00ebsht\u00eb lufta e tyre e brendshme. Le ta b\u00ebjn\u00eb vet\u00eb at\u00eb betej\u00eb, le t\u00eb mbledhin fuqin\u00eb p\u00ebr pun\u00eb, rregull dhe disiplin\u00eb.<\/p>\n<p>Shteti ka nevoj\u00eb p\u00ebr nj\u00eb opozit\u00eb t\u00eb fort\u00eb. Por prap\u00eb. o Zot, n\u00ebse nuk \u00ebsht\u00eb LSDM-ja, do t\u00eb paraqitet dikush tjet\u00ebr.<\/p>\n<p>Gjithsesi, do t\u00eb mbahet mend se LSDM-ja e l\u00ebshoi shansin historik q\u00eb \u201ckjo lig\u00ebsi t\u00eb mos p\u00ebrs\u00ebritet\u201d.<\/p>\n<p><span class=\"dropcap color firstcharacter\">2<\/span> Me 58 mandate t\u00eb fituara n\u00eb Kuvend VMRO-DPMNE-ja mund t\u00eb b\u00ebj\u00eb \u00e7\u2019t\u00eb doj\u00eb. Hristijan Mickoskit nuk do t\u2019i ket\u00eb tani faj askush p\u00ebr asgj\u00eb. Nj\u00eb m\u00ebnyr\u00eb tjet\u00ebr q\u00eb t\u00eb shihet n\u00ebse jan\u00eb t\u00eb nj\u00ebjt\u00ebt si para shtat\u00eb vjet\u00ebve apo n\u00ebse nd\u00ebrkoh\u00eb jan\u00eb b\u00ebr\u00eb m\u00eb t\u00eb mir\u00eb \u2013 nuk ka.<br \/>\nAi menj\u00ebher\u00eb pas shpalljes s\u00eb rezultateve tha se i ka v\u00ebretuar gabimet e qeveris\u00eb s\u00eb deritanishme dhe se ato nuk do t\u00eb p\u00ebrs\u00ebriten. Ka m\u00ebsuar nga gabimet e LSDM-s\u00eb. Gabimet nga sundimi i tyre 11-vje\u00e7ar, p\u00ebr t\u00eb cilat asnj\u00ebher\u00eb nuk k\u00ebrkoi falje, as nuk i p\u00ebrmendi. Tanim\u00eb nuk duhet as t\u00eb k\u00ebrkoj\u00eb falje. Se a do t\u2019i p\u00ebrs\u00ebris\u00eb do t\u00eb duket shum\u00eb shpejt.<\/p>\n<p>Andaj, nga VMRO-DPMNE-ja nuk kam ndonj\u00eb pritje. Por t\u00eb mos shkojm\u00eb n\u00eb gjendje m\u00eb t\u00eb keqe nga ajo q\u00eb kishim n\u00eb shtetin e rob\u00ebruar t\u00eb Gruevskit.<\/p>\n<p><span class=\"dropcap color firstcharacter\">3<\/span> BDI-ja k\u00ebrc\u00ebnohet me destabilizimin e shtetit n\u00ebse s\u00ebrish nuk b\u00ebhet pjes\u00eb e koalicionit qeveritar.<br \/>\nN\u00ebse SHBA dhe BE jan\u00eb miq t\u00eb v\u00ebrtet\u00eb t\u00eb Maqedonis\u00eb, tani \u00ebsht\u00eb koha t\u00eb tregohen n\u00eb vep\u00ebr me at\u00eb q\u00eb do t\u2019i lejojn\u00eb VMRO-DPMNE-s\u00eb, si fitues i zgjedhjeve me shumic\u00eb t\u00eb jasht\u00ebzakonshme votash, vet\u00eb t\u00eb vendos\u00eb se me cil\u00ebn parti do t\u00eb formoj\u00eb qeveri. N\u00ebse e nxisin Mickoskin t\u00eb b\u00ebj\u00eb koalicion me BDI-n\u00eb, at\u00ebher\u00eb vet\u00ebm do t\u2019i legjitimonin k\u00ebrc\u00ebnimet e tyre me arm\u00eb. Dhe do t\u00eb mb\u00ebshtesinin jostabilitet t\u00eb shtetit. BDI-ja n\u00eb zgjedhje doli me koalicionin Fronti Evropian. Vall\u00eb p\u00ebr k\u00ebt\u00eb front do t\u2019i nxjerrin \u00e7izmet nga tavani?<\/p>\n<p>Me mb\u00ebshtetjen eventuale p\u00ebr t\u00eb preferuarin e tyre tradicional Ali Ahmeti, SHBA dhe BE do ta kishin mb\u00ebshtetur dhunimin, madje edhe t\u00eb nxitur me n\u00ebnvler\u00ebsim publik t\u00eb shetit. Artan Grubi me krenari fotografohej duke bojkotuar zgjedhjen p\u00ebr president. T\u00eb mos flasim q\u00eb mb\u00ebshtetja e till\u00eb edhe m\u00eb tep\u00ebr do ta forcoj\u00eb euroskepticizmin, i cili edhe ashtu ka hipur n\u00eb tavan nga politikat jofer t\u00eb BE-s\u00eb ndaj Maqedonis\u00eb.<\/p>\n<p>4T\u00eb gjitha urimet drejt Gordana Siljanovska-Davkov\u00ebs p\u00ebr p\u00ebrzgjedhjen p\u00ebr president t\u00eb shtetit q\u00eb vijn\u00eb nga lider\u00ebt evropian\u00eb jan\u00eb me v\u00ebrejTJen se shpresojn\u00eb q\u00eb shteti nuk do t\u00eb dal\u00cb nga rruga evropiane.<br \/>\nVet\u00eb BE-ja e rriti rrezikun q\u00eb Maqedonia t\u00eb largohet nga rruga evropiane. Kjo rrug\u00eb p\u00ebr maqedonasit u b\u00eb krejt\u00ebsisht e paparashikueshme n\u00eb momentin kur BE-ja e mb\u00ebshteti veton bullgare. Kur nga nj\u00eb popull do t\u00eb k\u00ebrkosh q\u00eb n\u00eb afat prej 4-5 vjet\u00ebve fillimisht ta ndryshoj\u00eb emrin e shteit, e pastaj me q\u00ebllim t\u2019i ndihmosh q\u00eb m\u00eb leht\u00eb ta kaloj\u00eb at\u00eb dhimbje, edhe m\u00eb tep\u00ebr do ta p\u00ebrbuz\u00ebsh q\u00eb t\u00eb fut\u00eb n\u00eb Kushtetut\u00eb popull t\u00eb nj\u00eb shteti q\u00eb nuk pranon ekzistenc\u00ebn t\u00ebnde, at\u00ebher\u00eb fiton votues n\u00eb nj\u00eb shtet n\u00eb t\u00eb cilin politikat e BE-s\u00eb nuk p\u00ebrjetohen si dashamir\u00ebse.<\/p>\n<p>Kjo \u00ebsht\u00eb e gjitha.<\/p>\n<p><span class=\"dropcap color firstcharacter\">5<\/span> \u00cbsht\u00eb viti i dyt\u00eb me radh\u00eb q\u00eb Maqedonia nuk merr pjes\u00eb n\u00eb zgjedhjen e K\u00ebng\u00ebs s\u00eb Eurovizionit.<br \/>\nNuk \u00ebsht\u00eb ngjarje me r\u00ebnd\u00ebsi jetike dhe historike, por sinqerisht m\u00eb vjen keq q\u00eb nuk marrim pjes\u00eb n\u00eb Eurovizion. Mendoj se nj\u00eb shtet i vog\u00ebl duhet t\u2019i shfryt\u00eboj\u00eb t\u00eb gjitha mund\u00ebsit\u00eb q\u00eb t\u00eb promovohet dhe t\u00eb mos l\u00ebshoj\u00eb ngjarje t\u00eb k\u00ebtilla t\u00eb cilat i ndjekin mbi 160 milion\u00eb shikues n\u00eb bot\u00eb. Sidomos q\u00eb pjes\u00ebmarrjen e ke t\u00eb garantuar, nuk duhet t\u00eb b\u00ebsh ngegociata, akush nuk ka t\u00eb drejt\u00eb vetoje, madej as k\u00ebng\u00ebn nuk \u00ebsht\u00eb patjet\u00ebr ta kesh t\u00eb bukur. Do t\u00eb valonte flamuri maqedonas, do t\u00eb p\u00ebrs\u00ebritej t\u00eb pakt\u00ebn dhjet\u00eb her\u00eb emri i shtetit, do t\u2019i fotografonin p\u00ebrfaq\u00ebsuesit tan\u00eb\u2026Thjesht, do t\u00eb ishim aty.<\/p>\n<p>Qenka shtrenjt\u00eb. Qenka palidhje. Nuk b\u00ebkan k\u00ebng\u00ebt. Mblidheshkan njer\u00ebz t\u00eb \u00e7uditsh\u00ebm. U vishkan n\u00eb m\u00ebnyr\u00eb qesharake. Votuakan politikisht. Sh\u00ebbimi publik nuk paska para p\u00ebr Eurovizion.<\/p>\n<p>Kemi pasur p\u00ebfaq\u00ebsime t\u00eb mira dhe t\u00eb tjera jo dhe aq. Por pas dy-tri mossuksesve p\u00ebr t\u00eb hyr\u00eb n\u00eb finale, FB-analist\u00ebt propozuan q\u00eb n\u00eb vend q\u00eb shteti t\u00eb harxhoj\u00eb para p\u00ebr pjes\u00ebmarrje n\u00eb Eurovizion, t\u00eb blej\u00eb me ato automjete ambulance.<\/p>\n<p>Sa automjete ambulance u blen\u00eb, vall\u00eb, nga parat\u00eb q\u00eb i kursyen qe dy vjet q\u00eb nuk marrim pjes\u00eb n\u00eb Eurovizion?<\/p>\n<p>&nbsp;<\/p>\n\n<div style=\"font-size: 0px; height: 0px; line-height: 0px; margin: 0; padding: 0; clear: both;\"><\/div>","protected":false},"excerpt":{"rendered":"<p>N\u00ebse jo, ta kthejm\u00eb VMRO-n\u00eb. G\u00ebzuar! Tanim\u00eb \u00ebsht\u00eb humbje kohe n\u00ebse analizohet si dhe p\u00ebrse LSDM-ja p\u00ebrjetoi disfat\u00ebn m\u00eb t\u00eb [&hellip;]<\/p>\n","protected":false},"author":25,"featured_media":0,"comment_status":"closed","ping_status":"closed","sticky":false,"template":"","format":"standard","meta":{"_mo_disable_npp":"no","inline_featured_image":false},"categories":[1825],"tags":[13752,49002,68865,68311,67782,453,36152],"imageURL":false,"thumbURL":false,"categoryNames":["DUA T\u00cb THEM"],"feature_caption":"","subtitle":"Sa automjete ambulance blem\u00eb nga parat\u00eb e Eurovizionit? ","views":"74","source":"Shkup, (SAKAMDAKAZAM.MK) ","yoast_head":"<!-- This site is optimized with the Yoast SEO Premium plugin v15.0 - https:\/\/yoast.com\/wordpress\/plugins\/seo\/ -->\n<title>MIQ T\u00cb V\u00cbRTET\u00cb - \u0421\u0430\u043a\u0430\u043c \u0414\u0430 \u041a\u0430\u0436\u0430\u043c<\/title>\n<meta name=\"robots\" content=\"index, follow, max-snippet:-1, max-image-preview:large, max-video-preview:-1\" \/>\n<link rel=\"canonical\" href=\"https:\/\/sdk.mk\/index.php\/dua-te-them\/miq-te-vertete\/\" \/>\n<meta property=\"og:locale\" content=\"mk_MK\" \/>\n<meta property=\"og:type\" content=\"article\" \/>\n<meta property=\"og:title\" content=\"MIQ T\u00cb V\u00cbRTET\u00cb - \u0421\u0430\u043a\u0430\u043c \u0414\u0430 \u041a\u0430\u0436\u0430\u043c\" \/>\n<meta property=\"og:description\" content=\"N\u00ebse jo, ta kthejm\u00eb VMRO-n\u00eb. G\u00ebzuar! Tanim\u00eb \u00ebsht\u00eb humbje kohe n\u00ebse analizohet si dhe p\u00ebrse LSDM-ja p\u00ebrjetoi disfat\u00ebn m\u00eb t\u00eb [&hellip;]\" \/>\n<meta property=\"og:url\" content=\"https:\/\/sdk.mk\/index.php\/dua-te-them\/miq-te-vertete\/\" \/>\n<meta property=\"og:site_name\" content=\"\u0421\u0430\u043a\u0430\u043c \u0414\u0430 \u041a\u0430\u0436\u0430\u043c\" \/>\n<meta property=\"article:published_time\" content=\"2024-05-13T09:13:42+00:00\" \/>\n<meta property=\"og:image\" content=\"https:\/\/sdk.mk\/wp-content\/uploads\/2015\/12\/goran-mihailovski2.jpg\" \/>\n\t<meta property=\"og:image:width\" content=\"400\" \/>\n\t<meta property=\"og:image:height\" content=\"313\" \/>\n<meta property=\"fb:app_id\" content=\"2407985809428537\" \/>\n<meta name=\"twitter:card\" content=\"summary\" \/>\n<script type=\"application\/ld+json\" class=\"yoast-schema-graph\">{\"@context\":\"https:\/\/schema.org\",\"@graph\":[{\"@type\":\"WebSite\",\"@id\":\"https:\/\/sdk.mk\/#website\",\"url\":\"https:\/\/sdk.mk\/\",\"name\":\"\\u0421\\u0430\\u043a\\u0430\\u043c \\u0414\\u0430 \\u041a\\u0430\\u0436\\u0430\\u043c\",\"description\":\"\\u0417\\u0430 \\u0441\\u043b\\u043e\\u0431\\u043e\\u0434\\u043e\\u0443\\u043c\\u043d\\u0438\",\"potentialAction\":[{\"@type\":\"SearchAction\",\"target\":\"https:\/\/sdk.mk\/?s={search_term_string}\",\"query-input\":\"required name=search_term_string\"}],\"inLanguage\":\"mk-MK\"},{\"@type\":\"WebPage\",\"@id\":\"https:\/\/sdk.mk\/index.php\/dua-te-them\/miq-te-vertete\/#webpage\",\"url\":\"https:\/\/sdk.mk\/index.php\/dua-te-them\/miq-te-vertete\/\",\"name\":\"MIQ T\\u00cb V\\u00cbRTET\\u00cb - \\u0421\\u0430\\u043a\\u0430\\u043c \\u0414\\u0430 \\u041a\\u0430\\u0436\\u0430\\u043c\",\"isPartOf\":{\"@id\":\"https:\/\/sdk.mk\/#website\"},\"datePublished\":\"2024-05-13T09:13:42+00:00\",\"dateModified\":\"2024-05-13T09:13:42+00:00\",\"author\":{\"@id\":\"https:\/\/sdk.mk\/#\/schema\/person\/737021aeacbe893f7e2c347186c5c7a1\"},\"inLanguage\":\"mk-MK\",\"potentialAction\":[{\"@type\":\"ReadAction\",\"target\":[\"https:\/\/sdk.mk\/index.php\/dua-te-them\/miq-te-vertete\/\"]}]},{\"@type\":\"Person\",\"@id\":\"https:\/\/sdk.mk\/#\/schema\/person\/737021aeacbe893f7e2c347186c5c7a1\",\"name\":\"\\u0424\\u0458\\u043e\\u043b\\u0430 \\u0417\\u043b\\u0430\\u0442\\u043a\\u0443\"}]}<\/script>\n<!-- \/ Yoast SEO Premium plugin. -->","_links":{"self":[{"href":"https:\/\/sdk.mk\/index.php\/wp-json\/wp\/v2\/posts\/220561"}],"collection":[{"href":"https:\/\/sdk.mk\/index.php\/wp-json\/wp\/v2\/posts"}],"about":[{"href":"https:\/\/sdk.mk\/index.php\/wp-json\/wp\/v2\/types\/post"}],"author":[{"embeddable":true,"href":"https:\/\/sdk.mk\/index.php\/wp-json\/wp\/v2\/users\/25"}],"replies":[{"embeddable":true,"href":"https:\/\/sdk.mk\/index.php\/wp-json\/wp\/v2\/comments?post=220561"}],"version-history":[{"count":0,"href":"https:\/\/sdk.mk\/index.php\/wp-json\/wp\/v2\/posts\/220561\/revisions"}],"wp:attachment":[{"href":"https:\/\/sdk.mk\/index.php\/wp-json\/wp\/v2\/media?parent=220561"}],"wp:term":[{"taxonomy":"category","embeddable":true,"href":"https:\/\/sdk.mk\/index.php\/wp-json\/wp\/v2\/categories?post=220561"},{"taxonomy":"post_tag","embeddable":true,"href":"https:\/\/sdk.mk\/index.php\/wp-json\/wp\/v2\/tags?post=220561"}],"curies":[{"name":"wp","href":"https:\/\/api.w.org\/{rel}","templated":true}]}}