{"id":223122,"date":"2024-06-17T14:12:39","date_gmt":"2024-06-17T12:12:39","guid":{"rendered":"https:\/\/sdk.mk\/?p=223122"},"modified":"2024-06-17T14:12:39","modified_gmt":"2024-06-17T12:12:39","slug":"fondi-marshall","status":"publish","type":"post","link":"https:\/\/sdk.mk\/index.php\/dua-te-them\/fondi-marshall\/","title":{"rendered":"FONDI MARSHALL"},"content":{"rendered":"<div class=\"f52428582a4b906b2d2e2a7d733c7d27\" data-index=\"7\" style=\"float: none; margin:10px 0 10px 0; text-align:center;\">\n<!-- MSP Ads Asynchronous JS Tag - Generated with Revive Adserver v5.4.1 -->\r\n<ins data-revive-zoneid=\"167\" data-revive-id=\"060fdb01f6430ec164d3519234aa4967\"><\/ins>\r\n<script async src=\"\/\/panel.ads.com.mk\/www\/delivery\/asyncjs.php\"><\/script>\n<\/div>\n<p><span class=\"dropcap color firstcharacter\">1 <\/span> I gjith\u00eb shteti yn\u00eb \u00ebsht\u00eb model p\u00ebrfaq\u00ebsues, mbi t\u00eb cilin mund t\u00eb b\u00ebhet studim rasti p\u00ebr jokompetenc\u00eb. Mund t\u00eb shkojm\u00eb p\u00ebrreth bot\u00ebs dhe t\u2019u mbajm\u00eb trajnime p\u00ebr jokompetenc\u00eb qeverive t\u00eb atjeshme.<br \/>\nSembulli i fundit praktik \u00ebsht\u00eb rasti me murin mb\u00ebshtet\u00ebs n\u00eb lagjen Vodno mbi Klinik\u00ebn e f\u00ebmij\u00ebve n\u00eb Shkup. Muri ka filluar t\u00eb dob\u00ebsohet q\u00eb n\u00eb vitin 2019, kurse tani \u00ebsht\u00eb duke u rr\u00ebnuar. Drejtor\u00ebt e Klinik\u00ebs kan\u00eb ngritur panik para pes\u00eb vjet\u00ebve, kurse tani ai q\u00eb panikoset \u00ebsht\u00eb Stojan\u00e7e Angellov nga Qendra p\u00ebr menaxhimin e krizave (QMK), por askush nuk \u00ebsht\u00eb kompetent. Komuna qend\u00ebr thot\u00eb se p\u00ebr murin \u00ebsht\u00eb kompentent Qyteti i Shkupit, Qyteti i Shkupit thot\u00eb se ai \u00ebsht\u00eb p\u00ebrgjegj\u00ebsi e Ministris\u00eb s\u00eb sh\u00ebndet\u00ebsis\u00eb, kurse Ministria e sh\u00ebndet\u00ebsis\u00eb thot\u00eb se muri dhe rruga mbi t\u00eb me siguri nuk jan\u00eb n\u00ebn kompetenc\u00ebn e pushteteve sh\u00ebndet\u00ebsore. Dhe ashtu, pas pes\u00eb vjet\u00ebsh kalimi t\u00eb kompetencave, rrethi u mbyll.<\/p>\n<p>Eh sikur t\u00eb vinte nj\u00eb inspektsion q\u00eb ta mbyllte gjith\u00eb shtetin. Vet\u00ebm se edhe inspeksioni do t\u00eb duhej t\u00eb jet\u00eb ndonj\u00eb inspeksion prej jasht\u00eb, sepse n\u00ebse \u00ebsht\u00eb i k\u00ebtush\u00ebm, edhe ai do ta shpallet si jokompetent.<\/p>\n<p>Bie muri q\u00eb mban rrug\u00ebn n\u00eb qend\u00ebr t\u00eb qytetit dhe e d\u00ebmton komunikacionin, parkingun, po edhe gjith\u00eb Klinik\u00ebn e f\u00ebmij\u00ebve, kurse ti si pushtet lokal, i p\u00ebrzgjedhur dhe i paguar nga qytetar\u00ebt, thua: \u201cKjo nuk \u00ebsht\u00eb kompetenca ime\u201d. \u201cZgjidhja e problemeve nuk \u00ebsht\u00eb puna jon\u00eb\u201d. \u201cNuk mund t\u00eb prekim aty\u201d.<\/p>\n<p>E \u00e7far\u00eb ndodh kur ti thua se nuk je kompetent? Vall\u00eb, do t\u00eb pushoj\u00eb muri s\u00eb r\u00ebni? Ose \u2013 nuk jam kompetent, nuk m\u00eb intereson. Nuk ka kompetenc\u00eb, nuk ka problem.<\/p>\n<p>T\u00eb mos flasim q\u00eb muri \u00ebsht\u00eb kretj\u00ebsisht kompetenc\u00eb e pushteteve lokale. Ai mur nuk \u00ebsht\u00eb mur mb\u00ebshtet\u00ebs q\u00eb duhet t\u00eb mbaj\u00eb nj\u00eb mal. \u00cbsht\u00eb nj\u00eb gardh i betonit n\u00eb mes rrug\u00ebs dhe Qendr\u00ebs klinike, q\u00eb ka p\u00ebsuar. Ai i qeveris\u00eb q\u00eb ka paguar sh\u00ebrbimet komunale p\u00ebr nd\u00ebrtimin e gjith\u00eb atyre nd\u00ebrtesave q\u00eb e dhunojn\u00eb Vodnon, duhet poashtu ta b\u00ebj\u00eb murin. Kur paskan qen\u00eb aq lakmitar\u00eb p\u00ebr para nga parcelat, at\u00ebher\u00eb le t\u00eb paguan\u00eb dhe le ta mbrojn\u00eb edhe spitalin nga rr\u00ebshqitjet e dheut. E jo, mezi t\u00eb presin t\u00eb thon\u00eb se jan\u00eb jokompetent\u00eb. Q\u00eb t\u2019u mbesin para n\u00eb buxhet edhe p\u00ebr ndonj\u00eb pun\u00ebsim tjet\u00ebr partiak. Dhe p\u00ebr ndonj\u00eb fitues tjet\u00ebr paraprakisht t\u00eb p\u00ebcaktuar. Q\u00eb t\u00eb ket\u00eb m\u00eb shum\u00eb p\u00ebr ata.<\/p>\n<p>Por kjo \u00ebsht\u00eb tashm\u00eb tem\u00eb tjet\u00ebr. P\u00ebr at\u00eb do t\u00eb duhet t\u00eb merret ndonj\u00eb institucion tjet\u00ebr q\u00eb do t\u00eb shpallet jokompetent.<\/p>\n<p>Megjithat\u00eb, meqen\u00ebse shumica e re n\u00eb Kuvend rriti numrin e ministrive, ato mund t\u00eb votojn\u00eb nj\u00eb Ministri t\u00eb jokompetenc\u00ebs n\u00ebp\u00ebrmjes nj\u00eb procedure urgjente. Me nj\u00eb minist\u00ebr dhe nj\u00eb z\u00ebvend\u00ebskryeminist\u00ebr q\u00eb do t\u00eb udh\u00ebheqin organin p\u00ebr koordinimin nd\u00ebrinstitucional t\u00eb gjitha ministrive dhe institucioneve shtet\u00ebrore e komunale.<\/p>\n<p>Q\u00eb kur shumca e re e Kuvendit e shtoi numrin e minsitrive, mundej me procedur\u00eb urgjente ta votoj\u00eb edhe Ministrin\u00eb p\u00ebr jokompetenc\u00eb. Me minist\u00ebr dhe z\u00ebvend\u00ebsminist\u00ebr q\u00eb do ta drejtoj\u00eb organin p\u00ebr koordinim nd\u00ebrinstitucional jokompetenc\u00eb t\u00eb t\u00eb gjitha ministrive dhe institucioneve shtet\u00ebrore dhe komunale.<\/p>\n<p><span class=\"dropcap color firstcharacter\">2<\/span> N\u00ebse as QMK nuk ia del q\u00eb n\u00eb takimin koordinues t\u00eb zbuloj\u00eb se kush \u00ebsht\u00eb kompent p\u00ebr ta shp\u00ebtuar nga rr\u00ebshqitja e dheut spitalin m\u00eb t\u00eb madh t\u00eb f\u00ebmij\u00ebve n\u00eb shtet n\u00eb qendr\u00ebn e kryeqytetit, hapi i radh\u00ebs logjik \u00ebsht\u00eb t\u00eb thirret nj\u00eb konferenc\u00eb e paqes. Q\u00ebllimi i k\u00ebsaj konference do t\u00eb ishte t\u00eb vendosej nj\u00eb pajtim m\u00eb afatgjat\u00eb mes kryetares s\u00eb Shkupit Danella Arsovska dhe kryetar\u00ebve t\u00eb komunave, gazetar\u00ebve, organizatave joqeveritare, inxhinier\u00ebve nd\u00ebrtues, arkitekt\u00ebve, dekan\u00ebve t\u00eb fakultetit dhe qytetar\u00ebve. Vet\u00ebm se, si do ta kontaktojn\u00eb? M\u00eb leht\u00eb do t\u00eb vihej kontakti me jasht\u00ebtok\u00ebsor\u00ebt, sesa me kryetaren e Shkupit. M\u00eb shpejt do t\u00eb marrej informacioni nga marsian\u00ebt, sesa nga sh\u00ebrbimet e drejtor\u00ebve t\u00eb Qytetit t\u00eb Shkupit. P\u00ebr m\u00eb tep\u00ebr q\u00eb marsian\u00ebt nuk i harxhojn\u00eb parat\u00eb tokna.<\/p>\n<p>Kryetari i konferenc\u00ebs s\u00eb paqes do t\u00eb ishte Talat Xhaferi. Vet\u00ebm ai m\u00eb vjen\u00a0 si person me karakter diplomatik t\u00eb matur, q\u00eb mund t\u2019i kundrvihet kryetares s\u00eb Shkupit. N\u00ebse duhet, mund t\u00eb recitoj\u00eb edhe poezi. Meq\u00eb mban dy funksione nj\u00ebkoh\u00ebsisht, edhe kryeminist\u00ebr edhe deputet, mund t\u00eb mbaj\u00eb edhe nj\u00eb tet\u00eb tret\u00eb \u2013 kryetar i konferenc\u00ebs s\u00eb paqes p\u00ebr murin. Q\u00eb sigurisht do t\u2019i p\u00ebrfshij\u00eb edhe \u00e7\u00ebshtjet p\u00ebr sigurin\u00eb e ur\u00ebs Bellasica, p\u00ebr at\u00eb se deri ku \u00ebsht\u00eb nd\u00ebrtimi i stacionit pastrues, \u00e7far\u00eb ndodh me parat\u00eb e miratuara nga transporti i shpejt\u00eb, Salla Universale, aksi n\u00eb Momin potok dhe nj\u00eb s\u00ebr\u00eb gj\u00ebrash t\u00eb tjera p\u00ebr t\u00eb cilat pushteti i qytetit konsiderohet\u00a0 jokompetent, p\u00ebrfshir\u00eb k\u00ebtu edhe kositjen e rregullt dhe mbledhjen e barit t\u00eb kositur.<\/p>\n<p>Si p\u00ebrfundim nga ajo konferenc\u00eb e paqes duhej t\u00eb dilte pajtimi i pal\u00ebve q\u00eb t\u00eb formohet ndonj\u00eb fond p\u00ebr rikuperimin e d\u00ebmeve t\u00eb shkaktuara nga jokompetenca si m\u00ebnyr\u00eb e t\u00eb menduarit. Ashtu si\u00e7 amerikan\u00ebt kishin shpikur Fondin e Marshallit p\u00ebr rinovim t\u00eb Evrop\u00ebs n\u00eb Luft\u00ebn e Dyt\u00eb Bot\u00ebrore, ashtu si\u00e7 tani b\u00ebher\u00eb konferenca p\u00ebr rinovim t\u00eb Ukrain\u00ebs, ashtu duhet t\u00eb shpiket dhe Fondi i Marshallit p\u00ebr rinovim t\u00eb Shkupit t\u00eb shkat\u00ebrruar.<\/p>\n<p><span class=\"dropcap color firstcharacter\">3<\/span> Ne nuk mund t\u00eb lejojm\u00eb t\u00eb na udh\u00ebheq\u00eb ideja e BE-s\u00eb. Por, fakti q\u00eb gjasht\u00eb vjet pas n\u00ebnshkrimit, po problematizohet Marr\u00ebveshja e Presp\u00ebs nuk \u00ebsht\u00eb faj i Maqedonis\u00eb. Nuk \u00ebsht\u00eb as faj i Greqis\u00eb. T\u00eb dyja shtetet arrit\u00ebn t\u00eb zgjidhin nj\u00eb kontest diplomatik q\u00eb zgjaste 30 vjet n\u00eb zemr\u00ebn e Evrop\u00ebs. Mir\u00eb ama,dep\u00ebrtimin diplomatik q\u00eb e b\u00ebm\u00eb k\u00ebtu, n\u00eb Ballkan, me ndihm\u00ebn e SHBA-s\u00eb, BE-ja e ktheu n\u00eb d\u00ebshtim. Nuk arriti t\u00eb kapitalizoj\u00eb nga marr\u00ebveshja q\u00eb vet\u00eb e mb\u00ebshteti.<br \/>\nTani habiten se p\u00ebrse s\u00ebrish po del shpirti nga shishja q\u00eb Maqedonia dhe Greqia e mbyll\u00ebn para gjasht\u00eb vjet\u00ebsh. Ne e mbyll\u00ebn \u00e7\u00ebshtjen por BE e mbajti hapur. Askush k\u00ebtu nuk priste se do t\u00eb hjm\u00eb menj\u00ebher\u00eb n\u00eb BE, por askush\u00a0 nuk e prishte as se po ajo BE q\u00eb e mb\u00ebshtese marr\u00ebveshjen, n\u00eb vend q\u00eb t\u00eb na mb\u00ebshtes\u00eb n\u00eb udh\u00eb, do t\u00eb na vendoste pengesa t\u00eb reja vazhdimisht.<\/p>\n<p>Shum\u00eb na dhembi ndryshimi i emrit t\u00eb shtetit. Sapo tham\u00eb se na u hap\u00ebn perspektivat, ata shpik\u00ebn koncept t\u00eb ri t\u00eb p\u00ebrhapjes, po hajde tani veto nga Bullgaria, hajde edhe nj\u00eb propozim francez, hajde tani prap\u00eb ndryshoni Kushetut\u00ebn\u2026<\/p>\n<p>Dhe normalisht q\u00eb lan\u00eb koh\u00eb dhe hap\u00ebsir\u00eb q\u00eb fuqit\u00eb t\u00eb cilat ishin kund\u00ebr Marr\u00ebveshjes t\u00eb forcohen edhe n\u00eb Greqi edhe n\u00eb Maqedoni. Lejuan q\u00eb t\u00eb rritet pak\u00ebnaq\u00ebsia dhe frustrimi tek ata q\u00eb m\u00eb s\u00eb r\u00ebndi e pranuan sakrific\u00ebn me ndryshimin e emrit kushtetues, por thoshin \u201chajde ta mbarojm\u00eb at\u00eb pun\u00eb dhe t\u00eb shkojm\u00eb p\u00ebrpara\u201d. Dhe, jo vet\u00ebm p\u00ebr t\u00eb mir\u00ebn ton\u00eb, apo, por edhe p\u00ebr t\u00eb mir\u00ebn e t\u00eb gjith\u00ebve, Maqedonia vuri nj\u00eb p\u00ebrcaktues gjeorgrafik n\u00eb emrin e saj, nd\u00ebrsa Greqia pranoi ve\u00e7antin\u00eb e popullit dhe gjuh\u00ebs maqedonase.<\/p>\n<p>T\u00eb ishim nisur p\u00ebr BE fill pas Marr\u00ebveshjes s\u00eb Presp\u00ebs, pa nisur t\u00eb na shpikin budallall\u00ebqe p\u00ebr shkak t\u00eb vet\u00eb egoizmit dhe vetadhurimit t\u00eb tyre, kjo gj\u00eb do t\u00eb ishte mir\u00eb edhe p\u00ebr stabilitetin e BE-s\u00eb. T\u00eb pakt\u00ebn sipas t\u00eb gjith\u00eb parametrave do ta mbyllte k\u00ebt\u00eb grope t\u00eb zez\u00eb n\u00eb zem\u00ebr t\u00eb Evrop\u00ebs.<\/p>\n<p>Kujt i konvenon q\u00eb nj\u00eb \u00e7\u00ebshtje q\u00eb \u00ebsht\u00eb mbyllur ta hap\u00ebsh p\u00ebrs\u00ebri? BE-s\u00eb?<\/p>\n<p>N\u00eb vend q\u00eb t\u00eb jet\u00eb faktor i qet\u00ebsis\u00eb dhe p\u00ebrparimit, BE u b\u00eb faktor i jostabilitetit.<\/p>\n<p><span class=\"dropcap color firstcharacter\">4<\/span> N\u00eb nj\u00eb spital shtet\u00ebror t\u00eb Shkupit, n\u00eb mes t\u00eb hollit q\u00ebndron nj\u00eb sand\u00ebk n\u00eb t\u00eb cilin me shkronja t\u00eb m\u00ebdha thuhet \u201cL\u00ebvdata dhe ankesa\u201d, nd\u00ebrsa n\u00eb nj\u00eb flet\u00eb tjet\u00ebr m\u00eb lart ka nj\u00eb udh\u00ebzues p\u00ebr pacient\u00ebt \u2013 p\u00ebr l\u00ebvdatat dhe ankesat t\u00eb lajm\u00ebrohen te psikologu klinik n\u00eb katin e par\u00eb. Me fjal\u00eb t\u00eb tjera, n\u00eb sh\u00ebndet\u00ebsin\u00eb ton\u00eb publike, si n\u00ebse b\u00ebn l\u00ebvdata, si n\u00ebse ankohesh, nuk je mir\u00eb me mend, je p\u00ebr mjekim. Nd\u00ebrkoh\u00eb, ja, nj\u00eb muaj ka kaluar, dhe nuk ka p\u00ebrgjigje se p\u00ebrse vjen era n\u00eb Klinikat kirurgjike.<\/p>\n\n<div style=\"font-size: 0px; height: 0px; line-height: 0px; margin: 0; padding: 0; clear: both;\"><\/div>","protected":false},"excerpt":{"rendered":"<p>I gjith\u00eb shteti yn\u00eb \u00ebsht\u00eb model p\u00ebrfaq\u00ebsues, mbi t\u00eb cilin mund t\u00eb b\u00ebhet studim rasti p\u00ebr jokompetenc\u00eb. Mund t\u00eb shkojm\u00eb [&hellip;]<\/p>\n","protected":false},"author":25,"featured_media":0,"comment_status":"closed","ping_status":"closed","sticky":false,"template":"","format":"standard","meta":{"_mo_disable_npp":"no","inline_featured_image":false},"categories":[1825],"tags":[],"imageURL":false,"thumbURL":false,"categoryNames":["DUA T\u00cb THEM"],"feature_caption":"","subtitle":"Do t\u00eb formohet Ministria p\u00ebr jokompetenc\u00eb me z\u00ebvend\u00ebskryeminist\u00ebr q\u00eb do ta drejtoj\u00eb organin p\u00ebr koordinim nd\u00ebrinstitucional t\u00eb jokompetencave t\u00eb gjith\u00eb ministrive dhe institucioneve shtet\u00ebrore dhe komunale.","views":"63","source":"Shkup, SAKAMDAKAZAM.MK","yoast_head":"<!-- This site is optimized with the Yoast SEO Premium plugin v15.0 - https:\/\/yoast.com\/wordpress\/plugins\/seo\/ -->\n<title>FONDI MARSHALL - \u0421\u0430\u043a\u0430\u043c \u0414\u0430 \u041a\u0430\u0436\u0430\u043c<\/title>\n<meta name=\"robots\" content=\"index, follow, max-snippet:-1, max-image-preview:large, max-video-preview:-1\" \/>\n<link rel=\"canonical\" href=\"https:\/\/sdk.mk\/index.php\/dua-te-them\/fondi-marshall\/\" \/>\n<meta property=\"og:locale\" content=\"mk_MK\" \/>\n<meta property=\"og:type\" content=\"article\" \/>\n<meta property=\"og:title\" content=\"FONDI MARSHALL - \u0421\u0430\u043a\u0430\u043c \u0414\u0430 \u041a\u0430\u0436\u0430\u043c\" \/>\n<meta property=\"og:description\" content=\"I gjith\u00eb shteti yn\u00eb \u00ebsht\u00eb model p\u00ebrfaq\u00ebsues, mbi t\u00eb cilin mund t\u00eb b\u00ebhet studim rasti p\u00ebr jokompetenc\u00eb. Mund t\u00eb shkojm\u00eb [&hellip;]\" \/>\n<meta property=\"og:url\" content=\"https:\/\/sdk.mk\/index.php\/dua-te-them\/fondi-marshall\/\" \/>\n<meta property=\"og:site_name\" content=\"\u0421\u0430\u043a\u0430\u043c \u0414\u0430 \u041a\u0430\u0436\u0430\u043c\" \/>\n<meta property=\"article:published_time\" content=\"2024-06-17T12:12:39+00:00\" \/>\n<meta property=\"og:image\" content=\"https:\/\/sdk.mk\/wp-content\/uploads\/2015\/12\/goran-mihailovski2.jpg\" \/>\n\t<meta property=\"og:image:width\" content=\"400\" \/>\n\t<meta property=\"og:image:height\" content=\"313\" \/>\n<meta property=\"fb:app_id\" content=\"2407985809428537\" \/>\n<meta name=\"twitter:card\" content=\"summary\" \/>\n<script type=\"application\/ld+json\" class=\"yoast-schema-graph\">{\"@context\":\"https:\/\/schema.org\",\"@graph\":[{\"@type\":\"WebSite\",\"@id\":\"https:\/\/sdk.mk\/#website\",\"url\":\"https:\/\/sdk.mk\/\",\"name\":\"\\u0421\\u0430\\u043a\\u0430\\u043c \\u0414\\u0430 \\u041a\\u0430\\u0436\\u0430\\u043c\",\"description\":\"\\u0417\\u0430 \\u0441\\u043b\\u043e\\u0431\\u043e\\u0434\\u043e\\u0443\\u043c\\u043d\\u0438\",\"potentialAction\":[{\"@type\":\"SearchAction\",\"target\":\"https:\/\/sdk.mk\/?s={search_term_string}\",\"query-input\":\"required name=search_term_string\"}],\"inLanguage\":\"mk-MK\"},{\"@type\":\"WebPage\",\"@id\":\"https:\/\/sdk.mk\/index.php\/dua-te-them\/fondi-marshall\/#webpage\",\"url\":\"https:\/\/sdk.mk\/index.php\/dua-te-them\/fondi-marshall\/\",\"name\":\"FONDI MARSHALL - \\u0421\\u0430\\u043a\\u0430\\u043c \\u0414\\u0430 \\u041a\\u0430\\u0436\\u0430\\u043c\",\"isPartOf\":{\"@id\":\"https:\/\/sdk.mk\/#website\"},\"datePublished\":\"2024-06-17T12:12:39+00:00\",\"dateModified\":\"2024-06-17T12:12:39+00:00\",\"author\":{\"@id\":\"https:\/\/sdk.mk\/#\/schema\/person\/737021aeacbe893f7e2c347186c5c7a1\"},\"inLanguage\":\"mk-MK\",\"potentialAction\":[{\"@type\":\"ReadAction\",\"target\":[\"https:\/\/sdk.mk\/index.php\/dua-te-them\/fondi-marshall\/\"]}]},{\"@type\":\"Person\",\"@id\":\"https:\/\/sdk.mk\/#\/schema\/person\/737021aeacbe893f7e2c347186c5c7a1\",\"name\":\"\\u0424\\u0458\\u043e\\u043b\\u0430 \\u0417\\u043b\\u0430\\u0442\\u043a\\u0443\"}]}<\/script>\n<!-- \/ Yoast SEO Premium plugin. -->","_links":{"self":[{"href":"https:\/\/sdk.mk\/index.php\/wp-json\/wp\/v2\/posts\/223122"}],"collection":[{"href":"https:\/\/sdk.mk\/index.php\/wp-json\/wp\/v2\/posts"}],"about":[{"href":"https:\/\/sdk.mk\/index.php\/wp-json\/wp\/v2\/types\/post"}],"author":[{"embeddable":true,"href":"https:\/\/sdk.mk\/index.php\/wp-json\/wp\/v2\/users\/25"}],"replies":[{"embeddable":true,"href":"https:\/\/sdk.mk\/index.php\/wp-json\/wp\/v2\/comments?post=223122"}],"version-history":[{"count":0,"href":"https:\/\/sdk.mk\/index.php\/wp-json\/wp\/v2\/posts\/223122\/revisions"}],"wp:attachment":[{"href":"https:\/\/sdk.mk\/index.php\/wp-json\/wp\/v2\/media?parent=223122"}],"wp:term":[{"taxonomy":"category","embeddable":true,"href":"https:\/\/sdk.mk\/index.php\/wp-json\/wp\/v2\/categories?post=223122"},{"taxonomy":"post_tag","embeddable":true,"href":"https:\/\/sdk.mk\/index.php\/wp-json\/wp\/v2\/tags?post=223122"}],"curies":[{"name":"wp","href":"https:\/\/api.w.org\/{rel}","templated":true}]}}