{"id":223717,"date":"2024-06-24T13:50:19","date_gmt":"2024-06-24T11:50:19","guid":{"rendered":"https:\/\/sdk.mk\/?p=223717"},"modified":"2024-06-24T13:50:19","modified_gmt":"2024-06-24T11:50:19","slug":"policia-i-therriti-femijet-e-sulmuar-te-perballen-vete-me-dhunuesit-dhe-i-ekspozon-ne-nje-traume-te-re-edhe-pse-ekszistojne-menyra-te-tjera-te-identifikimit","status":"publish","type":"post","link":"https:\/\/sdk.mk\/index.php\/histori-te-parrefyera\/policia-i-therriti-femijet-e-sulmuar-te-perballen-vete-me-dhunuesit-dhe-i-ekspozon-ne-nje-traume-te-re-edhe-pse-ekszistojne-menyra-te-tjera-te-identifikimit\/","title":{"rendered":"POLICIA I TH\u00cbRRITI F\u00cbMIJ\u00cbT E SULMUAR T\u00cb P\u00cbRBALLEN VET\u00cb ME DHUNUESIT DHE I EKSPOZON N\u00cb NJ\u00cb TRAUM\u00cb T\u00cb RE, EDHE PSE EKSZISTOJN\u00cb M\u00cbNYRA T\u00cb TJERA T\u00cb IDENTIFIKIMIT"},"content":{"rendered":"<div class=\"f52428582a4b906b2d2e2a7d733c7d27\" data-index=\"7\" style=\"float: none; margin:10px 0 10px 0; text-align:center;\">\n<!-- MSP Ads Asynchronous JS Tag - Generated with Revive Adserver v5.4.1 -->\r\n<ins data-revive-zoneid=\"167\" data-revive-id=\"060fdb01f6430ec164d3519234aa4967\"><\/ins>\r\n<script async src=\"\/\/panel.ads.com.mk\/www\/delivery\/asyncjs.php\"><\/script>\n<\/div>\n<p>Policia, kur arreston t\u00eb mitur dhe f\u00ebmij\u00eb t\u00eb dyshuar p\u00ebr vepra penale, dhun\u00eb, vjedhje, sulm apo rr\u00ebmbime, i th\u00ebrret viktimat n\u00eb p\u00ebrballje direkte me ata q\u00eb i kan\u00eb rrahur apo vjedhur, e jo n\u00eb identikifim p\u00ebrmes xhamit t\u00eb err\u00ebt.<\/p>\n<p>Problemi \u00ebsht\u00eb kur viktimat jan\u00eb persona t\u00eb mitur apo f\u00ebmij\u00eb, si\u00e7 \u00ebsht\u00eb n\u00eb rastet e fundit kur bandat e rrug\u00ebs sulmonin dhe maltretonin f\u00ebmij\u00ebt n\u00eb komun\u00ebn e qendr\u00ebs n\u00eb Shkup. Pothuajse nuk ka asnj\u00eb prind q\u00eb do ta l\u00ebshonte f\u00ebmij\u00ebn e tij q\u00eb t\u00eb ekspozohet p\u00ebr her\u00eb t\u00eb dyt\u00eb n\u00eb nj\u00eb traum\u00eb t\u00eb till\u00eb, apo ta v\u00ebj\u00eb n\u00eb rrezikun e nj\u00eb hakmarrje t\u00eb mundshme n\u00eb t\u00eb ardhmen p\u00ebr shkak se i ka ekspozuar dhunuesit.<\/p>\n<p>P\u00ebr k\u00ebt\u00eb arsye, nj\u00eb pjes\u00eb e madhe e prind\u00ebrve t\u00ebrhiqen, hetimet u d\u00ebshtojn\u00eb, bandat e t\u00eb miturve jan\u00eb n\u00eb liri.<\/p>\n<p>M\u00eb 22 prill kemi b\u00ebr\u00eb pyetje drejt MPB-s\u00eb si organ i zbulimit \u2013 se p\u00ebrse policia i ekspozon f\u00ebmij\u00ebt-viktima n\u00eb nj\u00eb stres dhe trauma t\u00eb re, duke i v\u00ebn\u00eb ata p\u00ebrball\u00eb dhunuesve, n\u00eb t\u00eb nj\u00ebjt\u00ebn hap\u00ebsir\u00eb? Deri n\u00eb publikimin e tekstit, nuk kemi marr\u00eb p\u00ebrgjigje.<\/p>\n<p>Drejt fundit t\u00eb janarit \u2013 djali 19 vje\u00e7ar nga Shkupi ishte sulmuar dhe vjedhur nga f\u00ebmij\u00eb m\u00eb t\u00eb vegj\u00ebl te \u00a0\u201cGuaska\u201d e Parkut t\u00eb Qytetit. Prind\u00ebrit menj\u00ebher\u00eb e kan\u00eb paraqitur rastin n\u00eb polici dhe at\u00eb mbr\u00ebmje babai ka n\u00ebnshkruar procesverbal.<\/p>\n<p>Pas nj\u00eb muaji, \u00ebsht\u00eb lajm\u00ebruar nj\u00eb inpektore policore q\u00eb e ka kapuar dhunuesin e mitur dhe i ka ftuar prind\u00ebrit q\u00eb ta sjellin f\u00ebmij\u00ebn n\u00eb p\u00ebrballje n\u00eb t\u00eb nj\u00ebjt\u00ebn hap\u00ebsir\u00eb me t\u00eb.<\/p>\n<p>Ajo thot\u00eb se \u00ebsht\u00eb normale q\u00eb rasti t\u00eb ket\u00eb d\u00ebshtuar, pasi kan\u00eb refuzuar ta sjellin f\u00ebmij\u00ebn p\u00ebr p\u00ebrballje, si\u00e7 do t\u00eb kishin vepruar shumica e prind\u00ebrve.<\/p>\n<ul>\n<li><a href=\"https:\/\/sdk.mk\/index.php\/makedonija\/ulichni-bandi-maltretiraat-detsa-vo-shkolski-dvor-do-politsiska-stanitsa\/\"><em><strong>BANDA RRUGORE MALTREOTJN\u00cb F\u00cbMIJ\u00cb N\u00cb OBORRIN E SHKOLL\u00cbS PRAN\u00cb NJ\u00cb STACIONI POLICOR<\/strong><\/em><\/a><\/li>\n<li><a href=\"https:\/\/sdk.mk\/index.php\/makedonija\/uapseni-chetvoritsa-od-bandata-maloletnitsi-koja-so-mesetsi-napaga-i-ograbuva-vrsnitsi-vo-tsentar-a-gi-tepa-i-detsata-vo-ou-gotse-delchev\/\"><strong><em>\u201c<\/em><\/strong><\/a><a href=\"https:\/\/sdk.mk\/index.php\/makedonija\/uapseni-chetvoritsa-od-bandata-maloletnitsi-koja-so-mesetsi-napaga-i-ograbuva-vrsnitsi-vo-tsentar-a-gi-tepa-i-detsata-vo-ou-gotse-delchev\/\"><strong><em><u>ARRESTOHEN KAT\u00cbR PERSONA NGA BANDA E T\u00cb MITURVE, E CILA ME MUAJ SULMON DHE VJEDH MOSHATAR\u00cb N\u00cb QEND\u00cbR, ND\u00cbRSA I RREH EDHE F\u00cbMIJ\u00cbT E SHF \u201cGOCE DELL\u00c7EV\u201d <\/u><\/em><\/strong><\/a><\/li>\n<\/ul>\n<p>Natasha K. m\u00eb 9 prill p\u00ebr k\u00ebt\u00eb gj\u00eb ngriti parashtres\u00eb te Avokati i popullit. Ajo e konteston m\u00ebnyr\u00ebn e pun\u00ebs s\u00eb policis\u00eb gjat\u00eb v\u00ebrtetimit t\u00eb identitetit t\u00eb autorit t\u00eb mitur, pasi Rregullorja n\u00eb MPB, si dhe Prokuroria, thot\u00eb q\u00eb kjo duhet b\u00ebr\u00eb me v\u00ebshtrim dhe me metodat e tjera, dhe vet\u00ebm n\u00eb situata t\u00eb jasht\u00ebzakonshme t\u00eb b\u00ebhet me p\u00ebrballjen viktim\u00eb-autor krimi.<\/p>\n<p>Sipas prokuror\u00ebve me t\u00eb cil\u00ebt kemi folur \u2013 policia, e zbaton k\u00ebt\u00eb metod\u00eb n\u00eb baz\u00eb t\u00eb rezistenc\u00ebs m\u00eb t\u00eb vog\u00ebl, sepse nuk mund t\u00eb gjej\u00eb f\u00ebmij\u00eb dhe t\u00eb mitur t\u00eb cil\u00ebt duhet t\u00eb jen\u00eb statist\u00eb n\u00eb tastet e metod\u00ebs s\u00eb v\u00ebshtrimit. P\u00ebr shembull, kur zbulohet nj\u00eb autor i till\u00eb i krimit, duhet t\u00eb ket\u00eb dikush n\u00eb t\u00eb ashtuquajt\u00ebn linj\u00eb horizontale t\u00eb v\u00ebshtrimit, t\u00eb gjenden t\u00eb pakt\u00ebn edhe 4-5 f\u00ebmij\u00eb t\u00eb tjer n\u00eb dukje t\u00eb ngjashme t\u00eb jashtme me t\u00eb.<\/p>\n<p>M\u00eb par\u00eb, policia p\u00ebr statist\u00eb ka th\u00ebrritur f\u00ebmij\u00eb n\u00eb sht\u00ebpit\u00eb e f\u00ebmij\u00ebve pa prind\u00ebr, nd\u00ebrsa tani m\u00eb t\u00eb leht\u00eb e kan\u00eb k\u00ebt\u00eb ta b\u00ebjn\u00eb me p\u00ebrballje, m\u00ebnyr\u00eb e cila duhet t\u00eb zbatohet vet\u00ebm n\u00eb rastin e fundit.<\/p>\n<p>N\u00eb nenin 6, si metoda t\u00eb identifikimit num\u00ebrohen si n\u00eb vijim: me v\u00ebshtrim me identifikim grupor, me videofilm apo me p\u00ebrballje.<\/p>\n<p>N\u00eb rregulloren, nj\u00eb vend dometh\u00ebn\u00ebs ka v\u00ebshtrimi (identifikimi p\u00ebrmes xhamit t\u00eb err\u00ebt) dhe ekzistojn\u00eb edhe detaje n\u00eb lidhje me statist\u00ebt.<\/p>\n<p>Nj\u00eb band\u00eb me 12 t\u00eb mitur dhe f\u00ebmij\u00eb, me shum\u00eb mund\u00ebsi e krijuar dhe e koordinuar nga persona t\u00eb rritur, me muaj sulmon dhe vjedh moshatar\u00ebt e vet, por edhe f\u00ebmij\u00eb t\u00eb rritur n\u00ebp\u00ebr Shkup. Prind\u00ebr dhe qytetar\u00eb t\u00eb sulmuar jan\u00eb paraqitur, por ishte e \u00e7uditshme q\u00eb p\u00ebr nj\u00eb koh\u00eb m\u00eb t\u00eb gjat\u00eb k\u00ebta t\u00eb mitur t\u00eb dhunsh\u00ebm, t\u00eb cil\u00ebt me vete kan\u00eb pasur dhe nj\u00eb t\u00eb ashtuquajtur arm\u00eb t\u00eb ftohur, nuk u kap\u00ebn nga policia.<\/p>\n<p>N\u00eb oborrin e shkoll\u00ebs \u201cGoce Dell\u00e7ev\u201d n\u00eb Qend\u00ebr t\u00eb Shkupit, vet\u00ebm 20 metra larg stacionit policor \u201cBeko\u201d, kjo band\u00eb 4 her\u00eb radhazi ka sulmuar, ndjekur dhe maltretuar moshatar\u00ebt e saj, nx\u00ebn\u00ebs t\u00eb cil\u00ebt n\u00eb or\u00ebt e padites dhe t\u00eb mbr\u00ebmjes kan\u00eb ardhur n\u00eb oborrin e shkoll\u00ebs p\u00ebr t\u2019u shoq\u00ebruar.<\/p>\n<p>Policia nuk i zuri nd\u00ebrsa po sulmonin n\u00eb oborrin e shkoll\u00ebs, por n\u00ebp\u00ebrmjet video-incizimeve nga kamerat e siguris\u00eb n\u00eb Qendr\u00ebn e qytetit t\u00eb Shkupit, pas paraqitjes s\u00eb dy kalimtar\u00ebve t\u00eb pjekur se jan\u00eb sumuar dhe rr\u00ebmbyer nga f\u00ebmij\u00eb. Mes t\u00eb arrestuarve ka qen\u00eb dhe i mituri me thik\u00eb dhe boksieri.<\/p>\n<p><strong><em>S.K. DELEVSKA <\/em><\/strong><\/p>\n\n<div style=\"font-size: 0px; height: 0px; line-height: 0px; margin: 0; padding: 0; clear: both;\"><\/div>","protected":false},"excerpt":{"rendered":"<p>Policia, kur arreston t\u00eb mitur dhe f\u00ebmij\u00eb t\u00eb dyshuar p\u00ebr vepra penale, dhun\u00eb, vjedhje, sulm apo rr\u00ebmbime, i th\u00ebrret viktimat [&hellip;]<\/p>\n","protected":false},"author":25,"featured_media":218033,"comment_status":"closed","ping_status":"closed","sticky":false,"template":"","format":"standard","meta":{"_mo_disable_npp":"no","inline_featured_image":false},"categories":[3085,3087],"tags":[],"imageURL":"https:\/\/sdk.mk\/wp-content\/uploads\/2024\/04\/lenin-skolo-3289328-650x341.jpg","thumbURL":"https:\/\/sdk.mk\/wp-content\/uploads\/2024\/04\/lenin-skolo-3289328-250x131.jpg","categoryNames":["Histori t\u00eb parr\u00ebfyera","Maqedonia"],"feature_caption":"N\u00eb oborrin e shkoll\u00ebs \u201cGoce Dell\u00e7ev\u201d n\u00eb Qend\u00ebr t\u00eb Shkupit, vet\u00ebm 20 metra larg stacionit policor \u201cBeko\u201d, nj\u00eb band\u00eb t\u00eb miturish 4 her\u00eb me radh\u00eb ka sulmuar nx\u00ebn\u00ebsit, t\u00eb cil\u00ebt n\u00eb or\u00ebt e pasdites dhe t\u00eb mbr\u00ebmjes kan\u00eb ardhur nga oborri i shkoll\u00ebs p\u00ebr t\u2019u shoq\u00ebruar. (Foto: SDK.MK) ","subtitle":"","views":"26","source":"Shkup, SAKAMDAKAZAM.MK","yoast_head":"<!-- This site is optimized with the Yoast SEO Premium plugin v15.0 - https:\/\/yoast.com\/wordpress\/plugins\/seo\/ -->\n<title>POLICIA I TH\u00cbRRITI F\u00cbMIJ\u00cbT E SULMUAR T\u00cb P\u00cbRBALLEN VET\u00cb ME DHUNUESIT DHE I EKSPOZON N\u00cb NJ\u00cb TRAUM\u00cb T\u00cb RE, EDHE PSE EKSZISTOJN\u00cb M\u00cbNYRA T\u00cb TJERA T\u00cb IDENTIFIKIMIT - \u0421\u0430\u043a\u0430\u043c \u0414\u0430 \u041a\u0430\u0436\u0430\u043c<\/title>\n<meta name=\"robots\" content=\"index, follow, max-snippet:-1, max-image-preview:large, max-video-preview:-1\" \/>\n<link rel=\"canonical\" href=\"https:\/\/sdk.mk\/index.php\/histori-te-parrefyera\/policia-i-therriti-femijet-e-sulmuar-te-perballen-vete-me-dhunuesit-dhe-i-ekspozon-ne-nje-traume-te-re-edhe-pse-ekszistojne-menyra-te-tjera-te-identifikimit\/\" \/>\n<meta property=\"og:locale\" content=\"mk_MK\" \/>\n<meta property=\"og:type\" content=\"article\" \/>\n<meta property=\"og:title\" content=\"POLICIA I TH\u00cbRRITI F\u00cbMIJ\u00cbT E SULMUAR T\u00cb P\u00cbRBALLEN VET\u00cb ME DHUNUESIT DHE I EKSPOZON N\u00cb NJ\u00cb TRAUM\u00cb T\u00cb RE, EDHE PSE EKSZISTOJN\u00cb M\u00cbNYRA T\u00cb TJERA T\u00cb IDENTIFIKIMIT - \u0421\u0430\u043a\u0430\u043c \u0414\u0430 \u041a\u0430\u0436\u0430\u043c\" \/>\n<meta property=\"og:description\" content=\"Policia, kur arreston t\u00eb mitur dhe f\u00ebmij\u00eb t\u00eb dyshuar p\u00ebr vepra penale, dhun\u00eb, vjedhje, sulm apo rr\u00ebmbime, i th\u00ebrret viktimat [&hellip;]\" \/>\n<meta property=\"og:url\" content=\"https:\/\/sdk.mk\/index.php\/histori-te-parrefyera\/policia-i-therriti-femijet-e-sulmuar-te-perballen-vete-me-dhunuesit-dhe-i-ekspozon-ne-nje-traume-te-re-edhe-pse-ekszistojne-menyra-te-tjera-te-identifikimit\/\" \/>\n<meta property=\"og:site_name\" content=\"\u0421\u0430\u043a\u0430\u043c \u0414\u0430 \u041a\u0430\u0436\u0430\u043c\" \/>\n<meta property=\"article:published_time\" content=\"2024-06-24T11:50:19+00:00\" \/>\n<meta property=\"og:image\" content=\"https:\/\/sdk.mk\/wp-content\/uploads\/2024\/04\/lenin-skolo-3289328.jpg\" \/>\n\t<meta property=\"og:image:width\" content=\"1019\" \/>\n\t<meta property=\"og:image:height\" content=\"535\" \/>\n<meta property=\"fb:app_id\" content=\"2407985809428537\" \/>\n<meta name=\"twitter:card\" content=\"summary\" \/>\n<script type=\"application\/ld+json\" class=\"yoast-schema-graph\">{\"@context\":\"https:\/\/schema.org\",\"@graph\":[{\"@type\":\"WebSite\",\"@id\":\"https:\/\/sdk.mk\/#website\",\"url\":\"https:\/\/sdk.mk\/\",\"name\":\"\\u0421\\u0430\\u043a\\u0430\\u043c \\u0414\\u0430 \\u041a\\u0430\\u0436\\u0430\\u043c\",\"description\":\"\\u0417\\u0430 \\u0441\\u043b\\u043e\\u0431\\u043e\\u0434\\u043e\\u0443\\u043c\\u043d\\u0438\",\"potentialAction\":[{\"@type\":\"SearchAction\",\"target\":\"https:\/\/sdk.mk\/?s={search_term_string}\",\"query-input\":\"required name=search_term_string\"}],\"inLanguage\":\"mk-MK\"},{\"@type\":\"ImageObject\",\"@id\":\"https:\/\/sdk.mk\/index.php\/histori-te-parrefyera\/policia-i-therriti-femijet-e-sulmuar-te-perballen-vete-me-dhunuesit-dhe-i-ekspozon-ne-nje-traume-te-re-edhe-pse-ekszistojne-menyra-te-tjera-te-identifikimit\/#primaryimage\",\"inLanguage\":\"mk-MK\",\"url\":\"https:\/\/sdk.mk\/wp-content\/uploads\/2024\/04\/lenin-skolo-3289328.jpg\",\"width\":1019,\"height\":535},{\"@type\":\"WebPage\",\"@id\":\"https:\/\/sdk.mk\/index.php\/histori-te-parrefyera\/policia-i-therriti-femijet-e-sulmuar-te-perballen-vete-me-dhunuesit-dhe-i-ekspozon-ne-nje-traume-te-re-edhe-pse-ekszistojne-menyra-te-tjera-te-identifikimit\/#webpage\",\"url\":\"https:\/\/sdk.mk\/index.php\/histori-te-parrefyera\/policia-i-therriti-femijet-e-sulmuar-te-perballen-vete-me-dhunuesit-dhe-i-ekspozon-ne-nje-traume-te-re-edhe-pse-ekszistojne-menyra-te-tjera-te-identifikimit\/\",\"name\":\"POLICIA I TH\\u00cbRRITI F\\u00cbMIJ\\u00cbT E SULMUAR T\\u00cb P\\u00cbRBALLEN VET\\u00cb ME DHUNUESIT DHE I EKSPOZON N\\u00cb NJ\\u00cb TRAUM\\u00cb T\\u00cb RE, EDHE PSE EKSZISTOJN\\u00cb M\\u00cbNYRA T\\u00cb TJERA T\\u00cb IDENTIFIKIMIT - \\u0421\\u0430\\u043a\\u0430\\u043c \\u0414\\u0430 \\u041a\\u0430\\u0436\\u0430\\u043c\",\"isPartOf\":{\"@id\":\"https:\/\/sdk.mk\/#website\"},\"primaryImageOfPage\":{\"@id\":\"https:\/\/sdk.mk\/index.php\/histori-te-parrefyera\/policia-i-therriti-femijet-e-sulmuar-te-perballen-vete-me-dhunuesit-dhe-i-ekspozon-ne-nje-traume-te-re-edhe-pse-ekszistojne-menyra-te-tjera-te-identifikimit\/#primaryimage\"},\"datePublished\":\"2024-06-24T11:50:19+00:00\",\"dateModified\":\"2024-06-24T11:50:19+00:00\",\"author\":{\"@id\":\"https:\/\/sdk.mk\/#\/schema\/person\/737021aeacbe893f7e2c347186c5c7a1\"},\"inLanguage\":\"mk-MK\",\"potentialAction\":[{\"@type\":\"ReadAction\",\"target\":[\"https:\/\/sdk.mk\/index.php\/histori-te-parrefyera\/policia-i-therriti-femijet-e-sulmuar-te-perballen-vete-me-dhunuesit-dhe-i-ekspozon-ne-nje-traume-te-re-edhe-pse-ekszistojne-menyra-te-tjera-te-identifikimit\/\"]}]},{\"@type\":\"Person\",\"@id\":\"https:\/\/sdk.mk\/#\/schema\/person\/737021aeacbe893f7e2c347186c5c7a1\",\"name\":\"\\u0424\\u0458\\u043e\\u043b\\u0430 \\u0417\\u043b\\u0430\\u0442\\u043a\\u0443\"}]}<\/script>\n<!-- \/ Yoast SEO Premium plugin. -->","_links":{"self":[{"href":"https:\/\/sdk.mk\/index.php\/wp-json\/wp\/v2\/posts\/223717"}],"collection":[{"href":"https:\/\/sdk.mk\/index.php\/wp-json\/wp\/v2\/posts"}],"about":[{"href":"https:\/\/sdk.mk\/index.php\/wp-json\/wp\/v2\/types\/post"}],"author":[{"embeddable":true,"href":"https:\/\/sdk.mk\/index.php\/wp-json\/wp\/v2\/users\/25"}],"replies":[{"embeddable":true,"href":"https:\/\/sdk.mk\/index.php\/wp-json\/wp\/v2\/comments?post=223717"}],"version-history":[{"count":0,"href":"https:\/\/sdk.mk\/index.php\/wp-json\/wp\/v2\/posts\/223717\/revisions"}],"wp:featuredmedia":[{"embeddable":true,"href":"https:\/\/sdk.mk\/index.php\/wp-json\/wp\/v2\/media\/218033"}],"wp:attachment":[{"href":"https:\/\/sdk.mk\/index.php\/wp-json\/wp\/v2\/media?parent=223717"}],"wp:term":[{"taxonomy":"category","embeddable":true,"href":"https:\/\/sdk.mk\/index.php\/wp-json\/wp\/v2\/categories?post=223717"},{"taxonomy":"post_tag","embeddable":true,"href":"https:\/\/sdk.mk\/index.php\/wp-json\/wp\/v2\/tags?post=223717"}],"curies":[{"name":"wp","href":"https:\/\/api.w.org\/{rel}","templated":true}]}}