{"id":230501,"date":"2024-09-23T14:02:46","date_gmt":"2024-09-23T12:02:46","guid":{"rendered":"https:\/\/sdk.mk\/?p=230501"},"modified":"2024-09-23T14:02:46","modified_gmt":"2024-09-23T12:02:46","slug":"gjuajtje-ne-ere","status":"publish","type":"post","link":"https:\/\/sdk.mk\/index.php\/dua-te-them\/gjuajtje-ne-ere\/","title":{"rendered":"GJUAJTJE N\u00cb ER\u00cb"},"content":{"rendered":"<div class=\"f52428582a4b906b2d2e2a7d733c7d27\" data-index=\"7\" style=\"float: none; margin:10px 0 10px 0; text-align:center;\">\n<!-- MSP Ads Asynchronous JS Tag - Generated with Revive Adserver v5.4.1 -->\r\n<ins data-revive-zoneid=\"167\" data-revive-id=\"060fdb01f6430ec164d3519234aa4967\"><\/ins>\r\n<script async src=\"\/\/panel.ads.com.mk\/www\/delivery\/asyncjs.php\"><\/script>\n<\/div>\n<p><span class=\"dropcap color firstcharacter\">1 <\/span>Si ia b\u00ebri kryeministri Hristijan Mickoski Ursulla fon der Llajenit gjat\u00eb drek\u00ebs n\u00eb Bruksel! I mbrojti interest komb\u00ebtar\u00eb pa e ndrydhur kurrizin dhe pa l\u00ebpir\u00eb k\u00ebpuc\u00ebt. Me t\u00eb goditur tavolin\u00ebn, tha: N\u00ebse doni t\u00eb na pranoni n\u00eb BE, do t\u00eb gjeni m\u00ebnyr\u00eb q\u00eb t\u00eb na pranoni. Dhe shkoi n\u00eb Shtip t\u00eb rendis\u00eb pllaka n\u00eb rrug\u00ebn ku po promovohej past\u00ebrmajlia gjigande prej dy metrash.<br \/>\nKryeministri, para se t\u00eb nisej p\u00ebr n\u00eb Bruksel tha se aty do t\u2019i transmetoj\u00eb \u201cfrustrimet q\u00eb i kan\u00eb qytetar\u00ebt maqedonas, sepse m\u00eb tep\u00ebr se nj\u00eb dekad\u00eb e gjys\u00ebm nuk kemi mund\u00ebsi t\u00eb fillojm\u00eb negociatat me BE-n\u00eb sepse ka pengesa artificiale, q\u00eb nuk i ka pasur asnj\u00eb shtet tjet\u00ebr\u201d.<\/p>\n<p>A thua se kjo \u00ebsht\u00eb tema e bised\u00ebs. Mund t\u00eb imagjinoj se si jan\u00eb \u00e7uditur nikoqir\u00ebt: Ore, ne jemi t\u00eb gatsh\u00ebm t\u00eb japim qindra miliona euro, nd\u00ebrsa ky ka ardhur t\u00eb na flas\u00eb p\u00ebr frustrime.<\/p>\n<p>Bashkimi Evropian vjesht\u00ebn e kaluar vendosi t\u00eb ndaj\u00eb 6 miliard\u00eb euro p\u00ebr zhvillimin e vendeve t\u00eb Ballkanit Per\u00ebndimor. Secila prej k\u00ebtyre 6 vendeve q\u00eb i p\u00ebrkasin vrim\u00ebs s\u00eb zez\u00eb n\u00eb mes t\u00eb Evrop\u00ebs duhet t\u00eb p\u00ebrgatis\u00eb projekte p\u00ebr t\u00eb marr\u00eb parat\u00eb. K\u00ebshtu q\u00eb, nga Mickoski prisja q\u00eb n\u00eb Bruksel t&#8217;u thoshte si do t&#8217;i shpenzonte parat\u00eb q\u00eb ata vendos\u00ebn t\u00eb na i japin.<\/p>\n<p>Besoj se edhe atij i kan\u00eb th\u00ebn\u00eb, si\u00e7 i thoshin me qindra here qeveris\u00eb s\u00eb kaluar, dhe n\u00eb Kuvend vinin dhe na mbanin fjalime: Ne kemi mir\u00ebkuptim p\u00ebr frustrimet tuaja. Megjithat\u00eb, a keni ju nj\u00eb plan se si do t&#8217;i shpenzoni parat\u00eb q\u00eb ne, megjithat\u00eb, si nj\u00eb lloj ngush\u00ebllimi p\u00ebr mospranimin tuaj, kemi vendosur t\u2019jua japim? P\u00ebr trajtime psikiatrike p\u00ebr t\u00eb trajtuar frustrimet, nuk japim para. A keni ndonj\u00eb k\u00ebrkes\u00eb tjet\u00ebr? A keni ndonj\u00eb projekt t\u00eb p\u00ebrfunduar p\u00ebr financim, q\u00eb e tejkalon rritjen lineare t\u00eb pensioneve dhe nd\u00ebrtimin e shkollave dhe kopshteve? Nj\u00eb projekt q\u00eb do t\u00eb ishte aq i r\u00ebnd\u00ebsish\u00ebm sa t\u00eb afronte shtetin me BE-n\u00eb?<\/p>\n<p>Ata gjithsesi kan\u00eb vendosur q\u00eb parat\u00eb t&#8217;i ndajn\u00eb mes nesh, k\u00ebshtu q\u00eb n\u00ebse nuk i marrim ne, do t&#8217;ua shp\u00ebrndajn\u00eb Serbis\u00eb, Kosov\u00ebs, Shqip\u00ebris\u00eb, Malit t\u00eb Zi ose Bosnj\u00ebs dhe Hercegovin\u00ebs. Do t\u2019ua gjejn\u00eb zgjidhjen, n\u00ebse ne nuk jemi t\u00eb aft\u00eb t\u2019i shpenzojm\u00eb. N\u00eb fund t\u00eb fundit, n\u00ebse Mickoski \u00ebsht\u00eb i zoti p\u00ebr t\u00eb qeverisur, me ose pa ato para, le t\u00eb na e sjell\u00eb BE-n\u00eb n\u00eb sht\u00ebpi. Pastaj le t\u00eb frustrohet sa t\u00eb doj\u00eb. Me nj\u00eb sebep, edhe frustrimi do t\u2019i kaloj\u00eb. Po edhe neve gjithashtu.<\/p>\n<p>\u00c7do gj\u00eb tjet\u00ebr \u00ebsht\u00eb shkuarje n\u00ebp\u00ebr dreka dhe gjuajtje ne er\u00eb.<\/p>\n<p><span class=\"dropcap color firstcharacter\">2 <\/span> Jo se Mickoski nuk ka t\u00eb drejt\u00eb kur thot\u00eb se n\u00ebse shtetet e BE-s\u00eb do t\u00eb donin t\u00eb na pranojn\u00eb, deri m\u00eb tani do t\u00eb gjenin m\u00ebnyr\u00eb p\u00ebr t\u00eb na pranuar. Bullgaria nuk \u00ebsht\u00eb problem, Bullgaria \u00ebsht\u00eb justifikimi i tyre. P\u00ebr m\u00eb tep\u00ebr, jam i bindur se, kur mund\u00ebn t\u00eb pranojn\u00eb Bullgarin\u00eb, sigurisht q\u00eb mund t\u00eb na pranojn\u00eb edhe ne. Jemi m\u00eb t\u00eb vegj\u00ebl se nj\u00eb lagje periferike e nj\u00eb metropoli evropian, q\u00eb besuan n\u00eb BE dhe q\u00ebndruan k\u00ebtu duke pritur BE-n\u00eb, n\u00eb vend q\u00eb t\u00eb emigronin atje. Por, hajde, t\u00eb mos frustrohemi m\u00eb shum\u00eb me k\u00ebto biseda, m\u00eb mundojn\u00eb dhe jam lodhur prej tyre.<\/p>\n<p>Nd\u00ebrkoh\u00eb, qeverit\u00eb n\u00eb BE kan\u00eb ndryshuar, edhe qeveria k\u00ebtu ka ndryshuar, k\u00ebshtu q\u00eb ndoshta u ka kaluar d\u00ebshira p\u00ebr zgjerim. Ose ndoshta jo. E kam fjal\u00ebn, nuk b\u00ebhet fjal\u00eb p\u00ebr dashuri apo urrejtje. \u00c7\u00ebshtja \u00ebsht\u00eb: n\u00ebse b\u00ebjm\u00eb pazare, t\u00eb pakt\u00ebn t\u00eb p\u00ebrfitojm\u00eb. Ky ka qen\u00eb diskutimi q\u00eb nga shpallja e pavar\u00ebsis\u00eb, por ne e kuptuam von\u00eb, sepse humb\u00ebm 20 vjet duke mos dashur ta pranojm\u00eb faktin q\u00eb po negocionim me Greqin\u00eb p\u00ebr emrin.<\/p>\n<p>Mbi politik\u00ebn e zgjerimit t\u00eb BE-s\u00eb nuk mund t\u00eb ndikosh. Akoma m\u00eb pak mund t\u2019ua ndryshosh parimin e konsensusit. Ne tashm\u00eb pes\u00eb vjet jetojm\u00eb me veton e Bullgaris\u00eb. A nuk jan\u00eb t\u00eb mjaftueshme? Dhe besoj se do t\u00eb jetojm\u00eb edhe m\u00eb gjat\u00eb me k\u00ebt\u00eb. \u00c7\u00ebshtja \u00ebsht\u00eb: B\u00ebhu praktik. B\u00ebj di\u00e7ka konkrete. Dhe n\u00ebse tashm\u00eb po b\u00ebn pazar me BE-n\u00eb, sigurohu q\u00eb t\u00eb p\u00ebrfitosh. Vet\u00ebm k\u00ebshtu edhe ne do t\u00eb kemi ndonj\u00eb dobi nga drekat n\u00eb Bruksel.<\/p>\n<p><span class=\"dropcap color firstcharacter\">3<\/span> Ashtu si\u00e7 p\u00ebrfituam nga dreka e presidentes Gordana Siljanovska-Davkova n\u00eb Sofje. Dhe ja, n\u00eb frym\u00ebn e fatit t\u00eb trisht\u00eb t\u00eb popullit maqedonas, p\u00ebrs\u00ebri ne jemi viktima, sepse presidenti Rumen Radev e vendosi presidenten maqedonase t\u00eb fotografohet vet\u00ebm para flamurit bullgar.<\/p>\n<p>Po, ne nuk kemi as nj\u00eb protokoll t\u00eb rregullt, as nj\u00eb vizit\u00eb t\u00eb thjesht\u00eb t\u00eb diplomacis\u00eb kulturore q\u00eb t&#8217;ia organizojm\u00eb presidentes 200 kilometra larg Shkupit. Ata q\u00eb dinin nga koha e ish-shtetit shkuan n\u00eb pension, erdh\u00ebn kuadrot e paafta partiake q\u00eb mendojn\u00eb se din\u00eb gjith\u00e7ka, por nuk m\u00ebsojn\u00eb asgj\u00eb. E megjithat\u00eb, mburremi se me diplomacin\u00eb ton\u00eb dhe me p\u00ebrb\u00ebrjen e njer\u00ebzve n\u00eb ministrit\u00eb e kabineteve ky\u00e7e do t\u00eb lobojm\u00eb n\u00eb 27 vende t\u00eb BE-s\u00eb q\u00eb t\u00eb ndryshojn\u00eb politik\u00ebn e tyre t\u00eb zgjerimit.<\/p>\n<p>Radev me t\u00eb v\u00ebrtet\u00eb \u00ebsht\u00eb dashakeq. Por tan\u00ebt vet\u00eb e kan\u00eb sjell\u00eb veten n\u00eb at\u00eb situat\u00eb. Bullgar\u00ebt thon\u00eb se nuk kishte nevoj\u00eb p\u00ebr flamur maqedonas sepse presidentja nuk ishte as n\u00eb vizit\u00eb zyrtare, as n\u00eb vizit\u00eb pune. Historia doli k\u00ebshtu: Un\u00eb nisa p\u00ebr n\u00eb opera, dhe thash\u00eb me vete, po i bie nj\u00eb telefon Radevit t\u00eb pyes n\u00ebse \u00ebsht\u00eb aty, q\u00eb t\u00eb kaloj p\u00ebr nj\u00eb kafe. Dhe ai thot\u00eb, zonj\u00eb, jo vet\u00ebm kafe. Do t\u00eb t\u00eb jap edhe drek\u00eb. Por nuk jam vet\u00ebm, kam me vete edhe dy f\u00ebmij\u00eb, ministrat e jasht\u00ebm dhe t\u00eb kultur\u00ebs. Epo mir\u00eb, t\u00eb gjith\u00eb do t\u00eb ham\u00eb drek\u00eb, do t\u00eb ftoj edhe n\u00ebnkryetaren Jotova q\u00eb hapi klubin bullgar &#8220;Van\u00e7o Mihajllov&#8221; n\u00eb Manastir, do t\u00eb b\u00ebjm\u00eb muhabet p\u00ebr Kriteret e Kopenhag\u00ebs, dhe pastaj shkoni ju n\u00eb teat\u00ebr.<\/p>\n<p>Flamur maqedonas nuk kishte as gjat\u00eb takimit t\u00eb ministrit t\u00eb Kultur\u00ebs, Zoran Ljutkov, dhe ministri i jasht\u00ebm, Tim\u00e7o Mucunski, nuk u takua fare me homologun e tij nga qeveria bullgare. Ai thjesht h\u00ebngri drek\u00eb. T\u00eb pakt\u00ebn t\u00eb kishin publikuar foto nga dreka, t\u00eb shihnim \u00e7far\u00eb kishin ngr\u00ebn\u00eb.<\/p>\n<p>K\u00ebshtu-ashtu, bullgar\u00ebt na d\u00ebrguan foto nga Kabineti i Presidentit. Tan\u00ebt ishin ata q\u00eb me shum\u00eb buj\u00eb dhe krenari vet\u00eb i publikuan fotot, si me presidenten ashtu edhe me ministrin Ljutkov, pa flamurin shtet\u00ebror maqedonas. E pastaj, bullgar\u00ebt nuk qenkan n\u00eb rregull, demarsh, pastaj ambasadori i tyre nuk e pranon demarshin, pastaj ambasadorja jon\u00eb do ta \u00e7onte, ndoshta do ta l\u00ebr\u00eb n\u00eb arkiv\u00eb te sporteli, dhe Bojko Borisov nga Bullgaria do ta z\u00ebvend\u00ebsonte z\u00ebvend\u00ebskryeministrin maqedonas Aleksandar Nikolloski sepse ai kishte th\u00ebn\u00eb se ishin nikoqir\u00eb t\u00eb pacivilizuar dhe do t\u00eb nd\u00ebrpriste t\u00eb gjitha bisedimet me Maqedonin\u00eb. Pastaj Nikolloski ishte \u00e7mendur nga nervozizmi dhe nga Budapesti shp\u00ebrtheu me nj\u00eb video me disa pllaka n\u00eb sfond, sikur po fshihej n\u00eb tualet gjat\u00eb xhirimit\u2026 diplomaci kulturore, apo jo? Fatmir\u00ebsisht, ende nuk ka shp\u00ebrthyer Lufta e Tret\u00eb Bot\u00ebrore.<\/p>\n<p>Kryeministri Mickoski pas k\u00ebtij skandali diplomatik tha se p\u00ebr t\u00eb ishte m\u00eb e r\u00ebnd\u00ebsishme q\u00eb &#8220;Evropa dhe bota mund t\u00eb shihnin n\u00eb nj\u00eb sken\u00eb t\u00eb hapur, dhe k\u00ebt\u00eb e prisnim, se cilat jan\u00eb v\u00ebrtet\u00eb q\u00ebllimet e udh\u00ebheqjes n\u00eb Sofje.&#8221;<\/p>\n<p>Of, of! Evropa 26 vjet i pa q\u00ebllimet e v\u00ebrteta t\u00eb Greqis\u00eb, e nuk iu dridh as qerpiku. Gjykata Evropiane e t\u00eb Drejtave t\u00eb Njeriut n\u00eb Strasburg 17 vjet radhazi e d\u00ebnon Bullgarin\u00eb p\u00ebr shkelje t\u00eb t\u00eb drejtave t\u00eb njeriut sepse nuk njeh nj\u00eb pakic\u00eb maqedonase. Dhe ja, ata jan\u00eb brenda, ne jemi jasht\u00eb. Ne e fituam edhe nj\u00eb vendim nga Gjykata Nd\u00ebrkomb\u00ebtare e Drejt\u00ebsis\u00eb n\u00eb Hag\u00eb n\u00eb favorin ton\u00eb n\u00eb mosmarr\u00ebveshjen me Greqin\u00eb, por askush nuk u shqet\u00ebsua, e tani Evropa dhe bota do t\u00eb shqet\u00ebsohen p\u00ebr nj\u00eb flamur?<\/p>\n<p>Eh, i dim\u00eb mir\u00eb Bullgar\u00ebt, nuk jan\u00eb nga dje. Nj\u00eb qytetar i zakonsh\u00ebm shkon t\u00eb skijoj\u00eb, e kur kalon n\u00eb Deva Bair, \u00ebsht\u00eb gati p\u00ebr provokacione, hap dy syt\u00eb, d\u00ebgjon me kat\u00ebr vesh\u00eb, num\u00ebron deri n\u00eb tre \u00e7far\u00eb do t\u00eb thot\u00eb. E ne e lejuam presidenten t\u00eb t\u00ebrhiqet nga gazetar\u00ebt n\u00eb rrug\u00eb, pa radh\u00eb, me mikrofonat dhe kamerat n\u00eb fytyr\u00eb. Dhe ajo, akoma, po u recitonte poezi n\u00eb mes t\u00eb Sofjes, shum\u00eb i p\u00eblqen t\u00eb flas\u00eb si profesore.<\/p>\n<p>Historia na ka m\u00ebsuar se nga Bullgaria mund t\u00eb pres\u00ebsh vet\u00ebm telashe. Nuk e k\u00ebrkon vet\u00eb.<\/p>\n\n<div style=\"font-size: 0px; height: 0px; line-height: 0px; margin: 0; padding: 0; clear: both;\"><\/div>","protected":false},"excerpt":{"rendered":"<p>Si ia b\u00ebri kryeministri Hristijan Mickoski Ursulla fon der Llajenit gjat\u00eb drek\u00ebs n\u00eb Bruksel! I mbrojti interest komb\u00ebtar\u00eb pa e [&hellip;]<\/p>\n","protected":false},"author":25,"featured_media":0,"comment_status":"closed","ping_status":"closed","sticky":false,"template":"","format":"standard","meta":{"_mo_disable_npp":"no","inline_featured_image":false},"categories":[1825],"tags":[],"imageURL":false,"thumbURL":false,"categoryNames":["DUA T\u00cb THEM"],"feature_caption":"","subtitle":"P\u00ebr trajtime psikiatrike p\u00ebr t\u00eb trajtuar frustrimet, nuk japim para. ","views":"41","source":"Shkup, SAKAMDAKAZAM.MK","yoast_head":"<!-- This site is optimized with the Yoast SEO Premium plugin v15.0 - https:\/\/yoast.com\/wordpress\/plugins\/seo\/ -->\n<title>GJUAJTJE N\u00cb ER\u00cb - \u0421\u0430\u043a\u0430\u043c \u0414\u0430 \u041a\u0430\u0436\u0430\u043c<\/title>\n<meta name=\"robots\" content=\"index, follow, max-snippet:-1, max-image-preview:large, max-video-preview:-1\" \/>\n<link rel=\"canonical\" href=\"https:\/\/sdk.mk\/index.php\/dua-te-them\/gjuajtje-ne-ere\/\" \/>\n<meta property=\"og:locale\" content=\"mk_MK\" \/>\n<meta property=\"og:type\" content=\"article\" \/>\n<meta property=\"og:title\" content=\"GJUAJTJE N\u00cb ER\u00cb - \u0421\u0430\u043a\u0430\u043c \u0414\u0430 \u041a\u0430\u0436\u0430\u043c\" \/>\n<meta property=\"og:description\" content=\"Si ia b\u00ebri kryeministri Hristijan Mickoski Ursulla fon der Llajenit gjat\u00eb drek\u00ebs n\u00eb Bruksel! I mbrojti interest komb\u00ebtar\u00eb pa e [&hellip;]\" \/>\n<meta property=\"og:url\" content=\"https:\/\/sdk.mk\/index.php\/dua-te-them\/gjuajtje-ne-ere\/\" \/>\n<meta property=\"og:site_name\" content=\"\u0421\u0430\u043a\u0430\u043c \u0414\u0430 \u041a\u0430\u0436\u0430\u043c\" \/>\n<meta property=\"article:published_time\" content=\"2024-09-23T12:02:46+00:00\" \/>\n<meta property=\"og:image\" content=\"https:\/\/sdk.mk\/wp-content\/uploads\/2015\/12\/goran-mihailovski2.jpg\" \/>\n\t<meta property=\"og:image:width\" content=\"400\" \/>\n\t<meta property=\"og:image:height\" content=\"313\" \/>\n<meta property=\"fb:app_id\" content=\"2407985809428537\" \/>\n<meta name=\"twitter:card\" content=\"summary\" \/>\n<script type=\"application\/ld+json\" class=\"yoast-schema-graph\">{\"@context\":\"https:\/\/schema.org\",\"@graph\":[{\"@type\":\"WebSite\",\"@id\":\"https:\/\/sdk.mk\/#website\",\"url\":\"https:\/\/sdk.mk\/\",\"name\":\"\\u0421\\u0430\\u043a\\u0430\\u043c \\u0414\\u0430 \\u041a\\u0430\\u0436\\u0430\\u043c\",\"description\":\"\\u0417\\u0430 \\u0441\\u043b\\u043e\\u0431\\u043e\\u0434\\u043e\\u0443\\u043c\\u043d\\u0438\",\"potentialAction\":[{\"@type\":\"SearchAction\",\"target\":\"https:\/\/sdk.mk\/?s={search_term_string}\",\"query-input\":\"required name=search_term_string\"}],\"inLanguage\":\"mk-MK\"},{\"@type\":\"WebPage\",\"@id\":\"https:\/\/sdk.mk\/index.php\/dua-te-them\/gjuajtje-ne-ere\/#webpage\",\"url\":\"https:\/\/sdk.mk\/index.php\/dua-te-them\/gjuajtje-ne-ere\/\",\"name\":\"GJUAJTJE N\\u00cb ER\\u00cb - \\u0421\\u0430\\u043a\\u0430\\u043c \\u0414\\u0430 \\u041a\\u0430\\u0436\\u0430\\u043c\",\"isPartOf\":{\"@id\":\"https:\/\/sdk.mk\/#website\"},\"datePublished\":\"2024-09-23T12:02:46+00:00\",\"dateModified\":\"2024-09-23T12:02:46+00:00\",\"author\":{\"@id\":\"https:\/\/sdk.mk\/#\/schema\/person\/737021aeacbe893f7e2c347186c5c7a1\"},\"inLanguage\":\"mk-MK\",\"potentialAction\":[{\"@type\":\"ReadAction\",\"target\":[\"https:\/\/sdk.mk\/index.php\/dua-te-them\/gjuajtje-ne-ere\/\"]}]},{\"@type\":\"Person\",\"@id\":\"https:\/\/sdk.mk\/#\/schema\/person\/737021aeacbe893f7e2c347186c5c7a1\",\"name\":\"\\u0424\\u0458\\u043e\\u043b\\u0430 \\u0417\\u043b\\u0430\\u0442\\u043a\\u0443\"}]}<\/script>\n<!-- \/ Yoast SEO Premium plugin. -->","_links":{"self":[{"href":"https:\/\/sdk.mk\/index.php\/wp-json\/wp\/v2\/posts\/230501"}],"collection":[{"href":"https:\/\/sdk.mk\/index.php\/wp-json\/wp\/v2\/posts"}],"about":[{"href":"https:\/\/sdk.mk\/index.php\/wp-json\/wp\/v2\/types\/post"}],"author":[{"embeddable":true,"href":"https:\/\/sdk.mk\/index.php\/wp-json\/wp\/v2\/users\/25"}],"replies":[{"embeddable":true,"href":"https:\/\/sdk.mk\/index.php\/wp-json\/wp\/v2\/comments?post=230501"}],"version-history":[{"count":0,"href":"https:\/\/sdk.mk\/index.php\/wp-json\/wp\/v2\/posts\/230501\/revisions"}],"wp:attachment":[{"href":"https:\/\/sdk.mk\/index.php\/wp-json\/wp\/v2\/media?parent=230501"}],"wp:term":[{"taxonomy":"category","embeddable":true,"href":"https:\/\/sdk.mk\/index.php\/wp-json\/wp\/v2\/categories?post=230501"},{"taxonomy":"post_tag","embeddable":true,"href":"https:\/\/sdk.mk\/index.php\/wp-json\/wp\/v2\/tags?post=230501"}],"curies":[{"name":"wp","href":"https:\/\/api.w.org\/{rel}","templated":true}]}}