{"id":23250,"date":"2017-02-08T15:53:51","date_gmt":"2017-02-08T14:53:51","guid":{"rendered":"http:\/\/sdk.mk\/\/?p=23250"},"modified":"2017-02-08T15:53:51","modified_gmt":"2017-02-08T14:53:51","slug":"personi-pengesa-zhvillimi-paguan-qera-shtetit-nderkohe-qe-nuk-mund-te-shperngulet-sepse-ka-marre-nje-banese-te-shkaterruar","status":"publish","type":"post","link":"https:\/\/sdk.mk\/index.php\/ngrije-zerin-per-avokatin-e-popullit\/personi-pengesa-zhvillimi-paguan-qera-shtetit-nderkohe-qe-nuk-mund-te-shperngulet-sepse-ka-marre-nje-banese-te-shkaterruar\/","title":{"rendered":"PERSONI ME PENGESA ZHVILLIMI I PAGUAN QERA SHTETIT, ND\u00cbRKOH\u00cb Q\u00cb NUK MUND T\u00cb SHP\u00cbRNGULET SEPSE KA MARR\u00cb NJ\u00cb BANES\u00cb T\u00cb SHKAT\u00cbRRUAR"},"content":{"rendered":"<div class=\"f52428582a4b906b2d2e2a7d733c7d27\" data-index=\"7\" style=\"float: none; margin:10px 0 10px 0; text-align:center;\">\n<!-- MSP Ads Asynchronous JS Tag - Generated with Revive Adserver v5.4.1 -->\r\n<ins data-revive-zoneid=\"167\" data-revive-id=\"060fdb01f6430ec164d3519234aa4967\"><\/ins>\r\n<script async src=\"\/\/panel.ads.com.mk\/www\/delivery\/asyncjs.php\"><\/script>\n<\/div>\n<p><span style=\"font-weight: 400;\">Personi i moshuar me pengesa n\u00eb zhvillim dhe probleme t\u00eb r\u00ebnda sh\u00ebndet\u00ebsore, p\u00ebr t\u00eb cilin pas vdekjes t\u00eb s\u00eb \u00ebm\u00ebs kujdeset kujdestari i tij, 20 muaj nuk ka mundur t\u00eb shp\u00ebrngulet n\u00eb banes\u00ebn q\u00eb ia ka dh\u00ebn\u00eb shteti n\u00eb Shkup, sepse ajo ka qen\u00eb krejt\u00ebsisht e shkat\u00ebrruar, kurse njer\u00ebzit kompetent\u00eb nuk e rregullojn\u00eb. Kujdestari nuk mundet, por as nuk ka t\u00eb drejt\u00eb t\u00eb b\u00ebj\u00eb p\u00ebrmir\u00ebsime apo t\u00eb investoj\u00eb ndonj\u00eb gj\u00eb n\u00eb k\u00ebt\u00eb banes\u00eb. Sipas ligjit, k\u00ebt\u00eb gj\u00eb mund ta b\u00ebj\u00eb vet\u00ebm Shoq\u00ebria aksionare p\u00ebr ekonomizim me hap\u00ebsirat e banimit dhe afariste.<\/span><\/p>\n<div id=\"attachment_23252\" style=\"width: 706px\" class=\"wp-caption aligncenter\"><a href=\"http:\/\/sdk.mk\/\/wp-content\/uploads\/2017\/02\/kisela-voda2-696x464-1.jpg\"><img aria-describedby=\"caption-attachment-23252\" loading=\"lazy\" class=\"size-full wp-image-23252\" src=\"http:\/\/sdk.mk\/\/wp-content\/uploads\/2017\/02\/kisela-voda2-696x464-1.jpg\" alt=\"Banesa n\u00eb nd\u00ebrtes\u00ebn te \u201cShampion\u00e7e\u201d n\u00eb lagjen e Shkupit Kisella Voda, \u00ebsht\u00eb l\u00ebn\u00eb pa dyer dhe dritare, nuk ka rrym\u00eb, \u00ebsht\u00eb komplet e demoluar. (Foto: SDK.MK)\" width=\"696\" height=\"464\" srcset=\"https:\/\/sdk.mk\/wp-content\/uploads\/2017\/02\/kisela-voda2-696x464-1.jpg 696w, https:\/\/sdk.mk\/wp-content\/uploads\/2017\/02\/kisela-voda2-696x464-1-250x167.jpg 250w, https:\/\/sdk.mk\/wp-content\/uploads\/2017\/02\/kisela-voda2-696x464-1-400x267.jpg 400w, https:\/\/sdk.mk\/wp-content\/uploads\/2017\/02\/kisela-voda2-696x464-1-650x433.jpg 650w, https:\/\/sdk.mk\/wp-content\/uploads\/2017\/02\/kisela-voda2-696x464-1-150x100.jpg 150w\" sizes=\"(max-width: 696px) 100vw, 696px\" \/><\/a><p id=\"caption-attachment-23252\" class=\"wp-caption-text\">Banesa n\u00eb nd\u00ebrtes\u00ebn te \u201cShampion\u00e7e\u201d n\u00eb lagjen e Shkupit Kisella Voda, \u00ebsht\u00eb l\u00ebn\u00eb pa dyer dhe dritare, nuk ka rrym\u00eb, \u00ebsht\u00eb komplet e demoluar. (Foto: SDK.MK)<\/p><\/div>\n<p><span style=\"font-weight: 400;\">Nd\u00ebrmarrja publike p\u00ebr ekonomizim me hap\u00ebsirat e banimit dhe afariste me muaj t\u00eb t\u00ebr\u00eb nuk b\u00ebn asgj\u00eb, p\u00ebrkrah k\u00ebrkesave t\u00eb vazhdueshme t\u00eb kujdestarit, q\u00eb t\u00eb mund t\u00eb strehohet personi me v\u00ebshtir\u00ebsi, i cili i \u00ebsht\u00eb dh\u00ebn\u00eb n\u00ebn kujdestari. Por, p\u00ebr k\u00ebt\u00eb gj\u00eb, duhet q\u00eb \u00e7do muaj t\u00eb paguaj\u00eb qira prej 950 denar\u00ebve, sepse personi me pengesa, n\u00ebp\u00ebrmjet kujdestarit \u00ebsht\u00eb i detyruar p\u00ebr k\u00ebt\u00eb, me blerjen e banes\u00ebs shtet\u00ebrore, t\u00eb n\u00ebnshkruar nga ministri p\u00ebr transport dhe lidhje Vllado Misajllovski. <\/span><\/p>\n<p><span style=\"font-weight: 400;\">M\u00eb 22 prill t\u00eb vitit t\u00eb kaluar, pas p\u00ebrpjekjeve t\u00eb pasuksesshme q\u00eb t\u2019i b\u00ebj\u00eb t\u00eb pakt\u00ebn t\u00eb v\u00ebn\u00eb nj\u00eb gozhd\u00eb n\u00eb banes\u00ebn e shkat\u00ebrruar t\u00eb k\u00ebsaj nd\u00ebrtese, kujdestari ka ngritur parashtres\u00eb te Avokati i popullit Ixhet Memeti. Parashtresa \u00ebsht\u00eb kund\u00ebr Shoq\u00ebris\u00eb aksionare p\u00ebr nd\u00ebrtim dhe ekonomizim me hap\u00ebsirat e banimit dhe afariste.<\/span><\/p>\n<div id=\"attachment_23253\" style=\"width: 310px\" class=\"wp-caption alignright\"><a href=\"http:\/\/sdk.mk\/\/wp-content\/uploads\/2017\/02\/puig-300x200-1.jpg\"><img aria-describedby=\"caption-attachment-23253\" loading=\"lazy\" class=\"wp-image-23253 size-medium\" src=\"http:\/\/sdk.mk\/\/wp-content\/uploads\/2017\/02\/puig-300x200-1-300x200.jpg\" alt=\"Shoq\u00ebria aksionare p\u00ebr ekonomizim me hap\u00ebsirat e banimit dhe afariste nuk p\u00ebrgjigjet se pse   (Foto: SDK.MK)\" width=\"300\" height=\"200\" \/><\/a><p id=\"caption-attachment-23253\" class=\"wp-caption-text\">Shoq\u00ebria aksionare p\u00ebr ekonomizim me hap\u00ebsirat e banimit dhe afariste nuk p\u00ebrgjigjet se pse (Foto: SDK.MK)<\/p><\/div>\n<p><span style=\"font-weight: 400;\">\u201cN\u00eb banes\u00ebn q\u00eb ma dha Ministria p\u00ebr transport dhe lidhje, n\u00eb em\u00ebr t\u00eb personi n\u00ebn kujdestarin\u00eb time, para disa vjet\u00ebsh kishte banor\u00eb t\u00eb shp\u00ebrngulur n\u00eb m\u00ebnyr\u00eb t\u00eb paligjshme. Banesa \u00ebsht\u00eb l\u00ebn\u00eb pa dyer dhe dritare, nuk ka rrym\u00eb dhe \u00ebsht\u00eb krejt\u00ebsisht e demoluar. P\u00ebr k\u00ebt\u00eb arsye, d\u00ebrgova k\u00ebrkes\u00eb p\u00ebr sanksion n\u00ebp\u00ebrmjet Nd\u00ebrmarrjes p\u00ebr nd\u00ebrtim dhe ekonomizim me hap\u00ebsirat e banimit dhe afariste, e cila b\u00ebnte ndarjen e banes\u00ebs, q\u00eb t\u00eb mund t\u00eb kishte t\u00eb pakt\u00ebn kushte minimale p\u00ebr jetes\u00eb. Meq\u00eb nuk po merrja asnj\u00eb reagim nga nd\u00ebrmarrja, vazhdimisht l\u00ebshoja k\u00ebrkesa t\u00eb reja. Dhe deri m\u00eb sot, kompetent\u00ebt nuk kan\u00eb b\u00ebr\u00eb as edhe nj\u00eb kontroll t\u00eb banes\u00ebs,\u201d thot\u00eb kujdestari n\u00eb parashtres\u00ebn te Avokati i popullit. <\/span><\/p>\n<p><span style=\"font-weight: 400;\">Personi me v\u00ebshtir\u00ebsi, mund t\u00eb q\u00ebndroj\u00eb n\u00eb spital psikiatrik, sepse kujdestari nuk ka se ku ta \u00e7oj\u00eb. Koh\u00eb pas kohe vjen edhe n\u00eb sht\u00ebpin\u00eb e tij, e cila sipas tij, nuk \u00ebsht\u00eb nj\u00eb zgjidhje. <\/span><\/p>\n<div id=\"attachment_23254\" style=\"width: 310px\" class=\"wp-caption alignleft\"><a href=\"http:\/\/sdk.mk\/\/wp-content\/uploads\/2017\/02\/ZORAN-BILBILOVSKI-300x296.jpg\"><img aria-describedby=\"caption-attachment-23254\" loading=\"lazy\" class=\"wp-image-23254 size-medium\" src=\"http:\/\/sdk.mk\/\/wp-content\/uploads\/2017\/02\/ZORAN-BILBILOVSKI-300x296-300x296.jpg\" alt=\"P\u00ebrgjigja ndaj k\u00ebrkes\u00ebs p\u00ebr informacion dhe t\u00eb gjitha nd\u00ebrhyrjeve t\u00eb m\u00ebtejshme p\u00ebr tek Shoq\u00ebria aksioneve, thot\u00eb k\u00ebshilltari shtet\u00ebror Zoran Billbillovski, \u00ebsht\u00eb gjithmon\u00eb e nj\u00ebjt\u00eb: \u201cP\u00ebr momentin nuk kemi firm\u00eb nd\u00ebrtuese q\u00eb do t\u2019i zbatoj\u00eb pun\u00ebt nd\u00ebrtimore dhe t\u00eb zanateve\u201d (Foto: SDK.MK) \" width=\"300\" height=\"296\" \/><\/a><p id=\"caption-attachment-23254\" class=\"wp-caption-text\">P\u00ebrgjigja ndaj k\u00ebrkes\u00ebs p\u00ebr informacion dhe t\u00eb gjitha nd\u00ebrhyrjeve t\u00eb m\u00ebtejshme p\u00ebr tek Shoq\u00ebria aksioneve, thot\u00eb k\u00ebshilltari shtet\u00ebror Zoran Billbillovski, \u00ebsht\u00eb gjithmon\u00eb e nj\u00ebjt\u00eb: \u201cP\u00ebr momentin nuk kemi firm\u00eb nd\u00ebrtuese q\u00eb do t\u2019i zbatoj\u00eb pun\u00ebt nd\u00ebrtimore dhe t\u00eb zanateve\u201d (Foto: SDK.MK)<\/p><\/div>\n<p><span style=\"font-weight: 400;\">\u201cQiran\u00eb e paguaj rregullisht dhe shpresoja q\u00eb shteti, kur tashm\u00eb ia ka dh\u00ebn\u00eb banes\u00ebn k\u00ebtyre njer\u00ebzve, do t\u00eb krijonte kushte p\u00ebr jetes\u00eb. Por, m\u00eb kot\u201d, thot\u00eb kujdestari para Avokatit t\u00eb popullit. <\/span><\/p>\n<p><span style=\"font-weight: 400;\">Ombudsmani menj\u00ebher\u00eb ka k\u00ebrkuar lajm\u00ebrim nga Shoq\u00ebria aksionare p\u00ebr nd\u00ebrtim dhe ekonomizim me hap\u00ebsirat e banimit dhe afarist se pse p\u00ebrkrah k\u00ebrkesave t\u00eb vazhdueshme t\u00eb kujdestarit, ajo si e vetmja kompetente q\u00eb ta rinovoj\u00eb banes\u00ebn, nuk reagon aspak.<\/span><\/p>\n<p><span style=\"font-weight: 400;\">Erdhi dhe 2017, kurse k\u00ebto nd\u00ebrmarrje akoma me t\u00eb nj\u00ebjt\u00ebn p\u00ebrgjigje, thot\u00eb Billbillovski. <\/span><\/p>\n<p><span style=\"font-weight: 400;\">Nd\u00ebrkoh\u00eb, kujdestari vet\u00eb i ka mbuluar shpenzimet duke bler\u00eb der\u00eb p\u00ebr hyrjen, q\u00eb t\u00eb mos futen qen dhe t\u00eb pastreh\u00eb. Kujdestari ka paguar edhe p\u00ebr rrym\u00ebn dhe ujin. <\/span><\/p>\n<p><span style=\"font-weight: 400;\">SAKAMDAKAZAM.MK iu drejtua shoq\u00ebris\u00eb aksionare p\u00ebr nd\u00ebrtim dhe ekonomizim me hap\u00ebsirat e banimit dhe afariste, q\u00eb t\u00eb p\u00ebrgjigjet se pse i kan\u00eb dh\u00ebn\u00eb banes\u00eb personit me pengesa m\u00eb zhvillim, kur nuk kan\u00eb pasur nd\u00ebrmend ta rregullojn\u00eb at\u00eb n\u00eb nj\u00eb gjendje t\u00eb banueshme. Nd\u00ebrmarrja duhej t\u00eb shpjegonte se pse ky person p\u00ebr 20 muaj me radh\u00eb ia paguan qiran\u00eb e banes\u00ebs, kur ai nuk jeton fare aty. <\/span><\/p>\n<p><span style=\"font-weight: 400;\">I pyet\u00ebm edhe kompetent\u00ebt n\u00eb nd\u00ebrmarrjen se cilat jan\u00eb arsyet se pse banes\u00eb akoma nuk \u00ebsht\u00eb rinovuar pavar\u00ebsisht k\u00ebrkesave, jo vet\u00ebm t\u00eb kujdestarit, por edhe t\u00eb avokatit t\u00eb popullit. <\/span><\/p>\n<p><span style=\"font-weight: 400;\">Pavar\u00ebsisht premtimit, p\u00ebrgjigje nuk mor\u00ebm.<\/span><\/p>\n<p>&nbsp;<\/p>\n\n<div style=\"font-size: 0px; height: 0px; line-height: 0px; margin: 0; padding: 0; clear: both;\"><\/div>","protected":false},"excerpt":{"rendered":"<p>Personi i moshuar me pengesa n\u00eb zhvillim dhe probleme t\u00eb r\u00ebnda sh\u00ebndet\u00ebsore, p\u00ebr t\u00eb cilin pas vdekjes t\u00eb s\u00eb \u00ebm\u00ebs [&hellip;]<\/p>\n","protected":false},"author":9,"featured_media":23251,"comment_status":"closed","ping_status":"closed","sticky":false,"template":"","format":"standard","meta":{"_mo_disable_npp":"","inline_featured_image":false},"categories":[3083],"tags":[],"imageURL":"https:\/\/sdk.mk\/wp-content\/uploads\/2017\/02\/kisela-voda1-696x464-1-650x433.jpg","thumbURL":"https:\/\/sdk.mk\/wp-content\/uploads\/2017\/02\/kisela-voda1-696x464-1-250x167.jpg","categoryNames":["Ngrije z\u00ebrin p\u00ebr Avokatin e Popullit"],"feature_caption":"","subtitle":"a:3:{s:16:\"td_post_template\";s:23:\"single_template_british\";s:11:\"td_subtitle\";s:302:\"Personimepengesan\u00ebzhvillim20muajpaguannga950denar\u00ebqirap\u00ebrbanes\u00ebneshkat\u00ebrruar,edhepsenukmundt\u00ebshp\u00ebrnguletsepseShoq\u00ebriaaksionarep\u00ebrekonomizimmehap\u00ebsiratebanimitdheafaristenukep\u00ebrmir\u00ebsoneasnukip\u00ebrgjigjetparashtres\u00ebss\u00ebngriturteAvokatiipopullit.\";s:9:\"td_source\";s:45:\"\u0421\u043a\u043e\u043f\u0458\u0435,(\u0421\u0410\u041a\u0410\u041c\u0414\u0410\u041a\u0410\u0416\u0410\u041c.\u041c\u041a)","views":"3442","source":"","yoast_head":"<!-- This site is optimized with the Yoast SEO Premium plugin v15.0 - https:\/\/yoast.com\/wordpress\/plugins\/seo\/ -->\n<title>PERSONI ME PENGESA ZHVILLIMI I PAGUAN QERA SHTETIT, ND\u00cbRKOH\u00cb Q\u00cb NUK MUND T\u00cb SHP\u00cbRNGULET SEPSE KA MARR\u00cb NJ\u00cb BANES\u00cb T\u00cb SHKAT\u00cbRRUAR - \u0421\u0430\u043a\u0430\u043c \u0414\u0430 \u041a\u0430\u0436\u0430\u043c<\/title>\n<meta name=\"robots\" content=\"index, follow, max-snippet:-1, max-image-preview:large, max-video-preview:-1\" \/>\n<link rel=\"canonical\" href=\"https:\/\/sdk.mk\/index.php\/ngrije-zerin-per-avokatin-e-popullit\/personi-pengesa-zhvillimi-paguan-qera-shtetit-nderkohe-qe-nuk-mund-te-shperngulet-sepse-ka-marre-nje-banese-te-shkaterruar\/\" \/>\n<meta property=\"og:locale\" content=\"mk_MK\" \/>\n<meta property=\"og:type\" content=\"article\" \/>\n<meta property=\"og:title\" content=\"PERSONI ME PENGESA ZHVILLIMI I PAGUAN QERA SHTETIT, ND\u00cbRKOH\u00cb Q\u00cb NUK MUND T\u00cb SHP\u00cbRNGULET SEPSE KA MARR\u00cb NJ\u00cb BANES\u00cb T\u00cb SHKAT\u00cbRRUAR - \u0421\u0430\u043a\u0430\u043c \u0414\u0430 \u041a\u0430\u0436\u0430\u043c\" \/>\n<meta property=\"og:description\" content=\"Personi i moshuar me pengesa n\u00eb zhvillim dhe probleme t\u00eb r\u00ebnda sh\u00ebndet\u00ebsore, p\u00ebr t\u00eb cilin pas vdekjes t\u00eb s\u00eb \u00ebm\u00ebs [&hellip;]\" \/>\n<meta property=\"og:url\" content=\"https:\/\/sdk.mk\/index.php\/ngrije-zerin-per-avokatin-e-popullit\/personi-pengesa-zhvillimi-paguan-qera-shtetit-nderkohe-qe-nuk-mund-te-shperngulet-sepse-ka-marre-nje-banese-te-shkaterruar\/\" \/>\n<meta property=\"og:site_name\" content=\"\u0421\u0430\u043a\u0430\u043c \u0414\u0430 \u041a\u0430\u0436\u0430\u043c\" \/>\n<meta property=\"article:published_time\" content=\"2017-02-08T14:53:51+00:00\" \/>\n<meta property=\"og:image\" content=\"https:\/\/sdk.mk\/wp-content\/uploads\/2017\/02\/kisela-voda1-696x464-1.jpg\" \/>\n\t<meta property=\"og:image:width\" content=\"696\" \/>\n\t<meta property=\"og:image:height\" content=\"464\" \/>\n<meta property=\"fb:app_id\" content=\"2407985809428537\" \/>\n<meta name=\"twitter:card\" content=\"summary\" \/>\n<script type=\"application\/ld+json\" class=\"yoast-schema-graph\">{\"@context\":\"https:\/\/schema.org\",\"@graph\":[{\"@type\":\"WebSite\",\"@id\":\"https:\/\/sdk.mk\/#website\",\"url\":\"https:\/\/sdk.mk\/\",\"name\":\"\\u0421\\u0430\\u043a\\u0430\\u043c \\u0414\\u0430 \\u041a\\u0430\\u0436\\u0430\\u043c\",\"description\":\"\\u0417\\u0430 \\u0441\\u043b\\u043e\\u0431\\u043e\\u0434\\u043e\\u0443\\u043c\\u043d\\u0438\",\"potentialAction\":[{\"@type\":\"SearchAction\",\"target\":\"https:\/\/sdk.mk\/?s={search_term_string}\",\"query-input\":\"required name=search_term_string\"}],\"inLanguage\":\"mk-MK\"},{\"@type\":\"ImageObject\",\"@id\":\"https:\/\/sdk.mk\/index.php\/ngrije-zerin-per-avokatin-e-popullit\/personi-pengesa-zhvillimi-paguan-qera-shtetit-nderkohe-qe-nuk-mund-te-shperngulet-sepse-ka-marre-nje-banese-te-shkaterruar\/#primaryimage\",\"inLanguage\":\"mk-MK\",\"url\":\"https:\/\/sdk.mk\/wp-content\/uploads\/2017\/02\/kisela-voda1-696x464-1.jpg\",\"width\":696,\"height\":464,\"caption\":\"Banesa e shkat\\u00ebrruar n\\u00eb nd\\u00ebrtes\\u00ebn n\\u00eb lagjen e Shkupit Kisella Voda (Foto: SDK.MK)\"},{\"@type\":\"WebPage\",\"@id\":\"https:\/\/sdk.mk\/index.php\/ngrije-zerin-per-avokatin-e-popullit\/personi-pengesa-zhvillimi-paguan-qera-shtetit-nderkohe-qe-nuk-mund-te-shperngulet-sepse-ka-marre-nje-banese-te-shkaterruar\/#webpage\",\"url\":\"https:\/\/sdk.mk\/index.php\/ngrije-zerin-per-avokatin-e-popullit\/personi-pengesa-zhvillimi-paguan-qera-shtetit-nderkohe-qe-nuk-mund-te-shperngulet-sepse-ka-marre-nje-banese-te-shkaterruar\/\",\"name\":\"PERSONI ME PENGESA ZHVILLIMI I PAGUAN QERA SHTETIT, ND\\u00cbRKOH\\u00cb Q\\u00cb NUK MUND T\\u00cb SHP\\u00cbRNGULET SEPSE KA MARR\\u00cb NJ\\u00cb BANES\\u00cb T\\u00cb SHKAT\\u00cbRRUAR - \\u0421\\u0430\\u043a\\u0430\\u043c \\u0414\\u0430 \\u041a\\u0430\\u0436\\u0430\\u043c\",\"isPartOf\":{\"@id\":\"https:\/\/sdk.mk\/#website\"},\"primaryImageOfPage\":{\"@id\":\"https:\/\/sdk.mk\/index.php\/ngrije-zerin-per-avokatin-e-popullit\/personi-pengesa-zhvillimi-paguan-qera-shtetit-nderkohe-qe-nuk-mund-te-shperngulet-sepse-ka-marre-nje-banese-te-shkaterruar\/#primaryimage\"},\"datePublished\":\"2017-02-08T14:53:51+00:00\",\"dateModified\":\"2017-02-08T14:53:51+00:00\",\"author\":{\"@id\":\"https:\/\/sdk.mk\/#\/schema\/person\/3e8217f71bc38bd7c592f30c69e10e5a\"},\"inLanguage\":\"mk-MK\",\"potentialAction\":[{\"@type\":\"ReadAction\",\"target\":[\"https:\/\/sdk.mk\/index.php\/ngrije-zerin-per-avokatin-e-popullit\/personi-pengesa-zhvillimi-paguan-qera-shtetit-nderkohe-qe-nuk-mund-te-shperngulet-sepse-ka-marre-nje-banese-te-shkaterruar\/\"]}]},{\"@type\":\"Person\",\"@id\":\"https:\/\/sdk.mk\/#\/schema\/person\/3e8217f71bc38bd7c592f30c69e10e5a\",\"name\":\"\\u041c\\u0438\\u0440\\u043e\\u0441\\u043b\\u0430\\u0432 \\u0418\\u043b\\u0438\\u043e\\u0441\\u043a\\u0438\"}]}<\/script>\n<!-- \/ Yoast SEO Premium plugin. -->","_links":{"self":[{"href":"https:\/\/sdk.mk\/index.php\/wp-json\/wp\/v2\/posts\/23250"}],"collection":[{"href":"https:\/\/sdk.mk\/index.php\/wp-json\/wp\/v2\/posts"}],"about":[{"href":"https:\/\/sdk.mk\/index.php\/wp-json\/wp\/v2\/types\/post"}],"author":[{"embeddable":true,"href":"https:\/\/sdk.mk\/index.php\/wp-json\/wp\/v2\/users\/9"}],"replies":[{"embeddable":true,"href":"https:\/\/sdk.mk\/index.php\/wp-json\/wp\/v2\/comments?post=23250"}],"version-history":[{"count":0,"href":"https:\/\/sdk.mk\/index.php\/wp-json\/wp\/v2\/posts\/23250\/revisions"}],"wp:featuredmedia":[{"embeddable":true,"href":"https:\/\/sdk.mk\/index.php\/wp-json\/wp\/v2\/media\/23251"}],"wp:attachment":[{"href":"https:\/\/sdk.mk\/index.php\/wp-json\/wp\/v2\/media?parent=23250"}],"wp:term":[{"taxonomy":"category","embeddable":true,"href":"https:\/\/sdk.mk\/index.php\/wp-json\/wp\/v2\/categories?post=23250"},{"taxonomy":"post_tag","embeddable":true,"href":"https:\/\/sdk.mk\/index.php\/wp-json\/wp\/v2\/tags?post=23250"}],"curies":[{"name":"wp","href":"https:\/\/api.w.org\/{rel}","templated":true}]}}