{"id":232967,"date":"2024-10-21T14:22:14","date_gmt":"2024-10-21T12:22:14","guid":{"rendered":"https:\/\/sdk.mk\/?p=232967"},"modified":"2024-10-21T14:22:14","modified_gmt":"2024-10-21T12:22:14","slug":"klub-akademi","status":"publish","type":"post","link":"https:\/\/sdk.mk\/index.php\/dua-te-them\/klub-akademi\/","title":{"rendered":"KLUB AKADEMI"},"content":{"rendered":"<div class=\"f52428582a4b906b2d2e2a7d733c7d27\" data-index=\"7\" style=\"float: none; margin:10px 0 10px 0; text-align:center;\">\n<!-- MSP Ads Asynchronous JS Tag - Generated with Revive Adserver v5.4.1 -->\r\n<ins data-revive-zoneid=\"167\" data-revive-id=\"060fdb01f6430ec164d3519234aa4967\"><\/ins>\r\n<script async src=\"\/\/panel.ads.com.mk\/www\/delivery\/asyncjs.php\"><\/script>\n<\/div>\n<p><span class=\"dropcap color firstcharacter\">1 <\/span>E tani, \u00e7far\u00eb? Kryeministri Mickoski thot\u00eb se dyshon n\u00ebse fare duhet t\u00eb d\u00ebrgoj\u00eb let\u00ebr te Bashkimi Evropian me propozimet e tij p\u00ebr zhbllokimin e procesit negociues. Ishte n\u00eb Berlin, ku u pa me kancelarin Olaf Sholc, plus dhe ndonj\u00eb minist\u00ebr i Franc\u00ebs i ka dh\u00ebn\u00eb mesazh personal nga Makroni, e ve\u00e7 k\u00ebsaj paraprakisht ishte takuar edhe me disa lider\u00eb t\u00eb tjer\u00eb evropian\u00eb. E tani thot\u00eb: \u201cKam dilem\u00eb personale, sepse atje kisha mund\u00ebsi q\u00eb t\u2019i njoftoj t\u00eb gjith\u00eb me pjes\u00ebn m\u00eb t\u00eb madhe t\u00eb p\u00ebrmbajtjes s\u00eb letr\u00ebs\u201d. Nd\u00ebrsa jav\u00ebn tjet\u00ebr edhe Ursulla fon der Llajen do t\u00eb vij\u00eb n\u00eb Shkup, e k\u00ebshtu edhe asaj do t\u2019ia thot\u00eb personalisht.<\/p>\n<p>Pse heq dor\u00eb nga letra? Letra \u00ebsht\u00eb dokument dhe l\u00eb nj\u00eb gjurm\u00eb t\u00eb shkruar, nd\u00ebrsa bisedat n\u00eb selit\u00eb evropiane jan\u00eb thjesht fjal\u00eb q\u00eb i merr era. Thua se ata atje kan\u00eb vet\u00ebm Mickoskin n\u00eb mendje dhe do t\u00eb mbajn\u00eb mend se \u00e7\u2019u ka th\u00ebn\u00eb. P\u00ebr m\u00eb tep\u00ebr q\u00eb , as Sholc, as ministri i Makronit, as t\u00eb tjer\u00ebt me t\u00eb cil\u00ebt kryeministri ka pasur \u201ctakime cil\u00ebsore, t\u00eb frytshme dhe p\u00ebrmbajt\u00ebsore\u201d, nuk jan\u00eb t\u00eb p\u00ebrhersh\u00ebm. Nes\u00ebr do t\u00eb ndryshohen me politikan\u00eb t\u00eb tjer\u00eb. Ose, letra me propozimin q\u00eb futja e bullgar\u00ebve n\u00eb Kushtetut\u00eb t\u00eb b\u00ebhet menj\u00ebher\u00eb, por t\u00eb vlej\u00eb nga momenti kur Bullgaria do ta n\u00ebnshkruaj\u00eb qasjen e Maqedonis\u00eb n\u00eb BE, \u00ebsht\u00eb menduar p\u00ebr komitetet komunale t\u00eb VMRO-DPMNE-s\u00eb, jo p\u00ebr Brukselin.<\/p>\n<p>Mickoski publikut t\u00eb k\u00ebtush\u00ebm do t\u2019i thot\u00eb: \u201cNuk e ndrydhim kurrizin\u201d, nd\u00ebrkaq k\u00ebtu nuk ka guxim as t\u00eb shkruaj\u00eb nj\u00eb let\u00ebr. N\u00eb vend q\u00eb t\u00eb b\u00ebj\u00eb shaka t\u00eb tipit \u201cvet\u00ebm opozita do t\u00eb zhg\u00ebnjehet ngaq\u00eb ai i mbron interesat nacionale\u201d, le ta th\u00ebrras\u00eb Venko Filip\u00e7en, q\u00eb ta shkruajn\u00eb letr\u00ebn bashk\u00eb. Jemi bllokuar, t\u00eb VMRO-s\u00eb, t\u00eb LSDM-s\u00eb dhe t\u00eb tjer\u00eb, n\u00eb t\u00eb nj\u00ebjt\u00ebn vrim\u00eb evropiane. Nga erdhi kjo se dikush do t\u00eb zhg\u00ebnjehet, e dikush do t\u00eb krenohet? Bullgar\u00ebt u mbyt\u00ebn nga shkrimi i rezolutave p\u00ebr Maqedonin\u00eb, madje n\u00eb Kuvend votuan se maqedonasit dhe gjuha maqedonase nuk ekzistojn\u00eb dhe me k\u00ebt\u00eb dokument krenohen n\u00eb Bruksel, kurse ne nuk mund\u00ebm t\u00eb shkruanim as edhe nj\u00eb let\u00ebr, q\u00eb t\u00eb themi se kush jemi, \u00e7far\u00eb k\u00ebrkojm\u00eb, \u00e7far\u00eb do t\u00eb b\u00ebjm\u00eb, dhe cilat jan\u00eb frik\u00ebrat tona n\u00eb raport me Bullgarin\u00eb.<\/p>\n<p>Ashtu q\u00eb, zoti kryeminist\u00ebr, je n\u00eb pushtet, ulu dhe shkruaje letr\u00ebn. Dhe vulose n\u00eb kuvend para se ta d\u00ebrgosh. \u00c7far\u00eb mund t\u00eb humbim m\u00eb tep\u00ebr se koha q\u00eb kemi humbur tashm\u00eb n\u00eb rrug\u00ebn drejt BE-s\u00eb?<\/p>\n<p><span class=\"dropcap color firstcharacter\">2 <\/span> Sinqerisht, nuk e di se ku e bazon optimizmin e tij Mickoski, pasi nd\u00ebrkoh\u00eb q\u00eb ai na shpjegonte se si ka kaluar n\u00eb Berlin, ministrja gjermane p\u00ebr pun\u00ebt \u00eb jashtme Analena Berbok n\u00eb konferenc\u00ebn e shtypit t\u00eb ministrit maqedonas Tim\u00e7o Mucunski deklaroi se derisa BE-ja t\u00eb vendos\u00eb nj\u00ebz\u00ebri, Maqedonia duhet t\u2019i respektoj\u00eb kompromiset dhe t\u2019i fut\u00eb bullgar\u00ebt n\u00eb Kushtetut\u00eb q\u00eb t\u2019i filloj\u00eb negociatat me BE-n\u00eb. Tha gjithashtu q\u00eb, derisa k\u00ebto rregulla nuk ndryshohen, gj\u00eb p\u00ebr t\u00eb cil\u00ebn un\u00eb personalisht mbaj p\u00ebrgjegj\u00ebsi, ato duhen respektuar\u201d.<br \/>\nDometh\u00ebn\u00eb, kjo \u00ebsht\u00eb e gjitha. Nuk jan\u00eb 14 gjykime n\u00eb Gjyqin p\u00ebr t\u00eb drejta t\u00eb njeriut n\u00eb Strasburg, q\u00eb t\u00eb mos mund t\u00eb respektohen. Kjo \u00ebsht\u00eb korniza negociuese e BE-s\u00eb, si nj\u00eb gur i r\u00ebn\u00eb nga universi, q\u00eb p\u00ebrjets\u00ebsisht do t\u00eb mbetet i nj\u00ebjt\u00eb. Ashtu q\u00eb, na mbeten dy opsione: Ose do ta ndryshojm\u00eb Kushtetut\u00ebn, ose do t\u00eb presim q\u00eb BE-ja t\u2019i ndryshoj\u00eb rregullat e vendimmarrjes. Nuk e di se kush ka m\u00eb shum\u00eb llogari q\u00eb t\u00eb pres\u00eb.<\/p>\n<p>Nd\u00ebrkoh\u00eb, kryeministri Mickoski do t\u00eb mund ta zgjeroj\u00eb list\u00ebn e padrejt\u00ebsive, t\u00eb cilat ua shpjegon bashk\u00ebpun\u00ebtor\u00ebve t\u00eb huaj. Na u desh t\u00eb ndryshojm\u00eb emrin, na u desh t\u00eb ndryshojm\u00eb flamurin, na u desh q\u00eb disa her\u00eb ta ndryshojm\u00eb Kushtetut\u00ebn, na u desh t\u00eb ndryshojm\u00eb banknotat\u2026Kurse disa funksionar\u00eb t\u00eb qeveris\u00eb duhet t\u00eb ndryshonin edhe pasaport\u00ebn. Nuk ia ka vlejtur t\u00eb presin derisa Evropa t\u2019i ndryshoj\u00eb rregullat.<\/p>\n<p><span class=\"dropcap color firstcharacter\">3<\/span> N\u00eb Bullgari maqedonasit nuk mund t\u00eb regjistrojn\u00eb as shoqat\u00eb p\u00ebr qytetar\u00eb, kurse te ne nj\u00ebfar\u00eb shoqate qytetare n\u00eb Tetov\u00eb ka vendosur t\u00eb b\u00ebhet Akademi e shkencave dhe arteve t\u00eb shqiptar\u00ebve. Kan\u00eb gjetur njer\u00ebzit se si t\u00eb sigurojn\u00eb para p\u00ebr projekte e udh\u00ebtime!<br \/>\nKryetar\u00ebt e komunave t\u00eb Tetov\u00ebs, Gostivarit, Zhelin\u00ebs dhe \u00c7airit n\u00eb konferenc\u00ebn e shtypit jan\u00eb marr\u00eb vesh q\u00eb akademia t\u00eb financohet nga parat\u00eb e komun\u00ebs, derisa ajo t\u00eb mund t\u00eb marr\u00eb mb\u00ebshtetje shtet\u00ebrore. Tre nga shoqata u paraqit\u00ebn si akademik\u00eb t\u00eb ardhsh\u00ebm.<br \/>\nKishte nj\u00eb klub nate n\u00eb 1990-tat n\u00eb sht\u00ebpin\u00eb para Qeveris\u00eb, q\u00eb quhej \u201cKlub Akademija\u201d. \u00c7far\u00eb akademik\u00ebsh q\u00eb dilnin q\u00eb aty, sidomos n\u00eb or\u00ebt e para t\u00eb m\u00ebngjesit, s\u2019ta merr mendja. Edhe un\u00eb kam pasur tentime q\u00eb t\u00eb b\u00ebhem akademik. Shum\u00eb vend elitar, nuk mund t\u00eb hynte gjithsecili n\u00eb Akademi. Duhej t\u00eb mbaje fjalim q\u00eb t\u00eb t\u00eb l\u00ebshojn\u00eb t\u00eb futesh. P\u00ebr m\u00eb tep\u00ebr q\u00eb nuk k\u00ebrkonim nga askush q\u00eb t\u00eb na paguaj\u00eb qeran\u00eb dhe shpenzimet e rrug\u00ebs si k\u00ebta akademik\u00ebt e rinj\u00eb t\u00eb Tetov\u00ebs. Vet\u00eb e paguanim edhe pijen.<\/p>\n<p>N\u00ebse komunat e Tetov\u00ebs, Gostivarit, Zhelin\u00ebs dhe \u00c7airit konsiderojn\u00eb se me k\u00ebt\u00eb gj\u00eb zgjidhin nj\u00eb prioritet t\u00eb qytetar\u00ebve, sidomos t\u00eb intelektual\u00ebve shqiptar\u00eb \u2013 super. Le t\u2019i finansojn\u00eb.<\/p>\n<p><span class=\"dropcap color firstcharacter\">4<\/span> K\u00ebshtu-ashtu, po b\u00ebhet hekurudha drejt Bullgaris\u00eb, por kryeministri akoma tani na thot\u00eb se do t\u00eb na kushtoj\u00eb m\u00eb shum\u00eb se \u00e7\u2019parashikohet. Matematikani, n\u00eb intervist\u00eb me TV Sitel, llogariti k\u00ebsisoj:<br \/>\n\u201cMomentalisht, buxheti n\u00eb realizimin e k\u00ebtij projekti \u00ebsht\u00eb 550 milion\u00eb euro, nga t\u00eb cilat 350 milion\u00eb jan\u00eb kredi, nd\u00ebrsa 200 milion\u00eb jan\u00eb grant. 350 milion\u00eb ne do t\u2019i kthejm\u00eb. Duke pasur parasysh se realizuesi ka t\u00eb drejt\u00ebn e penalizimeve dhe klejmave. Eksperienca ime modeste prej inxhinieri thot\u00eb se do t\u00eb kemi nevoj\u00eb p\u00ebr t\u00eb pakt\u00ebn edhe 200 milion\u00eb. K\u00ebshtu q\u00eb nga ato 350 do t\u00eb arrijm\u00eb n\u00eb gjysm\u00eb miliard\u00eb q\u00eb do t\u00eb duhet t\u2019i paguajm\u00eb ne\u201d.<br \/>\nKurse eksperienca ime edhe m\u00eb modeste, s\u00ebrish, pyet: Pse realzuesit t\u2019i paguhen penalizime dhe klejme\u201d? Dhe prej ku fiks 200 milion\u00eb euro, e jo m\u00eb pak ose edhe m\u00eb shum\u00eb? Pyetjet jan\u00eb nga eksperienca jon\u00eb moderse inxhinierike \u2013 \u201cMile, mu tek!\u201d, \u201cMos jan\u00eb shum\u00eb?\u201d, \u201cNuk je fare deal-oriented\u201d ose \u201cp\u00ebrqindje p\u00ebr t\u00eb verdh\u00ebt\u201d \u2013 q\u00eb e takuam kur i d\u00ebgjuam bisedat e p\u00ebrgjuara p\u00ebr autostrad\u00ebn K\u00ebr\u00e7ov\u00eb-Oh\u00ebr.<\/p>\n<p>Mickoski drejt fundit t\u00eb gushtit deklaroi se i kan\u00eb ofruar mito q\u00eb t\u00eb kaloj\u00eb tenderi p\u00ebr hekurudh\u00ebn drejt Bullgaris\u00eb. Nuk tha se kush dhe sa ka dashur t\u00eb blej\u00eb, por tha :\u201dE dim\u00eb se si shkon kjo gj\u00eb, p\u00ebrmes kanaleve\u201d.<\/p>\n<p>N\u00eb Prokurori akoma nuk kan\u00eb marr\u00eb paraqitje n\u00ebse dikush d\u00ebshiron ta blej\u00eb kryeministrin. Nuk e dinin \u201cse si shkon kjo\u201d. Por, ja, e dim\u00eb se sa \u00ebsht\u00eb shuma \u2013 200 milion\u00eb euro.<\/p>\n<p>Dhe e dim\u00eb se kryeministri konsideron se korrupsioni \u00ebsht\u00eb gjendje natyrale.<\/p>\n\n<div style=\"font-size: 0px; height: 0px; line-height: 0px; margin: 0; padding: 0; clear: both;\"><\/div>","protected":false},"excerpt":{"rendered":"<p>E tani, \u00e7far\u00eb? Kryeministri Mickoski thot\u00eb se dyshon n\u00ebse fare duhet t\u00eb d\u00ebrgoj\u00eb let\u00ebr te Bashkimi Evropian me propozimet e [&hellip;]<\/p>\n","protected":false},"author":25,"featured_media":0,"comment_status":"closed","ping_status":"closed","sticky":false,"template":"","format":"standard","meta":{"_mo_disable_npp":"no","inline_featured_image":false},"categories":[1825],"tags":[],"imageURL":false,"thumbURL":false,"categoryNames":["DUA T\u00cb THEM"],"feature_caption":"","subtitle":"Zoti kryeminist\u00ebr, je n\u00eb pushtet, ulu dhe shkruaje letr\u00ebn drejt BE-s\u00eb. Dhe vulose n\u00eb Kuvend para se ta d\u00ebrgosh. ","views":"44","source":"Shkup, SAKAMDAKAZAM.MK","yoast_head":"<!-- This site is optimized with the Yoast SEO Premium plugin v15.0 - https:\/\/yoast.com\/wordpress\/plugins\/seo\/ -->\n<title>KLUB AKADEMI - \u0421\u0430\u043a\u0430\u043c \u0414\u0430 \u041a\u0430\u0436\u0430\u043c<\/title>\n<meta name=\"robots\" content=\"index, follow, max-snippet:-1, max-image-preview:large, max-video-preview:-1\" \/>\n<link rel=\"canonical\" href=\"https:\/\/sdk.mk\/index.php\/dua-te-them\/klub-akademi\/\" \/>\n<meta property=\"og:locale\" content=\"mk_MK\" \/>\n<meta property=\"og:type\" content=\"article\" \/>\n<meta property=\"og:title\" content=\"KLUB AKADEMI - \u0421\u0430\u043a\u0430\u043c \u0414\u0430 \u041a\u0430\u0436\u0430\u043c\" \/>\n<meta property=\"og:description\" content=\"E tani, \u00e7far\u00eb? Kryeministri Mickoski thot\u00eb se dyshon n\u00ebse fare duhet t\u00eb d\u00ebrgoj\u00eb let\u00ebr te Bashkimi Evropian me propozimet e [&hellip;]\" \/>\n<meta property=\"og:url\" content=\"https:\/\/sdk.mk\/index.php\/dua-te-them\/klub-akademi\/\" \/>\n<meta property=\"og:site_name\" content=\"\u0421\u0430\u043a\u0430\u043c \u0414\u0430 \u041a\u0430\u0436\u0430\u043c\" \/>\n<meta property=\"article:published_time\" content=\"2024-10-21T12:22:14+00:00\" \/>\n<meta property=\"og:image\" content=\"https:\/\/sdk.mk\/wp-content\/uploads\/2015\/12\/goran-mihailovski2.jpg\" \/>\n\t<meta property=\"og:image:width\" content=\"400\" \/>\n\t<meta property=\"og:image:height\" content=\"313\" \/>\n<meta property=\"fb:app_id\" content=\"2407985809428537\" \/>\n<meta name=\"twitter:card\" content=\"summary\" \/>\n<script type=\"application\/ld+json\" class=\"yoast-schema-graph\">{\"@context\":\"https:\/\/schema.org\",\"@graph\":[{\"@type\":\"WebSite\",\"@id\":\"https:\/\/sdk.mk\/#website\",\"url\":\"https:\/\/sdk.mk\/\",\"name\":\"\\u0421\\u0430\\u043a\\u0430\\u043c \\u0414\\u0430 \\u041a\\u0430\\u0436\\u0430\\u043c\",\"description\":\"\\u0417\\u0430 \\u0441\\u043b\\u043e\\u0431\\u043e\\u0434\\u043e\\u0443\\u043c\\u043d\\u0438\",\"potentialAction\":[{\"@type\":\"SearchAction\",\"target\":\"https:\/\/sdk.mk\/?s={search_term_string}\",\"query-input\":\"required name=search_term_string\"}],\"inLanguage\":\"mk-MK\"},{\"@type\":\"WebPage\",\"@id\":\"https:\/\/sdk.mk\/index.php\/dua-te-them\/klub-akademi\/#webpage\",\"url\":\"https:\/\/sdk.mk\/index.php\/dua-te-them\/klub-akademi\/\",\"name\":\"KLUB AKADEMI - \\u0421\\u0430\\u043a\\u0430\\u043c \\u0414\\u0430 \\u041a\\u0430\\u0436\\u0430\\u043c\",\"isPartOf\":{\"@id\":\"https:\/\/sdk.mk\/#website\"},\"datePublished\":\"2024-10-21T12:22:14+00:00\",\"dateModified\":\"2024-10-21T12:22:14+00:00\",\"author\":{\"@id\":\"https:\/\/sdk.mk\/#\/schema\/person\/737021aeacbe893f7e2c347186c5c7a1\"},\"inLanguage\":\"mk-MK\",\"potentialAction\":[{\"@type\":\"ReadAction\",\"target\":[\"https:\/\/sdk.mk\/index.php\/dua-te-them\/klub-akademi\/\"]}]},{\"@type\":\"Person\",\"@id\":\"https:\/\/sdk.mk\/#\/schema\/person\/737021aeacbe893f7e2c347186c5c7a1\",\"name\":\"\\u0424\\u0458\\u043e\\u043b\\u0430 \\u0417\\u043b\\u0430\\u0442\\u043a\\u0443\"}]}<\/script>\n<!-- \/ Yoast SEO Premium plugin. -->","_links":{"self":[{"href":"https:\/\/sdk.mk\/index.php\/wp-json\/wp\/v2\/posts\/232967"}],"collection":[{"href":"https:\/\/sdk.mk\/index.php\/wp-json\/wp\/v2\/posts"}],"about":[{"href":"https:\/\/sdk.mk\/index.php\/wp-json\/wp\/v2\/types\/post"}],"author":[{"embeddable":true,"href":"https:\/\/sdk.mk\/index.php\/wp-json\/wp\/v2\/users\/25"}],"replies":[{"embeddable":true,"href":"https:\/\/sdk.mk\/index.php\/wp-json\/wp\/v2\/comments?post=232967"}],"version-history":[{"count":0,"href":"https:\/\/sdk.mk\/index.php\/wp-json\/wp\/v2\/posts\/232967\/revisions"}],"wp:attachment":[{"href":"https:\/\/sdk.mk\/index.php\/wp-json\/wp\/v2\/media?parent=232967"}],"wp:term":[{"taxonomy":"category","embeddable":true,"href":"https:\/\/sdk.mk\/index.php\/wp-json\/wp\/v2\/categories?post=232967"},{"taxonomy":"post_tag","embeddable":true,"href":"https:\/\/sdk.mk\/index.php\/wp-json\/wp\/v2\/tags?post=232967"}],"curies":[{"name":"wp","href":"https:\/\/api.w.org\/{rel}","templated":true}]}}