{"id":23733,"date":"2017-02-13T16:04:30","date_gmt":"2017-02-13T15:04:30","guid":{"rendered":"http:\/\/sdk.mk\/\/?p=23733"},"modified":"2017-02-13T16:04:30","modified_gmt":"2017-02-13T15:04:30","slug":"nje-nxenes-klases-se-pare-nevoja-te-vecanta-ec-nga-13-km-deri-ne-shkolle-sepse-nuk-ka-transport","status":"publish","type":"post","link":"https:\/\/sdk.mk\/index.php\/ngrije-zerin-per-avokatin-e-popullit\/nje-nxenes-klases-se-pare-nevoja-te-vecanta-ec-nga-13-km-deri-ne-shkolle-sepse-nuk-ka-transport\/","title":{"rendered":"NJ\u00cb NX\u00cbN\u00cbS I KLAS\u00cbS S\u00cb PAR\u00cb ME NEVOJA T\u00cb VE\u00c7ANTA EC NGA 13 KM DERI N\u00cb SHKOLL\u00cb SEPSE NUK KA TRANSPORT"},"content":{"rendered":"<div class=\"f52428582a4b906b2d2e2a7d733c7d27\" data-index=\"7\" style=\"float: none; margin:10px 0 10px 0; text-align:center;\">\n<!-- MSP Ads Asynchronous JS Tag - Generated with Revive Adserver v5.4.1 -->\r\n<ins data-revive-zoneid=\"167\" data-revive-id=\"060fdb01f6430ec164d3519234aa4967\"><\/ins>\r\n<script async src=\"\/\/panel.ads.com.mk\/www\/delivery\/asyncjs.php\"><\/script>\n<\/div>\n<p>Avokati i popullit nga Kumanova hapi l\u00ebnd\u00eb p\u00ebr t\u2019i zbuluar shkaqet se p\u00ebrse nuk sigurohet transport p\u00ebr Eleonor\u00ebn (8), e cila \u00ebsht\u00eb nj\u00eb f\u00ebmij\u00eb me nevoja t\u00eb ve\u00e7anta nga fshati malor i l\u00ebn\u00eb pas dore , Vragoturc\u00eb. Ajo ec nga 13 kilometra \u00e7do dit\u00eb q\u00eb t\u00eb shkoj\u00eb n\u00eb fshatin fqinj, Pelinc\u00eb. Pas publikimit t\u00eb tekstit n\u00eb SAKAMDAKAZAM.MK para dy muajve, p\u00ebr familjen e verb\u00ebr q\u00eb jeton n\u00eb kushte t\u00eb v\u00ebshtira n\u00eb Vragoturc\u00eb, Ombudsmani ka nisur procedur\u00eb, e cila duhet t\u00eb tregoj\u00eb n\u00ebse ka thyerje t\u00eb t\u00eb drejtave t\u00eb nx\u00ebn\u00ebsit dhe kush e ka b\u00ebr\u00eb k\u00ebt\u00eb.<\/p>\n<p>Eleonora q\u00eb nga fillimi i vitit shkollor ec nga 4 or\u00eb n\u00ebp\u00ebr mal q\u00eb t\u00eb mb\u00ebrrij\u00eb n\u00eb m\u00ebsim, sepse komuna Staro Negori\u00e7ane nuk i siguroi transport. Edhe pse kryetari i komun\u00ebs, Millovan Stojkovski, i cili \u00ebsht\u00eb n\u00eb radh\u00ebt e partis\u00eb demokratike t\u00eb serb\u00ebve n\u00eb Maqedoni, thot\u00eb q\u00eb do ta zgjidh\u00eb problemin n\u00eb semestrin e dyt\u00eb, nuk e ka realizuar k\u00ebt\u00eb. P\u00ebr shkak t\u00eb bor\u00ebs dhe temperaturave ekstremisht t\u00eb ulta, f\u00ebmija nuk mund t\u00eb udh\u00ebtoj\u00eb vet\u00ebm, k\u00ebshtu q\u00eb n\u00eb shkoll\u00eb shkon rrall\u00eb.<\/p>\n<div id=\"attachment_23735\" style=\"width: 710px\" class=\"wp-caption aligncenter\"><a href=\"http:\/\/sdk.mk\/\/wp-content\/uploads\/2017\/02\/kumanovo-semejstvo-2.jpg\"><img aria-describedby=\"caption-attachment-23735\" loading=\"lazy\" class=\"size-full wp-image-23735\" src=\"http:\/\/sdk.mk\/\/wp-content\/uploads\/2017\/02\/kumanovo-semejstvo-2.jpg\" alt=\"Familja n\u00ebnt\u00ebantar\u00ebshe Mlladenovski jeton prej ndihmave sociale n\u00eb kushte jasht\u00ebzakonisht t\u00eb v\u00ebshtira dhe n\u00eb varf\u00ebri n\u00eb fshatin malor Vratogurc\u00eb, n\u00eb vet\u00eb kufirin maqedono-serb. Eleonor\u00ebn nuk ka se kush t\u2019a d\u00ebrgoj\u00eb n\u00eb shkoll\u00eb, sepse i ati, Novko, \u00ebsht\u00eb i verb\u00ebr, n\u00ebna e saj ka hendikep mendor, kurse 4 f\u00ebmij\u00ebt e tjer\u00eb kan\u00eb d\u00ebmtim t\u00eb shikimit prej 50 deri m\u00eb 95 p\u00ebrqind, si dhe pengesa n\u00eb t\u00eb folur. (Foto: SDK.MK)\" width=\"700\" height=\"466\" srcset=\"https:\/\/sdk.mk\/wp-content\/uploads\/2017\/02\/kumanovo-semejstvo-2.jpg 700w, https:\/\/sdk.mk\/wp-content\/uploads\/2017\/02\/kumanovo-semejstvo-2-250x166.jpg 250w, https:\/\/sdk.mk\/wp-content\/uploads\/2017\/02\/kumanovo-semejstvo-2-400x266.jpg 400w, https:\/\/sdk.mk\/wp-content\/uploads\/2017\/02\/kumanovo-semejstvo-2-650x433.jpg 650w, https:\/\/sdk.mk\/wp-content\/uploads\/2017\/02\/kumanovo-semejstvo-2-150x100.jpg 150w\" sizes=\"(max-width: 700px) 100vw, 700px\" \/><\/a><p id=\"caption-attachment-23735\" class=\"wp-caption-text\">Familja n\u00ebnt\u00ebantar\u00ebshe Mlladenovski jeton prej ndihmave sociale n\u00eb kushte jasht\u00ebzakonisht t\u00eb v\u00ebshtira dhe n\u00eb varf\u00ebri n\u00eb fshatin malor Vratogurc\u00eb, n\u00eb vet\u00eb kufirin maqedono-serb. Eleonor\u00ebn nuk ka se kush t\u2019a d\u00ebrgoj\u00eb n\u00eb shkoll\u00eb, sepse i ati, Novko, \u00ebsht\u00eb i verb\u00ebr, n\u00ebna e saj ka hendikep mendor, kurse 4 f\u00ebmij\u00ebt e tjer\u00eb kan\u00eb d\u00ebmtim t\u00eb shikimit prej 50 deri m\u00eb 95 p\u00ebrqind, si dhe pengesa n\u00eb t\u00eb folur. (Foto: SDK.MK)<\/p><\/div>\n<p>\u201cM\u00eb 7 shkurt, shkuam n\u00eb shkoll\u00ebn qendrore \u201cHristijan Karposh\u201d n\u00eb fshatin Dragomanc\u00eb, q\u00eb t\u00eb shohim se a jan\u00eb t\u00eb v\u00ebrteta informacionet t\u00eb shkruara n\u00eb tekst. Nga biseda me drejtoresh\u00ebn dhe m\u00ebsuesen, zbuluam q\u00eb f\u00ebmij\u00ebs nuk i \u00ebsht\u00eb siguruar transporti. Ajo ec nga 12-13 kilometra n\u00eb t\u00eb dyja drejtimet q\u00eb t\u00eb shkoj\u00eb n\u00eb shkoll\u00eb, nd\u00ebrsa b\u00ebhet fjal\u00eb p\u00ebr nj\u00eb f\u00ebmij\u00eb me pengesa n\u00eb zhvillim.<\/p>\n<p><span style=\"font-weight: 400;\">N\u00eb shkoll\u00eb ka dhe dy nx\u00ebn\u00ebs q\u00eb nuk kan\u00eb transport deri tek shkollat e tyre, nj\u00ebri nga ta b\u00ebn rrug\u00eb prej m\u00eb shum\u00eb se 20 kilometrave. Shkolla ka marr\u00ebveshje p\u00ebr transport shkollor, por jo edhe p\u00ebr f\u00ebmij\u00ebt nga fshatrat malor\u00eb. Sipas ligjit, shkolla \u00ebsht\u00eb e detyruar t\u00eb siguroj\u00eb transport p\u00ebr t\u00eb gjith\u00eb nx\u00ebn\u00ebsit. K\u00ebta tre pjes\u00ebmarr\u00ebs jan\u00eb t\u00eb c\u00ebnuar, nuk iu respektohen t\u00eb drejtat e tyre t\u00eb garantuara me ligj. Shkolla ose Komuna do t\u00eb konfirmoj\u00eb procedur\u00eb t\u00eb m\u00ebtejme\u201d, thot\u00eb z\u00ebvend\u00ebs Avokati i popullit nga Kumanova, Naser Veseli. <\/span><\/p>\n<div id=\"attachment_23736\" style=\"width: 310px\" class=\"wp-caption alignleft\"><a href=\"http:\/\/sdk.mk\/\/wp-content\/uploads\/2017\/02\/kumanovo-ombudsman-300x169-1.jpg\"><img aria-describedby=\"caption-attachment-23736\" loading=\"lazy\" class=\"wp-image-23736 size-full\" src=\"http:\/\/sdk.mk\/\/wp-content\/uploads\/2017\/02\/kumanovo-ombudsman-300x169-1.jpg\" alt=\"Pas publikimit t\u00eb tekstit n\u00eb SAKAMDAKAZAM.MK para dy muajve, me iniciativ\u00ebn e vet, Ombudsmani ka nisur procedur\u00eb e cila \u00ebsht\u00eb dashur t\u00eb tregoj\u00eb se a ka thyerje t\u00eb t\u00eb drejtave t\u00eb nx\u00ebn\u00ebsit dhe se kush e ka b\u00ebr\u00eb k\u00ebt\u00eb; - z\u00ebvend\u00ebs Avokati i popullit nga Kumanova, Naser Veseli (Foto: SDK.MK)\" width=\"300\" height=\"169\" srcset=\"https:\/\/sdk.mk\/wp-content\/uploads\/2017\/02\/kumanovo-ombudsman-300x169-1.jpg 300w, https:\/\/sdk.mk\/wp-content\/uploads\/2017\/02\/kumanovo-ombudsman-300x169-1-250x141.jpg 250w, https:\/\/sdk.mk\/wp-content\/uploads\/2017\/02\/kumanovo-ombudsman-300x169-1-150x85.jpg 150w\" sizes=\"(max-width: 300px) 100vw, 300px\" \/><\/a><p id=\"caption-attachment-23736\" class=\"wp-caption-text\">Pas publikimit t\u00eb tekstit n\u00eb SAKAMDAKAZAM.MK para dy muajve, me iniciativ\u00ebn e vet, Ombudsmani ka nisur procedur\u00eb e cila \u00ebsht\u00eb dashur t\u00eb tregoj\u00eb se a ka thyerje t\u00eb t\u00eb drejtave t\u00eb nx\u00ebn\u00ebsit dhe se kush e ka b\u00ebr\u00eb k\u00ebt\u00eb; &#8211; z\u00ebvend\u00ebs Avokati i popullit nga Kumanova, Naser Veseli (Foto: SDK.MK)<\/p><\/div>\n<p>Shkolla ka ofruar q\u00eb Eleonora t\u00eb mund t\u00eb vendoset n\u00eb sht\u00ebpin\u00eb p\u00ebr nx\u00ebn\u00ebs n\u00eb fshatin Dragomanc\u00eb, por prind\u00ebrit nuk kan\u00eb pranuar, kurse edhe avokati i popullit konsideron q\u00eb kjo nuk \u00ebsht\u00eb nj\u00eb zgjidhje e duhur.<\/p>\n<p><span style=\"font-weight: 400;\">\u201cMendimi jon\u00eb \u00ebsht\u00eb q\u00eb ky f\u00ebmij\u00eb nuk mund t\u00eb vendoset t\u00eb sht\u00ebpi p\u00ebr nx\u00ebn\u00ebs sepse \u00ebsht\u00eb shum\u00eb i vog\u00ebl, pluse q\u00eb ka edhe probleme sh\u00ebndet\u00ebsore, mbi t\u00eb gjitha, nuk mund t\u2019i kontrolloj\u00eb nevojat fiziologjike. Nga ana tjet\u00ebr, n\u00eb sht\u00ebpin\u00eb nuk ka asnj\u00eb kuad\u00ebr profesional, i cili do t\u00eb p\u00ebrkujdesej p\u00ebr t\u00eb p\u00ebr 24 or\u00eb. Nat\u00ebn punon vet\u00ebm nj\u00eb person, i cili supozohet q\u00eb \u00ebsht\u00eb rojtar. F\u00ebmij\u00ebs n\u00eb fjal\u00eb i duhet p\u00ebrkujdesje e duhur p\u00ebr zhvillim dhe edukim t\u00eb mir\u00ebfillt\u00eb\u201d, shton Veseli. <\/span><\/p>\n<p><span style=\"font-weight: 400;\">Avokati i popullit do t\u00eb takohet me kryetarin e komun\u00ebs q\u00eb t\u2019i thot\u00eb se duhet ta zgjidh\u00eb problemin n\u00eb p\u00ebrputhje me ligjin. N\u00ebse nuk respektohet kjo, at\u00ebher\u00eb do t\u00eb k\u00ebrkoj\u00eb nd\u00ebrhyrjen e inspektoratit shtet\u00ebror, sepse kjo gj\u00eb \u00ebsht\u00eb n\u00ebn kompetenc\u00ebn e tyre. <\/span><\/p>\n<p><span style=\"font-weight: 400;\">Familja n\u00ebnt\u00ebantar\u00ebshe Mlladenovski jeton prej ndihmave sociale n\u00eb kushte jasht\u00ebzakonisht t\u00eb v\u00ebshtira dhe n\u00eb varf\u00ebri n\u00eb fshatin malor Vratogurc\u00eb, n\u00eb vet\u00eb kufirin maqedono-serb. Eleonor\u00ebn nuk ka se kush ta d\u00ebrgoj\u00eb n\u00eb shkoll\u00eb, sepse i ati, Novko, \u00ebsht\u00eb i verb\u00ebr, n\u00ebna e saj ka hendikep mendor, kurse 4 f\u00ebmij\u00ebt e tjer\u00eb kan\u00eb d\u00ebmtim t\u00eb shikimit prej 50 deri m\u00eb 95 p\u00ebrqind, si dhe pengesa n\u00eb t\u00eb folur. Dy prej tyre jan\u00eb t\u00eb vendosur n\u00eb sht\u00ebpin\u00eb p\u00ebr persona t\u00eb verb\u00ebr n\u00eb Shkup. <\/span><\/p>\n<p>P\u00ebr k\u00ebt\u00eb arsye Novko me vjet t\u00eb t\u00ebra k\u00ebrkon nga shteti q\u00eb t\u2019i siguroj\u00eb nj\u00eb banes\u00eb sociale n\u00eb Staro Negori\u00e7ane, q\u00eb t\u00eb mund t\u00eb jetoj\u00eb nj\u00eb jet\u00eb normale me familjen dhe t\u2019i shkolloj\u00eb f\u00ebmij\u00ebt e tij. Tri her\u00eb ka qen\u00eb i refuzuar me justifikimin q\u00eb nuk ka banesa, kurse pas publikimit t\u00eb historis\u00eb, asnj\u00eb nga kompetent\u00ebt nuk u lajm\u00ebrua q\u00eb t\u00eb ndihmonte. Vet\u00ebm organizatat joqeveritare dhe disa individ\u00eb soll\u00ebn ndihma sa t\u2019ia leht\u00ebsonin sado pak jet\u00ebn familjes.<\/p>\n<p><em><strong>P\u00ebrktheu: Fjolla Zllatku <\/strong><\/em><\/p>\n\n<div style=\"font-size: 0px; height: 0px; line-height: 0px; margin: 0; padding: 0; clear: both;\"><\/div>","protected":false},"excerpt":{"rendered":"<p>Avokati i popullit nga Kumanova hapi l\u00ebnd\u00eb p\u00ebr t\u2019i zbuluar shkaqet se p\u00ebrse nuk sigurohet transport p\u00ebr Eleonor\u00ebn (8), e [&hellip;]<\/p>\n","protected":false},"author":9,"featured_media":23734,"comment_status":"closed","ping_status":"closed","sticky":false,"template":"","format":"standard","meta":{"_mo_disable_npp":"","inline_featured_image":false},"categories":[3083],"tags":[],"imageURL":"https:\/\/sdk.mk\/wp-content\/uploads\/2017\/02\/kumanovo-semejstvo-5-696x463-650x432.jpg","thumbURL":"https:\/\/sdk.mk\/wp-content\/uploads\/2017\/02\/kumanovo-semejstvo-5-696x463-250x166.jpg","categoryNames":["Ngrije z\u00ebrin p\u00ebr Avokatin e Popullit"],"feature_caption":"","subtitle":"a:2:{s:16:\"td_post_template\";s:23:\"single_template_british\";s:9:\"td_source\";s:49:\"\u041a\u0443\u043c\u0430\u043d\u043e\u0432\u043e,(\u0421\u0410\u041a\u0410\u041c\u0414\u0410\u041a\u0410\u0416\u0410\u041c.\u041c\u041a)","views":"3309","source":"","yoast_head":"<!-- This site is optimized with the Yoast SEO Premium plugin v15.0 - https:\/\/yoast.com\/wordpress\/plugins\/seo\/ -->\n<title>NJ\u00cb NX\u00cbN\u00cbS I KLAS\u00cbS S\u00cb PAR\u00cb ME NEVOJA T\u00cb VE\u00c7ANTA EC NGA 13 KM DERI N\u00cb SHKOLL\u00cb SEPSE NUK KA TRANSPORT - \u0421\u0430\u043a\u0430\u043c \u0414\u0430 \u041a\u0430\u0436\u0430\u043c<\/title>\n<meta name=\"robots\" content=\"index, follow, max-snippet:-1, max-image-preview:large, max-video-preview:-1\" \/>\n<link rel=\"canonical\" href=\"https:\/\/sdk.mk\/index.php\/ngrije-zerin-per-avokatin-e-popullit\/nje-nxenes-klases-se-pare-nevoja-te-vecanta-ec-nga-13-km-deri-ne-shkolle-sepse-nuk-ka-transport\/\" \/>\n<meta property=\"og:locale\" content=\"mk_MK\" \/>\n<meta property=\"og:type\" content=\"article\" \/>\n<meta property=\"og:title\" content=\"NJ\u00cb NX\u00cbN\u00cbS I KLAS\u00cbS S\u00cb PAR\u00cb ME NEVOJA T\u00cb VE\u00c7ANTA EC NGA 13 KM DERI N\u00cb SHKOLL\u00cb SEPSE NUK KA TRANSPORT - \u0421\u0430\u043a\u0430\u043c \u0414\u0430 \u041a\u0430\u0436\u0430\u043c\" \/>\n<meta property=\"og:description\" content=\"Avokati i popullit nga Kumanova hapi l\u00ebnd\u00eb p\u00ebr t\u2019i zbuluar shkaqet se p\u00ebrse nuk sigurohet transport p\u00ebr Eleonor\u00ebn (8), e [&hellip;]\" \/>\n<meta property=\"og:url\" content=\"https:\/\/sdk.mk\/index.php\/ngrije-zerin-per-avokatin-e-popullit\/nje-nxenes-klases-se-pare-nevoja-te-vecanta-ec-nga-13-km-deri-ne-shkolle-sepse-nuk-ka-transport\/\" \/>\n<meta property=\"og:site_name\" content=\"\u0421\u0430\u043a\u0430\u043c \u0414\u0430 \u041a\u0430\u0436\u0430\u043c\" \/>\n<meta property=\"article:published_time\" content=\"2017-02-13T15:04:30+00:00\" \/>\n<meta property=\"og:image\" content=\"https:\/\/sdk.mk\/wp-content\/uploads\/2017\/02\/kumanovo-semejstvo-5-696x463.jpg\" \/>\n\t<meta property=\"og:image:width\" content=\"696\" \/>\n\t<meta property=\"og:image:height\" content=\"463\" \/>\n<meta property=\"fb:app_id\" content=\"2407985809428537\" \/>\n<meta name=\"twitter:card\" content=\"summary\" \/>\n<script type=\"application\/ld+json\" class=\"yoast-schema-graph\">{\"@context\":\"https:\/\/schema.org\",\"@graph\":[{\"@type\":\"WebSite\",\"@id\":\"https:\/\/sdk.mk\/#website\",\"url\":\"https:\/\/sdk.mk\/\",\"name\":\"\\u0421\\u0430\\u043a\\u0430\\u043c \\u0414\\u0430 \\u041a\\u0430\\u0436\\u0430\\u043c\",\"description\":\"\\u0417\\u0430 \\u0441\\u043b\\u043e\\u0431\\u043e\\u0434\\u043e\\u0443\\u043c\\u043d\\u0438\",\"potentialAction\":[{\"@type\":\"SearchAction\",\"target\":\"https:\/\/sdk.mk\/?s={search_term_string}\",\"query-input\":\"required name=search_term_string\"}],\"inLanguage\":\"mk-MK\"},{\"@type\":\"ImageObject\",\"@id\":\"https:\/\/sdk.mk\/index.php\/ngrije-zerin-per-avokatin-e-popullit\/nje-nxenes-klases-se-pare-nevoja-te-vecanta-ec-nga-13-km-deri-ne-shkolle-sepse-nuk-ka-transport\/#primaryimage\",\"inLanguage\":\"mk-MK\",\"url\":\"https:\/\/sdk.mk\/wp-content\/uploads\/2017\/02\/kumanovo-semejstvo-5-696x463.jpg\",\"width\":696,\"height\":463,\"caption\":\"Nx\\u00ebn\\u00ebsja e klas\\u00ebs s\\u00eb par\\u00eb, Eleonora Mlladenovksa nga fshati Vratogurc\\u00eb, nga fillimi i vitit shkollor, kalon \\u00e7do dit\\u00eb nga 4 or\\u00eb n\\u00ebp\\u00ebr mal q\\u00eb t\\u00eb arrij\\u00eb p\\u00ebr m\\u00ebsim n\\u00eb fshatin fqinj, Pelinc\\u00eb. (Foto: SDK.MK)\"},{\"@type\":\"WebPage\",\"@id\":\"https:\/\/sdk.mk\/index.php\/ngrije-zerin-per-avokatin-e-popullit\/nje-nxenes-klases-se-pare-nevoja-te-vecanta-ec-nga-13-km-deri-ne-shkolle-sepse-nuk-ka-transport\/#webpage\",\"url\":\"https:\/\/sdk.mk\/index.php\/ngrije-zerin-per-avokatin-e-popullit\/nje-nxenes-klases-se-pare-nevoja-te-vecanta-ec-nga-13-km-deri-ne-shkolle-sepse-nuk-ka-transport\/\",\"name\":\"NJ\\u00cb NX\\u00cbN\\u00cbS I KLAS\\u00cbS S\\u00cb PAR\\u00cb ME NEVOJA T\\u00cb VE\\u00c7ANTA EC NGA 13 KM DERI N\\u00cb SHKOLL\\u00cb SEPSE NUK KA TRANSPORT - \\u0421\\u0430\\u043a\\u0430\\u043c \\u0414\\u0430 \\u041a\\u0430\\u0436\\u0430\\u043c\",\"isPartOf\":{\"@id\":\"https:\/\/sdk.mk\/#website\"},\"primaryImageOfPage\":{\"@id\":\"https:\/\/sdk.mk\/index.php\/ngrije-zerin-per-avokatin-e-popullit\/nje-nxenes-klases-se-pare-nevoja-te-vecanta-ec-nga-13-km-deri-ne-shkolle-sepse-nuk-ka-transport\/#primaryimage\"},\"datePublished\":\"2017-02-13T15:04:30+00:00\",\"dateModified\":\"2017-02-13T15:04:30+00:00\",\"author\":{\"@id\":\"https:\/\/sdk.mk\/#\/schema\/person\/3e8217f71bc38bd7c592f30c69e10e5a\"},\"inLanguage\":\"mk-MK\",\"potentialAction\":[{\"@type\":\"ReadAction\",\"target\":[\"https:\/\/sdk.mk\/index.php\/ngrije-zerin-per-avokatin-e-popullit\/nje-nxenes-klases-se-pare-nevoja-te-vecanta-ec-nga-13-km-deri-ne-shkolle-sepse-nuk-ka-transport\/\"]}]},{\"@type\":\"Person\",\"@id\":\"https:\/\/sdk.mk\/#\/schema\/person\/3e8217f71bc38bd7c592f30c69e10e5a\",\"name\":\"\\u041c\\u0438\\u0440\\u043e\\u0441\\u043b\\u0430\\u0432 \\u0418\\u043b\\u0438\\u043e\\u0441\\u043a\\u0438\"}]}<\/script>\n<!-- \/ Yoast SEO Premium plugin. -->","_links":{"self":[{"href":"https:\/\/sdk.mk\/index.php\/wp-json\/wp\/v2\/posts\/23733"}],"collection":[{"href":"https:\/\/sdk.mk\/index.php\/wp-json\/wp\/v2\/posts"}],"about":[{"href":"https:\/\/sdk.mk\/index.php\/wp-json\/wp\/v2\/types\/post"}],"author":[{"embeddable":true,"href":"https:\/\/sdk.mk\/index.php\/wp-json\/wp\/v2\/users\/9"}],"replies":[{"embeddable":true,"href":"https:\/\/sdk.mk\/index.php\/wp-json\/wp\/v2\/comments?post=23733"}],"version-history":[{"count":0,"href":"https:\/\/sdk.mk\/index.php\/wp-json\/wp\/v2\/posts\/23733\/revisions"}],"wp:featuredmedia":[{"embeddable":true,"href":"https:\/\/sdk.mk\/index.php\/wp-json\/wp\/v2\/media\/23734"}],"wp:attachment":[{"href":"https:\/\/sdk.mk\/index.php\/wp-json\/wp\/v2\/media?parent=23733"}],"wp:term":[{"taxonomy":"category","embeddable":true,"href":"https:\/\/sdk.mk\/index.php\/wp-json\/wp\/v2\/categories?post=23733"},{"taxonomy":"post_tag","embeddable":true,"href":"https:\/\/sdk.mk\/index.php\/wp-json\/wp\/v2\/tags?post=23733"}],"curies":[{"name":"wp","href":"https:\/\/api.w.org\/{rel}","templated":true}]}}