{"id":23940,"date":"2017-01-27T12:14:20","date_gmt":"2017-01-27T11:14:20","guid":{"rendered":"http:\/\/sdk.mk\/\/?p=23940"},"modified":"2017-02-15T12:15:27","modified_gmt":"2017-02-15T11:15:27","slug":"mbi-300-njerez-te-humbin-shume-para-ne-fondet-private-te-pensionit","status":"publish","type":"post","link":"https:\/\/sdk.mk\/index.php\/ngrije-zerin-per-avokatin-e-popullit\/mbi-300-njerez-te-humbin-shume-para-ne-fondet-private-te-pensionit\/","title":{"rendered":"MBI 300 NJER\u00cbZ DO T\u00cb HUMBIN SHUM\u00cb PARA N\u00cb FONDET PRIVATE T\u00cb PENSIONIT"},"content":{"rendered":"<div class=\"f52428582a4b906b2d2e2a7d733c7d27\" data-index=\"7\" style=\"float: none; margin:10px 0 10px 0; text-align:center;\">\n<!-- MSP Ads Asynchronous JS Tag - Generated with Revive Adserver v5.4.1 -->\r\n<ins data-revive-zoneid=\"167\" data-revive-id=\"060fdb01f6430ec164d3519234aa4967\"><\/ins>\r\n<script async src=\"\/\/panel.ads.com.mk\/www\/delivery\/asyncjs.php\"><\/script>\n<\/div>\n<p>Gjithsej 314 qytetar\u00eb do t\u00eb humbin shum\u00eb para sepse jan\u00eb t\u00eb an\u00ebtar\u00ebsuar n\u00eb fondin e dyt\u00eb pensional. B\u00ebhet fjal\u00eb p\u00ebr t\u00eb siguruar q\u00eb n\u00eb vitin 2005 kan\u00eb pasur rreth 10-15 vjet deri n\u00eb pensionim dhe nuk \u00ebsht\u00eb dashur t\u00eb b\u00ebhen an\u00ebtar\u00eb t\u00eb sistemi pensional dyshtyllor.<\/p>\n<p><span style=\"font-weight: 400;\">Numri skandaloz doli n\u00eb pah q\u00eb kur tre qytetar\u00eb kan\u00eb ngritur parashtresa deri te Avokati i popullit. Ata kan\u00eb qen\u00eb t\u00eb kapur kur pas k\u00ebrkes\u00ebs s\u00eb dor\u00ebzuar p\u00ebr pension, PIOM u ka llogaritur pensione shum\u00eb m\u00eb t\u00eb ul\u00ebta nga ajo q\u00eb n\u00eb t\u00eb v\u00ebrtet\u00eb \u00ebsht\u00eb dashur t\u00eb marrin. <\/span><\/p>\n<p><span style=\"font-weight: 400;\">\u201cN\u00eb negociata, qytetar\u00ebt thon\u00eb q\u00eb askush nuk u ka th\u00ebn\u00eb, as i ka paralajm\u00ebruar q\u00eb nuk duhet t\u00eb an\u00ebtar\u00ebsohen n\u00eb fondet private, sepse nuk kan\u00eb mjaftuesh\u00ebm koh\u00eb q\u00eb t\u00eb mbledhin mjetet e duhura dhe p\u00ebr ta, an\u00ebtar\u00ebsimi ka qen\u00eb financiarisht i paleverdish\u00ebm\u201d, thon\u00eb nga Avokati i popullit. <\/span><\/p>\n<p><span style=\"font-weight: 400;\"> \u201cAta thon\u00eb q\u00eb agjent\u00ebt q\u00eb ua kan\u00eb ofruar marr\u00ebveshjet me shoq\u00ebrit\u00eb private pensionale i kan\u00eb b\u00ebr\u00eb konfuz\u00eb, dhe p\u00ebr k\u00ebt\u00eb shkak ne dyshojm\u00eb n\u00eb pun\u00ebn e tyre. Por, gjithashtu ne kemi k\u00ebrkuar nga Agjencia p\u00ebr supervision (MAPAS) t\u00eb na tregoj\u00eb q\u00eb ka nd\u00ebrmarr\u00eb ndonj\u00eb mas\u00eb n\u00eb mbrojtje t\u00eb t\u00eb siguruarve. Ata u p\u00ebrgjigj\u00ebn q\u00eb kan\u00eb d\u00ebrguar v\u00ebrtetim t\u00eb shkruar dhe kan\u00eb telefonuar te k\u00ebta t\u00eb siguruar, por nuk kan\u00eb d\u00ebshmi materiale p\u00ebr ta v\u00ebrtetuar k\u00ebt\u00eb gj\u00eb. K\u00ebt\u00eb e mohuan edhe njer\u00ebzit q\u00eb na dor\u00ebzuan ankesa. P\u00ebr k\u00ebt\u00eb ne k\u00ebrkuam q\u00eb k\u00ebtyre t\u00eb siguruarve q\u00eb t\u2019u lejohet prishja e marr\u00ebveshjes me shoq\u00ebrit\u00eb private pensionale dhe t\u00eb kthehen n\u00eb PIOM\u201d, shpjegojn\u00eb nga kabineti i Avokatit t\u00eb popullit. <\/span><\/p>\n<p><span style=\"font-weight: 400;\">MAPAS \u00a0e ka lajm\u00ebruar Avokatin e popullit q\u00eb n\u00eb sistemin pensional ka gjithsej 314 t\u00eb siguruar t\u00eb cil\u00ebn do t\u00eb humbin shum\u00eb para. Nj\u00ebkoh\u00ebsisht, MAPAS kan\u00eb lajm\u00ebruar q\u00eb do t\u00eb propozojn\u00eb ndryshime ligjore n\u00eb Ministrin\u00eb e pun\u00ebs dhe politik\u00ebs sociale, me t\u00eb cil\u00ebt do t\u00eb b\u00ebhet kontroll\u00eb e t\u00eb gjith\u00eb an\u00ebtar\u00ebve, t\u00eb cil\u00ebt gjat\u00eb n\u00ebnshkrimit t\u00eb marr\u00ebveshjes me shoq\u00ebrit\u00eb pensionale (2005) kan\u00eb pasur 38 vjet, kan\u00eb qen\u00eb t\u00eb lindur n\u00eb ose para vitit 1967, kan\u00eb pasur s\u00eb paku 5 vjet pun\u00eb apo kan\u00eb qen\u00eb t\u00eb pun\u00ebsuar nga viti 2003. T\u00eb gjith\u00eb duhet t\u00eb fitojn\u00eb mund\u00ebsi, pas k\u00ebrkes\u00ebs s\u00eb tyre, q\u00eb t\u2019u hiqet an\u00ebtar\u00ebsimi i shtyll\u00ebs s\u00eb dyt\u00eb pensionale, kurse parat\u00eb t\u2019u transferohen n\u00eb PIOM. <\/span><\/p>\n<p><em><strong>P\u00ebrktheu: Fjolla Zllatku<\/strong><\/em><\/p>\n\n<div style=\"font-size: 0px; height: 0px; line-height: 0px; margin: 0; padding: 0; clear: both;\"><\/div>","protected":false},"excerpt":{"rendered":"<p>Gjithsej 314 qytetar\u00eb do t\u00eb humbin shum\u00eb para sepse jan\u00eb t\u00eb an\u00ebtar\u00ebsuar n\u00eb fondin e dyt\u00eb pensional. B\u00ebhet fjal\u00eb p\u00ebr [&hellip;]<\/p>\n","protected":false},"author":9,"featured_media":23941,"comment_status":"closed","ping_status":"closed","sticky":false,"template":"","format":"standard","meta":{"_mo_disable_npp":"","inline_featured_image":false},"categories":[3083],"tags":[],"imageURL":"https:\/\/sdk.mk\/wp-content\/uploads\/2017\/02\/mapas-696x442-650x413.jpg","thumbURL":"https:\/\/sdk.mk\/wp-content\/uploads\/2017\/02\/mapas-696x442-250x159.jpg","categoryNames":["Ngrije z\u00ebrin p\u00ebr Avokatin e Popullit"],"feature_caption":"","subtitle":"a:2:{s:16:\"td_post_template\";s:23:\"single_template_british\";s:9:\"td_source\";s:45:\"\u0421\u043a\u043e\u043f\u0458\u0435,(\u0421\u0410\u041a\u0410\u041c\u0414\u0410\u041a\u0410\u0416\u0410\u041c.\u041c\u041a)","views":"2860","source":"","yoast_head":"<!-- This site is optimized with the Yoast SEO Premium plugin v15.0 - https:\/\/yoast.com\/wordpress\/plugins\/seo\/ -->\n<title>MBI 300 NJER\u00cbZ DO T\u00cb HUMBIN SHUM\u00cb PARA N\u00cb FONDET PRIVATE T\u00cb PENSIONIT - \u0421\u0430\u043a\u0430\u043c \u0414\u0430 \u041a\u0430\u0436\u0430\u043c<\/title>\n<meta name=\"robots\" content=\"index, follow, max-snippet:-1, max-image-preview:large, max-video-preview:-1\" \/>\n<link rel=\"canonical\" href=\"https:\/\/sdk.mk\/index.php\/ngrije-zerin-per-avokatin-e-popullit\/mbi-300-njerez-te-humbin-shume-para-ne-fondet-private-te-pensionit\/\" \/>\n<meta property=\"og:locale\" content=\"mk_MK\" \/>\n<meta property=\"og:type\" content=\"article\" \/>\n<meta property=\"og:title\" content=\"MBI 300 NJER\u00cbZ DO T\u00cb HUMBIN SHUM\u00cb PARA N\u00cb FONDET PRIVATE T\u00cb PENSIONIT - \u0421\u0430\u043a\u0430\u043c \u0414\u0430 \u041a\u0430\u0436\u0430\u043c\" \/>\n<meta property=\"og:description\" content=\"Gjithsej 314 qytetar\u00eb do t\u00eb humbin shum\u00eb para sepse jan\u00eb t\u00eb an\u00ebtar\u00ebsuar n\u00eb fondin e dyt\u00eb pensional. B\u00ebhet fjal\u00eb p\u00ebr [&hellip;]\" \/>\n<meta property=\"og:url\" content=\"https:\/\/sdk.mk\/index.php\/ngrije-zerin-per-avokatin-e-popullit\/mbi-300-njerez-te-humbin-shume-para-ne-fondet-private-te-pensionit\/\" \/>\n<meta property=\"og:site_name\" content=\"\u0421\u0430\u043a\u0430\u043c \u0414\u0430 \u041a\u0430\u0436\u0430\u043c\" \/>\n<meta property=\"article:published_time\" content=\"2017-01-27T11:14:20+00:00\" \/>\n<meta property=\"article:modified_time\" content=\"2017-02-15T11:15:27+00:00\" \/>\n<meta property=\"og:image\" content=\"https:\/\/sdk.mk\/wp-content\/uploads\/2017\/02\/mapas-696x442.jpg\" \/>\n\t<meta property=\"og:image:width\" content=\"696\" \/>\n\t<meta property=\"og:image:height\" content=\"442\" \/>\n<meta property=\"fb:app_id\" content=\"2407985809428537\" \/>\n<meta name=\"twitter:card\" content=\"summary\" \/>\n<script type=\"application\/ld+json\" class=\"yoast-schema-graph\">{\"@context\":\"https:\/\/schema.org\",\"@graph\":[{\"@type\":\"WebSite\",\"@id\":\"https:\/\/sdk.mk\/#website\",\"url\":\"https:\/\/sdk.mk\/\",\"name\":\"\\u0421\\u0430\\u043a\\u0430\\u043c \\u0414\\u0430 \\u041a\\u0430\\u0436\\u0430\\u043c\",\"description\":\"\\u0417\\u0430 \\u0441\\u043b\\u043e\\u0431\\u043e\\u0434\\u043e\\u0443\\u043c\\u043d\\u0438\",\"potentialAction\":[{\"@type\":\"SearchAction\",\"target\":\"https:\/\/sdk.mk\/?s={search_term_string}\",\"query-input\":\"required name=search_term_string\"}],\"inLanguage\":\"mk-MK\"},{\"@type\":\"ImageObject\",\"@id\":\"https:\/\/sdk.mk\/index.php\/ngrije-zerin-per-avokatin-e-popullit\/mbi-300-njerez-te-humbin-shume-para-ne-fondet-private-te-pensionit\/#primaryimage\",\"inLanguage\":\"mk-MK\",\"url\":\"https:\/\/sdk.mk\/wp-content\/uploads\/2017\/02\/mapas-696x442.jpg\",\"width\":696,\"height\":442,\"caption\":\"MAPAS \\u00a0e ka lajm\\u00ebruar Avokatin e popullit q\\u00eb n\\u00eb sistemin pensional ka gjithsej 314 t\\u00eb siguruar t\\u00eb cil\\u00ebn do t\\u00eb humbin shum\\u00eb para: - Drejtori i Agjencis\\u00eb p\\u00ebr supervizion dhe sigurim kapital financiar pensional (MAPAS), Bulent Dervishi (Foto: MIA)\"},{\"@type\":\"WebPage\",\"@id\":\"https:\/\/sdk.mk\/index.php\/ngrije-zerin-per-avokatin-e-popullit\/mbi-300-njerez-te-humbin-shume-para-ne-fondet-private-te-pensionit\/#webpage\",\"url\":\"https:\/\/sdk.mk\/index.php\/ngrije-zerin-per-avokatin-e-popullit\/mbi-300-njerez-te-humbin-shume-para-ne-fondet-private-te-pensionit\/\",\"name\":\"MBI 300 NJER\\u00cbZ DO T\\u00cb HUMBIN SHUM\\u00cb PARA N\\u00cb FONDET PRIVATE T\\u00cb PENSIONIT - \\u0421\\u0430\\u043a\\u0430\\u043c \\u0414\\u0430 \\u041a\\u0430\\u0436\\u0430\\u043c\",\"isPartOf\":{\"@id\":\"https:\/\/sdk.mk\/#website\"},\"primaryImageOfPage\":{\"@id\":\"https:\/\/sdk.mk\/index.php\/ngrije-zerin-per-avokatin-e-popullit\/mbi-300-njerez-te-humbin-shume-para-ne-fondet-private-te-pensionit\/#primaryimage\"},\"datePublished\":\"2017-01-27T11:14:20+00:00\",\"dateModified\":\"2017-02-15T11:15:27+00:00\",\"author\":{\"@id\":\"https:\/\/sdk.mk\/#\/schema\/person\/3e8217f71bc38bd7c592f30c69e10e5a\"},\"inLanguage\":\"mk-MK\",\"potentialAction\":[{\"@type\":\"ReadAction\",\"target\":[\"https:\/\/sdk.mk\/index.php\/ngrije-zerin-per-avokatin-e-popullit\/mbi-300-njerez-te-humbin-shume-para-ne-fondet-private-te-pensionit\/\"]}]},{\"@type\":\"Person\",\"@id\":\"https:\/\/sdk.mk\/#\/schema\/person\/3e8217f71bc38bd7c592f30c69e10e5a\",\"name\":\"\\u041c\\u0438\\u0440\\u043e\\u0441\\u043b\\u0430\\u0432 \\u0418\\u043b\\u0438\\u043e\\u0441\\u043a\\u0438\"}]}<\/script>\n<!-- \/ Yoast SEO Premium plugin. -->","_links":{"self":[{"href":"https:\/\/sdk.mk\/index.php\/wp-json\/wp\/v2\/posts\/23940"}],"collection":[{"href":"https:\/\/sdk.mk\/index.php\/wp-json\/wp\/v2\/posts"}],"about":[{"href":"https:\/\/sdk.mk\/index.php\/wp-json\/wp\/v2\/types\/post"}],"author":[{"embeddable":true,"href":"https:\/\/sdk.mk\/index.php\/wp-json\/wp\/v2\/users\/9"}],"replies":[{"embeddable":true,"href":"https:\/\/sdk.mk\/index.php\/wp-json\/wp\/v2\/comments?post=23940"}],"version-history":[{"count":0,"href":"https:\/\/sdk.mk\/index.php\/wp-json\/wp\/v2\/posts\/23940\/revisions"}],"wp:featuredmedia":[{"embeddable":true,"href":"https:\/\/sdk.mk\/index.php\/wp-json\/wp\/v2\/media\/23941"}],"wp:attachment":[{"href":"https:\/\/sdk.mk\/index.php\/wp-json\/wp\/v2\/media?parent=23940"}],"wp:term":[{"taxonomy":"category","embeddable":true,"href":"https:\/\/sdk.mk\/index.php\/wp-json\/wp\/v2\/categories?post=23940"},{"taxonomy":"post_tag","embeddable":true,"href":"https:\/\/sdk.mk\/index.php\/wp-json\/wp\/v2\/tags?post=23940"}],"curies":[{"name":"wp","href":"https:\/\/api.w.org\/{rel}","templated":true}]}}