{"id":240525,"date":"2025-01-27T14:40:58","date_gmt":"2025-01-27T13:40:58","guid":{"rendered":"https:\/\/sdk.mk\/?p=240525"},"modified":"2025-01-27T14:41:48","modified_gmt":"2025-01-27T13:41:48","slug":"loje-e-trampit","status":"publish","type":"post","link":"https:\/\/sdk.mk\/index.php\/dua-te-them\/loje-e-trampit\/","title":{"rendered":"LOJ\u00cb E TRAMPIT"},"content":{"rendered":"<div class=\"f52428582a4b906b2d2e2a7d733c7d27\" data-index=\"7\" style=\"float: none; margin:10px 0 10px 0; text-align:center;\">\n<!-- MSP Ads Asynchronous JS Tag - Generated with Revive Adserver v5.4.1 -->\r\n<ins data-revive-zoneid=\"167\" data-revive-id=\"060fdb01f6430ec164d3519234aa4967\"><\/ins>\r\n<script async src=\"\/\/panel.ads.com.mk\/www\/delivery\/asyncjs.php\"><\/script>\n<\/div>\n<p><span class=\"dropcap color firstcharacter\">1<\/span> &#8220;Nuk ka rezultate t\u00eb menj\u00ebhershme,&#8221; thot\u00eb kryeministri Hristijan Mickoski pas kthimit nga Uashingtoni, ku ishte gjat\u00eb inaugurimit t\u00eb Donald Trump-it si president i SHBA-s\u00eb.<br \/>\nNuk jam i sigurt n\u00ebse gjith\u00e7ka do t\u00eb kishte qen\u00eb ndryshe n\u00ebse LSDM-ja nuk do t\u00eb ishte marr\u00eb vet\u00ebm me \u00e7\u00ebshtjen n\u00ebse kryeministri kishte v\u00ebrtet nj\u00eb ftes\u00eb p\u00ebr inaugurim apo n\u00ebse ishte fotografuar me njer\u00ebz t\u00eb r\u00ebnd\u00ebsish\u00ebm apo me &#8220;kushdo&#8221; n\u00eb sallat e hoteleve dhe koktejeve. Ose, n\u00ebse, para nisjes p\u00ebr n\u00eb Uashington, ekipi i Mickoskit nuk do t\u00eb kishte tentuar t\u00eb na mashtronte se ishte i vetmi nga Ballkani i ftuar n\u00eb inaugurimin e presidentit amerikan.<br \/>\nA mund t\u00eb mos e n\u00ebnvler\u00ebsojn\u00eb inteligjenc\u00ebn ton\u00eb dhe t\u00eb mos p\u00ebrpiqen t\u00eb na impresionojn\u00eb me marr\u00ebzi? As nj\u00ebra pal\u00eb, as tjetra. M\u00eb e r\u00ebnd\u00ebsishmja \u00ebsht\u00eb t\u00eb shohim n\u00ebse do t\u00eb ket\u00eb rezultate nga ky udh\u00ebtim dhe \u00e7far\u00eb do t\u00eb jen\u00eb ato, ose n\u00ebse i gjith\u00eb episodi do t\u00eb jet\u00eb vet\u00ebm nj\u00eb tjet\u00ebr loj\u00eb PR-i.<\/p>\n<p>Fillon nj\u00eb epok\u00eb e re. Me Trump-in, nuk ndryshojn\u00eb vet\u00ebm SHBA-t\u00eb. Ndryshon edhe bota. Sido q\u00eb t\u00eb jet\u00eb ky ndryshim, p\u00ebr mir\u00eb apo p\u00ebr keq, nuk ka asnj\u00eb d\u00ebm nga fakti q\u00eb kryeministri vendosi q\u00eb n\u00eb dit\u00ebn e par\u00eb t\u00eb administrat\u00ebs s\u00eb re amerikane t\u00eb p\u00ebrpiqet t\u00eb shfryt\u00ebzoj\u00eb kontaktet me disa njer\u00ebz q\u00eb kan\u00eb ndonj\u00eb rol n\u00eb at\u00eb shoq\u00ebri. P\u00ebr t\u00eb ngritur dy gishta \u2013 alo, edhe un\u00eb jam k\u00ebtu.<\/p>\n<p>\u00c7far\u00eb jemi ne? Nj\u00eb kok\u00ebrr n\u00eb sken\u00ebn politike bot\u00ebrore. Maqedonia nuk \u00ebsht\u00eb Italia. Dhe as Hristijan Mickoski nuk \u00ebsht\u00eb Giorgia Meloni, q\u00eb t\u00eb jet\u00eb n\u00eb Rotond\u00ebn e Kapitolit n\u00eb vend t\u00eb nj\u00eb lozh\u00eb sportive. Kaq \u00ebsht\u00eb fuqia jon\u00eb.<br \/>\nPor nd\u00ebrsa opinioni publik merret me faktin n\u00ebse kryeministri n\u00eb SHBA kishte nj\u00eb ofensiv\u00eb diplomatike apo k\u00ebrkonte k\u00ebndin m\u00eb t\u00eb mir\u00eb p\u00ebr nj\u00eb selfie, t\u00eb mos harrojm\u00eb se problemi i vet\u00ebm urgjent mbetet si t\u00eb futen bullgar\u00ebt n\u00eb Kushtetut\u00eb, duke siguruar q\u00eb BE-ja nuk do t\u00eb vazhdoj\u00eb t\u00eb na &#8220;ngacmoj\u00eb&#8221; dhe bllokoj\u00eb. Dhe n\u00ebse Kushtetuta nuk ndryshon, si t\u00eb ndryshohet korniza negociuese dhe n\u00ebse duhet t\u00eb negociojm\u00eb fare me BE-n\u00eb.<\/p>\n<p>Por, meqen\u00ebse kryeministri thot\u00eb se &#8220;\u00e7\u00ebshtja maqedonase nuk do t\u00eb mbyllet kurr\u00eb derisa t\u00eb realizohen q\u00ebllimet kryesore dhe strategjike, q\u00eb \u00ebsht\u00eb an\u00ebtar\u00ebsimi i plot\u00eb n\u00eb Bashkimin Evropian,&#8221; at\u00ebher\u00eb le t\u00eb liroj\u00eb pak dor\u00ebn me populizmin p\u00ebr tem\u00ebn e Greqis\u00eb. Me t\u00eb gjitha problemet q\u00eb kemi n\u00eb sht\u00ebpi dhe t\u00eb gjitha pengesat q\u00eb na ka vendosur BE-ja, nuk kemi nevoj\u00eb t\u00eb rihapim problemin e vet\u00ebm t\u00eb zgjidhur q\u00eb kemi me fqinj\u00ebt.<\/p>\n<p><span class=\"dropcap color firstcharacter\">2<\/span> Gjat\u00eb nd\u00ebrprerjes s\u00eb debatit n\u00ebse Mickoski kishte nj\u00eb bilet\u00eb VIP apo nj\u00eb kart\u00eb t\u00eb zakonshme n\u00eb Uashington, u shfaq\u00ebn lajmet se n\u00eb Kumanov\u00eb, n\u00eb shkollat e mesme dhe fillore, n\u00eb fillim t\u00eb gjysm\u00ebvjetorit t\u00eb dyt\u00eb, do t\u00eb ket\u00eb 174 nx\u00ebn\u00ebs m\u00eb pak. N\u00eb Tetov\u00eb, jan\u00eb larguar 74 nx\u00ebn\u00ebs. P\u00ebr qytetet e tjera ende nuk e dim\u00eb matematik\u00ebn.<\/p>\n<p>Njer\u00ebzit nuk po largohen m\u00eb vet\u00ebm p\u00ebr para. Po k\u00ebrkojn\u00eb qet\u00ebsi. Dhe parashikueshm\u00ebri.<br \/>\nT\u00eb pakt\u00ebn 100 familje vet\u00ebm nga k\u00ebto dy qytete nuk e kan\u00eb pritur fundin e vitit shkollor. Aq shum\u00eb u \u00ebsht\u00eb nxituar p\u00ebr ta braktisur k\u00ebt\u00eb &#8220;bukur\u00ed&#8221;. K\u00ebt\u00eb shtet t\u00eb mrekulluesh\u00ebm ligjor.<\/p>\n<p><span class=\"dropcap color firstcharacter\">3<\/span> Qeveria ka konstatuar nevoj\u00ebn p\u00ebr t\u00eb bler\u00eb nj\u00eb avion t\u00eb ri shtet\u00ebror. Mir\u00eb. E kan\u00eb konstatuar nevoj\u00ebn, le ta nisin procedur\u00ebn. Vet\u00ebm, t\u00eb mos na mashtrojn\u00eb me shpjegime t\u00eb tipit se presidenti Boris Trajkovski vdiq n\u00eb nj\u00eb aksident ajror dhe me detaje t\u00eb tjera katastrofike.<br \/>\nDetyra e Qeveris\u00eb \u00ebsht\u00eb t\u00eb siguroj\u00eb transparenc\u00eb absolute n\u00eb procedur\u00eb. Dhe t\u00eb vendos\u00eb praktik\u00ebn q\u00eb kjo transparenc\u00eb t\u00eb vlej\u00eb edhe pas blerjes, p\u00ebr t\u00eb shmangur abuzimet. N\u00eb m\u00ebnyr\u00eb q\u00eb, kur t\u00eb pyesim kush ka udh\u00ebtuar me at\u00eb avion dhe pse ka udh\u00ebtuar, t\u00eb na thon\u00eb pa k\u00ebrkuar miliona arsye pse nuk na e tregojn\u00eb. Sepse, apo jo, p\u00ebr t\u00eb mir\u00ebn ton\u00eb udh\u00ebtojn\u00eb me avion q\u00eb do ta blejn\u00eb me parat\u00eb tona.<br \/>\nVet\u00ebm kjo na intereson dhe vet\u00ebm k\u00ebt\u00eb duhet ta siguroj\u00eb Qeveria. Nuk ka nevoj\u00eb t\u00eb na tremb\u00eb me frik\u00eb nekrofile.<\/p>\n<p><span class=\"dropcap color firstcharacter\">4 <\/span> Presidentja Gordana Siljanovska-Davkova, n\u00eb fjalimin e saj gjat\u00eb pritjes tradicionale t\u00eb Vitit t\u00eb Ri p\u00ebr ambasador\u00ebt e huaj, tha se &#8220;q\u00eb nga fillimi i operacionit ushtarak rus, ne u pozicionuam n\u00eb an\u00ebn e Ukrain\u00ebs, duke menduar se kjo nuk \u00ebsht\u00eb vet\u00ebm p\u00ebr shkak t\u00eb politik\u00ebs s\u00eb p\u00ebrbashk\u00ebt evropiane, por edhe parimore.&#8221;<br \/>\nAgresioni rus ndaj Ukrain\u00ebs, Putin e quan &#8220;operacion special ushtarak.&#8221;<br \/>\nMaqedonia \u00ebsht\u00eb vendi i pest\u00eb donator p\u00ebr Ukrain\u00ebn, sipas p\u00ebrqindjes s\u00eb PBB-s\u00eb nd\u00ebr t\u00eb gjitha vendet donatore. Ne japim ndihm\u00eb sepse Ukraina \u00ebsht\u00eb viktim\u00eb e agresionit. N\u00ebse jemi pozicionuar n\u00eb an\u00ebn e viktim\u00ebs, at\u00ebher\u00eb pse komandantja jon\u00eb supreme e quan agresionin rus ashtu si\u00e7 e quan Putin?<br \/>\nA ishte lapsus i presidentes? Apo do t\u00eb na thot\u00eb di\u00e7ka t\u00eb re?<\/p>\n\n<div style=\"font-size: 0px; height: 0px; line-height: 0px; margin: 0; padding: 0; clear: both;\"><\/div>","protected":false},"excerpt":{"rendered":"<p>&#8220;Nuk ka rezultate t\u00eb menj\u00ebhershme,&#8221; thot\u00eb kryeministri Hristijan Mickoski pas kthimit nga Uashingtoni, ku ishte gjat\u00eb inaugurimit t\u00eb Donald Trump-it [&hellip;]<\/p>\n","protected":false},"author":25,"featured_media":0,"comment_status":"closed","ping_status":"closed","sticky":false,"template":"","format":"standard","meta":{"_mo_disable_npp":"no","inline_featured_image":false},"categories":[1825],"tags":[],"imageURL":false,"thumbURL":false,"categoryNames":["DUA T\u00cb THEM"],"feature_caption":"","subtitle":"T\u00eb pakt\u00ebn 100 jan\u00eb shp\u00ebrngulur pa mbaruar viti shkollor. Aq shum\u00eb u \u00ebsht\u00eb nxituar p\u00ebr ta braktisur k\u00ebt\u00eb \"bukur\u00ed\".","views":"49","source":"Shkup, SAKAMDAKAZAM.MK","yoast_head":"<!-- This site is optimized with the Yoast SEO Premium plugin v15.0 - https:\/\/yoast.com\/wordpress\/plugins\/seo\/ -->\n<title>LOJ\u00cb E TRAMPIT - \u0421\u0430\u043a\u0430\u043c \u0414\u0430 \u041a\u0430\u0436\u0430\u043c<\/title>\n<meta name=\"robots\" content=\"index, follow, max-snippet:-1, max-image-preview:large, max-video-preview:-1\" \/>\n<link rel=\"canonical\" href=\"https:\/\/sdk.mk\/index.php\/dua-te-them\/loje-e-trampit\/\" \/>\n<meta property=\"og:locale\" content=\"mk_MK\" \/>\n<meta property=\"og:type\" content=\"article\" \/>\n<meta property=\"og:title\" content=\"LOJ\u00cb E TRAMPIT - \u0421\u0430\u043a\u0430\u043c \u0414\u0430 \u041a\u0430\u0436\u0430\u043c\" \/>\n<meta property=\"og:description\" content=\"&#8220;Nuk ka rezultate t\u00eb menj\u00ebhershme,&#8221; thot\u00eb kryeministri Hristijan Mickoski pas kthimit nga Uashingtoni, ku ishte gjat\u00eb inaugurimit t\u00eb Donald Trump-it [&hellip;]\" \/>\n<meta property=\"og:url\" content=\"https:\/\/sdk.mk\/index.php\/dua-te-them\/loje-e-trampit\/\" \/>\n<meta property=\"og:site_name\" content=\"\u0421\u0430\u043a\u0430\u043c \u0414\u0430 \u041a\u0430\u0436\u0430\u043c\" \/>\n<meta property=\"article:published_time\" content=\"2025-01-27T13:40:58+00:00\" \/>\n<meta property=\"article:modified_time\" content=\"2025-01-27T13:41:48+00:00\" \/>\n<meta property=\"og:image\" content=\"https:\/\/sdk.mk\/wp-content\/uploads\/2015\/12\/goran-mihailovski2.jpg\" \/>\n\t<meta property=\"og:image:width\" content=\"400\" \/>\n\t<meta property=\"og:image:height\" content=\"313\" \/>\n<meta property=\"fb:app_id\" content=\"2407985809428537\" \/>\n<meta name=\"twitter:card\" content=\"summary\" \/>\n<script type=\"application\/ld+json\" class=\"yoast-schema-graph\">{\"@context\":\"https:\/\/schema.org\",\"@graph\":[{\"@type\":\"WebSite\",\"@id\":\"https:\/\/sdk.mk\/#website\",\"url\":\"https:\/\/sdk.mk\/\",\"name\":\"\\u0421\\u0430\\u043a\\u0430\\u043c \\u0414\\u0430 \\u041a\\u0430\\u0436\\u0430\\u043c\",\"description\":\"\\u0417\\u0430 \\u0441\\u043b\\u043e\\u0431\\u043e\\u0434\\u043e\\u0443\\u043c\\u043d\\u0438\",\"potentialAction\":[{\"@type\":\"SearchAction\",\"target\":\"https:\/\/sdk.mk\/?s={search_term_string}\",\"query-input\":\"required name=search_term_string\"}],\"inLanguage\":\"mk-MK\"},{\"@type\":\"WebPage\",\"@id\":\"https:\/\/sdk.mk\/index.php\/dua-te-them\/loje-e-trampit\/#webpage\",\"url\":\"https:\/\/sdk.mk\/index.php\/dua-te-them\/loje-e-trampit\/\",\"name\":\"LOJ\\u00cb E TRAMPIT - \\u0421\\u0430\\u043a\\u0430\\u043c \\u0414\\u0430 \\u041a\\u0430\\u0436\\u0430\\u043c\",\"isPartOf\":{\"@id\":\"https:\/\/sdk.mk\/#website\"},\"datePublished\":\"2025-01-27T13:40:58+00:00\",\"dateModified\":\"2025-01-27T13:41:48+00:00\",\"author\":{\"@id\":\"https:\/\/sdk.mk\/#\/schema\/person\/737021aeacbe893f7e2c347186c5c7a1\"},\"inLanguage\":\"mk-MK\",\"potentialAction\":[{\"@type\":\"ReadAction\",\"target\":[\"https:\/\/sdk.mk\/index.php\/dua-te-them\/loje-e-trampit\/\"]}]},{\"@type\":\"Person\",\"@id\":\"https:\/\/sdk.mk\/#\/schema\/person\/737021aeacbe893f7e2c347186c5c7a1\",\"name\":\"\\u0424\\u0458\\u043e\\u043b\\u0430 \\u0417\\u043b\\u0430\\u0442\\u043a\\u0443\"}]}<\/script>\n<!-- \/ Yoast SEO Premium plugin. -->","_links":{"self":[{"href":"https:\/\/sdk.mk\/index.php\/wp-json\/wp\/v2\/posts\/240525"}],"collection":[{"href":"https:\/\/sdk.mk\/index.php\/wp-json\/wp\/v2\/posts"}],"about":[{"href":"https:\/\/sdk.mk\/index.php\/wp-json\/wp\/v2\/types\/post"}],"author":[{"embeddable":true,"href":"https:\/\/sdk.mk\/index.php\/wp-json\/wp\/v2\/users\/25"}],"replies":[{"embeddable":true,"href":"https:\/\/sdk.mk\/index.php\/wp-json\/wp\/v2\/comments?post=240525"}],"version-history":[{"count":0,"href":"https:\/\/sdk.mk\/index.php\/wp-json\/wp\/v2\/posts\/240525\/revisions"}],"wp:attachment":[{"href":"https:\/\/sdk.mk\/index.php\/wp-json\/wp\/v2\/media?parent=240525"}],"wp:term":[{"taxonomy":"category","embeddable":true,"href":"https:\/\/sdk.mk\/index.php\/wp-json\/wp\/v2\/categories?post=240525"},{"taxonomy":"post_tag","embeddable":true,"href":"https:\/\/sdk.mk\/index.php\/wp-json\/wp\/v2\/tags?post=240525"}],"curies":[{"name":"wp","href":"https:\/\/api.w.org\/{rel}","templated":true}]}}