{"id":241183,"date":"2025-02-03T10:16:52","date_gmt":"2025-02-03T09:16:52","guid":{"rendered":"https:\/\/sdk.mk\/?p=241183"},"modified":"2025-02-03T10:16:52","modified_gmt":"2025-02-03T09:16:52","slug":"dizajnerja-irina-tosheva-me-punetori-per-qepje-dhe-qendisje-do-t-u-ndihmoje-te-burgosurve-ne-idrizove-te-fitojne-aftesi-dhe-te-gjejne-pune","status":"publish","type":"post","link":"https:\/\/sdk.mk\/index.php\/histori-te-parrefyera\/dizajnerja-irina-tosheva-me-punetori-per-qepje-dhe-qendisje-do-t-u-ndihmoje-te-burgosurve-ne-idrizove-te-fitojne-aftesi-dhe-te-gjejne-pune\/","title":{"rendered":"DIZAJNERJA IRINA TOSHEVA ME PUN\u00cbTORI P\u00cbR QEPJE DHE Q\u00cbNDISJE DO T&#8217;U NDIHMOJ\u00cb T\u00cb BURGOSURVE N\u00cb &#8220;IDRIZOV\u00cb&#8221; T\u00cb FITOJN\u00cb AFT\u00cbSI DHE T\u00cb GJEJN\u00cb PUN\u00cb\u00a0"},"content":{"rendered":"<div class=\"f52428582a4b906b2d2e2a7d733c7d27\" data-index=\"7\" style=\"float: none; margin:10px 0 10px 0; text-align:center;\">\n<!-- MSP Ads Asynchronous JS Tag - Generated with Revive Adserver v5.4.1 -->\r\n<ins data-revive-zoneid=\"167\" data-revive-id=\"060fdb01f6430ec164d3519234aa4967\"><\/ins>\r\n<script async src=\"\/\/panel.ads.com.mk\/www\/delivery\/asyncjs.php\"><\/script>\n<\/div>\n<p>T\u00eb burgosurit n\u00eb Institucionin korrektues &#8220;Idrizov\u00eb&#8221; do t\u00eb jen\u00eb pjes\u00eb e pun\u00ebtorie krijuese p\u00ebr zhvillimin e aft\u00ebsive t\u00eb reja, p\u00ebrmes iniciativ\u00ebs s\u00eb dizajneres t\u00eb mod\u00ebs Irina Tosheva. Aktualisht, iniciativa \u00ebsht\u00eb n\u00eb faz\u00ebn fillestare, thot\u00eb Tosheva, dhe ata tashm\u00eb kan\u00eb n\u00ebnshkruar nj\u00eb memorandum bashk\u00ebpunimi me &#8220;Idrizov\u00ebn&#8221; dhe ekziston gatishm\u00ebri, vullnet dhe ide p\u00ebr produkte.<\/p>\n<p>&#8220;P\u00ebrderisa t\u00eb krijohen kushtet e nevojshme p\u00ebr pun\u00eb, nuk mund t\u00eb fillojm\u00eb zyrtarisht aktivitetet. Ne po investojm\u00eb koh\u00eb dhe burime, por ende \u00ebsht\u00eb e nevojshme mb\u00ebshtetje p\u00ebr t\u00eb siguruar materialet dhe makinat e nevojshme p\u00ebr pun\u00eb,&#8221; thot\u00eb Tosheva p\u00ebr SAKAMDAKAZHAM.MK.<\/p>\n<p>Industria kreative ka potencialin p\u00ebr t\u00eb krijuar mund\u00ebsi t\u00eb reja p\u00ebr kategorit\u00eb e cenueshme, duke p\u00ebrfshir\u00eb ata q\u00eb jan\u00eb t\u00eb d\u00ebnuar.<\/p>\n<p>&#8220;P\u00ebr vite me radh\u00eb, p\u00ebrmes pun\u00ebs sime dhe projekteve t\u00eb suksesshme, kam d\u00ebshmuar se me angazhime kreative mund t\u00eb b\u00ebhet nj\u00eb ndryshim. Organizata Konekt m\u00eb lidhur me Seksionin Fem\u00ebror, ku tashm\u00eb po zhvillohen aktivitete t\u00eb vogla p\u00ebr thurje. Me entuziaz\u00ebm t\u00eb madh dhe ide propozuam q\u00eb kjo iniciativ\u00eb t\u00eb zgjerohet dhe t\u00eb kthehet n\u00eb di\u00e7ka shum\u00eb m\u00eb t\u00eb madhe dhe serioze. Drejtuesit u p\u00ebrgjigj\u00ebn me gatishm\u00ebri ndaj propozimeve t\u00eb mia dhe mezi po presim fillimin,&#8221; thot\u00eb Tosheva.<\/p>\n<p>&#8220;P\u00ebr momentin, t\u00eb d\u00ebnuarit n\u00eb Seksionin Fem\u00ebror kan\u00eb qasje t\u00eb kufizuar n\u00eb aktivitete t\u00eb dobishme ose trajnime profesionale, q\u00eb \u00e7on n\u00eb humbjen e zakoneve t\u00eb pun\u00ebs dhe mund\u00ebsi t\u00eb kufizuara p\u00ebr reintegrim pas lirimit. Q\u00ebllimi i iniciativ\u00ebs \u00ebsht\u00eb t&#8217;u mund\u00ebsoj\u00eb atyre t\u00eb fitojn\u00eb aft\u00ebsi t\u00eb reja praktike q\u00eb do t&#8217;i b\u00ebjn\u00eb m\u00eb konkurrues n\u00eb tregun e pun\u00ebs dhe do t&#8217;i ndihmojn\u00eb t\u00eb reintegroheshin n\u00eb shoq\u00ebri me rrezik m\u00eb t\u00eb ul\u00ebt p\u00ebr recidiviz\u00ebm. P\u00ebrmes procesit krijues, do t\u00eb nxisim zhvillimin e tyre personal, rritjen e vet\u00ebbesimit dhe ndjenj\u00ebn e p\u00ebrmbushjes. Me k\u00ebt\u00eb, do t\u00eb vendosim themelet p\u00ebr nj\u00eb nd\u00ebrmarrje sociale n\u00eb &#8216;Idrizov\u00eb&#8217;, e cila do t\u00eb jet\u00eb vet\u00ebmbajt\u00ebse dhe do t&#8217;u mund\u00ebsoj\u00eb t\u00eb d\u00ebnuarve atje pavar\u00ebsi ekonomike dhe perspektiva afatgjata p\u00ebr nj\u00eb jet\u00eb m\u00eb t\u00eb mir\u00eb pas lirimit,&#8221; tha Tosheva.<\/p>\n<p>Pas shpalljes s\u00eb iniciativ\u00ebs n\u00eb rrjetet sociale, disa individ\u00eb tashm\u00eb kan\u00eb dhuruar para, dhe disa koleg\u00eb dizajner\u00eb t\u00eb mod\u00ebs dhe nj\u00eb fabrik\u00eb kan\u00eb njoftuar donacione t\u00eb materialeve p\u00ebr pun\u00eb. Megjithat\u00eb, thot\u00eb ajo, q\u00eb t\u00eb mund t\u00eb fillojn\u00eb m\u00eb seriozisht, kan\u00eb nevoj\u00eb edhe p\u00ebr makineri p\u00ebr qepje.<\/p>\n<p>&#8220;Ne jemi t\u00eb hapur p\u00ebr bashk\u00ebpunim dhe \u00e7do ndihm\u00eb do t\u00eb thot\u00eb shum\u00eb p\u00ebr ne. Besojm\u00eb se iniciativat e mira kan\u00eb fuqin\u00eb t\u00eb inspirojn\u00eb dhe se shpejt do t\u00eb angazhohen edhe kompani, duke krijuar k\u00ebshtu nj\u00eb ndryshim pozitiv s\u00eb bashku. Shpresojm\u00eb se me m\u00eb shum\u00eb dukshm\u00ebri dhe nd\u00ebrgjegj\u00ebsim publik do t\u00eb arrijm\u00eb t\u00eb t\u00ebrheqim burimet e nevojshme p\u00ebr t\u00eb krijuar kushte t\u00eb p\u00ebrshtatshme p\u00ebr pun\u00eb,&#8221; apelon Tosheva.<\/p>\n<p>B. NESTOROSKA<\/p>\n\n<div style=\"font-size: 0px; height: 0px; line-height: 0px; margin: 0; padding: 0; clear: both;\"><\/div>","protected":false},"excerpt":{"rendered":"<p>T\u00eb burgosurit n\u00eb Institucionin korrektues &#8220;Idrizov\u00eb&#8221; do t\u00eb jen\u00eb pjes\u00eb e pun\u00ebtorie krijuese p\u00ebr zhvillimin e aft\u00ebsive t\u00eb reja, p\u00ebrmes [&hellip;]<\/p>\n","protected":false},"author":25,"featured_media":239508,"comment_status":"closed","ping_status":"closed","sticky":false,"template":"","format":"standard","meta":{"_mo_disable_npp":"no","inline_featured_image":false},"categories":[3085],"tags":[],"imageURL":"https:\/\/sdk.mk\/wp-content\/uploads\/2025\/01\/tosheva-so-dir-idrizovo-1-650x374.jpg","thumbURL":"https:\/\/sdk.mk\/wp-content\/uploads\/2025\/01\/tosheva-so-dir-idrizovo-1-250x144.jpg","categoryNames":["Histori t\u00eb parr\u00ebfyera"],"feature_caption":"Tosheva ka n\u00ebnshkruar nj\u00eb memorandum bashk\u00ebpunimi me drejtorin e \"Idrizovo\", Zoran Jovanovski. (Foto: Arkiv Privat)","subtitle":"","views":"48","source":"Shkup, SAKAMDAKAZAM.MK","yoast_head":"<!-- This site is optimized with the Yoast SEO Premium plugin v15.0 - https:\/\/yoast.com\/wordpress\/plugins\/seo\/ -->\n<title>DIZAJNERJA IRINA TOSHEVA ME PUN\u00cbTORI P\u00cbR QEPJE DHE Q\u00cbNDISJE DO T&#039;U NDIHMOJ\u00cb T\u00cb BURGOSURVE N\u00cb &quot;IDRIZOV\u00cb&quot; T\u00cb FITOJN\u00cb AFT\u00cbSI DHE T\u00cb GJEJN\u00cb PUN\u00cb\u00a0 - \u0421\u0430\u043a\u0430\u043c \u0414\u0430 \u041a\u0430\u0436\u0430\u043c<\/title>\n<meta name=\"robots\" content=\"index, follow, max-snippet:-1, max-image-preview:large, max-video-preview:-1\" \/>\n<link rel=\"canonical\" href=\"https:\/\/sdk.mk\/index.php\/histori-te-parrefyera\/dizajnerja-irina-tosheva-me-punetori-per-qepje-dhe-qendisje-do-t-u-ndihmoje-te-burgosurve-ne-idrizove-te-fitojne-aftesi-dhe-te-gjejne-pune\/\" \/>\n<meta property=\"og:locale\" content=\"mk_MK\" \/>\n<meta property=\"og:type\" content=\"article\" \/>\n<meta property=\"og:title\" content=\"DIZAJNERJA IRINA TOSHEVA ME PUN\u00cbTORI P\u00cbR QEPJE DHE Q\u00cbNDISJE DO T&#039;U NDIHMOJ\u00cb T\u00cb BURGOSURVE N\u00cb &quot;IDRIZOV\u00cb&quot; T\u00cb FITOJN\u00cb AFT\u00cbSI DHE T\u00cb GJEJN\u00cb PUN\u00cb\u00a0 - \u0421\u0430\u043a\u0430\u043c \u0414\u0430 \u041a\u0430\u0436\u0430\u043c\" \/>\n<meta property=\"og:description\" content=\"T\u00eb burgosurit n\u00eb Institucionin korrektues &#8220;Idrizov\u00eb&#8221; do t\u00eb jen\u00eb pjes\u00eb e pun\u00ebtorie krijuese p\u00ebr zhvillimin e aft\u00ebsive t\u00eb reja, p\u00ebrmes [&hellip;]\" \/>\n<meta property=\"og:url\" content=\"https:\/\/sdk.mk\/index.php\/histori-te-parrefyera\/dizajnerja-irina-tosheva-me-punetori-per-qepje-dhe-qendisje-do-t-u-ndihmoje-te-burgosurve-ne-idrizove-te-fitojne-aftesi-dhe-te-gjejne-pune\/\" \/>\n<meta property=\"og:site_name\" content=\"\u0421\u0430\u043a\u0430\u043c \u0414\u0430 \u041a\u0430\u0436\u0430\u043c\" \/>\n<meta property=\"article:published_time\" content=\"2025-02-03T09:16:52+00:00\" \/>\n<meta property=\"og:image\" content=\"https:\/\/sdk.mk\/wp-content\/uploads\/2025\/01\/tosheva-so-dir-idrizovo-1.jpg\" \/>\n\t<meta property=\"og:image:width\" content=\"903\" \/>\n\t<meta property=\"og:image:height\" content=\"520\" \/>\n<meta property=\"fb:app_id\" content=\"2407985809428537\" \/>\n<meta name=\"twitter:card\" content=\"summary\" \/>\n<script type=\"application\/ld+json\" class=\"yoast-schema-graph\">{\"@context\":\"https:\/\/schema.org\",\"@graph\":[{\"@type\":\"WebSite\",\"@id\":\"https:\/\/sdk.mk\/#website\",\"url\":\"https:\/\/sdk.mk\/\",\"name\":\"\\u0421\\u0430\\u043a\\u0430\\u043c \\u0414\\u0430 \\u041a\\u0430\\u0436\\u0430\\u043c\",\"description\":\"\\u0417\\u0430 \\u0441\\u043b\\u043e\\u0431\\u043e\\u0434\\u043e\\u0443\\u043c\\u043d\\u0438\",\"potentialAction\":[{\"@type\":\"SearchAction\",\"target\":\"https:\/\/sdk.mk\/?s={search_term_string}\",\"query-input\":\"required name=search_term_string\"}],\"inLanguage\":\"mk-MK\"},{\"@type\":\"ImageObject\",\"@id\":\"https:\/\/sdk.mk\/index.php\/histori-te-parrefyera\/dizajnerja-irina-tosheva-me-punetori-per-qepje-dhe-qendisje-do-t-u-ndihmoje-te-burgosurve-ne-idrizove-te-fitojne-aftesi-dhe-te-gjejne-pune\/#primaryimage\",\"inLanguage\":\"mk-MK\",\"url\":\"https:\/\/sdk.mk\/wp-content\/uploads\/2025\/01\/tosheva-so-dir-idrizovo-1.jpg\",\"width\":903,\"height\":520},{\"@type\":\"WebPage\",\"@id\":\"https:\/\/sdk.mk\/index.php\/histori-te-parrefyera\/dizajnerja-irina-tosheva-me-punetori-per-qepje-dhe-qendisje-do-t-u-ndihmoje-te-burgosurve-ne-idrizove-te-fitojne-aftesi-dhe-te-gjejne-pune\/#webpage\",\"url\":\"https:\/\/sdk.mk\/index.php\/histori-te-parrefyera\/dizajnerja-irina-tosheva-me-punetori-per-qepje-dhe-qendisje-do-t-u-ndihmoje-te-burgosurve-ne-idrizove-te-fitojne-aftesi-dhe-te-gjejne-pune\/\",\"name\":\"DIZAJNERJA IRINA TOSHEVA ME PUN\\u00cbTORI P\\u00cbR QEPJE DHE Q\\u00cbNDISJE DO T'U NDIHMOJ\\u00cb T\\u00cb BURGOSURVE N\\u00cb \\\"IDRIZOV\\u00cb\\\" T\\u00cb FITOJN\\u00cb AFT\\u00cbSI DHE T\\u00cb GJEJN\\u00cb PUN\\u00cb\\u00a0 - \\u0421\\u0430\\u043a\\u0430\\u043c \\u0414\\u0430 \\u041a\\u0430\\u0436\\u0430\\u043c\",\"isPartOf\":{\"@id\":\"https:\/\/sdk.mk\/#website\"},\"primaryImageOfPage\":{\"@id\":\"https:\/\/sdk.mk\/index.php\/histori-te-parrefyera\/dizajnerja-irina-tosheva-me-punetori-per-qepje-dhe-qendisje-do-t-u-ndihmoje-te-burgosurve-ne-idrizove-te-fitojne-aftesi-dhe-te-gjejne-pune\/#primaryimage\"},\"datePublished\":\"2025-02-03T09:16:52+00:00\",\"dateModified\":\"2025-02-03T09:16:52+00:00\",\"author\":{\"@id\":\"https:\/\/sdk.mk\/#\/schema\/person\/737021aeacbe893f7e2c347186c5c7a1\"},\"inLanguage\":\"mk-MK\",\"potentialAction\":[{\"@type\":\"ReadAction\",\"target\":[\"https:\/\/sdk.mk\/index.php\/histori-te-parrefyera\/dizajnerja-irina-tosheva-me-punetori-per-qepje-dhe-qendisje-do-t-u-ndihmoje-te-burgosurve-ne-idrizove-te-fitojne-aftesi-dhe-te-gjejne-pune\/\"]}]},{\"@type\":\"Person\",\"@id\":\"https:\/\/sdk.mk\/#\/schema\/person\/737021aeacbe893f7e2c347186c5c7a1\",\"name\":\"\\u0424\\u0458\\u043e\\u043b\\u0430 \\u0417\\u043b\\u0430\\u0442\\u043a\\u0443\"}]}<\/script>\n<!-- \/ Yoast SEO Premium plugin. -->","_links":{"self":[{"href":"https:\/\/sdk.mk\/index.php\/wp-json\/wp\/v2\/posts\/241183"}],"collection":[{"href":"https:\/\/sdk.mk\/index.php\/wp-json\/wp\/v2\/posts"}],"about":[{"href":"https:\/\/sdk.mk\/index.php\/wp-json\/wp\/v2\/types\/post"}],"author":[{"embeddable":true,"href":"https:\/\/sdk.mk\/index.php\/wp-json\/wp\/v2\/users\/25"}],"replies":[{"embeddable":true,"href":"https:\/\/sdk.mk\/index.php\/wp-json\/wp\/v2\/comments?post=241183"}],"version-history":[{"count":0,"href":"https:\/\/sdk.mk\/index.php\/wp-json\/wp\/v2\/posts\/241183\/revisions"}],"wp:featuredmedia":[{"embeddable":true,"href":"https:\/\/sdk.mk\/index.php\/wp-json\/wp\/v2\/media\/239508"}],"wp:attachment":[{"href":"https:\/\/sdk.mk\/index.php\/wp-json\/wp\/v2\/media?parent=241183"}],"wp:term":[{"taxonomy":"category","embeddable":true,"href":"https:\/\/sdk.mk\/index.php\/wp-json\/wp\/v2\/categories?post=241183"},{"taxonomy":"post_tag","embeddable":true,"href":"https:\/\/sdk.mk\/index.php\/wp-json\/wp\/v2\/tags?post=241183"}],"curies":[{"name":"wp","href":"https:\/\/api.w.org\/{rel}","templated":true}]}}