{"id":241185,"date":"2025-02-03T10:45:22","date_gmt":"2025-02-03T09:45:22","guid":{"rendered":"https:\/\/sdk.mk\/?p=241185"},"modified":"2025-02-03T10:45:22","modified_gmt":"2025-02-03T09:45:22","slug":"nxenesit-e-klases-se-trete-ne-shkollen-ne-aerodrom-kane-detyruar-nje-djale-te-klases-te-tyre-te-puthe-tualetet-ndersa-mesuesja-dhe-psikologia-nuk-kane-reaguar-dhe-kane-thene-se-femija-eshte-problemati","status":"publish","type":"post","link":"https:\/\/sdk.mk\/index.php\/histori-te-parrefyera\/nxenesit-e-klases-se-trete-ne-shkollen-ne-aerodrom-kane-detyruar-nje-djale-te-klases-te-tyre-te-puthe-tualetet-ndersa-mesuesja-dhe-psikologia-nuk-kane-reaguar-dhe-kane-thene-se-femija-eshte-problemati\/","title":{"rendered":"NX\u00cbN\u00cbSIT E KLAS\u00cbS S\u00cb TRET\u00cb N\u00cb SHKOLL\u00cbN N\u00cb AERODROM, KAN\u00cb DETYRUAR NJ\u00cb DJAL\u00cb T\u00cb KLAS\u00cbS T\u00cb TYRE T\u00cb PUTH\u00cb TUALETET, ND\u00cbRSA M\u00cbSUESJA DHE PSIKOLOGIA NUK KAN\u00cb REAGUAR DHE KAN\u00cb TH\u00cbN\u00cb SE F\u00cbMIJA \u00cbSHT\u00cb PROBLEMATIK"},"content":{"rendered":"<div class=\"f52428582a4b906b2d2e2a7d733c7d27\" data-index=\"7\" style=\"float: none; margin:10px 0 10px 0; text-align:center;\">\n<!-- MSP Ads Asynchronous JS Tag - Generated with Revive Adserver v5.4.1 -->\r\n<ins data-revive-zoneid=\"167\" data-revive-id=\"060fdb01f6430ec164d3519234aa4967\"><\/ins>\r\n<script async src=\"\/\/panel.ads.com.mk\/www\/delivery\/asyncjs.php\"><\/script>\n<\/div>\n<p>Komisioni p\u00ebr Parandalimin dhe Mbrojtjen nga Diskriminimi ka konstatuar ngacmim ndaj nj\u00eb nx\u00ebn\u00ebsi t\u00eb klas\u00ebs s\u00eb tret\u00eb n\u00eb shkoll\u00ebn \u201cAleksandar Makedonski\u201d n\u00eb Aerodrom, nga m\u00ebsuesja e klas\u00ebs dhe psikologia e shkoll\u00ebs, t\u00eb cilat jo vet\u00ebm q\u00eb lejuan q\u00eb nj\u00eb nx\u00ebn\u00ebs me zhvillim motorik t\u00eb ngadalsh\u00ebm, disleksi dhe probleme me fjal\u00ebn t\u00eb b\u00ebhej viktim\u00eb e bullizmit t\u00eb r\u00ebnd\u00eb nga bashk\u00ebmoshatar\u00ebt, por ato e ngacmuan edhe m\u00eb tej.<\/p>\n<p>Nga 1 deri m\u00eb 10 qershor, n\u00eb fund t\u00eb vitit shkollor, 4 bashk\u00ebmoshatar\u00eb e detyruan t\u00eb puthte tualetet n\u00eb tualetin e shkoll\u00ebs.<\/p>\n<p>N\u00eb dit\u00ebn pas ngjarjes, psikologia dhe nj\u00ebra nga dy m\u00ebsueset e klas\u00ebs mbajt\u00ebn nj\u00eb pun\u00ebtori p\u00ebr ngjarjen, por n\u00eb prani t\u00eb f\u00ebmij\u00ebs q\u00eb ishte keqtrajtuar. E ekspozuan at\u00eb n\u00eb turp dhe tallje shtes\u00eb.<\/p>\n<p>Ankes\u00ebn e dor\u00ebzoi n\u00eb 24 qershor n\u00eb m\u00ebnyr\u00eb elektronike n\u00ebna e viktim\u00ebs. Ajo theksoi se f\u00ebmija i saj ishte viktim\u00eb e bullizmit p\u00ebr disa vjet, dhe mb\u00ebshtet\u00ebsi dhe nxit\u00ebsi kryesor i k\u00ebsaj kishte qen\u00eb psikologia, si dhe m\u00ebsuesja e f\u00ebmij\u00ebs t\u00eb mitur, p\u00ebr t\u00eb cil\u00ebn n\u00ebna pretendon se ka manipuluar me f\u00ebmij\u00ebt q\u00eb nga klasa e par\u00eb, duke krijuar ndarje dhe mosmarr\u00ebveshje n\u00eb klas\u00eb. Ajo ka mb\u00ebshtetur f\u00ebmij\u00ebt q\u00eb keqtrajtuan bashk\u00ebmoshatarin, vazhdimisht e ka akuzuar at\u00eb dhe i ka detyruar t\u00eb tjer\u00ebt t\u00eb flasin kund\u00ebr tij, p\u00ebr shkak se ishte me zhvillim t\u00eb ngadalsh\u00ebm, dhe kishte pasur ngadal\u00ebsi n\u00eb m\u00ebsimin e materialit m\u00ebsimor. Krahasuar me bashk\u00ebmoshatar\u00ebt, ai ishte konsideruar si nj\u00eb f\u00ebmij\u00eb i keq q\u00eb nuk dinte asgj\u00eb dhe ishte objekt i talljeve t\u00eb p\u00ebrditshme.<\/p>\n<p>&#8220;Sulmi i fundit ka ndodhur n\u00eb periudh\u00ebn mes 1 dhe 10 qershorit 2024, kur 4 vajza nga klasa e kan\u00eb detyruar bashk\u00ebmoshatarin t\u00eb puthte tualet\u00ebt n\u00eb tualetin e shkoll\u00ebs. Kur n\u00eb grupin Viber n\u00ebna k\u00ebrkoi nj\u00eb mbledhje t\u00eb jasht\u00ebzakonshme t\u00eb prind\u00ebrve p\u00ebr t\u00eb diskutuar p\u00ebr ngjarjen, si dhe nj\u00eb takim me sh\u00ebrbimin profesional n\u00eb shkoll\u00eb, nuk iu lejua,&#8221; citohet Komisioni nga ankesa e n\u00ebn\u00ebs s\u00eb f\u00ebmij\u00ebs q\u00eb ishte ngacmuar.<\/p>\n<p>N\u00eb dit\u00ebn kur shkoi p\u00ebr nj\u00eb bised\u00eb n\u00eb shkoll\u00eb, n\u00ebna e mori vesh se psikologia kishte qen\u00eb n\u00eb klas\u00ebn e djalit t\u00eb saj dhe t\u00eb bashk\u00ebmoshatar\u00ebve q\u00eb e keqtrajtuan, por k\u00ebtu ndodhi nj\u00eb problem m\u00eb i madh, thot\u00eb Komisioni.<\/p>\n<p>N\u00eb prani t\u00eb m\u00ebsueses dhe psikologes t\u00eb akuzuara, u lejuan vajzat q\u00eb e detyruan t\u00eb puthte tualet\u00ebt t\u00eb thonin histori t\u00eb trilluar p\u00ebr at\u00eb q\u00eb kishte b\u00ebr\u00eb bashk\u00ebmoshatari i keqtrajtut gjat\u00eb gjith\u00eb vitit, pra, si\u00e7 e tha n\u00ebna n\u00eb ankes\u00eb, &#8220;n\u00eb fakt ata e shqyen dhe e shkel\u00ebn p\u00ebrpara gjith\u00eb klas\u00ebs.&#8221;<\/p>\n<p>Ankesuesja theksoi se ishte jasht\u00ebzakonisht jo-profesionale dhe e dhimbshme goditja q\u00eb dy profesionist\u00eb t\u00eb pakujdessh\u00ebm i kishin dh\u00ebn\u00eb djalit t\u00eb saj, i cili nuk mundi t\u00eb qet\u00ebsohej nga e gjith\u00eb kjo situat\u00eb n\u00eb rrug\u00ebn p\u00ebr n\u00eb sht\u00ebpi. Megjithat\u00eb, psikologia i foli me ton t\u00eb lart\u00eb dhe nga viktim\u00eb bullizmi, e paraqiti f\u00ebmij\u00ebn si problematik, duke i th\u00ebn\u00eb se nx\u00ebn\u00ebsit kishin pasur v\u00ebshtir\u00ebsi me t\u00eb gjat\u00eb gjith\u00eb vitit shkollor.<\/p>\n<p>Vet\u00ebm pas nj\u00eb muaji, Komisioni mori p\u00ebrgjigje p\u00ebr ankes\u00ebn. Shkolla ka th\u00ebn\u00eb se sapo mor\u00ebn vesh p\u00ebr ngjarjen, psikologia mbajti nj\u00eb pun\u00ebtori n\u00eb klas\u00eb p\u00ebr t\u00eb qet\u00ebsuar dhe kap\u00ebrcyer situat\u00ebn. Me f\u00ebmij\u00ebn punoi nj\u00eb bashk\u00ebpun\u00ebtor profesional &#8211; edukator dhe rehabilitues special. Ata theksuan se nx\u00ebn\u00ebsi kishte treguar interesim dhe arritje t\u00eb larta n\u00eb p\u00ebrputhje me aft\u00ebsit\u00eb e tij.<\/p>\n<p>Pedagogu i shkoll\u00ebs gjithashtu e lavd\u00ebroi f\u00ebmij\u00ebn, duke th\u00ebn\u00eb se ai gjithmon\u00eb vinte i buz\u00ebqeshur, iu p\u00ebrgjigjej pyetjeve, dhe p\u00ebr sjelljen e tij nuk kishin b\u00ebr\u00eb ankesa as nx\u00ebn\u00ebsit dhe as prind\u00ebrit e tyre. N\u00eb p\u00ebrgjigjen e shkruar, edhe psikologia ka shkruar lavd\u00ebrime dhe ka shpjeguar se me synime t\u00eb mira mbajti pun\u00ebtorin\u00eb p\u00ebr bullizmin ndaj nx\u00ebn\u00ebsit.<\/p>\n<p>N\u00eb p\u00ebrgjigjen e shkoll\u00ebs, gjithashtu u theksua se gjat\u00eb regjistrimit, prind\u00ebrit nuk dhan\u00eb njoftim p\u00ebr problemet e zhvillimit dhe t\u00eb fjal\u00ebs s\u00eb nx\u00ebn\u00ebsit. Kur prind\u00ebrit u njoftuan se f\u00ebmija po vonohej me materialin dhe n\u00eb socializim, n\u00ebna e mohoi k\u00ebt\u00eb, p\u00ebr t\u00eb pranuar m\u00eb pas dhe k\u00ebrkuar ndihm\u00eb.<\/p>\n<p>Komisioni ka konstatuar se nx\u00ebn\u00ebsi nuk \u00ebsht\u00eb nj\u00eb f\u00ebmij\u00eb problematik, por shkolla nuk e ka d\u00ebrguar p\u00ebr nj\u00eb vler\u00ebsim funksional n\u00eb organet p\u00ebrkat\u00ebse p\u00ebr vler\u00ebsimin e mb\u00ebshtetjes edukative, sh\u00ebndet\u00ebsore dhe sociale p\u00ebr f\u00ebmij\u00ebt dhe t\u00eb rinjt\u00eb n\u00eb Sh\u00ebndet\u00ebsin\u00eb e Shkupit, sipas Ligjit p\u00ebr Arsimin e Shkoll\u00ebs Fillore, por \u00ebsht\u00eb k\u00ebrkuar dhe dh\u00ebn\u00eb vet\u00ebm nj\u00eb opinion nga Instituti p\u00ebr Sh\u00ebndetin Mendor t\u00eb F\u00ebmij\u00ebve dhe t\u00eb Rinjve. Kjo \u00ebsht\u00eb detyr\u00eb e shkoll\u00ebs.<\/p>\n<p>N\u00ebse vazhdon diskriminimi dhe ngacmimi i k\u00ebtij nx\u00ebn\u00ebsi ose i ndonj\u00eb nx\u00ebn\u00ebsi tjet\u00ebr nga m\u00ebsuesja dhe psikologia, t\u00eb cilat e ngacmuan f\u00ebmij\u00ebn q\u00eb m\u00eb par\u00eb ishte viktim\u00eb e bullizmit t\u00eb tmerrsh\u00ebm nga 4 bashk\u00ebmoshatari, Komisioni p\u00ebr Diskriminimin do t\u00eb paraqes\u00eb ankesa n\u00eb gjykat\u00ebn p\u00ebrkat\u00ebse.<\/p>\n<p>S. K. DELEVSKA<\/p>\n\n<div style=\"font-size: 0px; height: 0px; line-height: 0px; margin: 0; padding: 0; clear: both;\"><\/div>","protected":false},"excerpt":{"rendered":"<p>Komisioni p\u00ebr Parandalimin dhe Mbrojtjen nga Diskriminimi ka konstatuar ngacmim ndaj nj\u00eb nx\u00ebn\u00ebsi t\u00eb klas\u00ebs s\u00eb tret\u00eb n\u00eb shkoll\u00ebn \u201cAleksandar [&hellip;]<\/p>\n","protected":false},"author":25,"featured_media":155394,"comment_status":"closed","ping_status":"closed","sticky":false,"template":"","format":"standard","meta":{"_mo_disable_npp":"no","inline_featured_image":false},"categories":[3085,3087],"tags":[],"imageURL":"https:\/\/sdk.mk\/wp-content\/uploads\/2021\/09\/Uvid_skoli_08262021006-1-650x434.jpg","thumbURL":"https:\/\/sdk.mk\/wp-content\/uploads\/2021\/09\/Uvid_skoli_08262021006-1-250x167.jpg","categoryNames":["Histori t\u00eb parr\u00ebfyera","Maqedonia"],"feature_caption":"Dita pas ngjarjes q\u00eb ndodhi n\u00eb qershor, psikologia dhe m\u00ebsuesja e klas\u00ebs mbajt\u00ebn nj\u00eb pun\u00ebtori ku e ekspozuan f\u00ebmij\u00ebn q\u00eb ishte keqtrajtuar n\u00eb nj\u00eb turp dhe tallje shtes\u00eb. (Foto: SDK.MK)","subtitle":"","views":"49","source":"\u0421\u043a\u043e\u043f\u0458\u0435, (\u0421\u0410\u041a\u0410\u041c\u0414\u0410\u041a\u0410\u0416\u0410\u041c.\u041c\u041a)","yoast_head":"<!-- This site is optimized with the Yoast SEO Premium plugin v15.0 - https:\/\/yoast.com\/wordpress\/plugins\/seo\/ -->\n<title>NX\u00cbN\u00cbSIT E KLAS\u00cbS S\u00cb TRET\u00cb N\u00cb SHKOLL\u00cbN N\u00cb AERODROM, KAN\u00cb DETYRUAR NJ\u00cb DJAL\u00cb T\u00cb KLAS\u00cbS T\u00cb TYRE T\u00cb PUTH\u00cb TUALETET, ND\u00cbRSA M\u00cbSUESJA DHE PSIKOLOGIA NUK KAN\u00cb REAGUAR DHE KAN\u00cb TH\u00cbN\u00cb SE F\u00cbMIJA \u00cbSHT\u00cb PROBLEMATIK - \u0421\u0430\u043a\u0430\u043c \u0414\u0430 \u041a\u0430\u0436\u0430\u043c<\/title>\n<meta name=\"robots\" content=\"index, follow, max-snippet:-1, max-image-preview:large, max-video-preview:-1\" \/>\n<link rel=\"canonical\" href=\"https:\/\/sdk.mk\/index.php\/histori-te-parrefyera\/nxenesit-e-klases-se-trete-ne-shkollen-ne-aerodrom-kane-detyruar-nje-djale-te-klases-te-tyre-te-puthe-tualetet-ndersa-mesuesja-dhe-psikologia-nuk-kane-reaguar-dhe-kane-thene-se-femija-eshte-problemati\/\" \/>\n<meta property=\"og:locale\" content=\"mk_MK\" \/>\n<meta property=\"og:type\" content=\"article\" \/>\n<meta property=\"og:title\" content=\"NX\u00cbN\u00cbSIT E KLAS\u00cbS S\u00cb TRET\u00cb N\u00cb SHKOLL\u00cbN N\u00cb AERODROM, KAN\u00cb DETYRUAR NJ\u00cb DJAL\u00cb T\u00cb KLAS\u00cbS T\u00cb TYRE T\u00cb PUTH\u00cb TUALETET, ND\u00cbRSA M\u00cbSUESJA DHE PSIKOLOGIA NUK KAN\u00cb REAGUAR DHE KAN\u00cb TH\u00cbN\u00cb SE F\u00cbMIJA \u00cbSHT\u00cb PROBLEMATIK - \u0421\u0430\u043a\u0430\u043c \u0414\u0430 \u041a\u0430\u0436\u0430\u043c\" \/>\n<meta property=\"og:description\" content=\"Komisioni p\u00ebr Parandalimin dhe Mbrojtjen nga Diskriminimi ka konstatuar ngacmim ndaj nj\u00eb nx\u00ebn\u00ebsi t\u00eb klas\u00ebs s\u00eb tret\u00eb n\u00eb shkoll\u00ebn \u201cAleksandar [&hellip;]\" \/>\n<meta property=\"og:url\" content=\"https:\/\/sdk.mk\/index.php\/histori-te-parrefyera\/nxenesit-e-klases-se-trete-ne-shkollen-ne-aerodrom-kane-detyruar-nje-djale-te-klases-te-tyre-te-puthe-tualetet-ndersa-mesuesja-dhe-psikologia-nuk-kane-reaguar-dhe-kane-thene-se-femija-eshte-problemati\/\" \/>\n<meta property=\"og:site_name\" content=\"\u0421\u0430\u043a\u0430\u043c \u0414\u0430 \u041a\u0430\u0436\u0430\u043c\" \/>\n<meta property=\"article:published_time\" content=\"2025-02-03T09:45:22+00:00\" \/>\n<meta property=\"og:image\" content=\"https:\/\/sdk.mk\/wp-content\/uploads\/2021\/09\/Uvid_skoli_08262021006-1.jpg\" \/>\n\t<meta property=\"og:image:width\" content=\"1440\" \/>\n\t<meta property=\"og:image:height\" content=\"961\" \/>\n<meta property=\"fb:app_id\" content=\"2407985809428537\" \/>\n<meta name=\"twitter:card\" content=\"summary\" \/>\n<script type=\"application\/ld+json\" class=\"yoast-schema-graph\">{\"@context\":\"https:\/\/schema.org\",\"@graph\":[{\"@type\":\"WebSite\",\"@id\":\"https:\/\/sdk.mk\/#website\",\"url\":\"https:\/\/sdk.mk\/\",\"name\":\"\\u0421\\u0430\\u043a\\u0430\\u043c \\u0414\\u0430 \\u041a\\u0430\\u0436\\u0430\\u043c\",\"description\":\"\\u0417\\u0430 \\u0441\\u043b\\u043e\\u0431\\u043e\\u0434\\u043e\\u0443\\u043c\\u043d\\u0438\",\"potentialAction\":[{\"@type\":\"SearchAction\",\"target\":\"https:\/\/sdk.mk\/?s={search_term_string}\",\"query-input\":\"required name=search_term_string\"}],\"inLanguage\":\"mk-MK\"},{\"@type\":\"ImageObject\",\"@id\":\"https:\/\/sdk.mk\/index.php\/histori-te-parrefyera\/nxenesit-e-klases-se-trete-ne-shkollen-ne-aerodrom-kane-detyruar-nje-djale-te-klases-te-tyre-te-puthe-tualetet-ndersa-mesuesja-dhe-psikologia-nuk-kane-reaguar-dhe-kane-thene-se-femija-eshte-problemati\/#primaryimage\",\"inLanguage\":\"mk-MK\",\"url\":\"https:\/\/sdk.mk\/wp-content\/uploads\/2021\/09\/Uvid_skoli_08262021006-1.jpg\",\"width\":1440,\"height\":961},{\"@type\":\"WebPage\",\"@id\":\"https:\/\/sdk.mk\/index.php\/histori-te-parrefyera\/nxenesit-e-klases-se-trete-ne-shkollen-ne-aerodrom-kane-detyruar-nje-djale-te-klases-te-tyre-te-puthe-tualetet-ndersa-mesuesja-dhe-psikologia-nuk-kane-reaguar-dhe-kane-thene-se-femija-eshte-problemati\/#webpage\",\"url\":\"https:\/\/sdk.mk\/index.php\/histori-te-parrefyera\/nxenesit-e-klases-se-trete-ne-shkollen-ne-aerodrom-kane-detyruar-nje-djale-te-klases-te-tyre-te-puthe-tualetet-ndersa-mesuesja-dhe-psikologia-nuk-kane-reaguar-dhe-kane-thene-se-femija-eshte-problemati\/\",\"name\":\"NX\\u00cbN\\u00cbSIT E KLAS\\u00cbS S\\u00cb TRET\\u00cb N\\u00cb SHKOLL\\u00cbN N\\u00cb AERODROM, KAN\\u00cb DETYRUAR NJ\\u00cb DJAL\\u00cb T\\u00cb KLAS\\u00cbS T\\u00cb TYRE T\\u00cb PUTH\\u00cb TUALETET, ND\\u00cbRSA M\\u00cbSUESJA DHE PSIKOLOGIA NUK KAN\\u00cb REAGUAR DHE KAN\\u00cb TH\\u00cbN\\u00cb SE F\\u00cbMIJA \\u00cbSHT\\u00cb PROBLEMATIK - \\u0421\\u0430\\u043a\\u0430\\u043c \\u0414\\u0430 \\u041a\\u0430\\u0436\\u0430\\u043c\",\"isPartOf\":{\"@id\":\"https:\/\/sdk.mk\/#website\"},\"primaryImageOfPage\":{\"@id\":\"https:\/\/sdk.mk\/index.php\/histori-te-parrefyera\/nxenesit-e-klases-se-trete-ne-shkollen-ne-aerodrom-kane-detyruar-nje-djale-te-klases-te-tyre-te-puthe-tualetet-ndersa-mesuesja-dhe-psikologia-nuk-kane-reaguar-dhe-kane-thene-se-femija-eshte-problemati\/#primaryimage\"},\"datePublished\":\"2025-02-03T09:45:22+00:00\",\"dateModified\":\"2025-02-03T09:45:22+00:00\",\"author\":{\"@id\":\"https:\/\/sdk.mk\/#\/schema\/person\/737021aeacbe893f7e2c347186c5c7a1\"},\"inLanguage\":\"mk-MK\",\"potentialAction\":[{\"@type\":\"ReadAction\",\"target\":[\"https:\/\/sdk.mk\/index.php\/histori-te-parrefyera\/nxenesit-e-klases-se-trete-ne-shkollen-ne-aerodrom-kane-detyruar-nje-djale-te-klases-te-tyre-te-puthe-tualetet-ndersa-mesuesja-dhe-psikologia-nuk-kane-reaguar-dhe-kane-thene-se-femija-eshte-problemati\/\"]}]},{\"@type\":\"Person\",\"@id\":\"https:\/\/sdk.mk\/#\/schema\/person\/737021aeacbe893f7e2c347186c5c7a1\",\"name\":\"\\u0424\\u0458\\u043e\\u043b\\u0430 \\u0417\\u043b\\u0430\\u0442\\u043a\\u0443\"}]}<\/script>\n<!-- \/ Yoast SEO Premium plugin. -->","_links":{"self":[{"href":"https:\/\/sdk.mk\/index.php\/wp-json\/wp\/v2\/posts\/241185"}],"collection":[{"href":"https:\/\/sdk.mk\/index.php\/wp-json\/wp\/v2\/posts"}],"about":[{"href":"https:\/\/sdk.mk\/index.php\/wp-json\/wp\/v2\/types\/post"}],"author":[{"embeddable":true,"href":"https:\/\/sdk.mk\/index.php\/wp-json\/wp\/v2\/users\/25"}],"replies":[{"embeddable":true,"href":"https:\/\/sdk.mk\/index.php\/wp-json\/wp\/v2\/comments?post=241185"}],"version-history":[{"count":0,"href":"https:\/\/sdk.mk\/index.php\/wp-json\/wp\/v2\/posts\/241185\/revisions"}],"wp:featuredmedia":[{"embeddable":true,"href":"https:\/\/sdk.mk\/index.php\/wp-json\/wp\/v2\/media\/155394"}],"wp:attachment":[{"href":"https:\/\/sdk.mk\/index.php\/wp-json\/wp\/v2\/media?parent=241185"}],"wp:term":[{"taxonomy":"category","embeddable":true,"href":"https:\/\/sdk.mk\/index.php\/wp-json\/wp\/v2\/categories?post=241185"},{"taxonomy":"post_tag","embeddable":true,"href":"https:\/\/sdk.mk\/index.php\/wp-json\/wp\/v2\/tags?post=241185"}],"curies":[{"name":"wp","href":"https:\/\/api.w.org\/{rel}","templated":true}]}}