{"id":241695,"date":"2025-02-10T16:15:45","date_gmt":"2025-02-10T15:15:45","guid":{"rendered":"https:\/\/sdk.mk\/?p=241695"},"modified":"2025-02-10T16:16:17","modified_gmt":"2025-02-10T15:16:17","slug":"bjutifull-kantri","status":"publish","type":"post","link":"https:\/\/sdk.mk\/index.php\/dua-te-them\/bjutifull-kantri\/","title":{"rendered":"BJUTIFULL KANTRI"},"content":{"rendered":"<div class=\"f52428582a4b906b2d2e2a7d733c7d27\" data-index=\"7\" style=\"float: none; margin:10px 0 10px 0; text-align:center;\">\n<!-- MSP Ads Asynchronous JS Tag - Generated with Revive Adserver v5.4.1 -->\r\n<ins data-revive-zoneid=\"167\" data-revive-id=\"060fdb01f6430ec164d3519234aa4967\"><\/ins>\r\n<script async src=\"\/\/panel.ads.com.mk\/www\/delivery\/asyncjs.php\"><\/script>\n<\/div>\n<p><span class=\"dropcap color firstcharacter\">1<\/span> \u00cbsht\u00eb e dhimbshme kur sheh se edhe kjo tragjedi e fundit, p\u00ebrplasja e nj\u00eb vajze 22-vje\u00e7are n\u00eb nj\u00eb nga bulevardet m\u00eb t\u00eb frekuentuara t\u00eb Shkupit, po p\u00ebrdoret p\u00ebr politik\u00eb. Kemi par\u00eb shum\u00eb tragjedi q\u00eb nga pavar\u00ebsia e deri m\u00eb sot. Frosina \u00ebsht\u00eb vet\u00ebm viktima e fundit n\u00eb nj\u00eb seri p\u00ebrplasjesh n\u00eb kalimet e k\u00ebmb\u00ebsor\u00ebve, n\u00eb drit\u00ebn e gjelb\u00ebr t\u00eb semaforit. Na kan\u00eb djegur pacient\u00eb n\u00eb spitale, na kan\u00eb vdekur pasagjer\u00eb n\u00eb autobus\u00eb, kemi pasur aksidente ajrore, kan\u00eb humbur jet\u00ebn ushtar\u00eb dhe polic\u00eb n\u00eb rr\u00ebzime helikopter\u00ebsh, nj\u00eb president ka vdekur n\u00eb nj\u00eb aksident ajror, nj\u00eb tjet\u00ebr ka mbijetuar nj\u00eb atentat&#8230; Dhe pas \u00e7do tragjedie t\u00eb till\u00eb, kemi qen\u00eb d\u00ebshmitar\u00eb se reagimi i par\u00eb i partive ishte t\u00eb kapnin fatkeq\u00ebsin\u00eb dhe ta shfryt\u00ebzonin p\u00ebr poena politike.<\/p>\n<p>Dhe \u00e7far\u00eb turpi p\u00ebr k\u00ebto poena politike.<\/p>\n<p>\u00c7do qeveri deri tani ka p\u00ebrjetuar tragjedi, dhe p\u00ebr fat t\u00eb keq, reagimi i tyre \u00ebsht\u00eb i nj\u00ebjt\u00eb. Prandaj, tragjedit\u00eb na p\u00ebrs\u00ebriten.<\/p>\n<p>Nj\u00eb qeveri e p\u00ebrgjegjshme, jo vet\u00ebm kjo e tanishmja, por edhe t\u00eb gjitha t\u00eb m\u00ebparshmet, jo vet\u00ebm p\u00ebr k\u00ebt\u00eb tragjedi, por edhe p\u00ebr t\u00eb gjitha t\u00eb m\u00ebparshmet, do t\u00eb kishte nd\u00ebrmarr\u00eb gjith\u00e7ka t\u00eb mundshme p\u00ebr t\u00eb shmangur fatkeq\u00ebsit\u00eb dhe p\u00ebr t\u00eb p\u00ebrmir\u00ebsuar cil\u00ebsin\u00eb ton\u00eb t\u00eb jet\u00ebs. N\u00ebse asgj\u00eb tjet\u00ebr, t\u00eb pakt\u00ebn t\u00eb kishin m\u00ebsuar m\u00ebsimet nga \u00e7do fatkeq\u00ebsi e m\u00ebparshme.<\/p>\n<p>Sa mizore \u00ebsht\u00eb kjo shfryt\u00ebzim brutal i tragjedis\u00eb personale t\u00eb familjes s\u00eb vajz\u00ebs s\u00eb vrar\u00eb, tregon fakti q\u00eb si partia n\u00eb pushtet VMRO-DPMNE ashtu edhe opozita LSDM po d\u00ebshmonin n\u00eb konferenca p\u00ebr shtyp dhe deklarata se cilit krah politik i p\u00ebrkiste gjykat\u00ebsja q\u00eb nuk e kishte d\u00ebnuar vras\u00ebsin e Frosin\u00ebs me burg, edhe pse m\u00eb par\u00eb ai ishte d\u00ebnuar p\u00ebr shp\u00ebrndarje droge. As nuk u munduan t\u00eb aktrojn\u00eb korrekt\u00ebsi politike. Me pafytyr\u00ebsi deklaruan se kan\u00eb lista me emra t\u00eb njer\u00ebzve t\u00eb em\u00ebruar nga partit\u00eb. Dhe se k\u00ebshtu i p\u00ebrzgjedhin kuadrot. Kjo nuk \u00ebsht\u00eb as sekret publik m\u00eb. \u00cbsht\u00eb krejt normale, s&#8217;ka pse t\u00eb fshihet.<\/p>\n<p>Nuk ka r\u00ebnd\u00ebsi n\u00ebse dikush \u00ebsht\u00eb gjykat\u00ebs i mir\u00eb apo i keq, nj\u00ebsoj si\u00e7 nuk ka r\u00ebnd\u00ebsi n\u00ebse dikush \u00ebsht\u00eb doktor i mir\u00eb apo i keq, m\u00ebsues, aktor, valltar\u2026 Nuk flasim m\u00eb p\u00ebr at\u00eb n\u00ebse dikush \u00ebsht\u00eb profesionist apo diletant, i ndersh\u00ebm apo mashtrues, por \u2013 nga cila list\u00eb emrash \u00ebsht\u00eb. Dhe k\u00ebshtu ua shkat\u00ebrrojn\u00eb integritetin personal edhe m\u00eb t\u00eb mir\u00ebve q\u00eb ndoshta i kan\u00eb n\u00eb ato lista.<\/p>\n<p><span class=\"dropcap color firstcharacter\">2<\/span> Nuk e di pse ka kaq shum\u00eb g\u00ebzim p\u00ebr faktin q\u00eb Trump nd\u00ebrpreu ndihm\u00ebn amerikane p\u00ebr vendet e huaja? Sidomos n\u00eb nj\u00eb vend ku me miliarda \u2013 euro, dollar\u00eb, korona suedeze, franga zvicerane, paund britanik\u00eb, yena japonez\u00eb, lira turke \u2013 jan\u00eb nd\u00ebrtuar uj\u00ebsjell\u00ebs, kanalizime, jan\u00eb rinovuar \u00e7erdhe, shkolla, spitale, jan\u00eb bler\u00eb autoambulanca dhe makina zjarrfik\u00ebse, jan\u00eb pastruar lumenj, liqene dhe male, si dhe \u00ebsht\u00eb mbrojtur trash\u00ebgimia kulturore nga lasht\u00ebsia deri te lufta antifashiste. Nga niveli lokal deri n\u00eb at\u00eb shtet\u00ebror. Dhe tani disa njer\u00ebz po festojn\u00eb p\u00ebr nd\u00ebrprerjen e ndihm\u00ebs amerikane, t\u00eb nj\u00ebjt\u00ebt q\u00eb kan\u00eb pasur nevoj\u00eb p\u00ebr ambasador\u00eb t\u00eb huaj q\u00eb t&#8217;u pastrojn\u00eb edhe plehrat para sht\u00ebpive t\u00eb tyre.<\/p>\n<p>Por mir\u00eb. Si\u00e7 thot\u00eb kryeministri Mickoski: <em>&#8220;\u00c7do mb\u00ebshtetje n\u00eb drejtim t\u00eb p\u00ebrmir\u00ebsimit t\u00eb kapaciteteve demokratike t\u00eb nj\u00eb shteti \u00ebsht\u00eb e mir\u00ebseardhur. Por kjo gjithashtu duhet t\u00eb na zgjoj\u00eb dhe t\u00eb na b\u00ebj\u00eb t\u00eb kuptojm\u00eb se n\u00eb t\u00eb ardhmen do t\u00eb duhet t\u00eb kujdesemi p\u00ebr veten, t\u00eb nd\u00ebrtojm\u00eb nj\u00eb shoq\u00ebri q\u00eb do t\u00eb jet\u00eb e jona, pavar\u00ebsisht nga dallimet tona politike, etnike, fetare&#8230;&#8221;<\/em><\/p>\n<p>Her\u00ebn e fundit kur u kujdes\u00ebn p\u00ebr ne, siguruan p\u00ebr veten e tyre 5-6 miliard\u00eb euro n\u00eb Belize dhe parajsa t\u00eb tjera fiskale.<\/p>\n<p><span class=\"dropcap color firstcharacter\">3<\/span> Po ne, \u00e7far\u00eb po b\u00ebjm\u00eb me BE-n\u00eb dhe \u00e7far\u00eb po b\u00ebn BE-ja me Ballkanin Per\u00ebndimor n\u00eb rendin e ri bot\u00ebror q\u00eb po krijon Trump?<\/p>\n<p>Nuk do t\u00eb ishte hera e par\u00eb q\u00eb BE merr nj\u00eb vendim politik p\u00ebr t\u00eb pranuar me nxitim disa vende t\u00eb reja. Q\u00eb Evropa m\u00eb n\u00eb fund t\u00eb b\u00ebhet v\u00ebrtet e bashkuar. Por duket se ende nuk i ka ardhur rradha. Nd\u00ebrkoh\u00eb q\u00eb ata negociojn\u00eb n\u00ebse duhet t\u00eb jet\u00eb <em>&#8220;n\u00eb&#8221;<\/em> apo <em>&#8220;mbi&#8221;<\/em> n\u00eb pik\u00ebn 5, alinean 7 t\u00eb klasterit 9, i cili do t\u00eb diskutohet pas zgjedhjeve, ne mbetemi pak vet\u00eb n\u00eb k\u00ebt\u00eb hap\u00ebsir\u00eb t\u00eb zbraz\u00ebt t\u00eb hapur ndaj \u00e7do ndikimi t\u00eb mundsh\u00ebm. Jo vet\u00ebm rus, kinez, turk apo saudit&#8230; por edhe disa ndikime evropiane q\u00eb promovojn\u00eb vlera p\u00ebr t\u00eb cilat n\u00eb fillim nuk e dinim se ishin evropiane.<\/p>\n<p><span class=\"dropcap color firstcharacter\">4<\/span> Shum\u00eb nga ne tashm\u00eb jan\u00eb shp\u00ebrngulur n\u00eb BE. Popullsia jon\u00eb po plaket. Si\u00e7 do t\u00eb thoshte Trump, s\u00eb shpejti k\u00ebtu do t\u00eb jet\u00eb bosh, sepse njer\u00ebzit jan\u00eb shp\u00ebrngulur \u2013 disa n\u00eb Gjermani, disa n\u00eb Suedi, disa n\u00eb Itali e Zvic\u00ebr. P\u00ebr ata kuadrot partiak\u00eb q\u00eb kan\u00eb mbetur n\u00eb administrat\u00ebn publike, do t\u00eb d\u00ebrgojm\u00eb Elon Musk-un t&#8217;u fiki kompjuter\u00ebt ku luajn\u00eb solitaire.<\/p>\n<p>Kan\u00eb disa male, disa liqene. Kan\u00eb edhe disa burime minerale q\u00eb mund t\u2019i shfryt\u00ebzojm\u00eb. Do t&#8217;u nd\u00ebrtojm\u00eb teleferik\u00eb, pista skish dhe hotele. Do t\u00eb jet\u00eb shum\u00eb bukur. Nj\u00eb vend i bukur dhe i madh p\u00ebr nj\u00eb biznes t\u00eb bukur dhe t\u00eb madh. Kolorado e Ballkanit Per\u00ebndimor. Fantastike.<\/p>\n<p>Ja, p\u00ebr shembull, banor\u00ebt e Ohrit duhet t\u00eb fillojn\u00eb t\u00eb d\u00ebrgojn\u00eb letra n\u00eb Sht\u00ebpin\u00eb e Bardh\u00eb. T\u00eb luten q\u00eb Trump t\u00eb ndaloj\u00eb financimin e UNESCO-s. T\u00eb mos vijn\u00eb m\u00eb inspektor\u00eb p\u00ebr t\u00eb mbrojtur trash\u00ebgimin\u00eb natyrore dhe kulturore bot\u00ebrore. Sepse, banor\u00ebt e Ohrit jan\u00eb t\u00eb bindur se turist\u00ebt vijn\u00eb p\u00ebr t\u00eb fjetur n\u00eb dhoma t\u00eb vogla n\u00eb nd\u00ebrtesa banimi dhe p\u00ebr t\u00eb ngr\u00ebn\u00eb n\u00eb kafene me tarraca plastike. Sepse ata q\u00eb vijn\u00eb k\u00ebtu, nuk kan\u00eb par\u00eb as nd\u00ebrtesa, as kafene t\u00eb tilla, e as plazhe. Dhe t\u00eb themi t\u00eb drejt\u00ebn, nj\u00eb skar\u00eb si ajo e Ohrit nuk e gjen as n\u00eb Leskovac. Nd\u00ebrsa nj\u00eb mikpritje t\u00eb till\u00eb&#8230; e pamundur t\u00eb gjesh diku tjet\u00ebr.<\/p>\n<p>Vet\u00ebm Trampi mund ta shp\u00ebtoj\u00eb Ohrin nga UNESCO.<\/p>\n<p><span class=\"dropcap color firstcharacter\">5<\/span> Qeveria po rishikon p\u00ebrb\u00ebrjen e shport\u00ebs konsumatore. Po vijn\u00eb propozime q\u00eb shpenzimet p\u00ebr ngjarje kulturore, pushime dhe restorante t\u00eb hiqen prej saj. Pra, shporta duhet t\u00eb p\u00ebrfshij\u00eb vet\u00ebm t\u00eb nevojshmen p\u00ebr mbijetes\u00eb: ushqim, gjum\u00eb dhe riprodhim.<\/p>\n<p>Po mir\u00eb. \u00c7\u2019t\u00eb duhen, p\u00ebr shembull, teatrot? Njer\u00ebzit le t\u00eb shikojn\u00eb kanalin parlamentar. Ja ku e kan\u00eb teatrin.<\/p>\n<p>P\u00ebr socializim nuk u duhen restorante apo udh\u00ebtime fundjave. Do t\u00eb shoq\u00ebrohen n\u00eb selit\u00eb partiake. N\u00eb vend t\u00eb udh\u00ebtimeve, do t&#8217;u sigurohen autobus\u00eb p\u00ebr mitingje. Dhe atje ndonj\u00ebher\u00eb ka edhe l\u00ebngje dhe sandui\u00e7\u00eb. Dhe muzik\u00eb. E n\u00ebse u mbetet ndonj\u00eb denar p\u00ebr baste&#8230; at\u00ebher\u00eb jeta n\u00eb Maqedonin\u00eb e Art\u00eb do t\u00eb jet\u00eb v\u00ebrtet nj\u00eb k\u00ebng\u00eb.<\/p>\n\n<div style=\"font-size: 0px; height: 0px; line-height: 0px; margin: 0; padding: 0; clear: both;\"><\/div>","protected":false},"excerpt":{"rendered":"<p>\u00cbsht\u00eb e dhimbshme kur sheh se edhe kjo tragjedi e fundit, p\u00ebrplasja e nj\u00eb vajze 22-vje\u00e7are n\u00eb nj\u00eb nga bulevardet [&hellip;]<\/p>\n","protected":false},"author":25,"featured_media":0,"comment_status":"closed","ping_status":"closed","sticky":false,"template":"","format":"standard","meta":{"_mo_disable_npp":"no","inline_featured_image":false},"categories":[1825],"tags":[],"imageURL":false,"thumbURL":false,"categoryNames":["DUA T\u00cb THEM"],"feature_caption":"","subtitle":"Vet\u00ebm Trampi mund ta shp\u00ebtoj\u00eb Ohrin nga UNESCO.","views":"43","source":"Shkup, (SAKAMDAKAZAM.MK)","yoast_head":"<!-- This site is optimized with the Yoast SEO Premium plugin v15.0 - https:\/\/yoast.com\/wordpress\/plugins\/seo\/ -->\n<title>BJUTIFULL KANTRI - \u0421\u0430\u043a\u0430\u043c \u0414\u0430 \u041a\u0430\u0436\u0430\u043c<\/title>\n<meta name=\"robots\" content=\"index, follow, max-snippet:-1, max-image-preview:large, max-video-preview:-1\" \/>\n<link rel=\"canonical\" href=\"https:\/\/sdk.mk\/index.php\/dua-te-them\/bjutifull-kantri\/\" \/>\n<meta property=\"og:locale\" content=\"mk_MK\" \/>\n<meta property=\"og:type\" content=\"article\" \/>\n<meta property=\"og:title\" content=\"BJUTIFULL KANTRI - \u0421\u0430\u043a\u0430\u043c \u0414\u0430 \u041a\u0430\u0436\u0430\u043c\" \/>\n<meta property=\"og:description\" content=\"\u00cbsht\u00eb e dhimbshme kur sheh se edhe kjo tragjedi e fundit, p\u00ebrplasja e nj\u00eb vajze 22-vje\u00e7are n\u00eb nj\u00eb nga bulevardet [&hellip;]\" \/>\n<meta property=\"og:url\" content=\"https:\/\/sdk.mk\/index.php\/dua-te-them\/bjutifull-kantri\/\" \/>\n<meta property=\"og:site_name\" content=\"\u0421\u0430\u043a\u0430\u043c \u0414\u0430 \u041a\u0430\u0436\u0430\u043c\" \/>\n<meta property=\"article:published_time\" content=\"2025-02-10T15:15:45+00:00\" \/>\n<meta property=\"article:modified_time\" content=\"2025-02-10T15:16:17+00:00\" \/>\n<meta property=\"og:image\" content=\"https:\/\/sdk.mk\/wp-content\/uploads\/2015\/12\/goran-mihailovski2.jpg\" \/>\n\t<meta property=\"og:image:width\" content=\"400\" \/>\n\t<meta property=\"og:image:height\" content=\"313\" \/>\n<meta property=\"fb:app_id\" content=\"2407985809428537\" \/>\n<meta name=\"twitter:card\" content=\"summary\" \/>\n<script type=\"application\/ld+json\" class=\"yoast-schema-graph\">{\"@context\":\"https:\/\/schema.org\",\"@graph\":[{\"@type\":\"WebSite\",\"@id\":\"https:\/\/sdk.mk\/#website\",\"url\":\"https:\/\/sdk.mk\/\",\"name\":\"\\u0421\\u0430\\u043a\\u0430\\u043c \\u0414\\u0430 \\u041a\\u0430\\u0436\\u0430\\u043c\",\"description\":\"\\u0417\\u0430 \\u0441\\u043b\\u043e\\u0431\\u043e\\u0434\\u043e\\u0443\\u043c\\u043d\\u0438\",\"potentialAction\":[{\"@type\":\"SearchAction\",\"target\":\"https:\/\/sdk.mk\/?s={search_term_string}\",\"query-input\":\"required name=search_term_string\"}],\"inLanguage\":\"mk-MK\"},{\"@type\":\"WebPage\",\"@id\":\"https:\/\/sdk.mk\/index.php\/dua-te-them\/bjutifull-kantri\/#webpage\",\"url\":\"https:\/\/sdk.mk\/index.php\/dua-te-them\/bjutifull-kantri\/\",\"name\":\"BJUTIFULL KANTRI - \\u0421\\u0430\\u043a\\u0430\\u043c \\u0414\\u0430 \\u041a\\u0430\\u0436\\u0430\\u043c\",\"isPartOf\":{\"@id\":\"https:\/\/sdk.mk\/#website\"},\"datePublished\":\"2025-02-10T15:15:45+00:00\",\"dateModified\":\"2025-02-10T15:16:17+00:00\",\"author\":{\"@id\":\"https:\/\/sdk.mk\/#\/schema\/person\/737021aeacbe893f7e2c347186c5c7a1\"},\"inLanguage\":\"mk-MK\",\"potentialAction\":[{\"@type\":\"ReadAction\",\"target\":[\"https:\/\/sdk.mk\/index.php\/dua-te-them\/bjutifull-kantri\/\"]}]},{\"@type\":\"Person\",\"@id\":\"https:\/\/sdk.mk\/#\/schema\/person\/737021aeacbe893f7e2c347186c5c7a1\",\"name\":\"\\u0424\\u0458\\u043e\\u043b\\u0430 \\u0417\\u043b\\u0430\\u0442\\u043a\\u0443\"}]}<\/script>\n<!-- \/ Yoast SEO Premium plugin. -->","_links":{"self":[{"href":"https:\/\/sdk.mk\/index.php\/wp-json\/wp\/v2\/posts\/241695"}],"collection":[{"href":"https:\/\/sdk.mk\/index.php\/wp-json\/wp\/v2\/posts"}],"about":[{"href":"https:\/\/sdk.mk\/index.php\/wp-json\/wp\/v2\/types\/post"}],"author":[{"embeddable":true,"href":"https:\/\/sdk.mk\/index.php\/wp-json\/wp\/v2\/users\/25"}],"replies":[{"embeddable":true,"href":"https:\/\/sdk.mk\/index.php\/wp-json\/wp\/v2\/comments?post=241695"}],"version-history":[{"count":0,"href":"https:\/\/sdk.mk\/index.php\/wp-json\/wp\/v2\/posts\/241695\/revisions"}],"wp:attachment":[{"href":"https:\/\/sdk.mk\/index.php\/wp-json\/wp\/v2\/media?parent=241695"}],"wp:term":[{"taxonomy":"category","embeddable":true,"href":"https:\/\/sdk.mk\/index.php\/wp-json\/wp\/v2\/categories?post=241695"},{"taxonomy":"post_tag","embeddable":true,"href":"https:\/\/sdk.mk\/index.php\/wp-json\/wp\/v2\/tags?post=241695"}],"curies":[{"name":"wp","href":"https:\/\/api.w.org\/{rel}","templated":true}]}}