{"id":24176,"date":"2017-02-17T10:25:34","date_gmt":"2017-02-17T09:25:34","guid":{"rendered":"http:\/\/sdk.mk\/\/?p=24176"},"modified":"2017-02-17T10:25:34","modified_gmt":"2017-02-17T09:25:34","slug":"fetai-dhe-zverlevski-shoqeroheshin-gjate-festimit-te-pavaresise-se-kosoves-pas-shfaqjes-se-unkovskit","status":"publish","type":"post","link":"https:\/\/sdk.mk\/index.php\/uncategorized-sq\/fetai-dhe-zverlevski-shoqeroheshin-gjate-festimit-te-pavaresise-se-kosoves-pas-shfaqjes-se-unkovskit\/","title":{"rendered":"FETAI DHE ZV\u00cbRLEVSKI SHOQ\u00cbROHESHIN GJAT\u00cb FESTIMIT T\u00cb PAVAR\u00cbSIS\u00cb S\u00cb KOSOV\u00cbS, PAS SHFAQJES S\u00cb UNKOVSKIT"},"content":{"rendered":"<div class=\"f52428582a4b906b2d2e2a7d733c7d27\" data-index=\"7\" style=\"float: none; margin:10px 0 10px 0; text-align:center;\">\n<!-- MSP Ads Asynchronous JS Tag - Generated with Revive Adserver v5.4.1 -->\r\n<ins data-revive-zoneid=\"167\" data-revive-id=\"060fdb01f6430ec164d3519234aa4967\"><\/ins>\r\n<script async src=\"\/\/panel.ads.com.mk\/www\/delivery\/asyncjs.php\"><\/script>\n<\/div>\n<p>Prokurorja speciale Fatime Fetai dhe prokurori publik shtet\u00ebror Marko Zv\u00ebrlevski shoq\u00ebroheshin gjat\u00eb shfaqjes \u201cTrash\u00ebgimtari\u201d t\u00eb Teatrit komb\u00ebtar t\u00eb Prishtin\u00ebs, me an\u00eb t\u00eb s\u00eb cil\u00ebs u sh\u00ebnua 9 vjetori nga pavar\u00ebsimi i Republik\u00ebs s\u00eb Kosov\u00ebs. Edhe pse t\u00eb dy prokurorit\u00eb n\u00eb publik njihen si armiq\u00ebsore, gjat\u00eb koktejit ato shk\u00ebmbyen biseda shoq\u00ebrore, vuri re gazetari i SAKAMDAKAZAM.MK.<\/p>\n<p>Regjisor i shfaqjes, me an\u00eb t\u00eb s\u00eb cil\u00ebs u sh\u00ebnua festa komb\u00ebtare e Republik\u00ebs s\u00eb Kosov\u00ebs, ishte regjisori maqedonas Sllobodan Unkovski. Ai e paraqiti shfaqjen n\u00eb dhjetor t\u00eb vitit t\u00eb kaluar n\u00eb Teatrin komb\u00ebtar t\u00eb Prishtin\u00ebs, sipas romanit t\u00eb shkrimtarit shqiptar me fam\u00eb bot\u00ebrore, disa her\u00eb i nominuar p\u00ebr shp\u00ebrblimin Nobel, Ismail Kadare.<\/p>\n<p>Dramatizimi u realizua nga Goran Stefanovski, skenografia nga K\u00ebrste Xhidrov-Xhibi, kostimografia nga Roze Traj\u00e7evska, kurse muzika nga Zllatko Origjanski. Nj\u00eb nga rolet kryesore interpretohet nga aktori nga Maqedonia, Bajrush Mjaku.<\/p>\n<div id=\"attachment_24178\" style=\"width: 967px\" class=\"wp-caption aligncenter\"><a href=\"http:\/\/sdk.mk\/\/wp-content\/uploads\/2017\/02\/Sela-i-Ahmeti-1.jpg\"><img aria-describedby=\"caption-attachment-24178\" loading=\"lazy\" class=\"size-full wp-image-24178\" src=\"http:\/\/sdk.mk\/\/wp-content\/uploads\/2017\/02\/Sela-i-Ahmeti-1.jpg\" alt=\"Ylli kryesor politik i mbr\u00ebmjes ishte lideri i BDI, Ali Ahmeti, i cili pas shfaqjes shoq\u00ebrohej me liderin e Aleanc\u00ebs shqiptare, Ziadin Sela. (Foto: SDK.MK)\" width=\"957\" height=\"638\" srcset=\"https:\/\/sdk.mk\/wp-content\/uploads\/2017\/02\/Sela-i-Ahmeti-1.jpg 957w, https:\/\/sdk.mk\/wp-content\/uploads\/2017\/02\/Sela-i-Ahmeti-1-250x167.jpg 250w, https:\/\/sdk.mk\/wp-content\/uploads\/2017\/02\/Sela-i-Ahmeti-1-400x267.jpg 400w, https:\/\/sdk.mk\/wp-content\/uploads\/2017\/02\/Sela-i-Ahmeti-1-650x433.jpg 650w, https:\/\/sdk.mk\/wp-content\/uploads\/2017\/02\/Sela-i-Ahmeti-1-150x100.jpg 150w, https:\/\/sdk.mk\/wp-content\/uploads\/2017\/02\/Sela-i-Ahmeti-1-800x533.jpg 800w\" sizes=\"(max-width: 957px) 100vw, 957px\" \/><\/a><p id=\"caption-attachment-24178\" class=\"wp-caption-text\">Ylli kryesor politik i mbr\u00ebmjes ishte lideri i BDI, Ali Ahmeti, i cili pas shfaqjes shoq\u00ebrohej me liderin e Aleanc\u00ebs shqiptare, Ziadin Sela. (Foto: SDK.MK)<\/p><\/div>\n<p>Nikoqir i mbr\u00ebmjes ishte ambasadori i Kosov\u00ebs n\u00eb Maqedoni, Ylber Hysa. Salloni i Teatrit komb\u00ebtar t\u00eb Maqedonis\u00eb ishte p\u00ebrplot me p\u00ebrfaq\u00ebsues t\u00eb partive politike t\u00eb bllokut shqiptar t\u00eb shtetit, ambasador\u00ebt e shum\u00eb shteteve t\u00eb tjera dhe personalitete publike nga kultura, politika dhe gjykata. Ylli kryesor politik i mbr\u00ebmjes ishte lideri i BDI, Ali Ahmeti, i cili ishte i rrethuar nga bashk\u00ebpartiak\u00eb dhe bashk\u00ebpunues t\u00eb tij. N\u00eb koktejin pas shfaqjes, vum\u00eb re q\u00eb ai rrinte me liderin e Aleanc\u00ebs s\u00eb shqiptar\u00ebve, Zijadin Sela.<\/p>\n<p><span style=\"font-weight: 400;\">Publiku e ndoqi satir\u00ebn politike t\u00eb bazuar mbi romanin e Kadares\u00eb me duartrokitje t\u00eb fuqishme dhe miratim t\u00eb madh. Ajo flet p\u00ebr marr\u00ebdh\u00ebniet n\u00eb shoq\u00ebrin\u00eb shqiptare pas vdekjes misterioze t\u00eb Mehmet Shehut, n\u00eb vitin 1981, i em\u00ebruar trash\u00ebgimtar nga udh\u00ebheq\u00ebsi totalitar i Shqip\u00ebris\u00eb i asaj kohe, Enver Hoxha.<\/span><\/p>\n<div id=\"attachment_24179\" style=\"width: 967px\" class=\"wp-caption aligncenter\"><a href=\"http:\/\/sdk.mk\/\/wp-content\/uploads\/2017\/02\/prestava-od-Kadare-1.jpg\"><img aria-describedby=\"caption-attachment-24179\" loading=\"lazy\" class=\"size-full wp-image-24179\" src=\"http:\/\/sdk.mk\/\/wp-content\/uploads\/2017\/02\/prestava-od-Kadare-1.jpg\" alt=\"Publiku e ndoqi satir\u00ebn politike t\u00eb bazuar mbi romanin e Kadares\u00eb me duartrokitje t\u00eb fuqishme dhe miratim t\u00eb madh. (Foto: SDK.MK)\" width=\"957\" height=\"638\" srcset=\"https:\/\/sdk.mk\/wp-content\/uploads\/2017\/02\/prestava-od-Kadare-1.jpg 957w, https:\/\/sdk.mk\/wp-content\/uploads\/2017\/02\/prestava-od-Kadare-1-250x167.jpg 250w, https:\/\/sdk.mk\/wp-content\/uploads\/2017\/02\/prestava-od-Kadare-1-400x267.jpg 400w, https:\/\/sdk.mk\/wp-content\/uploads\/2017\/02\/prestava-od-Kadare-1-650x433.jpg 650w, https:\/\/sdk.mk\/wp-content\/uploads\/2017\/02\/prestava-od-Kadare-1-150x100.jpg 150w, https:\/\/sdk.mk\/wp-content\/uploads\/2017\/02\/prestava-od-Kadare-1-800x533.jpg 800w\" sizes=\"(max-width: 957px) 100vw, 957px\" \/><\/a><p id=\"caption-attachment-24179\" class=\"wp-caption-text\">Publiku e ndoqi satir\u00ebn politike t\u00eb bazuar mbi romanin e Kadares\u00eb me duartrokitje t\u00eb fuqishme dhe miratim t\u00eb madh. (Foto: SDK.MK)<\/p><\/div>\n<p><span style=\"font-weight: 400;\">Goran Stefanovski thot\u00eb n\u00eb lajm\u00ebrimin rreth shfaqjes se p\u00ebr t\u00eb \u00ebsht\u00eb nj\u00eb nder q\u00eb ka pasur mund\u00ebsin\u00eb t\u00eb punoj\u00eb mbi dramatizimin e romanit i cili pati nj\u00eb arritje monumentale n\u00eb fush\u00ebn e let\u00ebrsis\u00eb dhe p\u00ebrb\u00ebnte analiz\u00eb t\u00eb thell\u00eb t\u00eb fuqive t\u00eb err\u00ebta dhe shkat\u00ebrruese t\u00eb politik\u00ebs.<\/span><\/p>\n<p><span style=\"font-weight: 400;\">Festimi i n\u00ebnt\u00eb vjetorit t\u00eb Kosov\u00ebs me shfaqjen e shkrimtarit shqiptar, me regjimin e regjisorit maqedonas mbante moton: \u201cKur arti flet, ne heshtim\u201d.<\/span><\/p>\n\n<div style=\"font-size: 0px; height: 0px; line-height: 0px; margin: 0; padding: 0; clear: both;\"><\/div>","protected":false},"excerpt":{"rendered":"<p>Prokurorja speciale Fatime Fetai dhe prokurori publik shtet\u00ebror Marko Zv\u00ebrlevski shoq\u00ebroheshin gjat\u00eb shfaqjes \u201cTrash\u00ebgimtari\u201d t\u00eb Teatrit komb\u00ebtar t\u00eb Prishtin\u00ebs, me [&hellip;]<\/p>\n","protected":false},"author":9,"featured_media":24177,"comment_status":"closed","ping_status":"closed","sticky":false,"template":"","format":"standard","meta":{"_mo_disable_npp":"","inline_featured_image":false},"categories":[1794],"tags":[],"imageURL":"https:\/\/sdk.mk\/wp-content\/uploads\/2017\/02\/fatime-marko-8438438934-696x411-1-650x384.jpg","thumbURL":"https:\/\/sdk.mk\/wp-content\/uploads\/2017\/02\/fatime-marko-8438438934-696x411-1-250x148.jpg","categoryNames":["Uncategorized"],"feature_caption":"","subtitle":"a:1:{s:9:\"td_source\";s:45:\"\u0421\u043a\u043e\u043f\u0458\u0435,(\u0421\u0410\u041a\u0410\u041c\u0414\u0410\u041a\u0410\u0416\u0410\u041c.\u041c\u041a)","views":"3512","source":"","yoast_head":"<!-- This site is optimized with the Yoast SEO Premium plugin v15.0 - https:\/\/yoast.com\/wordpress\/plugins\/seo\/ -->\n<title>FETAI DHE ZV\u00cbRLEVSKI SHOQ\u00cbROHESHIN GJAT\u00cb FESTIMIT T\u00cb PAVAR\u00cbSIS\u00cb S\u00cb KOSOV\u00cbS, PAS SHFAQJES S\u00cb UNKOVSKIT - \u0421\u0430\u043a\u0430\u043c \u0414\u0430 \u041a\u0430\u0436\u0430\u043c<\/title>\n<meta name=\"robots\" content=\"index, follow, max-snippet:-1, max-image-preview:large, max-video-preview:-1\" \/>\n<link rel=\"canonical\" href=\"https:\/\/sdk.mk\/index.php\/uncategorized-sq\/fetai-dhe-zverlevski-shoqeroheshin-gjate-festimit-te-pavaresise-se-kosoves-pas-shfaqjes-se-unkovskit\/\" \/>\n<meta property=\"og:locale\" content=\"mk_MK\" \/>\n<meta property=\"og:type\" content=\"article\" \/>\n<meta property=\"og:title\" content=\"FETAI DHE ZV\u00cbRLEVSKI SHOQ\u00cbROHESHIN GJAT\u00cb FESTIMIT T\u00cb PAVAR\u00cbSIS\u00cb S\u00cb KOSOV\u00cbS, PAS SHFAQJES S\u00cb UNKOVSKIT - \u0421\u0430\u043a\u0430\u043c \u0414\u0430 \u041a\u0430\u0436\u0430\u043c\" \/>\n<meta property=\"og:description\" content=\"Prokurorja speciale Fatime Fetai dhe prokurori publik shtet\u00ebror Marko Zv\u00ebrlevski shoq\u00ebroheshin gjat\u00eb shfaqjes \u201cTrash\u00ebgimtari\u201d t\u00eb Teatrit komb\u00ebtar t\u00eb Prishtin\u00ebs, me [&hellip;]\" \/>\n<meta property=\"og:url\" content=\"https:\/\/sdk.mk\/index.php\/uncategorized-sq\/fetai-dhe-zverlevski-shoqeroheshin-gjate-festimit-te-pavaresise-se-kosoves-pas-shfaqjes-se-unkovskit\/\" \/>\n<meta property=\"og:site_name\" content=\"\u0421\u0430\u043a\u0430\u043c \u0414\u0430 \u041a\u0430\u0436\u0430\u043c\" \/>\n<meta property=\"article:published_time\" content=\"2017-02-17T09:25:34+00:00\" \/>\n<meta property=\"og:image\" content=\"https:\/\/sdk.mk\/wp-content\/uploads\/2017\/02\/fatime-marko-8438438934-696x411-1.jpg\" \/>\n\t<meta property=\"og:image:width\" content=\"696\" \/>\n\t<meta property=\"og:image:height\" content=\"411\" \/>\n<meta property=\"fb:app_id\" content=\"2407985809428537\" \/>\n<meta name=\"twitter:card\" content=\"summary\" \/>\n<script type=\"application\/ld+json\" class=\"yoast-schema-graph\">{\"@context\":\"https:\/\/schema.org\",\"@graph\":[{\"@type\":\"WebSite\",\"@id\":\"https:\/\/sdk.mk\/#website\",\"url\":\"https:\/\/sdk.mk\/\",\"name\":\"\\u0421\\u0430\\u043a\\u0430\\u043c \\u0414\\u0430 \\u041a\\u0430\\u0436\\u0430\\u043c\",\"description\":\"\\u0417\\u0430 \\u0441\\u043b\\u043e\\u0431\\u043e\\u0434\\u043e\\u0443\\u043c\\u043d\\u0438\",\"potentialAction\":[{\"@type\":\"SearchAction\",\"target\":\"https:\/\/sdk.mk\/?s={search_term_string}\",\"query-input\":\"required name=search_term_string\"}],\"inLanguage\":\"mk-MK\"},{\"@type\":\"ImageObject\",\"@id\":\"https:\/\/sdk.mk\/index.php\/uncategorized-sq\/fetai-dhe-zverlevski-shoqeroheshin-gjate-festimit-te-pavaresise-se-kosoves-pas-shfaqjes-se-unkovskit\/#primaryimage\",\"inLanguage\":\"mk-MK\",\"url\":\"https:\/\/sdk.mk\/wp-content\/uploads\/2017\/02\/fatime-marko-8438438934-696x411-1.jpg\",\"width\":696,\"height\":411,\"caption\":\"Mes mysafir\\u00ebve n\\u00eb festimin e pavar\\u00ebsis\\u00eb s\\u00eb Kosov\\u00ebs ishin edhe prokurorja speciale Fatime Fetai dhe shefi i saj m\\u00ebparsh\\u00ebm Marko Zv\\u00ebrlevski, t\\u00eb cil\\u00ebt edhe pse publikisht shfaqen me q\\u00ebndrime t\\u00eb kund\\u00ebrta, gjat\\u00eb koktejit mbanin raport shoq\\u00ebror. (Foto: SDK.MK)\"},{\"@type\":\"WebPage\",\"@id\":\"https:\/\/sdk.mk\/index.php\/uncategorized-sq\/fetai-dhe-zverlevski-shoqeroheshin-gjate-festimit-te-pavaresise-se-kosoves-pas-shfaqjes-se-unkovskit\/#webpage\",\"url\":\"https:\/\/sdk.mk\/index.php\/uncategorized-sq\/fetai-dhe-zverlevski-shoqeroheshin-gjate-festimit-te-pavaresise-se-kosoves-pas-shfaqjes-se-unkovskit\/\",\"name\":\"FETAI DHE ZV\\u00cbRLEVSKI SHOQ\\u00cbROHESHIN GJAT\\u00cb FESTIMIT T\\u00cb PAVAR\\u00cbSIS\\u00cb S\\u00cb KOSOV\\u00cbS, PAS SHFAQJES S\\u00cb UNKOVSKIT - \\u0421\\u0430\\u043a\\u0430\\u043c \\u0414\\u0430 \\u041a\\u0430\\u0436\\u0430\\u043c\",\"isPartOf\":{\"@id\":\"https:\/\/sdk.mk\/#website\"},\"primaryImageOfPage\":{\"@id\":\"https:\/\/sdk.mk\/index.php\/uncategorized-sq\/fetai-dhe-zverlevski-shoqeroheshin-gjate-festimit-te-pavaresise-se-kosoves-pas-shfaqjes-se-unkovskit\/#primaryimage\"},\"datePublished\":\"2017-02-17T09:25:34+00:00\",\"dateModified\":\"2017-02-17T09:25:34+00:00\",\"author\":{\"@id\":\"https:\/\/sdk.mk\/#\/schema\/person\/3e8217f71bc38bd7c592f30c69e10e5a\"},\"inLanguage\":\"mk-MK\",\"potentialAction\":[{\"@type\":\"ReadAction\",\"target\":[\"https:\/\/sdk.mk\/index.php\/uncategorized-sq\/fetai-dhe-zverlevski-shoqeroheshin-gjate-festimit-te-pavaresise-se-kosoves-pas-shfaqjes-se-unkovskit\/\"]}]},{\"@type\":\"Person\",\"@id\":\"https:\/\/sdk.mk\/#\/schema\/person\/3e8217f71bc38bd7c592f30c69e10e5a\",\"name\":\"\\u041c\\u0438\\u0440\\u043e\\u0441\\u043b\\u0430\\u0432 \\u0418\\u043b\\u0438\\u043e\\u0441\\u043a\\u0438\"}]}<\/script>\n<!-- \/ Yoast SEO Premium plugin. -->","_links":{"self":[{"href":"https:\/\/sdk.mk\/index.php\/wp-json\/wp\/v2\/posts\/24176"}],"collection":[{"href":"https:\/\/sdk.mk\/index.php\/wp-json\/wp\/v2\/posts"}],"about":[{"href":"https:\/\/sdk.mk\/index.php\/wp-json\/wp\/v2\/types\/post"}],"author":[{"embeddable":true,"href":"https:\/\/sdk.mk\/index.php\/wp-json\/wp\/v2\/users\/9"}],"replies":[{"embeddable":true,"href":"https:\/\/sdk.mk\/index.php\/wp-json\/wp\/v2\/comments?post=24176"}],"version-history":[{"count":0,"href":"https:\/\/sdk.mk\/index.php\/wp-json\/wp\/v2\/posts\/24176\/revisions"}],"wp:featuredmedia":[{"embeddable":true,"href":"https:\/\/sdk.mk\/index.php\/wp-json\/wp\/v2\/media\/24177"}],"wp:attachment":[{"href":"https:\/\/sdk.mk\/index.php\/wp-json\/wp\/v2\/media?parent=24176"}],"wp:term":[{"taxonomy":"category","embeddable":true,"href":"https:\/\/sdk.mk\/index.php\/wp-json\/wp\/v2\/categories?post=24176"},{"taxonomy":"post_tag","embeddable":true,"href":"https:\/\/sdk.mk\/index.php\/wp-json\/wp\/v2\/tags?post=24176"}],"curies":[{"name":"wp","href":"https:\/\/api.w.org\/{rel}","templated":true}]}}