{"id":243043,"date":"2025-03-03T13:35:13","date_gmt":"2025-03-03T12:35:13","guid":{"rendered":"https:\/\/sdk.mk\/?p=243043"},"modified":"2025-03-03T13:35:13","modified_gmt":"2025-03-03T12:35:13","slug":"liza-dhe-arushat","status":"publish","type":"post","link":"https:\/\/sdk.mk\/index.php\/dua-te-them\/liza-dhe-arushat\/","title":{"rendered":"LIZA DHE ARUSHAT"},"content":{"rendered":"<div class=\"f52428582a4b906b2d2e2a7d733c7d27\" data-index=\"7\" style=\"float: none; margin:10px 0 10px 0; text-align:center;\">\n<!-- MSP Ads Asynchronous JS Tag - Generated with Revive Adserver v5.4.1 -->\r\n<ins data-revive-zoneid=\"167\" data-revive-id=\"060fdb01f6430ec164d3519234aa4967\"><\/ins>\r\n<script async src=\"\/\/panel.ads.com.mk\/www\/delivery\/asyncjs.php\"><\/script>\n<\/div>\n<p><span class=\"dropcap color firstcharacter\">1 <\/span> Nd\u00ebrsa kryeministri Hristijan Mickoski n\u00eb Amerik\u00eb flet p\u00ebr frustrimet e qytetar\u00ebve maqedonas t\u00eb shkaktuara nga hipokrizia e Bashkimit Evropian, z\u00ebvend\u00ebskryeministri i par\u00eb, Izet Mexhiti, i intensifikon ato frustrime n\u00eb terren vendas. N\u00eb nj\u00eb tubim partiak n\u00eb Shuto Orizare, ai premton se partia e tij, L\u00ebvizja Demokratike, do t\u00eb pun\u00ebsoj\u00eb 2-3 mij\u00eb shqiptar\u00eb n\u00eb administrat\u00ebn shtet\u00ebrore dhe publike brenda nj\u00eb viti, m\u00eb shum\u00eb sesa partit\u00eb e m\u00ebparshme shqiptare n\u00eb dy mandate.<\/p>\n<p data-start=\"510\" data-end=\"829\">N\u00eb vend q\u00eb t\u00eb thot\u00eb &#8220;do t\u00eb krijojm\u00eb kushte p\u00ebr hapjen e fabrikave ku do t\u00eb punojn\u00eb mij\u00ebra shqiptar\u00eb,&#8221; ai thot\u00eb &#8220;do t\u00eb hapim vende pune n\u00eb administrat\u00eb.&#8221; Madje, edhe shpjegon se &#8220;me k\u00ebt\u00eb do t\u00eb eliminohet nj\u00eb problem, q\u00eb t\u00eb mos largohen jasht\u00eb shtetit dhe t\u00eb mos e shohin perspektiv\u00ebn e tyre jasht\u00eb vendit.&#8221;<\/p>\n<p data-start=\"831\" data-end=\"1257\">Epo, \u00e7far\u00eb perspektive t\u00eb fort\u00eb po u ofron z\u00ebvend\u00ebskryeministri votuesve t\u00eb tij! Arritja m\u00eb e madhe p\u00ebr ta do t\u00eb jet\u00eb t\u00eb hyjn\u00eb n\u00eb parti p\u00ebr t\u00eb marr\u00eb nj\u00eb pag\u00eb shtet\u00ebrore. Dhe nuk jam i sigurt n\u00ebse edhe at\u00ebher\u00eb nuk do t\u00eb largohen jasht\u00eb shtetit. Kemi pasur raste kur, si tatimpagues, u kemi dh\u00ebn\u00eb pag\u00eb administrator\u00ebve p\u00ebr t\u00eb ushqyer familjet e tyre n\u00eb sht\u00ebpi, nd\u00ebrsa ata vet\u00eb kan\u00eb shkuar p\u00ebr pun\u00eb t\u00eb p\u00ebrkohshme jasht\u00eb vendit.<\/p>\n<p data-start=\"1259\" data-end=\"1544\">Partneri i koalicionit t\u00eb Mexhitit, ministri i Administrat\u00ebs Publike, Goran Min\u00e7ev, thot\u00eb se deklarata e z\u00ebvend\u00ebskryeministrit \u00ebsht\u00eb &#8220;shembull klasik i populizmit parazgjedhor&#8221; dhe e lut at\u00eb &#8220;t\u00eb mos sillet si Alisa n\u00eb bot\u00ebn e \u00e7udirave duke premtuar di\u00e7ka q\u00eb nuk \u00ebsht\u00eb reale.&#8221;<\/p>\n<p data-start=\"1546\" data-end=\"1790\">Mexhiti nuk \u00ebsht\u00eb n\u00eb bot\u00ebn e \u00e7udirave. Ne jemi n\u00eb bot\u00ebn e \u00e7udirave, n\u00ebse mashtrohemi se ajo q\u00eb ai premton nuk do t\u00eb ndodh\u00eb. Pun\u00ebsimet n\u00eb administrat\u00ebn shtet\u00ebrore jan\u00eb e vetmja gj\u00eb q\u00eb partit\u00eb realisht e p\u00ebrmbushin. Sidomos kur jan\u00eb n\u00eb pushtet.<\/p>\n<p><span class=\"dropcap color firstcharacter\">2<\/span> \u00cbsht\u00eb mir\u00eb q\u00eb Mickoski flet p\u00ebr politik\u00ebn e padrejt\u00eb dhe hipokrite t\u00eb Bashkimit Evropian ndaj procesit eurointegrues t\u00eb Maqedonis\u00eb n\u00eb \u00e7do paraqitje jasht\u00eb vendit. Megjithat\u00eb, nuk e di sa e r\u00ebnd\u00ebsishme \u00ebsht\u00eb kjo histori p\u00ebr administrat\u00ebn e re amerikane t\u00eb Donald Trump-it. Dhe as n\u00eb vend nuk ndihmon m\u00eb. P\u00ebrve\u00e7se forcon edhe m\u00eb shum\u00eb euroskepticizmin me sarkazm\u00ebn: &#8220;Shiheni BE-n\u00eb, \u00e7far\u00eb po ju b\u00ebn Trump-i. Ja, q\u00eb t\u00eb shihni se si \u00ebsht\u00eb kur na mashtroni edhe ne prej 20 vitesh. Doni t\u00eb hyni n\u00eb klubin elit\u00eb, t\u00eb uleni n\u00eb tryez\u00ebn me t\u00eb? Jo, nuk mundeni, ka t\u00eb tjer\u00eb m\u00eb t\u00eb r\u00ebnd\u00ebsish\u00ebm. Ju do t\u00eb prisni.&#8221;<\/p>\n<p data-start=\"2405\" data-end=\"3068\">Por nga sarkazma nuk p\u00ebrmir\u00ebsohet jeta. Entuziazmi k\u00ebtu ndaj sjelljes s\u00eb Trump-it ndaj ish-aleat\u00ebve dhe partner\u00ebve evropian\u00eb \u00ebsht\u00eb nj\u00eb m\u00ebnyr\u00eb e t\u00eb menduarit e papjekur dhe f\u00ebminore q\u00eb nuk do t\u00eb na p\u00ebrmir\u00ebsoj\u00eb jetes\u00ebn. Dhe ja, po e shohim. Edhe pas tet\u00eb muajsh nga ndryshimi i qeveris\u00eb, temat tona jan\u00eb ose ndryshimi i stem\u00ebs, ose premtimet p\u00ebr pun\u00ebsime t\u00eb reja partiake, nd\u00ebrsa p\u00ebr kryeministrin, p\u00ebr gjith\u00e7ka \u2013 por p\u00ebr gjith\u00e7ka \u2013 nga \u00e7mimet n\u00eb supermarkete deri te gjyqtar\u00ebt dhe prokuror\u00ebt, fajin e ka ose opozita, ose Bullgaria dhe Bashkimi Evropian. Dhe k\u00ebshtu do t\u00eb vazhdoj\u00eb deri n\u00eb zgjedhjet lokale n\u00eb vjesht\u00eb. Dhe pastaj, deri n\u00eb zgjedhjet e ardhshme.<\/p>\n<p><span class=\"dropcap color firstcharacter\">3<\/span> Ukraina, e sulmuar nga Rusia, n\u00eb d\u00ebshp\u00ebrim po ofron 500 miliard\u00eb dollar\u00eb nga pasuria e saj komb\u00ebtare p\u00ebr t\u00eb marr\u00eb disa garanci sigurie. Ku \u00ebsht\u00eb Maqedonia, e vetme, pa BE-n\u00eb, n\u00eb k\u00ebto ndryshime dramatike globale? \u00c7far\u00eb kemi ne p\u00ebr t&#8217;u ofruar interesave korporative t\u00eb logjik\u00ebs s\u00eb re t\u00eb biznesit t\u00eb fuqive t\u00eb m\u00ebdha, p\u00ebrve\u00e7 pasurive tona natyrore q\u00eb deri tani i kemi shkat\u00ebrruar, dhe p\u00ebr t&#8217;u b\u00ebr\u00eb nj\u00eb vendgrumbullim p\u00ebr mbeturinat e tyre? E vetmja ndryshim \u00ebsht\u00eb se deri tani u ofroheshim kapitalist\u00ebve t\u00eb huaj si fuqi pun\u00ebtore e lir\u00eb, nd\u00ebrsa tani si skllev\u00ebr t\u00eb tekno-feudalizmit.<\/p>\n<p data-start=\"3660\" data-end=\"4042\">Por as kjo nuk do t\u00eb na shp\u00ebtoj\u00eb, n\u00ebse ndonj\u00eb Trump \u2013 ky apo nj\u00eb tjet\u00ebr n\u00eb rendin e ri q\u00eb po krijohet \u2013 nes\u00ebr zgjohet dhe i vjen n\u00eb mendje t\u00eb postoj\u00eb n\u00eb rrjetet sociale: &#8220;Cili \u00ebsht\u00eb ky shtet? A \u00ebsht\u00eb ndonj\u00eb periferi? Hajde, ndajeni k\u00ebt\u00eb vend, gjysm\u00ebn p\u00ebr Shqip\u00ebrin\u00eb, gjysm\u00ebn p\u00ebr Bullgarin\u00eb, ata jan\u00eb m\u00eb t\u00eb m\u00ebdhenj, kan\u00eb det, do t\u00eb na japin portet e tyre, k\u00ebta nuk kan\u00eb asgj\u00eb.&#8221;<\/p>\n<p data-start=\"4044\" data-end=\"4485\">Ting\u00ebllon e tmerrshme? Po, edhe p\u00ebr ukrainasit ting\u00ebllonte e tmerrshme. Dhe ata jan\u00eb shum\u00eb m\u00eb t\u00eb m\u00ebdhenj dhe m\u00eb t\u00eb pasur se ne. Por ja q\u00eb po u ndodh, madje edhe zyrtar\u00eb t\u00eb Uashingtonit po u d\u00ebrgojn\u00eb mesazhe se &#8220;ndoshta nes\u00ebr Ukraina nuk do t\u00eb jet\u00eb m\u00eb Ukrain\u00eb.&#8221; P\u00ebr m\u00eb tep\u00ebr, ukrainasit po dalin fajtor\u00eb q\u00eb jan\u00eb sulmuar nga Rusia. Dhe p\u00ebrve\u00e7 k\u00ebsaj, jan\u00eb fajtor\u00eb q\u00eb p\u00ebr tre vjet po luftojn\u00eb p\u00ebr t\u00eb \u00e7liruar territoret e tyre t\u00eb pushtuara.<\/p>\n<p><span class=\"dropcap color firstcharacter\">4<\/span> Kryeministri Mickoski ka th\u00ebn\u00eb n\u00eb nj\u00eb tribun\u00eb n\u00eb Uashington se &#8220;prioriteti yn\u00eb i par\u00eb \u00ebsht\u00eb t\u00eb ndryshojm\u00eb m\u00ebnyr\u00ebn e t\u00eb menduarit t\u00eb prokuror\u00ebve dhe gjyqtar\u00ebve, q\u00eb t\u00eb marrin vendime bazuar n\u00eb ligje dhe Kushtetut\u00eb, e jo sipas k\u00ebrkesave t\u00eb politikan\u00ebve q\u00eb i kan\u00eb em\u00ebruar.&#8221;<\/p>\n<p data-start=\"4772\" data-end=\"5064\">M\u00eb vjen turp t\u00eb pyes, por pastaj them, kur politikan\u00ebt nuk kan\u00eb turp, pse t\u00eb mos pyes edhe un\u00eb edhe nj\u00eb her\u00eb: \u00c7far\u00eb ndodhi me z\u00ebvend\u00ebsdrejtorin e nj\u00eb nd\u00ebrmarrjeje publike q\u00eb kishte b\u00ebr\u00eb foto me nj\u00eb pushk\u00eb pran\u00eb nj\u00eb ariu t\u00eb vrar\u00eb, p\u00ebr t\u00eb cilin prokuroria kishte nisur nj\u00eb hetim paraprak?<\/p>\n<p data-start=\"5066\" data-end=\"5377\">Deri ku ka arritur hetimi? A \u00ebsht\u00eb shkarkuar ai person? Nuk kam asgj\u00eb personale kund\u00ebr tij, nuk \u00ebsht\u00eb se jam ndonj\u00eb dashamir\u00ebs i madh i arinjve, por thjesht m\u00eb provokoi fjala e kryeministrit n\u00eb SHBA, q\u00eb prokuror\u00ebt duhet t\u00eb ndryshojn\u00eb m\u00ebnyr\u00ebn e t\u00eb menduarit dhe t\u00eb mos veprojn\u00eb sipas k\u00ebrkesave t\u00eb politikan\u00ebve.<\/p>\n<p data-start=\"5379\" data-end=\"5634\">Para pak kohe shkrova se ndoshta jemi i vetmi vend n\u00eb bot\u00eb ku qeveria p\u00ebrpiqet t\u00eb mbuloj\u00eb nj\u00eb vrasje t\u00eb nj\u00eb ariu. Por, n\u00ebse e d\u00ebgjojm\u00eb me kujdes kryeministrin, duket se <strong data-start=\"5548\" data-end=\"5559\">opozita<\/strong> \u00ebsht\u00eb ajo q\u00eb d\u00ebshiron t\u00eb mbroj\u00eb z\u00ebvend\u00ebsdrejtorin e em\u00ebruar nga qeveria.<\/p>\n\n<div style=\"font-size: 0px; height: 0px; line-height: 0px; margin: 0; padding: 0; clear: both;\"><\/div>","protected":false},"excerpt":{"rendered":"<p>Nd\u00ebrsa kryeministri Hristijan Mickoski n\u00eb Amerik\u00eb flet p\u00ebr frustrimet e qytetar\u00ebve maqedonas t\u00eb shkaktuara nga hipokrizia e Bashkimit Evropian, z\u00ebvend\u00ebskryeministri [&hellip;]<\/p>\n","protected":false},"author":25,"featured_media":0,"comment_status":"closed","ping_status":"closed","sticky":false,"template":"","format":"standard","meta":{"_mo_disable_npp":"no","inline_featured_image":false},"categories":[1825],"tags":[],"imageURL":false,"thumbURL":false,"categoryNames":["DUA T\u00cb THEM"],"feature_caption":"","subtitle":"Deri tani, kapitalist\u00ebve t\u00eb huaj u jemi ofruar si fuqi pun\u00ebtore e lir\u00eb, nd\u00ebrsa tani si skllev\u00ebr t\u00eb teknofeudal\u00ebve.","views":"34","source":"Shkup, SAKAMDAKAZAM.MK","yoast_head":"<!-- This site is optimized with the Yoast SEO Premium plugin v15.0 - https:\/\/yoast.com\/wordpress\/plugins\/seo\/ -->\n<title>LIZA DHE ARUSHAT - \u0421\u0430\u043a\u0430\u043c \u0414\u0430 \u041a\u0430\u0436\u0430\u043c<\/title>\n<meta name=\"robots\" content=\"index, follow, max-snippet:-1, max-image-preview:large, max-video-preview:-1\" \/>\n<link rel=\"canonical\" href=\"https:\/\/sdk.mk\/index.php\/dua-te-them\/liza-dhe-arushat\/\" \/>\n<meta property=\"og:locale\" content=\"mk_MK\" \/>\n<meta property=\"og:type\" content=\"article\" \/>\n<meta property=\"og:title\" content=\"LIZA DHE ARUSHAT - \u0421\u0430\u043a\u0430\u043c \u0414\u0430 \u041a\u0430\u0436\u0430\u043c\" \/>\n<meta property=\"og:description\" content=\"Nd\u00ebrsa kryeministri Hristijan Mickoski n\u00eb Amerik\u00eb flet p\u00ebr frustrimet e qytetar\u00ebve maqedonas t\u00eb shkaktuara nga hipokrizia e Bashkimit Evropian, z\u00ebvend\u00ebskryeministri [&hellip;]\" \/>\n<meta property=\"og:url\" content=\"https:\/\/sdk.mk\/index.php\/dua-te-them\/liza-dhe-arushat\/\" \/>\n<meta property=\"og:site_name\" content=\"\u0421\u0430\u043a\u0430\u043c \u0414\u0430 \u041a\u0430\u0436\u0430\u043c\" \/>\n<meta property=\"article:published_time\" content=\"2025-03-03T12:35:13+00:00\" \/>\n<meta property=\"og:image\" content=\"https:\/\/sdk.mk\/wp-content\/uploads\/2015\/12\/goran-mihailovski2.jpg\" \/>\n\t<meta property=\"og:image:width\" content=\"400\" \/>\n\t<meta property=\"og:image:height\" content=\"313\" \/>\n<meta property=\"fb:app_id\" content=\"2407985809428537\" \/>\n<meta name=\"twitter:card\" content=\"summary\" \/>\n<script type=\"application\/ld+json\" class=\"yoast-schema-graph\">{\"@context\":\"https:\/\/schema.org\",\"@graph\":[{\"@type\":\"WebSite\",\"@id\":\"https:\/\/sdk.mk\/#website\",\"url\":\"https:\/\/sdk.mk\/\",\"name\":\"\\u0421\\u0430\\u043a\\u0430\\u043c \\u0414\\u0430 \\u041a\\u0430\\u0436\\u0430\\u043c\",\"description\":\"\\u0417\\u0430 \\u0441\\u043b\\u043e\\u0431\\u043e\\u0434\\u043e\\u0443\\u043c\\u043d\\u0438\",\"potentialAction\":[{\"@type\":\"SearchAction\",\"target\":\"https:\/\/sdk.mk\/?s={search_term_string}\",\"query-input\":\"required name=search_term_string\"}],\"inLanguage\":\"mk-MK\"},{\"@type\":\"WebPage\",\"@id\":\"https:\/\/sdk.mk\/index.php\/dua-te-them\/liza-dhe-arushat\/#webpage\",\"url\":\"https:\/\/sdk.mk\/index.php\/dua-te-them\/liza-dhe-arushat\/\",\"name\":\"LIZA DHE ARUSHAT - \\u0421\\u0430\\u043a\\u0430\\u043c \\u0414\\u0430 \\u041a\\u0430\\u0436\\u0430\\u043c\",\"isPartOf\":{\"@id\":\"https:\/\/sdk.mk\/#website\"},\"datePublished\":\"2025-03-03T12:35:13+00:00\",\"dateModified\":\"2025-03-03T12:35:13+00:00\",\"author\":{\"@id\":\"https:\/\/sdk.mk\/#\/schema\/person\/737021aeacbe893f7e2c347186c5c7a1\"},\"inLanguage\":\"mk-MK\",\"potentialAction\":[{\"@type\":\"ReadAction\",\"target\":[\"https:\/\/sdk.mk\/index.php\/dua-te-them\/liza-dhe-arushat\/\"]}]},{\"@type\":\"Person\",\"@id\":\"https:\/\/sdk.mk\/#\/schema\/person\/737021aeacbe893f7e2c347186c5c7a1\",\"name\":\"\\u0424\\u0458\\u043e\\u043b\\u0430 \\u0417\\u043b\\u0430\\u0442\\u043a\\u0443\"}]}<\/script>\n<!-- \/ Yoast SEO Premium plugin. -->","_links":{"self":[{"href":"https:\/\/sdk.mk\/index.php\/wp-json\/wp\/v2\/posts\/243043"}],"collection":[{"href":"https:\/\/sdk.mk\/index.php\/wp-json\/wp\/v2\/posts"}],"about":[{"href":"https:\/\/sdk.mk\/index.php\/wp-json\/wp\/v2\/types\/post"}],"author":[{"embeddable":true,"href":"https:\/\/sdk.mk\/index.php\/wp-json\/wp\/v2\/users\/25"}],"replies":[{"embeddable":true,"href":"https:\/\/sdk.mk\/index.php\/wp-json\/wp\/v2\/comments?post=243043"}],"version-history":[{"count":0,"href":"https:\/\/sdk.mk\/index.php\/wp-json\/wp\/v2\/posts\/243043\/revisions"}],"wp:attachment":[{"href":"https:\/\/sdk.mk\/index.php\/wp-json\/wp\/v2\/media?parent=243043"}],"wp:term":[{"taxonomy":"category","embeddable":true,"href":"https:\/\/sdk.mk\/index.php\/wp-json\/wp\/v2\/categories?post=243043"},{"taxonomy":"post_tag","embeddable":true,"href":"https:\/\/sdk.mk\/index.php\/wp-json\/wp\/v2\/tags?post=243043"}],"curies":[{"name":"wp","href":"https:\/\/api.w.org\/{rel}","templated":true}]}}