{"id":243524,"date":"2025-03-03T13:47:24","date_gmt":"2025-03-03T12:47:24","guid":{"rendered":"https:\/\/sdk.mk\/?p=243524"},"modified":"2025-03-03T13:47:24","modified_gmt":"2025-03-03T12:47:24","slug":"shko-e-lind","status":"publish","type":"post","link":"https:\/\/sdk.mk\/index.php\/dua-te-them\/shko-e-lind\/","title":{"rendered":"SHKO E LIND"},"content":{"rendered":"<div class=\"f52428582a4b906b2d2e2a7d733c7d27\" data-index=\"7\" style=\"float: none; margin:10px 0 10px 0; text-align:center;\">\n<!-- MSP Ads Asynchronous JS Tag - Generated with Revive Adserver v5.4.1 -->\r\n<ins data-revive-zoneid=\"167\" data-revive-id=\"060fdb01f6430ec164d3519234aa4967\"><\/ins>\r\n<script async src=\"\/\/panel.ads.com.mk\/www\/delivery\/asyncjs.php\"><\/script>\n<\/div>\n<p data-start=\"0\" data-end=\"244\"><span class=\"dropcap color firstcharacter\">1 <\/span>Kemi d\u00ebgjuar gjith\u00e7ka nga foltorja e Kuvendit, por nj\u00eb fjalim kaq \u00e7njer\u00ebzor si ai i ministres s\u00eb financave, Gordana Dimitrieska-Ko\u00e7oska, drejtuar deputetes Slavjanka Petrovska, nuk e mbajm\u00eb mend prej koh\u00ebsh. T\u00eb pakt\u00ebn jo n\u00eb 15 vitet e fundit.<\/p>\n<p data-start=\"246\" data-end=\"799\">N\u00eb prill t\u00eb vitit 2010, gjat\u00eb nj\u00eb debati komisioni p\u00ebr Ligjin mbi Familjen, at\u00ebher\u00eb-deputetja e VMRO-DPMNE-s\u00eb, Anita Stefanovska, e pak\u00ebnaqur me paraqitjen e at\u00ebhershme t\u00eb deputetes s\u00eb LSDM-s\u00eb, Radmilla Shekerinska, i tha: \u201cMjaft fole, hajde shko e linde nj\u00eb f\u00ebmij\u00eb!\u201d. Deputetja e VMRO-DPMNE-s\u00eb nuk k\u00ebrkoi falje, por u justifikua duke th\u00ebn\u00eb se ishte e shqet\u00ebsuar p\u00ebr kolegen e saj nga LSDM, e cila ishte n\u00eb nj\u00eb shtatz\u00ebni t\u00eb avancuar, prandaj i kishte th\u00ebn\u00eb se \u201cinteresi m\u00eb i madh i shtetit \u00ebsht\u00eb q\u00eb ajo t\u00eb lind\u00eb nj\u00eb foshnj\u00eb t\u00eb sh\u00ebndetshme maqedonase\u201d.<\/p>\n<p data-start=\"801\" data-end=\"1248\">Edhe tani \u00ebsht\u00eb e nj\u00ebjta situat\u00eb. Ministrja Dimitrieska-Ko\u00e7oska nuk k\u00ebrkoi falje kur i tha deputetes: \u201cN\u00eb baz\u00eb t\u00eb \u00e7far\u00eb ju merrni t\u00eb drejt\u00ebn t\u00eb flisni p\u00ebr n\u00ebnat q\u00eb kan\u00eb f\u00ebmij\u00eb dhe si e dini ju sa duhet t\u00eb shpenzoj\u00eb nj\u00eb familje me shum\u00eb an\u00ebtar\u00eb? Un\u00eb jam n\u00ebn\u00eb e dy djemve dhe e di shum\u00eb mir\u00eb sa duhet t\u00eb shpenzoj\u00eb nj\u00eb familje kat\u00ebran\u00ebtar\u00ebshe\u201d. Ajo na bind se nuk ka dashur ta ofendoj\u00eb deputeten q\u00eb nuk ka f\u00ebmij\u00eb, por ka qen\u00eb nxjerr\u00eb nga konteksti.<\/p>\n<p data-start=\"1250\" data-end=\"1387\">Pra, mos i besoni asaj q\u00eb keni d\u00ebgjuar me vesh\u00ebt tuaj, por besoni at\u00eb q\u00eb do t\u2019jua shpjegoj\u00eb partia n\u00eb pushtet. Por ne kemi vesh\u00ebt tan\u00eb.<\/p>\n<p data-start=\"1389\" data-end=\"1759\">P\u00ebrve\u00e7 k\u00ebsaj, sikur t\u00eb ishte nj\u00eb vizit\u00eb personale n\u00eb sht\u00ebpin\u00eb e deputetes, ministrja u zem\u00ebrua q\u00eb ajo guxoi ta pyes\u00eb p\u00ebr \u00e7mimin e qum\u00ebshtit, nd\u00ebrkoh\u00eb q\u00eb nuk ka djem. P\u00ebr m\u00eb tep\u00ebr, ajo i fyeu t\u00eb gjith\u00eb ata q\u00eb u tmerruan nga diskriminimi i saj mbi statusin martesor, duke i quajtur \u201cbota t\u00eb LSDM-s\u00eb\u201d, nd\u00ebrsa Slavjanka Petrovska, sipas saj, e ka shijuar rolin e viktim\u00ebs.<\/p>\n<p data-start=\"1761\" data-end=\"1942\">Nuk besoj se edhe bashk\u00ebpartiaket e saj nuk e kuptojn\u00eb se sa \u00e7njer\u00ebzore ishte ajo q\u00eb ajo tha nga foltorja e Kuvendit. Por ato nuk ndihen t\u00eb ofenduara, sepse jan\u00eb ndjek\u00ebse besnike.<\/p>\n<p data-start=\"1944\" data-end=\"2038\">Ministrja Dimitrieska-Ko\u00e7oska tha: \u201cP\u00ebr mua kjo tem\u00eb \u00ebsht\u00eb e mbyllur\u201d. Pra, \u00ebsht\u00eb e mbyllur.<\/p>\n<p data-start=\"2040\" data-end=\"2558\">Nj\u00eb ministre nga radh\u00ebt e partis\u00eb n\u00eb pushtet mendon se vet\u00ebm sepse \u00ebsht\u00eb e martuar dhe ka dy djem, ka t\u00eb drejt\u00eb t\u00eb hesht\u00eb nj\u00eb deputete n\u00eb Kuvend. Dhe partia n\u00eb pushtet, n\u00eb vend q\u00eb t\u00eb k\u00ebrkoj\u00eb falje n\u00eb em\u00ebr t\u00eb saj, i jep t\u00eb drejt\u00eb dhe madje e akuzon m\u00eb keq deputeten q\u00eb nuk ka f\u00ebmij\u00eb. Dhe k\u00ebshtu, ministrja e financave, Gordana Dimitrieska-Ko\u00e7oska, ndihmoi shpejt q\u00eb ky VMRO-DPMNE t\u00eb tregoj\u00eb edhe nj\u00eb her\u00eb natyr\u00ebn e tij t\u00eb dikurshme, sikur t\u00eb ishim 15 vjet m\u00eb par\u00eb. N\u00ebse dikush kishte dyshime p\u00ebr k\u00ebt\u00eb, tani nuk ka m\u00eb.<\/p>\n<p data-start=\"2565\" data-end=\"2921\"><span class=\"dropcap color firstcharacter\">2<\/span> N\u00eb Kombet e Bashkuara, Maqedonia nuk e mb\u00ebshteti rezolut\u00ebn evropiane p\u00ebr Ukrain\u00ebn, e cila e em\u00ebron Rusin\u00eb si agresore dhe k\u00ebrkon t\u00ebrheqjen e saj nga territoret e pushtuara ukrainase. Por ishte bashk\u00eb-sponsore e rezolut\u00ebs amerikane, e cila k\u00ebrkon p\u00ebrfundimin e luft\u00ebs pa e p\u00ebrmendur Rusin\u00eb si agresore. P\u00ebr t\u00eb dyja rezolutat, Maqedonia votoi e p\u00ebrmbajtur.<\/p>\n<p data-start=\"2923\" data-end=\"3128\">A na premtoi di\u00e7ka Trump? A ka ndonj\u00eb gj\u00eb t\u00eb sigurt nga Uashingtoni? A mori Mickoski ndonj\u00eb garanci t\u00eb fort\u00eb nga p\u00ebrtej Atlantikut, q\u00eb qeveria b\u00ebri nj\u00eb kthes\u00eb dramatike n\u00eb politik\u00ebn e jashtme maqedonase?<\/p>\n<p data-start=\"3130\" data-end=\"3831\">T\u00eb huajt shpesh b\u00ebjn\u00eb shaka me ne kur ankohemi p\u00ebr \u201ct\u00eb ftohtin e er\u00ebs\u201d (\u201cpromaja\u201d). Thon\u00eb se nuk mund t\u00eb gjejn\u00eb nj\u00eb term t\u00eb p\u00ebrshtatsh\u00ebm n\u00eb gjuh\u00ebt e tyre p\u00ebr nj\u00eb fenomen natyror kaq t\u00eb fuqish\u00ebm, i cili mund t\u00eb t\u00eb shkaktoj\u00eb dhimbje koke, dhimbje n\u00eb shpin\u00eb, sy t\u00eb mbyllur, ftohje e madje edhe diarre. Dhe tani, kur pyesin se \u00e7far\u00eb na ndodhi q\u00eb votuam k\u00ebshtu n\u00eb Kombet e Bashkuara, p\u00ebrgjigja \u00ebsht\u00eb: Na kapi \u201cpromaja\u201d. Na mbajt\u00ebt 20 vjet n\u00eb korridor, nuk na lejuat t\u00eb hyjm\u00eb, frynte nga t\u00eb gjitha an\u00ebt dhe na kapi \u201cpromaja\u201d. Dhe sapo gjet\u00ebm drejtimin e duhur, ndryshuam edhe emrin, u fut\u00ebm n\u00eb NATO, kur papritur \u2013 u p\u00ebrplas\u00ebm me nj\u00eb mur n\u00eb Bullgari. Asgj\u00eb nga dyert e hapura, as nga dritaret e mund\u00ebsive.<\/p>\n<p data-start=\"3833\" data-end=\"4192\">\u00cbsht\u00eb legjitime t\u00eb k\u00ebrkosh streh\u00eb kur t\u00eb fryn era nga t\u00eb gjitha an\u00ebt. \u00cbsht\u00eb legjitime t\u00eb k\u00ebrkosh aleanc\u00eb. Kryeministri Mickoski akuzon qeverin\u00eb e m\u00ebparshme se pranonte gjith\u00e7ka pa kritik\u00eb nga BE. A do t\u00eb thot\u00eb kjo se tani qeveria e tij do t\u00eb pranoj\u00eb gjith\u00e7ka pa kritik\u00eb nga SHBA? Edhe Trump, si\u00e7 po shohim, papritur ka filluar t\u00eb ndryshoj\u00eb deklaratat e tij.<\/p>\n<p data-start=\"4194\" data-end=\"4653\">BE na la 20 vjet n\u00eb \u201cpromaja\u201d, por t\u00eb pakt\u00ebn e di ku jemi n\u00eb hart\u00ebn e bot\u00ebs. Dhe m\u00eb e r\u00ebnd\u00ebsishmja \u2013 Trump sheh vet\u00ebm interesin amerikan. Cili \u00ebsht\u00eb interesi yn\u00eb strategjik? T\u00eb hyjm\u00eb n\u00eb BE? Apo t\u00eb b\u00ebhemi shteti i 51-t\u00eb amerikan? Apo t\u00eb hyjm\u00eb n\u00eb BE me ndihm\u00ebn e Trump? Mickoski thot\u00eb se t\u00eb gjith\u00eb tani do t\u00eb shkojn\u00eb n\u00eb Uashington p\u00ebr ta lutur Trumpin. Po, do t\u00eb shkojn\u00eb. Por ne po i japim vetes shum\u00eb m\u00eb tep\u00ebr r\u00ebnd\u00ebsi sesa kemi n\u00eb realitet n\u00eb syt\u00eb e SHBA-ve.<\/p>\n<p data-start=\"4660\" data-end=\"4921\"><span class=\"dropcap color firstcharacter\">3 <\/span> Sa m\u00eb shum\u00eb rritet entuziazmi i Mickoskit p\u00ebr Trumpin, aq m\u00eb shum\u00eb po rritet k\u00ebtu ideja q\u00eb t\u00eb b\u00ebhemi shteti i 51-t\u00eb i SHBA. Pse t\u00eb shkoj\u00eb Trumpi n\u00eb Kanada, kur ne jemi k\u00ebtu? N\u00ebse ai d\u00ebshiron t\u00eb vendos\u00eb flamuj amerikan\u00eb, le t\u2019i vendos\u00eb k\u00ebtu, n\u00eb mes t\u00eb Evrop\u00ebs.<\/p>\n<p data-start=\"4923\" data-end=\"4976\">North Carolina, North Dakota, dhe\u2026 North Macedonia.<\/p>\n<p data-start=\"4978\" data-end=\"5249\">Plot\u00ebsojm\u00eb t\u00eb gjitha kushtet. N\u00eb referendumin e vitit 1991, votuam p\u00ebr pavar\u00ebsi, por edhe p\u00ebr t\u00eb drejt\u00ebn p\u00ebr t\u00eb hyr\u00eb n\u00eb nj\u00eb aleanc\u00eb t\u00eb ardhshme shtetesh. Dhe meq\u00eb Parlamenti yn\u00eb ka aft\u00ebsi t\u00eb b\u00ebj\u00eb interpretime autentike brenda nat\u00ebs, kjo \u00e7\u00ebshtje mund t\u00eb zgjidhet shpejt.<\/p>\n<p data-start=\"5251\" data-end=\"5507\">P\u00ebr mbrojtje, tashm\u00eb paguajm\u00eb 2% t\u00eb buxhetit, si\u00e7 k\u00ebrkon Trump. Flamujt amerikan\u00eb tashm\u00eb val\u00ebviten n\u00eb gjysm\u00ebn e administrat\u00ebs son\u00eb. Mickoski do t\u00eb jet\u00eb guvernator i North Macedonia. Duhet vet\u00ebm t\u2019i gjejm\u00eb nj\u00eb pun\u00eb presidente Gordana Siljanovska-Davkov\u00ebs.<\/p>\n<p data-start=\"5514\" data-end=\"5742\"><span class=\"dropcap color firstcharacter\">4 <\/span> Maqedonia \u00ebsht\u00eb nj\u00eb nga 24 vendet q\u00eb e ka informuar BE-n\u00eb se d\u00ebshiron t\u00eb importoj\u00eb mbeturina t\u00eb metaleve, let\u00ebr, qelq, e vajra vegjetale. BE tani do t\u00eb vler\u00ebsoj\u00eb n\u00ebse kemi kapacitetin p\u00ebr t\u2019i menaxhuar sipas rregullave t\u00eb saj.<\/p>\n<p data-start=\"5744\" data-end=\"5822\">Ne edhe tani importojm\u00eb mbeturina nga fqinj\u00ebt. Nuk dim\u00eb \u00e7\u2019t\u00eb b\u00ebjm\u00eb me tonat.<\/p>\n<p data-start=\"5824\" data-end=\"5990\" data-is-last-node=\"\" data-is-only-node=\"\">Por n\u00eb t\u00eb ardhmen, BE do t\u00eb na tregoj\u00eb se \u00e7far\u00eb mbeturinash mund t\u00eb pranojm\u00eb. Dhe n\u00ebse \u00ebsht\u00eb mbeturin\u00eb, vet\u00ebm t\u00eb jet\u00eb evropiane. Mbeturinat evropiane jan\u00eb edhe tonat.<\/p>\n\n<div style=\"font-size: 0px; height: 0px; line-height: 0px; margin: 0; padding: 0; clear: both;\"><\/div>","protected":false},"excerpt":{"rendered":"<p>Kemi d\u00ebgjuar gjith\u00e7ka nga foltorja e Kuvendit, por nj\u00eb fjalim kaq \u00e7njer\u00ebzor si ai i ministres s\u00eb financave, Gordana Dimitrieska-Ko\u00e7oska, [&hellip;]<\/p>\n","protected":false},"author":25,"featured_media":0,"comment_status":"closed","ping_status":"closed","sticky":false,"template":"","format":"standard","meta":{"_mo_disable_npp":"no","inline_featured_image":false},"categories":[1825],"tags":[],"imageURL":false,"thumbURL":false,"categoryNames":["DUA T\u00cb THEM"],"feature_caption":"","subtitle":"Plehrat evropiane jan\u00eb dhe plehrat tona.","views":"39","source":"Shkup, SAKAMDAKAZAM.MK","yoast_head":"<!-- This site is optimized with the Yoast SEO Premium plugin v15.0 - https:\/\/yoast.com\/wordpress\/plugins\/seo\/ -->\n<title>SHKO E LIND - \u0421\u0430\u043a\u0430\u043c \u0414\u0430 \u041a\u0430\u0436\u0430\u043c<\/title>\n<meta name=\"robots\" content=\"index, follow, max-snippet:-1, max-image-preview:large, max-video-preview:-1\" \/>\n<link rel=\"canonical\" href=\"https:\/\/sdk.mk\/index.php\/dua-te-them\/shko-e-lind\/\" \/>\n<meta property=\"og:locale\" content=\"mk_MK\" \/>\n<meta property=\"og:type\" content=\"article\" \/>\n<meta property=\"og:title\" content=\"SHKO E LIND - \u0421\u0430\u043a\u0430\u043c \u0414\u0430 \u041a\u0430\u0436\u0430\u043c\" \/>\n<meta property=\"og:description\" content=\"Kemi d\u00ebgjuar gjith\u00e7ka nga foltorja e Kuvendit, por nj\u00eb fjalim kaq \u00e7njer\u00ebzor si ai i ministres s\u00eb financave, Gordana Dimitrieska-Ko\u00e7oska, [&hellip;]\" \/>\n<meta property=\"og:url\" content=\"https:\/\/sdk.mk\/index.php\/dua-te-them\/shko-e-lind\/\" \/>\n<meta property=\"og:site_name\" content=\"\u0421\u0430\u043a\u0430\u043c \u0414\u0430 \u041a\u0430\u0436\u0430\u043c\" \/>\n<meta property=\"article:published_time\" content=\"2025-03-03T12:47:24+00:00\" \/>\n<meta property=\"og:image\" content=\"https:\/\/sdk.mk\/wp-content\/uploads\/2015\/12\/goran-mihailovski2.jpg\" \/>\n\t<meta property=\"og:image:width\" content=\"400\" \/>\n\t<meta property=\"og:image:height\" content=\"313\" \/>\n<meta property=\"fb:app_id\" content=\"2407985809428537\" \/>\n<meta name=\"twitter:card\" content=\"summary\" \/>\n<script type=\"application\/ld+json\" class=\"yoast-schema-graph\">{\"@context\":\"https:\/\/schema.org\",\"@graph\":[{\"@type\":\"WebSite\",\"@id\":\"https:\/\/sdk.mk\/#website\",\"url\":\"https:\/\/sdk.mk\/\",\"name\":\"\\u0421\\u0430\\u043a\\u0430\\u043c \\u0414\\u0430 \\u041a\\u0430\\u0436\\u0430\\u043c\",\"description\":\"\\u0417\\u0430 \\u0441\\u043b\\u043e\\u0431\\u043e\\u0434\\u043e\\u0443\\u043c\\u043d\\u0438\",\"potentialAction\":[{\"@type\":\"SearchAction\",\"target\":\"https:\/\/sdk.mk\/?s={search_term_string}\",\"query-input\":\"required name=search_term_string\"}],\"inLanguage\":\"mk-MK\"},{\"@type\":\"WebPage\",\"@id\":\"https:\/\/sdk.mk\/index.php\/dua-te-them\/shko-e-lind\/#webpage\",\"url\":\"https:\/\/sdk.mk\/index.php\/dua-te-them\/shko-e-lind\/\",\"name\":\"SHKO E LIND - \\u0421\\u0430\\u043a\\u0430\\u043c \\u0414\\u0430 \\u041a\\u0430\\u0436\\u0430\\u043c\",\"isPartOf\":{\"@id\":\"https:\/\/sdk.mk\/#website\"},\"datePublished\":\"2025-03-03T12:47:24+00:00\",\"dateModified\":\"2025-03-03T12:47:24+00:00\",\"author\":{\"@id\":\"https:\/\/sdk.mk\/#\/schema\/person\/737021aeacbe893f7e2c347186c5c7a1\"},\"inLanguage\":\"mk-MK\",\"potentialAction\":[{\"@type\":\"ReadAction\",\"target\":[\"https:\/\/sdk.mk\/index.php\/dua-te-them\/shko-e-lind\/\"]}]},{\"@type\":\"Person\",\"@id\":\"https:\/\/sdk.mk\/#\/schema\/person\/737021aeacbe893f7e2c347186c5c7a1\",\"name\":\"\\u0424\\u0458\\u043e\\u043b\\u0430 \\u0417\\u043b\\u0430\\u0442\\u043a\\u0443\"}]}<\/script>\n<!-- \/ Yoast SEO Premium plugin. -->","_links":{"self":[{"href":"https:\/\/sdk.mk\/index.php\/wp-json\/wp\/v2\/posts\/243524"}],"collection":[{"href":"https:\/\/sdk.mk\/index.php\/wp-json\/wp\/v2\/posts"}],"about":[{"href":"https:\/\/sdk.mk\/index.php\/wp-json\/wp\/v2\/types\/post"}],"author":[{"embeddable":true,"href":"https:\/\/sdk.mk\/index.php\/wp-json\/wp\/v2\/users\/25"}],"replies":[{"embeddable":true,"href":"https:\/\/sdk.mk\/index.php\/wp-json\/wp\/v2\/comments?post=243524"}],"version-history":[{"count":0,"href":"https:\/\/sdk.mk\/index.php\/wp-json\/wp\/v2\/posts\/243524\/revisions"}],"wp:attachment":[{"href":"https:\/\/sdk.mk\/index.php\/wp-json\/wp\/v2\/media?parent=243524"}],"wp:term":[{"taxonomy":"category","embeddable":true,"href":"https:\/\/sdk.mk\/index.php\/wp-json\/wp\/v2\/categories?post=243524"},{"taxonomy":"post_tag","embeddable":true,"href":"https:\/\/sdk.mk\/index.php\/wp-json\/wp\/v2\/tags?post=243524"}],"curies":[{"name":"wp","href":"https:\/\/api.w.org\/{rel}","templated":true}]}}