{"id":24437,"date":"2017-02-20T13:26:43","date_gmt":"2017-02-20T12:26:43","guid":{"rendered":"http:\/\/sdk.mk\/\/?p=24437"},"modified":"2017-02-20T13:26:43","modified_gmt":"2017-02-20T12:26:43","slug":"mpb-pohoi-qe-personi-m-z-ka-paraqitur-lendime-deputeti-zeqiri-thote-qe-e-ka-legjitimuar-nje-zyrtar-policor","status":"publish","type":"post","link":"https:\/\/sdk.mk\/index.php\/maqedonia\/mpb-pohoi-qe-personi-m-z-ka-paraqitur-lendime-deputeti-zeqiri-thote-qe-e-ka-legjitimuar-nje-zyrtar-policor\/","title":{"rendered":"MPB POHOI Q\u00cb PERSONI M.Z. KA PARAQITUR L\u00cbNDIME, DEPUTETI ZEQIRI THOT\u00cb Q\u00cb E KA LEGJITIMUAR NJ\u00cb ZYRTAR POLICOR"},"content":{"rendered":"<div class=\"f52428582a4b906b2d2e2a7d733c7d27\" data-index=\"7\" style=\"float: none; margin:10px 0 10px 0; text-align:center;\">\n<!-- MSP Ads Asynchronous JS Tag - Generated with Revive Adserver v5.4.1 -->\r\n<ins data-revive-zoneid=\"167\" data-revive-id=\"060fdb01f6430ec164d3519234aa4967\"><\/ins>\r\n<script async src=\"\/\/panel.ads.com.mk\/www\/delivery\/asyncjs.php\"><\/script>\n<\/div>\n<p><span style=\"font-weight: 400;\">Policia ka pohuar q\u00eb mbr\u00ebm\u00eb ka marr\u00eb informacion nga Qendra e urgjencave \u201cN\u00ebn\u00eb Tereza\u201d n\u00eb Shkup, se nj\u00eb person me inicialet M.Z. ka paraqitjur l\u00ebndime, thot\u00eb agjencia Meta.<\/span><\/p>\n<p><span style=\"font-weight: 400;\">Inicialet p\u00ebrputhen me deklarat\u00ebn e deputetit Muhamed Zeqiri, i cili tha q\u00eb trupat e siguris\u00eb s\u00eb drejtorit t\u00eb DSK, Sasho Mijallkov e kan\u00eb nxjerr\u00eb me dhun\u00eb nga kafeneja n\u00eb qend\u00ebr t\u00eb Shkupit.<\/span><\/p>\n<p><span style=\"font-weight: 400;\">N\u00eb buletinin e MPB thuhet q\u00eb: \u201cN\u00eb 19.02.2017 n\u00eb ora 01.10 n\u00eb Qendr\u00ebn p\u00ebr urgjenca \u201cN\u00ebn\u00eb Tereza\u201d, \u00ebsht\u00eb paraqitur nj\u00eb person me iniciale M.Z., i cili ka pasur l\u00ebndime, nd\u00ebrsa sipas rr\u00ebfimit t\u00eb tij, l\u00ebndimet i ka marr\u00eb nga sulmi fizik n\u00eb nj\u00eb kafene nga nj\u00eb person i panjohur. Po nd\u00ebrmerren masa p\u00ebr gjetjen e personit q\u00eb ka kryer sulmin dhe p\u00ebr qart\u00ebsim t\u00eb rastit\u201d, thuhet n\u00eb buletinin e MPB. <\/span><\/p>\n<p><span style=\"font-weight: 400;\">Deputeti i LSDM Zeqiri akuzoi q\u00eb nj\u00ebri nga ata q\u00eb e kan\u00eb nxjerr\u00eb nga kafeneja \u00ebsht\u00eb prezantuar si polic.<\/span><\/p>\n<p><span style=\"font-weight: 400;\">\u201cNd\u00ebrkoh\u00eb q\u00eb zhvillohej skena jasht\u00eb objektit, nj\u00ebri na ta nxori legjitimim polici dhe m\u00eb k\u00ebrkoi t\u00eb dentifikohesha. Nd\u00ebrkoh\u00eb q\u00eb e nxirrja letr\u00ebn e njoftimit, nj\u00eb person tjet\u00ebr m\u00eb sulmoi nga pas n\u00eb kok\u00eb. Rastin e paraqita n\u00eb polici. Gjithashtu skandaloz \u00ebsht\u00eb fakti q\u00eb policit t\u00eb cilit po i jepja deklarat., nuk d\u00ebshironte q\u00eb ta shkruaj\u00eb emrin e Sasho Mijallkovit n\u00eb raport. Edhe pse b\u00ebhet fjal\u00eb p\u00ebr nj\u00eb deklarat\u00eb timen, n\u00eb t\u00eb cil\u00ebn kam t\u00eb drejta si qytetar\u00eb\u201d, shpjegon Zeqiri. <\/span><\/p>\n<p><span style=\"font-weight: 400;\">Sasho Mijallkov e demantoi deklarat\u00ebn e Zeqirit n\u00ebp\u00ebrmjet nj\u00eb lajm\u00ebrimi drejt Qendr\u00ebs p\u00ebr komunikim t\u00eb VMRO-DPMNE-s\u00eb dhe shpalli padi p\u00ebr t\u00eb dhe p\u00ebr mediat q\u00eb e kan\u00eb publikuar informacionin. <\/span><\/p>\n<p><span style=\"font-weight: 400;\">\u201cDeklarata e Muhamed Zeqirit \u00ebsht\u00eb nj\u00eb g\u00ebnjesht\u00ebr dhe mallkim. Rrept\u00ebsisht i demantoj manipulimet q\u00eb dikush nga trupat e siguris\u00eb sime e kan\u00eb sulmuar. N\u00eb qoft\u00eb se n\u00eb nj\u00eb periudh\u00eb t\u00eb shkurt\u00ebr kohore nuk k\u00ebrkon falje, kund\u00ebr tij dhe kund\u00ebr mediave q\u00eb p\u00ebrhapin k\u00ebso lloj informatash do t\u00eb vijojn\u00eb padi\u201d, thuhet n\u00eb reagimin e Mijallkovit.<\/span><\/p>\n\n<div style=\"font-size: 0px; height: 0px; line-height: 0px; margin: 0; padding: 0; clear: both;\"><\/div>","protected":false},"excerpt":{"rendered":"<p>Policia ka pohuar q\u00eb mbr\u00ebm\u00eb ka marr\u00eb informacion nga Qendra e urgjencave \u201cN\u00ebn\u00eb Tereza\u201d n\u00eb Shkup, se nj\u00eb person me [&hellip;]<\/p>\n","protected":false},"author":9,"featured_media":24438,"comment_status":"closed","ping_status":"closed","sticky":false,"template":"","format":"standard","meta":{"_mo_disable_npp":"","inline_featured_image":false},"categories":[3087],"tags":[],"imageURL":"https:\/\/sdk.mk\/wp-content\/uploads\/2017\/02\/zekiri-pred-sdsm-696x536-650x458.jpg","thumbURL":"https:\/\/sdk.mk\/wp-content\/uploads\/2017\/02\/zekiri-pred-sdsm-696x536-250x176.jpg","categoryNames":["Maqedonia"],"feature_caption":"","subtitle":"a:1:{s:9:\"td_source\";s:44:\"\u0421\u043a\u043e\u043f\u0458\u0435,\u0421\u0410\u041a\u0410\u041c\u0414\u0410\u041a\u0410\u0416\u0410\u041c.\u041c\u041a)","views":"2442","source":"","yoast_head":"<!-- This site is optimized with the Yoast SEO Premium plugin v15.0 - https:\/\/yoast.com\/wordpress\/plugins\/seo\/ -->\n<title>MPB POHOI Q\u00cb PERSONI M.Z. KA PARAQITUR L\u00cbNDIME, DEPUTETI ZEQIRI THOT\u00cb Q\u00cb E KA LEGJITIMUAR NJ\u00cb ZYRTAR POLICOR - \u0421\u0430\u043a\u0430\u043c \u0414\u0430 \u041a\u0430\u0436\u0430\u043c<\/title>\n<meta name=\"robots\" content=\"index, follow, max-snippet:-1, max-image-preview:large, max-video-preview:-1\" \/>\n<link rel=\"canonical\" href=\"https:\/\/sdk.mk\/index.php\/maqedonia\/mpb-pohoi-qe-personi-m-z-ka-paraqitur-lendime-deputeti-zeqiri-thote-qe-e-ka-legjitimuar-nje-zyrtar-policor\/\" \/>\n<meta property=\"og:locale\" content=\"mk_MK\" \/>\n<meta property=\"og:type\" content=\"article\" \/>\n<meta property=\"og:title\" content=\"MPB POHOI Q\u00cb PERSONI M.Z. KA PARAQITUR L\u00cbNDIME, DEPUTETI ZEQIRI THOT\u00cb Q\u00cb E KA LEGJITIMUAR NJ\u00cb ZYRTAR POLICOR - \u0421\u0430\u043a\u0430\u043c \u0414\u0430 \u041a\u0430\u0436\u0430\u043c\" \/>\n<meta property=\"og:description\" content=\"Policia ka pohuar q\u00eb mbr\u00ebm\u00eb ka marr\u00eb informacion nga Qendra e urgjencave \u201cN\u00ebn\u00eb Tereza\u201d n\u00eb Shkup, se nj\u00eb person me [&hellip;]\" \/>\n<meta property=\"og:url\" content=\"https:\/\/sdk.mk\/index.php\/maqedonia\/mpb-pohoi-qe-personi-m-z-ka-paraqitur-lendime-deputeti-zeqiri-thote-qe-e-ka-legjitimuar-nje-zyrtar-policor\/\" \/>\n<meta property=\"og:site_name\" content=\"\u0421\u0430\u043a\u0430\u043c \u0414\u0430 \u041a\u0430\u0436\u0430\u043c\" \/>\n<meta property=\"article:published_time\" content=\"2017-02-20T12:26:43+00:00\" \/>\n<meta property=\"og:image\" content=\"https:\/\/sdk.mk\/wp-content\/uploads\/2017\/02\/zekiri-pred-sdsm-696x536.jpg\" \/>\n\t<meta property=\"og:image:width\" content=\"696\" \/>\n\t<meta property=\"og:image:height\" content=\"490\" \/>\n<meta property=\"fb:app_id\" content=\"2407985809428537\" \/>\n<meta name=\"twitter:card\" content=\"summary\" \/>\n<script type=\"application\/ld+json\" class=\"yoast-schema-graph\">{\"@context\":\"https:\/\/schema.org\",\"@graph\":[{\"@type\":\"WebSite\",\"@id\":\"https:\/\/sdk.mk\/#website\",\"url\":\"https:\/\/sdk.mk\/\",\"name\":\"\\u0421\\u0430\\u043a\\u0430\\u043c \\u0414\\u0430 \\u041a\\u0430\\u0436\\u0430\\u043c\",\"description\":\"\\u0417\\u0430 \\u0441\\u043b\\u043e\\u0431\\u043e\\u0434\\u043e\\u0443\\u043c\\u043d\\u0438\",\"potentialAction\":[{\"@type\":\"SearchAction\",\"target\":\"https:\/\/sdk.mk\/?s={search_term_string}\",\"query-input\":\"required name=search_term_string\"}],\"inLanguage\":\"mk-MK\"},{\"@type\":\"ImageObject\",\"@id\":\"https:\/\/sdk.mk\/index.php\/maqedonia\/mpb-pohoi-qe-personi-m-z-ka-paraqitur-lendime-deputeti-zeqiri-thote-qe-e-ka-legjitimuar-nje-zyrtar-policor\/#primaryimage\",\"inLanguage\":\"mk-MK\",\"url\":\"https:\/\/sdk.mk\/wp-content\/uploads\/2017\/02\/zekiri-pred-sdsm-696x536.jpg\",\"width\":696,\"height\":490,\"caption\":\"Deputeti Zeqiri deklaroi para gazetar\\u00ebve q\\u00eb trupat e siguris\\u00eb t\\u00eb ish shefit t\\u00eb policis\\u00eb sekrete, Sasho Mijallkov e kan\\u00eb nxjerr\\u00eb me dhun\\u00eb nga nj\\u00eb kafene dhe mes tyre ka pasur dhe zyrtar\\u00eb policie. (Foto: Meta)\"},{\"@type\":\"WebPage\",\"@id\":\"https:\/\/sdk.mk\/index.php\/maqedonia\/mpb-pohoi-qe-personi-m-z-ka-paraqitur-lendime-deputeti-zeqiri-thote-qe-e-ka-legjitimuar-nje-zyrtar-policor\/#webpage\",\"url\":\"https:\/\/sdk.mk\/index.php\/maqedonia\/mpb-pohoi-qe-personi-m-z-ka-paraqitur-lendime-deputeti-zeqiri-thote-qe-e-ka-legjitimuar-nje-zyrtar-policor\/\",\"name\":\"MPB POHOI Q\\u00cb PERSONI M.Z. KA PARAQITUR L\\u00cbNDIME, DEPUTETI ZEQIRI THOT\\u00cb Q\\u00cb E KA LEGJITIMUAR NJ\\u00cb ZYRTAR POLICOR - \\u0421\\u0430\\u043a\\u0430\\u043c \\u0414\\u0430 \\u041a\\u0430\\u0436\\u0430\\u043c\",\"isPartOf\":{\"@id\":\"https:\/\/sdk.mk\/#website\"},\"primaryImageOfPage\":{\"@id\":\"https:\/\/sdk.mk\/index.php\/maqedonia\/mpb-pohoi-qe-personi-m-z-ka-paraqitur-lendime-deputeti-zeqiri-thote-qe-e-ka-legjitimuar-nje-zyrtar-policor\/#primaryimage\"},\"datePublished\":\"2017-02-20T12:26:43+00:00\",\"dateModified\":\"2017-02-20T12:26:43+00:00\",\"author\":{\"@id\":\"https:\/\/sdk.mk\/#\/schema\/person\/3e8217f71bc38bd7c592f30c69e10e5a\"},\"inLanguage\":\"mk-MK\",\"potentialAction\":[{\"@type\":\"ReadAction\",\"target\":[\"https:\/\/sdk.mk\/index.php\/maqedonia\/mpb-pohoi-qe-personi-m-z-ka-paraqitur-lendime-deputeti-zeqiri-thote-qe-e-ka-legjitimuar-nje-zyrtar-policor\/\"]}]},{\"@type\":\"Person\",\"@id\":\"https:\/\/sdk.mk\/#\/schema\/person\/3e8217f71bc38bd7c592f30c69e10e5a\",\"name\":\"\\u041c\\u0438\\u0440\\u043e\\u0441\\u043b\\u0430\\u0432 \\u0418\\u043b\\u0438\\u043e\\u0441\\u043a\\u0438\"}]}<\/script>\n<!-- \/ Yoast SEO Premium plugin. -->","_links":{"self":[{"href":"https:\/\/sdk.mk\/index.php\/wp-json\/wp\/v2\/posts\/24437"}],"collection":[{"href":"https:\/\/sdk.mk\/index.php\/wp-json\/wp\/v2\/posts"}],"about":[{"href":"https:\/\/sdk.mk\/index.php\/wp-json\/wp\/v2\/types\/post"}],"author":[{"embeddable":true,"href":"https:\/\/sdk.mk\/index.php\/wp-json\/wp\/v2\/users\/9"}],"replies":[{"embeddable":true,"href":"https:\/\/sdk.mk\/index.php\/wp-json\/wp\/v2\/comments?post=24437"}],"version-history":[{"count":0,"href":"https:\/\/sdk.mk\/index.php\/wp-json\/wp\/v2\/posts\/24437\/revisions"}],"wp:featuredmedia":[{"embeddable":true,"href":"https:\/\/sdk.mk\/index.php\/wp-json\/wp\/v2\/media\/24438"}],"wp:attachment":[{"href":"https:\/\/sdk.mk\/index.php\/wp-json\/wp\/v2\/media?parent=24437"}],"wp:term":[{"taxonomy":"category","embeddable":true,"href":"https:\/\/sdk.mk\/index.php\/wp-json\/wp\/v2\/categories?post=24437"},{"taxonomy":"post_tag","embeddable":true,"href":"https:\/\/sdk.mk\/index.php\/wp-json\/wp\/v2\/tags?post=24437"}],"curies":[{"name":"wp","href":"https:\/\/api.w.org\/{rel}","templated":true}]}}