{"id":24480,"date":"2017-02-20T15:41:30","date_gmt":"2017-02-20T14:41:30","guid":{"rendered":"http:\/\/sdk.mk\/\/?p=24480"},"modified":"2017-02-20T15:41:30","modified_gmt":"2017-02-20T14:41:30","slug":"policia-ka-zbuluar-biznes-pllaka-te-vjedhura-varri","status":"publish","type":"post","link":"https:\/\/sdk.mk\/index.php\/ngrije-zerin-per-avokatin-e-popullit\/policia-ka-zbuluar-biznes-pllaka-te-vjedhura-varri\/","title":{"rendered":"POLICIA KA ZBULUAR BIZNES ME PLLAKA T\u00cb VJEDHURA VARRI"},"content":{"rendered":"<div class=\"f52428582a4b906b2d2e2a7d733c7d27\" data-index=\"7\" style=\"float: none; margin:10px 0 10px 0; text-align:center;\">\n<!-- MSP Ads Asynchronous JS Tag - Generated with Revive Adserver v5.4.1 -->\r\n<ins data-revive-zoneid=\"167\" data-revive-id=\"060fdb01f6430ec164d3519234aa4967\"><\/ins>\r\n<script async src=\"\/\/panel.ads.com.mk\/www\/delivery\/asyncjs.php\"><\/script>\n<\/div>\n<p>Pllakat e mermerta masive t\u00eb varreve, t\u00eb r\u00ebnda 300 kilogram\u00eb deri n\u00eb nj\u00eb ton, t\u00eb cilat n\u00eb rrethana t\u00eb \u00e7uditshme ishin zhdukur nga varrezat e Gjor\u00e7e Petrovit, dje n\u00eb gusht, pas nd\u00ebrhyrjes s\u00eb Avokatit t\u00eb popullit Ixhet Memeti, i gjeti MPB. Policia e ka lajm\u00ebruar Avokatin e popullit q\u00eb tre persona, duke p\u00ebrfshir\u00eb edhe rojtarin e varrezave, kan\u00eb marr\u00eb pjes\u00ebn n\u00eb biznesin e vjedhjes s\u00eb pllakave t\u00eb shtrenjta. MPB ka ngritur akuza kund\u00ebr t\u00eb treve tek Prokuroria e Shkupit p\u00ebr vjedhje t\u00eb r\u00ebnda dhe prishje t\u00eb varreve.<\/p>\n<p><span style=\"font-weight: 400;\">Rreth k\u00ebtij rasti, nj\u00eb nga t\u00eb cenuarit ka d\u00ebrguar parashtres\u00eb te Ombudsmani, Zoran Minarkov, i cili p\u00ebr SAKAMDAKAZAM.MK ka rr\u00ebfyer q\u00eb vjet n\u00eb gusht, persona t\u00eb panjohur e kan\u00eb demontuar dhe vjedhur pllak\u00ebn e varrit t\u00eb n\u00ebn\u00ebs s\u00eb tij t\u00eb ndjer\u00eb. Krah k\u00ebsaj, at\u00ebher\u00eb ata kan\u00eb vjedhur edhe gjasht\u00eb pllaka mermeri. Minarkov e ka d\u00ebrguar parashtres\u00ebn kund\u00ebr ShA \u201cButel\u201d, si p\u00ebrgjegj\u00ebse p\u00ebr mbrojtjen e varreve. <\/span><\/p>\n<p><span style=\"font-weight: 400;\">Minarkov thoshte se \u00ebsht\u00eb e pamundur t\u00eb zhduken 6-7 pllaka varri t\u00eb r\u00ebnda nj\u00eb ton, pa qen\u00eb vjedh\u00ebsit mir\u00eb t\u00eb organizuar dhe pse jo edhe t\u00eb ndihmuar nga t\u00eb pun\u00ebsuarit e nd\u00ebrmarrjes. Mermeri duhet t\u00eb ket\u00eb qen\u00eb i ngarkuar n\u00eb kamion dhe i transportuar, duke kaluar nga porta e varreve, thoshte Minarkov, kurse hyrjen e ruan nj\u00eb rojtar i pun\u00ebsuar n\u00eb SHA \u201cButel\u201d. Ai q\u00eb at\u00ebher\u00eb ishte i bindur q\u00eb vjedhjet e r\u00ebnda nuk kan\u00eb mundur t\u00eb ndodhin pa dijen dhe logjistik\u00ebn e t\u00eb pun\u00ebsuarve e nd\u00ebrmarrjes. <\/span><\/p>\n<p><span style=\"font-weight: 400;\">Sipas MPB, \u00e7rr\u00ebnjosja e pllakave t\u00eb varrit n\u00eb varrezat n\u00eb Gjor\u00e7e Petrov, ka ndodhur gjat\u00eb kat\u00ebr dit\u00ebve, nga 18-22 gusht, 2016. Dy personat kan\u00eb ardhur te rojtari i varrezave, bashk\u00eb kan\u00eb demontuar vet\u00ebm pllakat m\u00eb t\u00eb shtrenjta, i kan\u00eb ngarkuar n\u00eb kamion dhe kan\u00eb dale nga varrezat. M\u00eb pas, si\u00e7 thuhet n\u00eb k\u00ebrkes\u00ebn, ata i jan\u00eb shitur nj\u00eb njeriu n\u00eb lagjen e Shkupit Ilinden, e cila \u00ebsht\u00eb err\u00eb me p\u00ebrpunim t\u00eb varreve. Pllakat e vjedhura i kan\u00eb shitur nga 25.000 cop\u00ebn.<\/span><\/p>\n<p><span style=\"font-weight: 400;\">\u201cParat\u00eb i kan\u00eb ndar\u00eb dhe i kan\u00eb harxhuar p\u00ebr nevojat e tyre\u201d, thuhet n\u00eb akuz\u00ebn penale. Q\u00eb kur rasti u publikua n\u00eb SAKAMDAKAZAM.MK, vjet n\u00eb 27 dhjetor, bler\u00ebsi i pllakave t\u00eb vjedhura vullnetarisht ka ardhur n\u00eb polici. Ka sjell\u00eb 4 pllaka mermeri t\u00eb plota dhe dy gjysma. Ka treguar se si tre muaj para ka ardhur nj\u00ebri nga t\u00eb akuzuarit dhe i ka ofruar pllaka t\u00eb cilat nuk i jan\u00eb dashur. Nuk ka t\u00eb dh\u00ebna se a do t\u00eb paraqitet edhe bler\u00ebsi i pllakave t\u00eb vjedhura si bashk\u00ebpunues n\u00eb k\u00ebt\u00eb biznes. <\/span><\/p>\n<p><span style=\"font-weight: 400;\">P\u00ebrmendoret e prishura mbi varre, thot\u00eb MPB, u jan\u00eb kthyer familjeve t\u00eb cenuara t\u00eb t\u00eb ndjer\u00ebve. <\/span><\/p>\n<p><em><strong>S.\u00a0K. DELEVSKA<\/strong><\/em><\/p>\n\n<div style=\"font-size: 0px; height: 0px; line-height: 0px; margin: 0; padding: 0; clear: both;\"><\/div>","protected":false},"excerpt":{"rendered":"<p>Pllakat e mermerta masive t\u00eb varreve, t\u00eb r\u00ebnda 300 kilogram\u00eb deri n\u00eb nj\u00eb ton, t\u00eb cilat n\u00eb rrethana t\u00eb \u00e7uditshme [&hellip;]<\/p>\n","protected":false},"author":9,"featured_media":24481,"comment_status":"closed","ping_status":"closed","sticky":false,"template":"","format":"standard","meta":{"_mo_disable_npp":"","inline_featured_image":false},"categories":[3087,3083],"tags":[],"imageURL":"https:\/\/sdk.mk\/wp-content\/uploads\/2017\/02\/grobista-gjorce-12-696x439-650x410.jpg","thumbURL":"https:\/\/sdk.mk\/wp-content\/uploads\/2017\/02\/grobista-gjorce-12-696x439-250x158.jpg","categoryNames":["Maqedonia","Ngrije z\u00ebrin p\u00ebr Avokatin e Popullit"],"feature_caption":"","subtitle":"a:2:{s:16:\"td_post_template\";s:18:\"single_template_EU\";s:9:\"td_source\";s:45:\"\u0421\u043a\u043e\u043f\u0458\u0435,(\u0421\u0410\u041a\u0410\u041c\u0414\u0410\u041a\u0410\u0416\u0410\u041c.\u041c\u041a)","views":"3460","source":"","yoast_head":"<!-- This site is optimized with the Yoast SEO Premium plugin v15.0 - https:\/\/yoast.com\/wordpress\/plugins\/seo\/ -->\n<title>POLICIA KA ZBULUAR BIZNES ME PLLAKA T\u00cb VJEDHURA VARRI - \u0421\u0430\u043a\u0430\u043c \u0414\u0430 \u041a\u0430\u0436\u0430\u043c<\/title>\n<meta name=\"robots\" content=\"index, follow, max-snippet:-1, max-image-preview:large, max-video-preview:-1\" \/>\n<link rel=\"canonical\" href=\"https:\/\/sdk.mk\/index.php\/ngrije-zerin-per-avokatin-e-popullit\/policia-ka-zbuluar-biznes-pllaka-te-vjedhura-varri\/\" \/>\n<meta property=\"og:locale\" content=\"mk_MK\" \/>\n<meta property=\"og:type\" content=\"article\" \/>\n<meta property=\"og:title\" content=\"POLICIA KA ZBULUAR BIZNES ME PLLAKA T\u00cb VJEDHURA VARRI - \u0421\u0430\u043a\u0430\u043c \u0414\u0430 \u041a\u0430\u0436\u0430\u043c\" \/>\n<meta property=\"og:description\" content=\"Pllakat e mermerta masive t\u00eb varreve, t\u00eb r\u00ebnda 300 kilogram\u00eb deri n\u00eb nj\u00eb ton, t\u00eb cilat n\u00eb rrethana t\u00eb \u00e7uditshme [&hellip;]\" \/>\n<meta property=\"og:url\" content=\"https:\/\/sdk.mk\/index.php\/ngrije-zerin-per-avokatin-e-popullit\/policia-ka-zbuluar-biznes-pllaka-te-vjedhura-varri\/\" \/>\n<meta property=\"og:site_name\" content=\"\u0421\u0430\u043a\u0430\u043c \u0414\u0430 \u041a\u0430\u0436\u0430\u043c\" \/>\n<meta property=\"article:published_time\" content=\"2017-02-20T14:41:30+00:00\" \/>\n<meta property=\"og:image\" content=\"https:\/\/sdk.mk\/wp-content\/uploads\/2017\/02\/grobista-gjorce-12-696x439.jpg\" \/>\n\t<meta property=\"og:image:width\" content=\"696\" \/>\n\t<meta property=\"og:image:height\" content=\"439\" \/>\n<meta property=\"fb:app_id\" content=\"2407985809428537\" \/>\n<meta name=\"twitter:card\" content=\"summary\" \/>\n<script type=\"application\/ld+json\" class=\"yoast-schema-graph\">{\"@context\":\"https:\/\/schema.org\",\"@graph\":[{\"@type\":\"WebSite\",\"@id\":\"https:\/\/sdk.mk\/#website\",\"url\":\"https:\/\/sdk.mk\/\",\"name\":\"\\u0421\\u0430\\u043a\\u0430\\u043c \\u0414\\u0430 \\u041a\\u0430\\u0436\\u0430\\u043c\",\"description\":\"\\u0417\\u0430 \\u0441\\u043b\\u043e\\u0431\\u043e\\u0434\\u043e\\u0443\\u043c\\u043d\\u0438\",\"potentialAction\":[{\"@type\":\"SearchAction\",\"target\":\"https:\/\/sdk.mk\/?s={search_term_string}\",\"query-input\":\"required name=search_term_string\"}],\"inLanguage\":\"mk-MK\"},{\"@type\":\"ImageObject\",\"@id\":\"https:\/\/sdk.mk\/index.php\/ngrije-zerin-per-avokatin-e-popullit\/policia-ka-zbuluar-biznes-pllaka-te-vjedhura-varri\/#primaryimage\",\"inLanguage\":\"mk-MK\",\"url\":\"https:\/\/sdk.mk\/wp-content\/uploads\/2017\/02\/grobista-gjorce-12-696x439.jpg\",\"width\":696,\"height\":439,\"caption\":\"\\u00cbsht\\u00eb m\\u00eb se e qart\\u00eb se \\u00ebsht\\u00eb e pamundur t\\u00eb zhduken 7 pllaka mbi varr, t\\u00eb r\\u00ebnda 300 kilogram deri n\\u00eb nj\\u00eb ton, pa qen\\u00eb vjedh\\u00ebsit mir\\u00eb t\\u00eb organizuar, madje ndoshta edhe t\\u00eb ndihmuar nga punonj\\u00ebsit n\\u00eb nd\\u00ebrmarrje. Duke marr\\u00eb parasysh pesh\\u00ebn e pllakave t\\u00eb mermerit, mund t\\u00eb konkludohet q\\u00eb n\\u00eb vjedhje kan\\u00eb marr\\u00eb pjes\\u00eb s\\u00eb paku gjasht\\u00eb persona. M\\u00eb pas, \\u00ebsht\\u00eb dashur q\\u00eb pllakat t\\u00eb ngarkohen n\\u00eb kamion\\u00eb dhe ajo q\\u00eb \\u00ebsht\\u00eb m\\u00eb tragjikja, ato pllaka kan\\u00eb kaluar nga hyrjet e varrezave, t\\u00eb cilat jan\\u00eb n\\u00ebn sigurin\\u00eb dhe kontrollin e rojtar\\u00ebve nga SHA \\u201cButel\\u201d, tha Zoran Minarkov, i cili d\\u00ebrgoi parashtres\\u00eb deri te Ombudsmani, pasi q\\u00eb MPB e zbuloi vjedhjen. (Foto: SDK.MK)\"},{\"@type\":\"WebPage\",\"@id\":\"https:\/\/sdk.mk\/index.php\/ngrije-zerin-per-avokatin-e-popullit\/policia-ka-zbuluar-biznes-pllaka-te-vjedhura-varri\/#webpage\",\"url\":\"https:\/\/sdk.mk\/index.php\/ngrije-zerin-per-avokatin-e-popullit\/policia-ka-zbuluar-biznes-pllaka-te-vjedhura-varri\/\",\"name\":\"POLICIA KA ZBULUAR BIZNES ME PLLAKA T\\u00cb VJEDHURA VARRI - \\u0421\\u0430\\u043a\\u0430\\u043c \\u0414\\u0430 \\u041a\\u0430\\u0436\\u0430\\u043c\",\"isPartOf\":{\"@id\":\"https:\/\/sdk.mk\/#website\"},\"primaryImageOfPage\":{\"@id\":\"https:\/\/sdk.mk\/index.php\/ngrije-zerin-per-avokatin-e-popullit\/policia-ka-zbuluar-biznes-pllaka-te-vjedhura-varri\/#primaryimage\"},\"datePublished\":\"2017-02-20T14:41:30+00:00\",\"dateModified\":\"2017-02-20T14:41:30+00:00\",\"author\":{\"@id\":\"https:\/\/sdk.mk\/#\/schema\/person\/3e8217f71bc38bd7c592f30c69e10e5a\"},\"inLanguage\":\"mk-MK\",\"potentialAction\":[{\"@type\":\"ReadAction\",\"target\":[\"https:\/\/sdk.mk\/index.php\/ngrije-zerin-per-avokatin-e-popullit\/policia-ka-zbuluar-biznes-pllaka-te-vjedhura-varri\/\"]}]},{\"@type\":\"Person\",\"@id\":\"https:\/\/sdk.mk\/#\/schema\/person\/3e8217f71bc38bd7c592f30c69e10e5a\",\"name\":\"\\u041c\\u0438\\u0440\\u043e\\u0441\\u043b\\u0430\\u0432 \\u0418\\u043b\\u0438\\u043e\\u0441\\u043a\\u0438\"}]}<\/script>\n<!-- \/ Yoast SEO Premium plugin. -->","_links":{"self":[{"href":"https:\/\/sdk.mk\/index.php\/wp-json\/wp\/v2\/posts\/24480"}],"collection":[{"href":"https:\/\/sdk.mk\/index.php\/wp-json\/wp\/v2\/posts"}],"about":[{"href":"https:\/\/sdk.mk\/index.php\/wp-json\/wp\/v2\/types\/post"}],"author":[{"embeddable":true,"href":"https:\/\/sdk.mk\/index.php\/wp-json\/wp\/v2\/users\/9"}],"replies":[{"embeddable":true,"href":"https:\/\/sdk.mk\/index.php\/wp-json\/wp\/v2\/comments?post=24480"}],"version-history":[{"count":0,"href":"https:\/\/sdk.mk\/index.php\/wp-json\/wp\/v2\/posts\/24480\/revisions"}],"wp:featuredmedia":[{"embeddable":true,"href":"https:\/\/sdk.mk\/index.php\/wp-json\/wp\/v2\/media\/24481"}],"wp:attachment":[{"href":"https:\/\/sdk.mk\/index.php\/wp-json\/wp\/v2\/media?parent=24480"}],"wp:term":[{"taxonomy":"category","embeddable":true,"href":"https:\/\/sdk.mk\/index.php\/wp-json\/wp\/v2\/categories?post=24480"},{"taxonomy":"post_tag","embeddable":true,"href":"https:\/\/sdk.mk\/index.php\/wp-json\/wp\/v2\/tags?post=24480"}],"curies":[{"name":"wp","href":"https:\/\/api.w.org\/{rel}","templated":true}]}}