{"id":246212,"date":"2025-03-31T20:02:12","date_gmt":"2025-03-31T18:02:12","guid":{"rendered":"https:\/\/sdk.mk\/?p=246212"},"modified":"2025-03-31T20:02:12","modified_gmt":"2025-03-31T18:02:12","slug":"mjaft-me","status":"publish","type":"post","link":"https:\/\/sdk.mk\/index.php\/dua-te-them\/mjaft-me\/","title":{"rendered":"MJAFT M\u00cb!"},"content":{"rendered":"<div class=\"f52428582a4b906b2d2e2a7d733c7d27\" data-index=\"7\" style=\"float: none; margin:10px 0 10px 0; text-align:center;\">\n<!-- MSP Ads Asynchronous JS Tag - Generated with Revive Adserver v5.4.1 -->\r\n<ins data-revive-zoneid=\"167\" data-revive-id=\"060fdb01f6430ec164d3519234aa4967\"><\/ins>\r\n<script async src=\"\/\/panel.ads.com.mk\/www\/delivery\/asyncjs.php\"><\/script>\n<\/div>\n<p><span style=\"font-weight: 400\"><span class=\"dropcap color firstcharacter\">1<\/span> Ja ku \u00ebsht\u00eb mund\u00ebsia p\u00ebr Qeverin\u00eb q\u00eb t\u00eb b\u00ebj\u00eb ndryshime rr\u00ebnj\u00ebsore n\u00eb sistem. Vet\u00ebm, t\u00eb mos pres\u00eb q\u00eb ta lavd\u00ebrojm\u00eb pse inspektimet kan\u00eb filluar, si\u00e7 thot\u00eb ajo, me nj\u00eb &#8220;aksion t\u00eb fuqish\u00ebm&#8221;, duke kontrolluar masivisht t\u00eb gjitha licencat, nd\u00ebrtimet pa leje, shtesat e palejuara, kantieret e pasiguruara, lejet dhe sistemet kund\u00ebr zjarrit, madje ndoshta do t\u00eb fillojn\u00eb t\u00eb zbulojn\u00eb edhe ndotjen akustike t\u00eb tepruar. Kjo ka qen\u00eb detyra e tyre edhe para nat\u00ebs mes 15 dhe 16 marsit, kur ndodhi tragjedia e paimagjinueshme n\u00eb Ko\u00e7an, ku humb\u00ebn jet\u00ebn 59 t\u00eb rinj, mes tyre 6 f\u00ebmij\u00eb. Pra, nuk e kan\u00eb kryer pun\u00ebn e tyre.<\/span><\/p>\n<p><span style=\"font-weight: 400\">Mjaft m\u00eb me faj\u00ebsimin e paraardh\u00ebsve nga kjo qeveri. Nuk ka dyshim se koalicioni mes LSDM-s\u00eb dhe BDI-s\u00eb mban p\u00ebrgjegj\u00ebsi. Por, VMRO-DPMNE dhe &#8220;Vlen&#8221; kan\u00eb tashm\u00eb nj\u00eb shumic\u00eb t\u00eb q\u00ebndrueshme qeveris\u00ebse p\u00ebr n\u00ebnt\u00eb muaj. P\u00ebr m\u00eb tep\u00ebr, VMRO-DPMNE ka tre vjet e gjysm\u00eb q\u00eb drejton pushtetin lokal n\u00eb 42 komuna. Apo, kjo \u00ebsht\u00eb nj\u00eb tem\u00eb q\u00eb nuk guxon t\u00eb hapet? A nuk kan\u00eb par\u00eb kryetar\u00ebt e komunave dhe k\u00ebshilltar\u00ebt se \u00e7far\u00eb ndodh p\u00ebrball\u00eb syve t\u00eb tyre? Kush ka qen\u00eb shefi i inspektor\u00ebve? A kan\u00eb qen\u00eb &#8220;investitor\u00ebt&#8221; lokal\u00eb dhe njer\u00ebzit e fuqish\u00ebm aq t\u00eb paduksh\u00ebm sa nuk i kan\u00eb v\u00ebn\u00eb re as kryetar\u00ebt e komunave, as k\u00ebshilltar\u00ebt, as dhjet\u00ebra shefa dhe drejtor\u00eb t\u00eb sh\u00ebrbimeve komunale, madje as policia dhe prokuror\u00ebt lokal\u00eb? Nuk u \u00ebsht\u00eb dashur as t\u00eb presin ankesa nga qytetar\u00ebt. P\u00ebrdit\u00eb, duke shkuar n\u00eb pun\u00eb, kalojn\u00eb pran\u00eb nd\u00ebrtimeve pa leje q\u00eb ngrihen brenda nat\u00ebs, pin\u00eb kafe n\u00eb objekte t\u00eb paregjistruara, nd\u00ebrsa f\u00ebmij\u00ebt, deri para k\u00ebtij &#8220;aksioni t\u00eb fuqish\u00ebm&#8221;, arg\u00ebtoheshin n\u00eb klube pa licenc\u00eb.<\/span><\/p>\n<p><span style=\"font-weight: 400\">Pik\u00ebrisht p\u00ebr k\u00ebt\u00eb, ja ku \u00ebsht\u00eb mund\u00ebsia p\u00ebr Qeverin\u00eb. Le t\u00eb p\u00ebrmbys\u00eb gjith\u00e7ka. Le t\u00eb ndryshoj\u00eb t\u00eb gjitha ligjet, rregulloret dhe aktet n\u00ebnligjore q\u00eb p\u00ebr vite me radh\u00eb jan\u00eb hartuar p\u00ebr t\u00eb shp\u00ebrfillur t\u00eb drejtat e qytetar\u00ebve dhe p\u00ebr t\u00eb ndihmuar kriminel\u00ebt, vet\u00ebm q\u00eb gjith\u00e7ka t\u00eb duket &#8220;sipas ligjit&#8221;. Dhe \u2013 le t\u2019i zbatoj\u00eb n\u00eb praktik\u00eb. T\u00eb mos na v\u00ebr\u00eb n\u00eb prov\u00eb si t\u00eb gjitha qeverit\u00eb e m\u00ebparshme n\u00eb 30 vitet e fundit, q\u00eb pas dy vitesh t\u00eb shkruajm\u00eb p\u00ebr gjyqe t\u00eb shtyra, p\u00ebr gjyqtar\u00eb q\u00eb s\u00ebmuren, p\u00ebr munges\u00eb p\u00ebrkthimi, p\u00ebr jurist\u00eb q\u00eb dalin n\u00eb pension, p\u00ebr dosje q\u00eb kalojn\u00eb nga Gjykata Themelore n\u00eb Apel&#8230; Dhe gjith\u00e7ka t\u00eb ndodh\u00eb &#8220;sipas ligjit&#8221;, por t\u00eb gjith\u00eb e dim\u00eb q\u00eb \u00ebsht\u00eb sipas porosive t\u00eb fshehta.<\/span><\/p>\n<p><span style=\"font-weight: 400\">Dhe k\u00ebshtu, derisa t\u00eb ndodh\u00eb katastrofa e radh\u00ebs.<\/span><\/p>\n<p><span style=\"font-weight: 400\"><span class=\"dropcap color firstcharacter\">2<\/span> Kryeministri Hristijan Mickoskii e filloi konferenc\u00ebn e par\u00eb p\u00ebr shtyp pas tragjedis\u00eb n\u00eb Ko\u00e7an duke folur p\u00ebr ndjenjat e tij personale. Prandaj, tani \u00ebsht\u00eb krejt\u00ebsisht e pap\u00ebrshtatshme q\u00eb Qeveria t\u00eb na tregoj\u00eb se si duhet t\u00eb ndihemi, si duhet t\u00eb vajtojm\u00eb, n\u00ebse duhet t\u00eb protestojm\u00eb, si t\u00eb protestojm\u00eb dhe \u00e7far\u00eb pyetjesh duhet t\u00eb b\u00ebjm\u00eb\u2026 P\u00ebr zotin, vet\u00ebm disa dit\u00eb para zjarrit, vet\u00eb Mickoski ishte gati t\u00eb mobilizonte popullin p\u00ebr nj\u00eb marsh protestues kund\u00ebr pes\u00eb an\u00ebtar\u00ebve t\u00eb K\u00ebshillit Gjyq\u00ebsor, emrat e t\u00eb cil\u00ebve as q\u00eb i dim\u00eb, nd\u00ebrsa tani na arrijn\u00eb mesazhe se p\u00ebr 59 viktima dhe 200 t\u00eb plagosur &#8220;nuk \u00ebsht\u00eb koha p\u00ebr protesta&#8221;.<\/span><\/p>\n<p><span style=\"font-weight: 400\">Qeveria duhet t\u00eb mbahet n\u00ebn v\u00ebzhgim t\u00eb rrept\u00eb. Dhe duhet t\u00eb jet\u00eb mir\u00ebnjoh\u00ebse p\u00ebr k\u00ebt\u00eb, n\u00ebse d\u00ebshiron ta \u00e7oj\u00eb pun\u00ebn deri n\u00eb fund. Jo vet\u00ebm hetimin, por ndryshimin e t\u00eb gjith\u00eb sistemit t\u00eb korruptuar.<\/span><\/p>\n<p><span style=\"font-weight: 400\">Do t\u00eb isha i lumtur n\u00ebse pushteti, i cili ka nj\u00eb shumic\u00eb super t\u00eb q\u00ebndrueshme parlamentare, do ta p\u00ebrdorte fuqin\u00eb e tij p\u00ebr t\u00eb b\u00ebr\u00eb ndryshime rr\u00ebnj\u00ebsore p\u00ebr nj\u00eb qeverisje t\u00eb mir\u00eb. Por do t\u00eb isha thell\u00ebsisht i zhg\u00ebnjyer n\u00ebse ajo fuqi do t\u00eb p\u00ebrdorej p\u00ebr t\u00eb shuar protestat, p\u00ebr t\u00eb shtypur mendimin ndryshe dhe p\u00ebr t\u00eb kontrolluar informacionin. Nuk ka kaluar aq shum\u00eb koh\u00eb nga periudha kur gazetar\u00ebt etiketoheshin, kur rrath\u00eb t\u00eb kuq vizatoheshin mbi fotografit\u00eb e kund\u00ebrshtar\u00ebve politik\u00eb, kur b\u00ebheshin incizime t\u00eb fshehta dhe n\u00eb emisionet televizive nguleshin gjilp\u00ebra n\u00eb figurat e atyre q\u00eb kritikonin pushtetin e VMRO-DPMNE-s\u00eb n\u00eb koh\u00ebn e Nikolla Gruevskit.<\/span><\/p>\n<p><span style=\"font-weight: 400\">N\u00ebse ky VMRO-DPMNE vepron n\u00eb t\u00eb nj\u00ebjt\u00ebn m\u00ebnyr\u00eb, at\u00ebher\u00eb as k\u00ebt\u00eb m\u00ebsim nga Ko\u00e7ani nuk e ka nx\u00ebn\u00eb. Dhe k\u00ebto 59 viktima kan\u00eb humbur jet\u00ebn m\u00eb kot.<\/span><\/p>\n<p><span style=\"font-weight: 400\">N\u00eb k\u00ebt\u00eb moment, Qeveria ka nj\u00eb &#8220;carte blanche&#8221; n\u00ebse me t\u00eb v\u00ebrtet\u00eb d\u00ebshiron t\u00eb b\u00ebj\u00eb nj\u00eb ndryshim. Dhe ka nj\u00eb mund\u00ebsi t\u00eb art\u00eb p\u00ebr t\u00eb v\u00ebn\u00eb menj\u00ebher\u00eb gjith\u00e7ka n\u00eb rregull pa pasur nevoj\u00eb t\u00eb justifikohet para kriminel\u00ebve se p\u00ebrse po e b\u00ebn k\u00ebt\u00eb. N\u00ebse me t\u00eb v\u00ebrtet\u00eb d\u00ebshiron t\u00eb \u00e7lirohet nga pengmarrja 30-vje\u00e7are nga kriminel\u00ebt, tani \u00ebsht\u00eb momenti p\u00ebr t\u2019u th\u00ebn\u00eb: &#8220;Mjaft \u00ebsht\u00eb mjaft!&#8221;<\/span><\/p>\n<p><span style=\"font-weight: 400\"><span class=\"dropcap color firstcharacter\">3<\/span> N\u00eb fund t\u00eb fundit, dikush duhet ta kontrolloj\u00eb Qeverin\u00eb n\u00ebse k\u00ebt\u00eb nuk d\u00ebshiron ta b\u00ebj\u00eb Kuvendi. E deputet\u00ebt, me plot harmoni, i dhan\u00eb vetes dy jav\u00eb pushim. Jo vet\u00ebm q\u00eb e shmang\u00ebn seanc\u00ebn p\u00ebr pyetje parlamentare p\u00ebr t\u00eb mos u grindur mes vete, por edhe kryetari Afrim Gashi nuk i thirri deputet\u00ebt as p\u00ebr nj\u00eb seanc\u00eb p\u00ebrkujtimore. Do t\u00eb mblidheshin, do t\u00eb merrnin shpenzimet e udh\u00ebtimit dhe do t\u00eb heshtnin p\u00ebr nj\u00eb minut\u00eb. Jo vet\u00ebm nga respekti p\u00ebr viktimat, por edhe nga respekti p\u00ebr votuesit.<\/span><\/p>\n<p><span style=\"font-weight: 400\">Por deputet\u00ebt, shum\u00eb, shum\u00eb koh\u00eb m\u00eb par\u00eb kan\u00eb humbur respektin p\u00ebr ata q\u00eb i zgjedhin. Ata kan\u00eb respekt vet\u00ebm p\u00ebr lider\u00ebt partiak\u00eb q\u00eb i vendosin m\u00eb lart n\u00eb listat zgjedhore. N\u00eb vend q\u00eb t\u00eb jen\u00eb ata shefat e ministrave, pasi ata i zgjedhin, shef e kan\u00eb Qeverin\u00eb.<\/span><\/p>\n<p><span style=\"font-weight: 400\">Meq\u00eb deputet\u00ebt jan\u00eb vet\u00ebm sh\u00ebrb\u00ebtor\u00eb t\u00eb d\u00ebgjuesh\u00ebm t\u00eb partive, m\u00eb s\u00eb miri do t\u00eb ishte q\u00eb Kuvendi t\u00eb mblidhet vet\u00ebm kur zgjidhet Qeveria. Gjithsesi, ata vet\u00ebm formalisht i votojn\u00eb ligjet q\u00eb i propozon Qeveria dhe nuk pranojn\u00eb ligje t\u00eb propozuara nga opozita. Madje, edhe n\u00ebse nj\u00eb ligj i miratuar m\u00eb par\u00eb nuk i p\u00eblqen pushtetit aktual, deputet\u00ebt thjesht do t\u00eb miratojn\u00eb nj\u00eb interpretim autentik q\u00eb i p\u00ebrshtatet Qeveris\u00eb.<\/span><\/p>\n<p><span style=\"font-weight: 400\">Fakti q\u00eb Kuvendi nuk punon p\u00ebr dy jav\u00eb nuk \u00ebsht\u00eb ndonj\u00eb d\u00ebm i madh. M\u00eb shum\u00eb d\u00ebm b\u00ebjn\u00eb kur punojn\u00eb.<\/span><\/p>\n<p><span style=\"font-weight: 400\">M\u00eb kujtohet q\u00eb para dy-tre vitesh u lodh\u00ebm duke shkruar se Gjykata Kushtetuese nuk ishte e kompletuar. Thuhej se ishte nj\u00eb humbje e madhe q\u00eb shteti t\u00eb mos ket\u00eb Gjykat\u00eb Kushtetuese. Dhe n\u00eb fund, kur u kompletua gjykata, gj\u00ebja e par\u00eb q\u00eb b\u00ebn\u00eb gjyqtar\u00ebt kushtetues ishte \u2013 ta rrisnin pag\u00ebn e tyre dhe t\u00eb funksionar\u00ebve p\u00ebr 78 p\u00ebr qind.<\/span><\/p>\n<p><span style=\"font-weight: 400\">K\u00ebshtu q\u00eb, asnj\u00eb d\u00ebm i madh q\u00eb deputet\u00ebt kan\u00eb marr\u00eb dy jav\u00eb pushim. Ata gjithsesi nuk punojn\u00eb p\u00ebr interesin e qytetar\u00ebve. Vet\u00ebm p\u00ebr interesin e tyre punojn\u00eb. Dhe p\u00ebr k\u00ebt\u00eb as q\u00eb kan\u00eb nevoj\u00eb t\u00eb shkojn\u00eb n\u00eb pun\u00eb.<\/span><\/p>\n<p><span style=\"font-weight: 400\"><span class=\"dropcap color firstcharacter\">4<\/span> Duke lexuar njoftimet nga Kuvendi, me t\u00eb cilat u arsyetua pushimi dyjavor, mendova: A ka di\u00e7ka q\u00eb nuk \u00ebsht\u00eb n\u00eb rregull me ne, apo me ta? S\u00eb pari, harxhuan ca koh\u00eb p\u00ebr t\u00eb gjetur nj\u00eb justifikim pse nuk punojn\u00eb, pastaj edhe m\u00eb shum\u00eb koh\u00eb p\u00ebr t\u00eb na bindur se justifikimi i tyre \u00ebsht\u00eb i arsyesh\u00ebm.<\/span><\/p>\n<p><span style=\"font-weight: 400\">K\u00ebto jan\u00eb aktivitetet e Kuvendit p\u00ebr tragjedin\u00eb m\u00eb t\u00eb madhe n\u00eb vend:<\/span><\/p>\n<p><span style=\"font-weight: 400\">M\u00eb 17 mars, na than\u00eb se &#8220;kryetari i Kuvendit propozoi, dhe koordinator\u00ebt e t\u00eb gjitha grupeve parlamentare t\u00eb pranish\u00ebm nj\u00ebz\u00ebri miratuan p\u00ebrfundimin q\u00eb t\u00eb gjitha aktivitetet e planifikuara t\u00eb Kuvendit p\u00ebr k\u00ebt\u00eb jav\u00eb t\u00eb anulohen.&#8221;<\/span><\/p>\n<p><span style=\"font-weight: 400\">M\u00eb 24 mars, na njoftuan se &#8220;me konsensus u dakorduan, duke pasur parasysh ndjenjat e t\u00eb gjith\u00eb qytetar\u00ebve pas tragjedis\u00eb n\u00eb Ko\u00e7an, duke shprehur respekt p\u00ebr t\u00eb gjith\u00eb t\u00eb ndjer\u00ebt dhe duke shpresuar q\u00eb t\u00eb l\u00ebnduarit t\u00eb kthehen sa m\u00eb shpejt n\u00eb gjendje t\u00eb mir\u00eb sh\u00ebndet\u00ebsore, q\u00eb Kuvendi t\u00eb anuloj\u00eb t\u00eb gjitha aktivitetet e planifikuara p\u00ebr k\u00ebt\u00eb jav\u00eb pune, duke p\u00ebrfshir\u00eb edhe takimin me gazetar\u00ebt.&#8221;<\/span><\/p>\n<p><span style=\"font-weight: 400\">M\u00eb 25 mars, filluan t\u00eb na qortojn\u00eb \u2013 &#8220;Lidhur me informacionet e pasakta dhe akuzat e p\u00ebrhapura gjer\u00ebsisht p\u00ebr shtyrjen e pun\u00ebs s\u00eb Kuvendit jav\u00ebn e kaluar dhe k\u00ebt\u00eb jav\u00eb&#8221; \u2013 dhe k\u00ebmb\u00ebngul\u00ebn duke sqaruar se &#8220;shtyrja e p\u00ebrkohshme e aktiviteteve t\u00eb Kuvendit ishte nj\u00eb gjest respekti p\u00ebr tragjedin\u00eb n\u00eb Ko\u00e7an, ku humb\u00ebn jet\u00ebn t\u00eb rinj, dhe nj\u00eb shprehje solidariteti me familjet e viktimave dhe me t\u00eb gjith\u00eb qytetar\u00ebt e prekur nga kjo katastrof\u00eb,&#8221; dhe p\u00ebrs\u00ebrit\u00ebn se &#8220;ky vendim nuk \u00ebsht\u00eb rezultat i ndonj\u00eb vendimmarrjeje individuale apo t\u00eb nj\u00ebanshme politike, por \u00ebsht\u00eb pasqyrim i vullnetit t\u00eb p\u00ebrbashk\u00ebt institucional t\u00eb t\u00eb gjitha grupeve parlamentare p\u00ebr t\u00eb vepruar me ndjeshm\u00ebri n\u00eb nj\u00eb moment zie komb\u00ebtare.&#8221;<\/span><\/p>\n<p><span style=\"font-weight: 400\">Dhe m\u00eb 26 mars, edhe nj\u00eb her\u00eb na qortuan, duke th\u00ebn\u00eb se &#8220;\u00e7do deklarat\u00eb q\u00eb supozon se deputet\u00ebt po b\u00ebjn\u00eb pushim \u00ebsht\u00eb nj\u00eb d\u00ebm p\u00ebr reputacionin e Kuvendit dhe p\u00ebrfaq\u00ebsuesve t\u00eb popullit.&#8221;<\/span><\/p>\n<p><span style=\"font-weight: 400\">Pra, reputacioni i Kuvendit d\u00ebmtohet n\u00ebse pyet pse deputet\u00ebt po pushojn\u00eb, por nuk d\u00ebmtohet n\u00ebse ata nuk punojn\u00eb.<\/span><\/p>\n<p><span style=\"font-weight: 400\">\u00c7&#8217;\u00ebsht\u00eb e drejta, kishte nj\u00eb aktivitet q\u00eb e realizuan me sukses pa u grindur mes vete. N\u00eb Kuvend hap\u00ebn nj\u00eb lib\u00ebr ngush\u00ebllimesh.<\/span><\/p>\n\n<div style=\"font-size: 0px; height: 0px; line-height: 0px; margin: 0; padding: 0; clear: both;\"><\/div>","protected":false},"excerpt":{"rendered":"<p>Ja ku \u00ebsht\u00eb mund\u00ebsia p\u00ebr Qeverin\u00eb q\u00eb t\u00eb b\u00ebj\u00eb ndryshime rr\u00ebnj\u00ebsore n\u00eb sistem. Vet\u00ebm, t\u00eb mos pres\u00eb q\u00eb ta lavd\u00ebrojm\u00eb [&hellip;]<\/p>\n","protected":false},"author":25,"featured_media":0,"comment_status":"closed","ping_status":"closed","sticky":false,"template":"","format":"standard","meta":{"_mo_disable_npp":"no","inline_featured_image":false},"categories":[1825],"tags":[],"imageURL":false,"thumbURL":false,"categoryNames":["DUA T\u00cb THEM"],"feature_caption":"","subtitle":"N\u00eb k\u00ebt\u00eb moment, Qeveria ka \"carte blanche\" n\u00ebse v\u00ebrtet d\u00ebshiron t\u00eb b\u00ebj\u00eb ndryshime. Dhe ka mund\u00ebsin\u00eb t\u2019i v\u00ebr\u00eb gj\u00ebrat n\u00eb rregull menj\u00ebher\u00eb, pa pasur nevoj\u00eb t\u2019u jap\u00eb llogari kriminel\u00ebve pse po e b\u00ebn k\u00ebt\u00eb.","views":"51","source":"Shkup, SAKAMDAKAZAM.MK","yoast_head":"<!-- This site is optimized with the Yoast SEO Premium plugin v15.0 - https:\/\/yoast.com\/wordpress\/plugins\/seo\/ -->\n<title>MJAFT M\u00cb! - \u0421\u0430\u043a\u0430\u043c \u0414\u0430 \u041a\u0430\u0436\u0430\u043c<\/title>\n<meta name=\"robots\" content=\"index, follow, max-snippet:-1, max-image-preview:large, max-video-preview:-1\" \/>\n<link rel=\"canonical\" href=\"https:\/\/sdk.mk\/index.php\/dua-te-them\/mjaft-me\/\" \/>\n<meta property=\"og:locale\" content=\"mk_MK\" \/>\n<meta property=\"og:type\" content=\"article\" \/>\n<meta property=\"og:title\" content=\"MJAFT M\u00cb! - \u0421\u0430\u043a\u0430\u043c \u0414\u0430 \u041a\u0430\u0436\u0430\u043c\" \/>\n<meta property=\"og:description\" content=\"Ja ku \u00ebsht\u00eb mund\u00ebsia p\u00ebr Qeverin\u00eb q\u00eb t\u00eb b\u00ebj\u00eb ndryshime rr\u00ebnj\u00ebsore n\u00eb sistem. Vet\u00ebm, t\u00eb mos pres\u00eb q\u00eb ta lavd\u00ebrojm\u00eb [&hellip;]\" \/>\n<meta property=\"og:url\" content=\"https:\/\/sdk.mk\/index.php\/dua-te-them\/mjaft-me\/\" \/>\n<meta property=\"og:site_name\" content=\"\u0421\u0430\u043a\u0430\u043c \u0414\u0430 \u041a\u0430\u0436\u0430\u043c\" \/>\n<meta property=\"article:published_time\" content=\"2025-03-31T18:02:12+00:00\" \/>\n<meta property=\"og:image\" content=\"https:\/\/sdk.mk\/wp-content\/uploads\/2015\/12\/goran-mihailovski2.jpg\" \/>\n\t<meta property=\"og:image:width\" content=\"400\" \/>\n\t<meta property=\"og:image:height\" content=\"313\" \/>\n<meta property=\"fb:app_id\" content=\"2407985809428537\" \/>\n<meta name=\"twitter:card\" content=\"summary\" \/>\n<script type=\"application\/ld+json\" class=\"yoast-schema-graph\">{\"@context\":\"https:\/\/schema.org\",\"@graph\":[{\"@type\":\"WebSite\",\"@id\":\"https:\/\/sdk.mk\/#website\",\"url\":\"https:\/\/sdk.mk\/\",\"name\":\"\\u0421\\u0430\\u043a\\u0430\\u043c \\u0414\\u0430 \\u041a\\u0430\\u0436\\u0430\\u043c\",\"description\":\"\\u0417\\u0430 \\u0441\\u043b\\u043e\\u0431\\u043e\\u0434\\u043e\\u0443\\u043c\\u043d\\u0438\",\"potentialAction\":[{\"@type\":\"SearchAction\",\"target\":\"https:\/\/sdk.mk\/?s={search_term_string}\",\"query-input\":\"required name=search_term_string\"}],\"inLanguage\":\"mk-MK\"},{\"@type\":\"WebPage\",\"@id\":\"https:\/\/sdk.mk\/index.php\/dua-te-them\/mjaft-me\/#webpage\",\"url\":\"https:\/\/sdk.mk\/index.php\/dua-te-them\/mjaft-me\/\",\"name\":\"MJAFT M\\u00cb! - \\u0421\\u0430\\u043a\\u0430\\u043c \\u0414\\u0430 \\u041a\\u0430\\u0436\\u0430\\u043c\",\"isPartOf\":{\"@id\":\"https:\/\/sdk.mk\/#website\"},\"datePublished\":\"2025-03-31T18:02:12+00:00\",\"dateModified\":\"2025-03-31T18:02:12+00:00\",\"author\":{\"@id\":\"https:\/\/sdk.mk\/#\/schema\/person\/737021aeacbe893f7e2c347186c5c7a1\"},\"inLanguage\":\"mk-MK\",\"potentialAction\":[{\"@type\":\"ReadAction\",\"target\":[\"https:\/\/sdk.mk\/index.php\/dua-te-them\/mjaft-me\/\"]}]},{\"@type\":\"Person\",\"@id\":\"https:\/\/sdk.mk\/#\/schema\/person\/737021aeacbe893f7e2c347186c5c7a1\",\"name\":\"\\u0424\\u0458\\u043e\\u043b\\u0430 \\u0417\\u043b\\u0430\\u0442\\u043a\\u0443\"}]}<\/script>\n<!-- \/ Yoast SEO Premium plugin. -->","_links":{"self":[{"href":"https:\/\/sdk.mk\/index.php\/wp-json\/wp\/v2\/posts\/246212"}],"collection":[{"href":"https:\/\/sdk.mk\/index.php\/wp-json\/wp\/v2\/posts"}],"about":[{"href":"https:\/\/sdk.mk\/index.php\/wp-json\/wp\/v2\/types\/post"}],"author":[{"embeddable":true,"href":"https:\/\/sdk.mk\/index.php\/wp-json\/wp\/v2\/users\/25"}],"replies":[{"embeddable":true,"href":"https:\/\/sdk.mk\/index.php\/wp-json\/wp\/v2\/comments?post=246212"}],"version-history":[{"count":0,"href":"https:\/\/sdk.mk\/index.php\/wp-json\/wp\/v2\/posts\/246212\/revisions"}],"wp:attachment":[{"href":"https:\/\/sdk.mk\/index.php\/wp-json\/wp\/v2\/media?parent=246212"}],"wp:term":[{"taxonomy":"category","embeddable":true,"href":"https:\/\/sdk.mk\/index.php\/wp-json\/wp\/v2\/categories?post=246212"},{"taxonomy":"post_tag","embeddable":true,"href":"https:\/\/sdk.mk\/index.php\/wp-json\/wp\/v2\/tags?post=246212"}],"curies":[{"name":"wp","href":"https:\/\/api.w.org\/{rel}","templated":true}]}}