{"id":247683,"date":"2025-04-22T10:18:14","date_gmt":"2025-04-22T08:18:14","guid":{"rendered":"https:\/\/sdk.mk\/?p=247683"},"modified":"2025-04-22T10:18:14","modified_gmt":"2025-04-22T08:18:14","slug":"vrasje-nga-shteti","status":"publish","type":"post","link":"https:\/\/sdk.mk\/index.php\/dua-te-them\/vrasje-nga-shteti\/","title":{"rendered":"VRASJE NGA SHTETI"},"content":{"rendered":"<div class=\"f52428582a4b906b2d2e2a7d733c7d27\" data-index=\"7\" style=\"float: none; margin:10px 0 10px 0; text-align:center;\">\n<!-- MSP Ads Asynchronous JS Tag - Generated with Revive Adserver v5.4.1 -->\r\n<ins data-revive-zoneid=\"167\" data-revive-id=\"060fdb01f6430ec164d3519234aa4967\"><\/ins>\r\n<script async src=\"\/\/panel.ads.com.mk\/www\/delivery\/asyncjs.php\"><\/script>\n<\/div>\n<p class=\"\" data-start=\"284\" data-end=\"477\"><span class=\"dropcap color firstcharacter\">1<\/span> &#8220;Ky \u00ebsht\u00eb shteti. Nj\u00eb nd\u00ebrtim i madh pa licenc\u00eb. Dhe m\u00eb e frikshmja \u00ebsht\u00eb q\u00eb kjo nuk i pengon askujt. Edhe n\u00ebse na pengon, kujt t\u2019i ankohesh, kur nuk u pengon as atyre q\u00eb i paguajm\u00eb t\u00eb u pengoj\u00eb?&#8221;<\/p>\n<p class=\"\" data-start=\"479\" data-end=\"696\">Ky \u00ebsht\u00eb nj\u00eb n\u00ebntitull nga kolumna ime e botuar para tre vitesh, m\u00eb 15 prill 2022. Shkaku ishte vrasja e hendbollistit kroat Denis Tot para nj\u00eb diskoteke n\u00eb Shkup. Hetimi zbuloi q\u00eb klubi kishte funksionuar pa licenc\u00eb.<\/p>\n<p class=\"\" data-start=\"698\" data-end=\"868\">At\u00ebher\u00eb kishim nj\u00eb viktim\u00eb para nj\u00eb diskoteke q\u00eb nuk duhej t\u00eb punonte n\u00eb Shkup. Tre vite m\u00eb von\u00eb, kemi 62 viktima n\u00eb nj\u00eb diskotek\u00eb q\u00eb nuk duhej t\u00eb funksiononte n\u00eb Ko\u00e7ani.<\/p>\n<p class=\"\" data-start=\"870\" data-end=\"1254\">M\u00eb lejoni edhe nj\u00eb citat nga e nj\u00ebjta kolumn\u00eb e tri viteve m\u00eb par\u00eb:<br data-start=\"937\" data-end=\"940\" \/>&#8220;A beson dikush se do t\u00eb zbulohet shkaku i zjarrit n\u00eb rrethin e ish-fabrik\u00ebs s\u00eb mobilieve \u2018Treska\u2019 n\u00eb komun\u00ebn Qend\u00ebr n\u00eb Shkup? Edhe n\u00ebse ka hetim, edhe n\u00ebse zbulohet ndonj\u00eb shkak banal, a do t\u00eb besoj\u00eb dikush se zjarri nuk \u00ebsht\u00eb v\u00ebn\u00eb q\u00ebllimisht p\u00ebr t\u00eb ulur vler\u00ebn tregtare t\u00eb tok\u00ebs ku do t\u00eb nd\u00ebrtohen nd\u00ebrtesa?&#8221;<\/p>\n<p class=\"\" data-start=\"1256\" data-end=\"1547\">Tani, si t\u00eb kemi nj\u00eb amnezi kolektive, ish-ministri i Transportit dhe Lidhjeve Blagoj Bo\u00e7varski del n\u00eb TV dhe flet p\u00ebr hetimin e tragjedis\u00eb n\u00eb Ko\u00e7ani dhe k\u00ebrkon q\u00eb ministri i Brendsh\u00ebm Pan\u00e7e Toshkovski t\u00eb jap\u00eb dor\u00ebheqje. Edhe deputet\u00eb t\u00eb tjer\u00eb t\u00eb LSDM-s\u00eb kan\u00eb di\u00e7ka p\u00ebr t\u00eb th\u00ebn\u00eb p\u00ebr Ko\u00e7anin.<\/p>\n<p class=\"\" data-start=\"1549\" data-end=\"2224\">Si Bo\u00e7varski, ashtu edhe t\u00eb tjer\u00ebt nga LSDM-ja, t\u00eb pakt\u00ebn ata q\u00eb i kujtojm\u00eb si funksionar\u00eb, m\u00eb mir\u00eb t\u00eb heshtin. T\u00eb mos u d\u00ebgjohet z\u00ebri. E n\u00ebse kan\u00eb ndonj\u00eb nevoj\u00eb t\u00eb thon\u00eb di\u00e7ka, m\u00eb mir\u00eb t\u00eb k\u00ebrkojn\u00eb falje. T\u00eb k\u00ebrkojn\u00eb falje p\u00ebr t\u00eb gjitha krimet urbane q\u00eb b\u00ebn\u00eb me shitjen e tok\u00ebs shtet\u00ebrore, rregullimin e parcelave p\u00ebr p\u00ebrdhunimet urbanistike e arkitekturore n\u00eb t\u00eb gjith\u00eb vendin, p\u00ebr heshtjen dhe mbylljen e syve ndaj k\u00ebtyre veprave dhe p\u00ebr mosnd\u00ebshkimin e dhunuesve. T\u00eb k\u00ebrkojn\u00eb falje q\u00eb na g\u00ebnjyen se do ta ndalnin kaosin urban q\u00eb b\u00ebnte VMRO-DPMNE, se do t\u2019i nd\u00ebshkonin dhunuesit dhe do t\u2019i korrigjonin gabimet \u2013 e n\u00eb vend t\u00eb k\u00ebsaj, i forcuan edhe m\u00eb shum\u00eb dhe i inkurajuan.<\/p>\n<p class=\"\" data-start=\"2226\" data-end=\"3113\">Ajo q\u00eb na thon\u00eb tani LSDM dhe BDI nuk ka m\u00eb vler\u00eb, sepse tani i shohim pasojat e asaj q\u00eb kan\u00eb b\u00ebr\u00eb \u2013 apo nuk kan\u00eb b\u00ebr\u00eb \u2013 kur ishin n\u00eb pushtet. T\u00eb gjitha leht\u00ebsirat p\u00ebr bandit\u00ebt dhe t\u00eb gjitha v\u00ebshtir\u00ebsit\u00eb p\u00ebr qytetar\u00ebt. Duke filluar nga tarracat verore q\u00eb uzurpuan trotuaret dhe parqet, e deri te p\u00ebrbind\u00ebshat urbanistik\u00eb q\u00eb po e mbysin Shkupin pran\u00eb \u201cHoliday Inn\u201d, stacioni i vjet\u00ebr i trenit, komplekset e banesave n\u00eb fabrikat \u201cTreska\u201d dhe \u201cAlumina\u201d, rreth \u201cSpitalit 8 Shtatori\u201d, shkat\u00ebrrimi i lagjeve me sht\u00ebpi individuale q\u00eb u z\u00ebvend\u00ebsuan me nd\u00ebrtesa me nga 20 apartamente pa parkingje, pa garazhe, ku p\u00ebr shkak t\u00eb lakmis\u00eb nuk lan\u00eb as nj\u00eb hap\u00ebsir\u00eb q\u00eb f\u00ebmij\u00ebt t\u00eb ecin t\u00eb sigurt drejt shkoll\u00ebs, p\u00ebrve\u00e7 shkat\u00ebrrimit t\u00eb Ohrit dhe Strug\u00ebs me t\u00eb gjith\u00eb vij\u00ebn bregdetare, sfidimit t\u00eb UNESCO-s, zon\u00ebs s\u00eb mbrojtur Matka, betonizimit t\u00eb Parkut Komb\u00ebtar t\u00eb Mavrov\u00ebs, nd\u00ebrtimet pa leje n\u00eb Sharr&#8230;<\/p>\n<p class=\"\" data-start=\"3115\" data-end=\"3262\">Si\u00e7 tha Zaev n\u00eb Oh\u00ebr, 2019: &#8220;Nuk mund t\u00eb jet\u00eb \u2018Jo\u2019, do t\u00eb gjejm\u00eb m\u00ebnyr\u00eb q\u00eb t\u00eb jet\u00eb \u2018Po\u2019!&#8221; Dhe i miratoi normat e urbanizmit q\u00eb vlejn\u00eb edhe sot.<\/p>\n<p class=\"\" data-start=\"3264\" data-end=\"3343\">E ja ku jemi. U b\u00eb \u201cPo\u201d me 62 viktima. Dhe me Ko\u00e7anin \u2013 nj\u00eb qytet i t\u00ebr\u00eb n\u00eb zi.<\/p>\n<p class=\"\" data-start=\"3359\" data-end=\"3636\"><span class=\"dropcap color firstcharacter\">2 <\/span> Nuk \u00ebsht\u00eb se kemi heshtur dhe nuk kemi folur. Ja, edhe kolumna ime e kujton. Nj\u00eb mori \u00e7mimesh gazetareske jan\u00eb dh\u00ebn\u00eb pik\u00ebrisht p\u00ebr temat e nd\u00ebrtimit t\u00eb paligjsh\u00ebm dhe korrupsionit. Nj\u00eb mori protestash qytetare ndodh\u00ebn. Kot. Prisnin q\u00eb tema t\u00eb harrohej dhe vazhdonin si m\u00eb par\u00eb.<\/p>\n<p class=\"\" data-start=\"3638\" data-end=\"4401\">M\u00eb duket e pakuptimt\u00eb q\u00eb ish-ministrit t\u00eb Ekonomis\u00eb Kreshnik Bekteshi t\u2019i zgjatet paraburgimi sepse \u201cnga Shkupi e ka ditur \u00e7far\u00eb ndodhte n\u00eb Ko\u00e7ani\u201d, nd\u00ebrsa kryetari i Ko\u00e7anit, Ljup\u00e7o Papazov, t\u00eb mbahet n\u00eb arrest sht\u00ebpiak sepse \u201cnuk ka ditur \u00e7far\u00eb po ndodhte n\u00eb qytetin e tij\u201d. Por nga ana tjet\u00ebr, \u00ebsht\u00eb krejt logjike q\u00eb hetimi t\u00eb shkoj\u00eb mbrapa n\u00eb vitin 2012, kur diskoteka nisi t\u00eb punonte n\u00eb nj\u00eb nd\u00ebrtes\u00eb q\u00eb ishte e regjistruar si depo p\u00ebr qilima. T\u00eb pakt\u00ebn, ndoshta fakti q\u00eb tani jan\u00eb n\u00ebn hetim ish-ministra, kryetar\u00eb komunash, drejtor\u00eb, inspektor\u00eb, zyrtar\u00eb shtet\u00ebror\u00eb dhe polic\u00eb, do t\u00eb jet\u00eb m\u00ebsim p\u00ebr ata q\u00eb jan\u00eb tani n\u00eb pushtet \u2013 q\u00eb edhe ata mund t\u00eb p\u00ebrfundojn\u00eb n\u00eb burg pas 10-12 vitesh n\u00ebse vazhdojn\u00eb t\u00eb tolerojn\u00eb dhunuesit, n\u00ebse nuk jan\u00eb tashm\u00eb pjes\u00eb e tyre.<\/p>\n<p class=\"\" data-start=\"4403\" data-end=\"4672\">Sepse edhe tani, nd\u00ebrsa hetimi n\u00eb Ko\u00e7ani vazhdon dhe inspektimet intensifikohen, p\u00ebrs\u00ebri nd\u00ebrtohen tarraca pa leje, ngrihen kate, mbyllen hapsira t\u00eb p\u00ebrbashk\u00ebta, jepen leje p\u00ebr ndryshim destinimi, hapen biznese n\u00eb nd\u00ebrtesa pa leje p\u00ebrdorimi dhe pa dokumente pron\u00ebsie&#8230;<\/p>\n<p class=\"\" data-start=\"4674\" data-end=\"5041\">Dhe nuk \u00ebsht\u00eb vet\u00ebm \u00e7\u00ebshtje e planifikimeve urbanistike apo t\u00eb ardhurave komunale nga taksat. Po rrug\u00ebt? Ku do t\u00eb ecin banor\u00ebt e rinj? Ku jan\u00eb parkingjet? Shkollat? Kopshtet? Ambulancat? Qasja n\u00eb nd\u00ebrtesa dhe dyqane? P\u00ebr parqe s\u2019po flasim m\u00eb \u2013 t\u00eb pakt\u00ebn t\u00eb dalim gjall\u00eb. As Ndihma e Shpejt\u00eb nuk do mund t\u00eb t\u00eb shp\u00ebtoj\u00eb, as Zjarrfik\u00ebsja nuk do arrij\u00eb t\u00eb shuaj\u00eb zjarrin.<\/p>\n<p class=\"\" data-start=\"5043\" data-end=\"5228\">Kjo m\u00eb tremb. Q\u00eb edhe k\u00ebto 62 viktima do t\u00eb jen\u00eb t\u00eb kota. Q\u00eb do t\u00eb nis\u00eb nj\u00eb proces gjyq\u00ebsor i madh p\u00ebr Ko\u00e7anin, q\u00eb do t\u00eb zvarritet me vite dhe n\u00eb fund gjith\u00e7ka do t\u00eb mbetet si\u00e7 ka qen\u00eb.<\/p>\n<p class=\"\" data-start=\"5377\" data-end=\"5561\"><span class=\"dropcap color firstcharacter\">3<\/span>Nj\u00eb pacient 57-vje\u00e7ar ka nd\u00ebrruar jet\u00eb sepse n\u00eb Klinik\u00ebn Shtet\u00ebrore t\u00eb Kardiokirurgjis\u00eb, mjek\u00ebt nuk mund\u00ebn ta operonin urgjentisht. Ministri i Sh\u00ebndet\u00ebsis\u00eb Arben Taravari tha se mjek\u00ebt vendos\u00ebn t\u00eb mos e operojn\u00eb. Pse? Sepse nuk kishin ku as me \u00e7far\u00eb ta operonin. Salla nuk punon \u2013 po rinovohet. Nuk kishin as stent\u00eb.<\/p>\n<p class=\"\" data-start=\"5563\" data-end=\"5845\">Pra, n\u00ebse tani ju \u00e7ahet aorta e zemr\u00ebs dhe shkoni n\u00eb Kardiokirurgjin\u00eb shtet\u00ebrore, mjeku \u2013 q\u00eb e paguani me parat\u00eb q\u00eb shteti ua merr \u00e7do muaj nga paga p\u00ebr sigurimin sh\u00ebndet\u00ebsor \u2013 do t\u2019ju thot\u00eb se nuk mund t\u2019ju ndihmoj\u00eb sepse shteti nuk i ka dh\u00ebn\u00eb as sall\u00eb, as materiale p\u00ebr t\u00eb punuar.<\/p>\n<p class=\"\" data-start=\"5847\" data-end=\"5885\">A nuk \u00ebsht\u00eb kjo vrasje nga shteti?<\/p>\n<p class=\"\" data-start=\"5887\" data-end=\"6101\">N\u00ebse Kardiokirurgjia shtet\u00ebrore nuk ka sall\u00eb dhe materiale p\u00ebr operacione, pse nuk e shnd\u00ebrrojn\u00eb n\u00eb nj\u00eb qend\u00ebr rehabilitimi? N\u00ebse nuk mund t\u00eb t\u00eb shp\u00ebtoj\u00eb n\u00eb nj\u00eb gjendje k\u00ebrc\u00ebnuese p\u00ebr jet\u00ebn, kush do t\u00eb t\u00eb shp\u00ebtoj\u00eb?<\/p>\n<p class=\"\" data-start=\"6103\" data-end=\"6522\">Vdekja e 62 t\u00eb rinjve n\u00eb Ko\u00e7ani, prej tyre 6 f\u00ebmij\u00eb, \u00ebsht\u00eb vrasje nga korrupsioni. Por, a nuk \u00ebsht\u00eb edhe vrasje nga korrupsioni vdekja e k\u00ebtij 57-vje\u00e7ari n\u00eb Shkup? Dhe s\u2019besoj se \u00ebsht\u00eb i vetmi. N\u00ebse n\u00eb nj\u00eb gjendje jetike nuk pranojn\u00eb t\u00eb t\u00eb trajtojn\u00eb n\u00eb nj\u00eb spital shtet\u00ebror dhe t\u00eb thon\u00eb se p\u00ebr t\u00eb mbijetuar duhet t\u00eb shkosh n\u00eb nj\u00eb klinik\u00eb private e t\u00eb paguash 1000 euro nata n\u00eb terapi intensive \u2013 p\u00ebr \u00e7far\u00eb po flasim m\u00eb?<\/p>\n<p class=\"\" data-start=\"6524\" data-end=\"6670\">S\u2019ka ila\u00e7e, s\u2019ka materiale, s\u2019punon mamografi, s\u2019punon kompjuteri, s\u2019punon salla, s\u2019ka film p\u00ebr r\u00ebntgen, s\u2019punojn\u00eb ashensor\u00ebt, tenderi u anulua&#8230;<\/p>\n<p>P\u00ebrfundimisht, le ta b\u00ebjm\u00eb nj\u00ebher\u00eb me z\u00eb k\u00ebt\u00eb pyetje:<\/p>\n<p>A \u00ebsht\u00eb kjo nj\u00eb vrasje shtet\u00ebrore kur pushteti t\u00eb pamund\u00ebson t\u00eb sh\u00ebroshesh n\u00eb kapacitetet publike sh\u00ebndet\u00ebsore, duke ua l\u00ebn\u00eb pasurin\u00eb spitaleve private?<\/p>\n\n<div style=\"font-size: 0px; height: 0px; line-height: 0px; margin: 0; padding: 0; clear: both;\"><\/div>","protected":false},"excerpt":{"rendered":"<p>&#8220;Ky \u00ebsht\u00eb shteti. Nj\u00eb nd\u00ebrtim i madh pa licenc\u00eb. Dhe m\u00eb e frikshmja \u00ebsht\u00eb q\u00eb kjo nuk i pengon askujt. [&hellip;]<\/p>\n","protected":false},"author":25,"featured_media":0,"comment_status":"closed","ping_status":"closed","sticky":false,"template":"","format":"standard","meta":{"_mo_disable_npp":"no","inline_featured_image":false},"categories":[1825],"tags":[],"imageURL":false,"thumbURL":false,"categoryNames":["DUA T\u00cb THEM"],"feature_caption":"","subtitle":"A \u00ebsht\u00eb kjo nj\u00eb vrasje shtet\u00ebrore kur pushteti t\u00eb pamund\u00ebson t\u00eb sh\u00ebroshesh n\u00eb kapacitetet publike sh\u00ebndet\u00ebsore, duke ua l\u00ebn\u00eb pasurin\u00eb spitaleve private?","views":"46","source":"Shkup, SAKAMDAKAZAM.MK","yoast_head":"<!-- This site is optimized with the Yoast SEO Premium plugin v15.0 - https:\/\/yoast.com\/wordpress\/plugins\/seo\/ -->\n<title>VRASJE NGA SHTETI - \u0421\u0430\u043a\u0430\u043c \u0414\u0430 \u041a\u0430\u0436\u0430\u043c<\/title>\n<meta name=\"robots\" content=\"index, follow, max-snippet:-1, max-image-preview:large, max-video-preview:-1\" \/>\n<link rel=\"canonical\" href=\"https:\/\/sdk.mk\/index.php\/dua-te-them\/vrasje-nga-shteti\/\" \/>\n<meta property=\"og:locale\" content=\"mk_MK\" \/>\n<meta property=\"og:type\" content=\"article\" \/>\n<meta property=\"og:title\" content=\"VRASJE NGA SHTETI - \u0421\u0430\u043a\u0430\u043c \u0414\u0430 \u041a\u0430\u0436\u0430\u043c\" \/>\n<meta property=\"og:description\" content=\"&#8220;Ky \u00ebsht\u00eb shteti. Nj\u00eb nd\u00ebrtim i madh pa licenc\u00eb. Dhe m\u00eb e frikshmja \u00ebsht\u00eb q\u00eb kjo nuk i pengon askujt. [&hellip;]\" \/>\n<meta property=\"og:url\" content=\"https:\/\/sdk.mk\/index.php\/dua-te-them\/vrasje-nga-shteti\/\" \/>\n<meta property=\"og:site_name\" content=\"\u0421\u0430\u043a\u0430\u043c \u0414\u0430 \u041a\u0430\u0436\u0430\u043c\" \/>\n<meta property=\"article:published_time\" content=\"2025-04-22T08:18:14+00:00\" \/>\n<meta property=\"og:image\" content=\"https:\/\/sdk.mk\/wp-content\/uploads\/2015\/12\/goran-mihailovski2.jpg\" \/>\n\t<meta property=\"og:image:width\" content=\"400\" \/>\n\t<meta property=\"og:image:height\" content=\"313\" \/>\n<meta property=\"fb:app_id\" content=\"2407985809428537\" \/>\n<meta name=\"twitter:card\" content=\"summary\" \/>\n<script type=\"application\/ld+json\" class=\"yoast-schema-graph\">{\"@context\":\"https:\/\/schema.org\",\"@graph\":[{\"@type\":\"WebSite\",\"@id\":\"https:\/\/sdk.mk\/#website\",\"url\":\"https:\/\/sdk.mk\/\",\"name\":\"\\u0421\\u0430\\u043a\\u0430\\u043c \\u0414\\u0430 \\u041a\\u0430\\u0436\\u0430\\u043c\",\"description\":\"\\u0417\\u0430 \\u0441\\u043b\\u043e\\u0431\\u043e\\u0434\\u043e\\u0443\\u043c\\u043d\\u0438\",\"potentialAction\":[{\"@type\":\"SearchAction\",\"target\":\"https:\/\/sdk.mk\/?s={search_term_string}\",\"query-input\":\"required name=search_term_string\"}],\"inLanguage\":\"mk-MK\"},{\"@type\":\"WebPage\",\"@id\":\"https:\/\/sdk.mk\/index.php\/dua-te-them\/vrasje-nga-shteti\/#webpage\",\"url\":\"https:\/\/sdk.mk\/index.php\/dua-te-them\/vrasje-nga-shteti\/\",\"name\":\"VRASJE NGA SHTETI - \\u0421\\u0430\\u043a\\u0430\\u043c \\u0414\\u0430 \\u041a\\u0430\\u0436\\u0430\\u043c\",\"isPartOf\":{\"@id\":\"https:\/\/sdk.mk\/#website\"},\"datePublished\":\"2025-04-22T08:18:14+00:00\",\"dateModified\":\"2025-04-22T08:18:14+00:00\",\"author\":{\"@id\":\"https:\/\/sdk.mk\/#\/schema\/person\/737021aeacbe893f7e2c347186c5c7a1\"},\"inLanguage\":\"mk-MK\",\"potentialAction\":[{\"@type\":\"ReadAction\",\"target\":[\"https:\/\/sdk.mk\/index.php\/dua-te-them\/vrasje-nga-shteti\/\"]}]},{\"@type\":\"Person\",\"@id\":\"https:\/\/sdk.mk\/#\/schema\/person\/737021aeacbe893f7e2c347186c5c7a1\",\"name\":\"\\u0424\\u0458\\u043e\\u043b\\u0430 \\u0417\\u043b\\u0430\\u0442\\u043a\\u0443\"}]}<\/script>\n<!-- \/ Yoast SEO Premium plugin. -->","_links":{"self":[{"href":"https:\/\/sdk.mk\/index.php\/wp-json\/wp\/v2\/posts\/247683"}],"collection":[{"href":"https:\/\/sdk.mk\/index.php\/wp-json\/wp\/v2\/posts"}],"about":[{"href":"https:\/\/sdk.mk\/index.php\/wp-json\/wp\/v2\/types\/post"}],"author":[{"embeddable":true,"href":"https:\/\/sdk.mk\/index.php\/wp-json\/wp\/v2\/users\/25"}],"replies":[{"embeddable":true,"href":"https:\/\/sdk.mk\/index.php\/wp-json\/wp\/v2\/comments?post=247683"}],"version-history":[{"count":0,"href":"https:\/\/sdk.mk\/index.php\/wp-json\/wp\/v2\/posts\/247683\/revisions"}],"wp:attachment":[{"href":"https:\/\/sdk.mk\/index.php\/wp-json\/wp\/v2\/media?parent=247683"}],"wp:term":[{"taxonomy":"category","embeddable":true,"href":"https:\/\/sdk.mk\/index.php\/wp-json\/wp\/v2\/categories?post=247683"},{"taxonomy":"post_tag","embeddable":true,"href":"https:\/\/sdk.mk\/index.php\/wp-json\/wp\/v2\/tags?post=247683"}],"curies":[{"name":"wp","href":"https:\/\/api.w.org\/{rel}","templated":true}]}}