{"id":25069,"date":"2017-02-25T20:26:44","date_gmt":"2017-02-25T19:26:44","guid":{"rendered":"http:\/\/sdk.mk\/\/?p=25069"},"modified":"2017-02-25T20:28:22","modified_gmt":"2017-02-25T19:28:22","slug":"kesh-analiza-2","status":"publish","type":"post","link":"https:\/\/sdk.mk\/index.php\/dua-te-them\/kesh-analiza-2\/","title":{"rendered":"KESH ANALIZA"},"content":{"rendered":"<div class=\"f52428582a4b906b2d2e2a7d733c7d27\" data-index=\"7\" style=\"float: none; margin:10px 0 10px 0; text-align:center;\">\n<!-- MSP Ads Asynchronous JS Tag - Generated with Revive Adserver v5.4.1 -->\r\n<ins data-revive-zoneid=\"167\" data-revive-id=\"060fdb01f6430ec164d3519234aa4967\"><\/ins>\r\n<script async src=\"\/\/panel.ads.com.mk\/www\/delivery\/asyncjs.php\"><\/script>\n<\/div>\n<p><span class=\"dropcap dropcap3\">1<\/span>Shfryt\u00ebzuesit e Kuzhin\u00ebs popullore n\u00eb Kumanov\u00eb dhe Staro Nagori\u00e7an\u00eb kan\u00eb mbetur pa shujt\u00ebn e tyre t\u00eb p\u00ebrditshme, sepse Qendra p\u00ebr Pun\u00eb Sociale nuk ka lidhur marr\u00ebveshjen me kompanin\u00eb q\u00eb gatuan ushqimin. Ata thon\u00eb se kontrata e vjet\u00ebr ka skaduar dhe se nuk \u00ebsht\u00eb firmosur kontrata e re p\u00ebr shkak t\u00eb gjendjes n\u00eb vend. Fillimisht kan\u00eb ndryshuar ministrat, e tani nuk ka Qeveri. Dhe nuk ka se kush t\u00eb firmos.<\/p>\n<p>E pra, her\u00ebn tjet\u00ebr kur t\u2019i prisni me padurim lajmet nga Re\u00e7ica e Vog\u00ebl, kujtoni k\u00ebt\u00eb rast. Dhe kur t\u00eb orvateni seriozisht t\u2019i analizoni l\u00ebvizjet e BDI-s\u00eb si mendim politik ose taktik\u00eb, s\u00ebrish kujtoni k\u00ebt\u00eb histori. Fort i b\u00ebhet von\u00eb BDI-s\u00eb p\u00ebr kuzhin\u00ebn popullore n\u00eb Kumanov\u00eb. Ata mendojn\u00eb vet\u00ebm se si t\u00eb shp\u00ebtojn\u00eb l\u00ebkur\u00ebn. S\u2019u b\u00ebhet vona atyre as p\u00ebr P\u00ebrzhin\u00ebn, Priben\u00eb, BE-n\u00eb, NATO. Ata e kan\u00eb hallin e vet\u00ebm se si t\u2019i shmangen burgut. Madje s\u2019u b\u00ebhet von\u00eb as p\u00ebr dygjuh\u00ebsin\u00eb. Ata shohin vet\u00ebm se si ta zgjasin sa m\u00eb shum\u00eb marr\u00ebveshjen me VMRO-DPMNE.<\/p>\n<p>N\u00eb t\u00eb v\u00ebrtet\u00eb, Ali Ahmeti, tre muajve t\u00eb fundit, pas debaklit n\u00eb zgjedhje, b\u00ebn t\u00eb nj\u00ebjt\u00ebn gj\u00eb q\u00eb b\u00ebn qe dy vjet q\u00eb kur shp\u00ebrthyen bombat, partner i tij prej tet\u00eb vitesh, Nikolla Gruevski. Blen koh\u00eb. Dhe vet\u00ebm sheh se si ta shp\u00ebtoj\u00eb partin\u00eb. \u00c7do t\u00eb ishte Ahmeti dhe ata rreth tij pa partin\u00eb?<br \/>\nPra \u00e7do p\u00ebrpjekje seancat n\u00eb Re\u00e7ic\u00eb t\u00eb vog\u00ebl t\u00eb interpretohen si reflektim i arsyesh\u00ebm \u00ebsht\u00eb e pakuptimt\u00eb. Ata nuk punojn\u00eb me arsye. Ata veprojn\u00eb duke ndjekur instinktin e mbijetes\u00ebs. Sepse, \u00e7do dit\u00eb plus \u00ebsht\u00eb n\u00eb favor t\u00eb Ahmetit. Gj\u00eb q\u00eb i konvenon edhe Gruevskit. N\u00eb kuptimin e v\u00ebrtet\u00eb t\u00eb fjal\u00ebs. Nuk llogariten k\u00ebtu vet\u00ebm dit\u00ebt e kaluara n\u00eb pushtet. B\u00ebhet fjal\u00eb p\u00ebr para.<br \/>\nP\u00ebr k\u00ebt\u00eb arsye Ahmetit i nevojitet shum\u00eb koh\u00eb p\u00ebr t\u00eb analizuar p\u00ebr p\u00ebrb\u00ebrjen e qeveris\u00eb. Sepse nuk i del koha p\u00ebr t\u00eb nxjerr\u00eb para.<br \/>\nUn\u00eb nuk e di pse ia z\u00ebm\u00eb BDI-s\u00eb p\u00ebr t\u00eb madhe q\u00eb mban peng Maqedonin\u00eb. Duhet me vetveten t\u00eb zem\u00ebrohemi. Q\u00eb e soll\u00ebm veten n\u00eb situate q\u00eb t\u00eb na varet jeta nga syri i dyt\u00eb i qeveris\u00eb s\u00eb korruptuar. Dhe kur her\u00ebn tjet\u00ebr t\u00eb thoni \u201cNuk m\u00eb intereson politika\u201d, kujtohuni se kush iu t\u00ebrheq zvarr\u00eb qe tre muaj pas zgjedhjeve. Dhe kush iu shantazhon qe 13 vjet.<br \/>\n<span class=\"dropcap dropcap3\">2<\/span>Pas titujve dramatik\u00eb dhe bombastik\u00eb nga Re\u00e7ica e Vog\u00ebl \u2013 \u201cBDI analizon n\u00ebse do t\u00eb reflektoj\u00eb q\u00eb t\u00eb sjell\u00eb vendime t\u00eb cilin do vendos\u00eb a do t\u00eb vendos\u00eb\u201d \u2013 realiteti i Kuzhin\u00ebs s\u00eb Kumanov\u00ebs fshihet: \u201cNjer\u00ebzit kan\u00eb uri. Nuk kan\u00eb asgj\u00eb p\u00ebr t\u00eb ngr\u00ebn\u00eb. Ata m\u00eb t\u00eb rinjt\u00eb mund t\u00eb l\u00ebvizin dhe t\u00eb k\u00ebrkojn\u00eb n\u00eb kontejner\u00ebt e plehrave. T\u00eb moshuarit thjesht q\u00ebndrojn\u00eb n\u00eb sht\u00ebpi t\u00eb kapluar nga uria. Nuk e dim\u00eb se si \u00ebsht\u00eb puna, nga Qendra e pun\u00ebve sociale na thon\u00eb se nuk do t\u00eb ket\u00eb ushqim pa u formuar Qeveria\u201d, deklaroi nj\u00eb nga shfryt\u00ebzuesit e ushqimit falas.<\/p>\n<p>Fakti q\u00eb Kumanova ka koh\u00eb q\u00eb \u00ebsht\u00eb dygjuh\u00ebsore nuk ndihmon q\u00eb t\u00eb rihapet kuzhina. Por r\u00ebnd\u00ebsi jetike ka fakti se q\u00eb tani edhe vulat do t\u00eb jen\u00eb n\u00eb dy gjuh\u00eb. Dhe mungesa e ushqimit do t\u00eb v\u00ebrtetohet me nj\u00eb vul\u00eb t\u00eb k\u00ebtill\u00eb. N\u00ebse do vdes\u00ebsh i uritur, s\u00eb paku vdis dygjuh\u00ebsisht.<\/p>\n<p><span class=\"dropcap dropcap3\">3<\/span>Kund\u00ebr kujt proteston VMRO-DPMNE? Kund\u00ebr faktit se Gruevski nuk ia doli t\u00eb formonte qeverin\u00eb?. Pra, protestojn\u00eb kund\u00ebr d\u00ebshtimit t\u00eb tyre.<\/p>\n<p><span class=\"dropcap dropcap3\">4<\/span>Dhe nd\u00ebrsa Ahmeti na i merr mendt\u00eb me analizat p\u00ebr reflektim, partneri i tij Gruevski p\u00ebrforcon bastionin e tij t\u00eb mosnd\u00ebshkimit. N\u00eb Gjykat\u00ebn Penale n\u00eb Shkup, ku p\u00ebrfundojn\u00eb rastet e Prokuroris\u00eb Speciale Publike, gjyqtar\u00ebt t\u00eb cil\u00ebt deri tani pengonin hetimet e PSP-s\u00eb jan\u00eb avancuar n\u00eb detyr\u00eb, nd\u00ebrsa ata t\u00eb cil\u00ebt kishin l\u00ebshuar urdhra sipas k\u00ebrkesave t\u00eb PSP-s\u00eb jan\u00eb z\u00ebvend\u00ebsuar. \u00c7ka se Gruevski nuk formon qeverin\u00eb kur defterin e ka ende t\u00eb vlefsh\u00ebm. Mandatin e ktheu, Qeverin\u00eb nuk arriti ta formoj\u00eb, pro gruevizmin e barrikadoi n\u00eb gjyq\u00ebsorin.<\/p>\n<p><span class=\"dropcap dropcap3\">5<\/span>Nd\u00ebrsa p\u00ebr kryetarin e K\u00ebshillit Gjyq\u00ebsor, gazetar\u00ebt kan\u00eb faj p\u00ebr m\u00ebnyr\u00ebn se si kishin raportuar lidhur me ndryshimet n\u00eb gjykat\u00eb t\u00eb lidhura me rastet e PSP-s\u00eb. Madje edhe na rr\u00ebfente bro\u00e7kulla p\u00ebr t\u00eb ashtuquajturit gazetare. Dy gjykatat m\u00eb t\u00eb r\u00ebnd\u00ebsishme punojn\u00eb pa kryetar t\u00eb em\u00ebruar \u2013 Gjykata Supreme dhe ajo Penale n\u00eb Shkup. Ish-kryetari dhe s\u00ebrish kandidat p\u00ebr kryetar t\u00eb ri humbi rastin p\u00ebr nd\u00ebrtim t\u00eb paligjsh\u00ebm n\u00eb qendr\u00ebn e Shkupit. Kund\u00ebr 13 gjyqtar\u00ebve q\u00eb kishin firmosur peticion kund\u00ebr tij ka dor\u00ebzuar peticion p\u00ebr shkarkimin e tyre. E ngarkuara me detyr\u00ebn Kryetar, Tatjana Mihajllova i ka hequr kund\u00ebrshtar\u00ebt e Pan\u00e7evskit nga rastet q\u00eb kan\u00eb t\u00eb b\u00ebjn\u00eb me PSP-n\u00eb. T\u00eb pun\u00ebsuarit kan\u00eb paditur ish kryetarin p\u00ebr mobing. Gjyqtar\u00eb padisin penalisht nj\u00ebri tjetrin. Nd\u00ebrsa Kryetari i K\u00ebshillit Gjyq\u00ebsor e sheh t\u00eb udh\u00ebs t\u2019iu tregoj\u00eb gazetar\u00ebve se si t\u00eb shkruajn\u00eb. Sepse ata kinse raportojn\u00eb n\u00eb m\u00ebnyr\u00eb teatrale. Vall\u00eb tragjedi e vog\u00ebl \u00ebsht\u00eb ajo q\u00eb po i ndodh gjyq\u00ebsorit n\u00eb Maqedoni.<\/p>\n<p>N\u00eb fund t\u00eb fundit, kemi d\u00ebgjuar Gordana Jankullovsk\u00ebn n\u00eb bisedat e p\u00ebrgjuara me Trajko Veljanovskin se kryetar\u00ebt e K\u00ebshillit gjyq\u00ebsor nuk i kan\u00eb zgjedhur p\u00ebr bukurin\u00eb e tyre. \u00cbsht\u00eb e v\u00ebrtet\u00eb se aty nuk flitet p\u00ebr Karaxhovskin por p\u00ebr Branko Ushkovskin. Shijet nuk diskutohen. Sepse n\u00eb fund t\u00eb fundit \u00ebsht\u00eb e v\u00ebrtet\u00eb se K\u00ebshillin Gjyq\u00ebsor nuk e kan\u00eb zgjedhur sipas bukuris\u00eb. E kan\u00eb zgjedhur sipas Komiteteve komunale.<\/p>\n<p><span class=\"dropcap dropcap3\">6<\/span>Gruevski u k\u00ebrc\u00ebnua se do t\u00eb ket\u00eb trazira n\u00ebse LSDM dhe BDI formojn\u00eb Qeveri. Nd\u00ebrsa KOM-i k\u00ebrkoi regjistrim t\u00eb popullat\u00ebs. \u00cbsht\u00eb koha q\u00eb prift\u00ebrinjt\u00eb t\u2019i num\u00ebrojn\u00eb xhipet e tyre. \u00cbsht\u00eb koha t\u00eb fillojn\u00eb t\u00eb paguajn\u00eb edhe tatimet, por ja le t\u00eb b\u00ebjn\u00eb regjistrimin e mallit nj\u00ebher\u00eb. Le t\u00eb vlej\u00eb e nj\u00ebjta edhe p\u00ebr Bashk\u00ebsin\u00eb Fetare Islame (BFI). Q\u00eb mos t\u00eb ket\u00eb majorizim t\u00eb KOM-it, dhe defaktorizim t\u00eb BFI-s\u00eb.<\/p>\n<p>KOM k\u00ebrkoi nga politikan\u00ebt t\u2019i respektojn\u00eb urdh\u00ebrimet e Per\u00ebndis\u00eb. Mos vjedhin dhe mos g\u00ebnjejn\u00eb.<br \/>\nDhe mos t\u00eb d\u00ebgjojn\u00eb bombat. Se aty do d\u00ebgjojn\u00eb p\u00ebr shum\u00eb m\u00ebkate.<\/p>\n<p>P\u00ebrktheu: Fjolla Zllatku<\/p>\n\n<div style=\"font-size: 0px; height: 0px; line-height: 0px; margin: 0; padding: 0; clear: both;\"><\/div>","protected":false},"excerpt":{"rendered":"<p>1Shfryt\u00ebzuesit e Kuzhin\u00ebs popullore n\u00eb Kumanov\u00eb dhe Staro Nagori\u00e7an\u00eb kan\u00eb mbetur pa shujt\u00ebn e tyre t\u00eb p\u00ebrditshme, sepse Qendra p\u00ebr [&hellip;]<\/p>\n","protected":false},"author":9,"featured_media":0,"comment_status":"closed","ping_status":"closed","sticky":false,"template":"","format":"standard","meta":{"_mo_disable_npp":"","inline_featured_image":false},"categories":[1825],"tags":[],"imageURL":false,"thumbURL":false,"categoryNames":["DUA T\u00cb THEM"],"feature_caption":"","subtitle":"a:1:{s:11:\"td_subtitle\";s:53:\"N\u00ebsevdes\u00ebshiuritur,s\u00ebpakuvdisdygjuh\u00ebsisht","views":"2926","source":"","yoast_head":"<!-- This site is optimized with the Yoast SEO Premium plugin v15.0 - https:\/\/yoast.com\/wordpress\/plugins\/seo\/ -->\n<title>KESH ANALIZA - \u0421\u0430\u043a\u0430\u043c \u0414\u0430 \u041a\u0430\u0436\u0430\u043c<\/title>\n<meta name=\"robots\" content=\"index, follow, max-snippet:-1, max-image-preview:large, max-video-preview:-1\" \/>\n<link rel=\"canonical\" href=\"https:\/\/sdk.mk\/index.php\/dua-te-them\/kesh-analiza-2\/\" \/>\n<meta property=\"og:locale\" content=\"mk_MK\" \/>\n<meta property=\"og:type\" content=\"article\" \/>\n<meta property=\"og:title\" content=\"KESH ANALIZA - \u0421\u0430\u043a\u0430\u043c \u0414\u0430 \u041a\u0430\u0436\u0430\u043c\" \/>\n<meta property=\"og:description\" content=\"1Shfryt\u00ebzuesit e Kuzhin\u00ebs popullore n\u00eb Kumanov\u00eb dhe Staro Nagori\u00e7an\u00eb kan\u00eb mbetur pa shujt\u00ebn e tyre t\u00eb p\u00ebrditshme, sepse Qendra p\u00ebr [&hellip;]\" \/>\n<meta property=\"og:url\" content=\"https:\/\/sdk.mk\/index.php\/dua-te-them\/kesh-analiza-2\/\" \/>\n<meta property=\"og:site_name\" content=\"\u0421\u0430\u043a\u0430\u043c \u0414\u0430 \u041a\u0430\u0436\u0430\u043c\" \/>\n<meta property=\"article:published_time\" content=\"2017-02-25T19:26:44+00:00\" \/>\n<meta property=\"article:modified_time\" content=\"2017-02-25T19:28:22+00:00\" \/>\n<meta property=\"og:image\" content=\"https:\/\/sdk.mk\/wp-content\/uploads\/2015\/12\/goran-mihailovski2.jpg\" \/>\n\t<meta property=\"og:image:width\" content=\"400\" \/>\n\t<meta property=\"og:image:height\" content=\"313\" \/>\n<meta property=\"fb:app_id\" content=\"2407985809428537\" \/>\n<meta name=\"twitter:card\" content=\"summary\" \/>\n<script type=\"application\/ld+json\" class=\"yoast-schema-graph\">{\"@context\":\"https:\/\/schema.org\",\"@graph\":[{\"@type\":\"WebSite\",\"@id\":\"https:\/\/sdk.mk\/#website\",\"url\":\"https:\/\/sdk.mk\/\",\"name\":\"\\u0421\\u0430\\u043a\\u0430\\u043c \\u0414\\u0430 \\u041a\\u0430\\u0436\\u0430\\u043c\",\"description\":\"\\u0417\\u0430 \\u0441\\u043b\\u043e\\u0431\\u043e\\u0434\\u043e\\u0443\\u043c\\u043d\\u0438\",\"potentialAction\":[{\"@type\":\"SearchAction\",\"target\":\"https:\/\/sdk.mk\/?s={search_term_string}\",\"query-input\":\"required name=search_term_string\"}],\"inLanguage\":\"mk-MK\"},{\"@type\":\"WebPage\",\"@id\":\"https:\/\/sdk.mk\/index.php\/dua-te-them\/kesh-analiza-2\/#webpage\",\"url\":\"https:\/\/sdk.mk\/index.php\/dua-te-them\/kesh-analiza-2\/\",\"name\":\"KESH ANALIZA - \\u0421\\u0430\\u043a\\u0430\\u043c \\u0414\\u0430 \\u041a\\u0430\\u0436\\u0430\\u043c\",\"isPartOf\":{\"@id\":\"https:\/\/sdk.mk\/#website\"},\"datePublished\":\"2017-02-25T19:26:44+00:00\",\"dateModified\":\"2017-02-25T19:28:22+00:00\",\"author\":{\"@id\":\"https:\/\/sdk.mk\/#\/schema\/person\/3e8217f71bc38bd7c592f30c69e10e5a\"},\"inLanguage\":\"mk-MK\",\"potentialAction\":[{\"@type\":\"ReadAction\",\"target\":[\"https:\/\/sdk.mk\/index.php\/dua-te-them\/kesh-analiza-2\/\"]}]},{\"@type\":\"Person\",\"@id\":\"https:\/\/sdk.mk\/#\/schema\/person\/3e8217f71bc38bd7c592f30c69e10e5a\",\"name\":\"\\u041c\\u0438\\u0440\\u043e\\u0441\\u043b\\u0430\\u0432 \\u0418\\u043b\\u0438\\u043e\\u0441\\u043a\\u0438\"}]}<\/script>\n<!-- \/ Yoast SEO Premium plugin. -->","_links":{"self":[{"href":"https:\/\/sdk.mk\/index.php\/wp-json\/wp\/v2\/posts\/25069"}],"collection":[{"href":"https:\/\/sdk.mk\/index.php\/wp-json\/wp\/v2\/posts"}],"about":[{"href":"https:\/\/sdk.mk\/index.php\/wp-json\/wp\/v2\/types\/post"}],"author":[{"embeddable":true,"href":"https:\/\/sdk.mk\/index.php\/wp-json\/wp\/v2\/users\/9"}],"replies":[{"embeddable":true,"href":"https:\/\/sdk.mk\/index.php\/wp-json\/wp\/v2\/comments?post=25069"}],"version-history":[{"count":0,"href":"https:\/\/sdk.mk\/index.php\/wp-json\/wp\/v2\/posts\/25069\/revisions"}],"wp:attachment":[{"href":"https:\/\/sdk.mk\/index.php\/wp-json\/wp\/v2\/media?parent=25069"}],"wp:term":[{"taxonomy":"category","embeddable":true,"href":"https:\/\/sdk.mk\/index.php\/wp-json\/wp\/v2\/categories?post=25069"},{"taxonomy":"post_tag","embeddable":true,"href":"https:\/\/sdk.mk\/index.php\/wp-json\/wp\/v2\/tags?post=25069"}],"curies":[{"name":"wp","href":"https:\/\/api.w.org\/{rel}","templated":true}]}}