{"id":252783,"date":"2025-06-24T09:42:57","date_gmt":"2025-06-24T07:42:57","guid":{"rendered":"https:\/\/sdk.mk\/?p=252783"},"modified":"2025-06-24T09:42:57","modified_gmt":"2025-06-24T07:42:57","slug":"op-op-op-bravo-2","status":"publish","type":"post","link":"https:\/\/sdk.mk\/index.php\/dua-te-them\/op-op-op-bravo-2\/","title":{"rendered":"OP,OP, OP, BRAVO"},"content":{"rendered":"<div class=\"f52428582a4b906b2d2e2a7d733c7d27\" data-index=\"7\" style=\"float: none; margin:10px 0 10px 0; text-align:center;\">\n<!-- MSP Ads Asynchronous JS Tag - Generated with Revive Adserver v5.4.1 -->\r\n<ins data-revive-zoneid=\"167\" data-revive-id=\"060fdb01f6430ec164d3519234aa4967\"><\/ins>\r\n<script async src=\"\/\/panel.ads.com.mk\/www\/delivery\/asyncjs.php\"><\/script>\n<\/div>\n<p><span class=\"dropcap color firstcharacter\">1 <\/span> Besoj se Ministria e Financave tashm\u00eb nj\u00eb muaj nuk jep p\u00eblqim p\u00ebr pun\u00ebsimin e 26 kujdestareve p\u00ebr kopshtin n\u00eb Ko\u00e7an, por ka dh\u00ebn\u00eb p\u00eblqim n\u00eb \u201cNavigacionin Maqedonas\u201d (M-NAV) p\u00ebr pun\u00ebsimin e k\u00ebshilltar\u00ebve t\u00eb drejtor\u00ebve dhe mjesht\u00ebrve p\u00ebr mir\u00ebmbajtjen e kondicioner\u00ebve, sepse ka vler\u00ebsuar se ai vendim \u00ebsht\u00eb n\u00eb interesin m\u00eb t\u00eb mir\u00eb t\u00eb qytetar\u00ebve. Madje, patjet\u00ebr q\u00eb \u00ebsht\u00eb k\u00ebshtu, thjesht duhet t\u00eb jet\u00eb k\u00ebshtu, sepse edhe Qeveria konfirmoi se \u201cpun\u00ebsimet m\u00eb t\u00eb fundit n\u00eb M-NAV po realizohen n\u00eb p\u00ebrputhje me procedura ligjore t\u00eb p\u00ebrcaktuara qart\u00eb dhe kritere t\u00eb qarta p\u00ebr profesionaliz\u00ebm, kompetenc\u00eb dhe integritet\u201d.<\/p>\n<p>Sindikata e kontrollor\u00ebve t\u00eb trafikut ajror \u00ebsht\u00eb k\u00ebrc\u00ebnuar me grev\u00eb m\u00eb 10 korrik, duke k\u00ebrkuar nga Qeveria q\u00eb t\u00eb ndaloj\u00eb pun\u00ebsimet partiake n\u00eb k\u00ebt\u00eb shoq\u00ebri aksionare t\u00eb pasur, q\u00eb \u00ebsht\u00eb n\u00eb pron\u00ebsi t\u00eb shtetit. Ata k\u00ebrkojn\u00eb q\u00eb n\u00eb vend t\u00eb njer\u00ebzve n\u00eb vende pune t\u00eb shpikura me paga t\u00eb larta, t\u00eb pun\u00ebsohen kontrollor\u00eb t\u00eb rinj ajror\u00eb, inxhinier\u00eb dhe meteorolog\u00eb.<\/p>\n<p>Gjithsesi, nuk ka vend p\u00ebr panik. Meq\u00eb Qeveria \u00ebsht\u00eb e bindur n\u00eb profesionalizmin dhe kompetenc\u00ebn e t\u00eb pun\u00ebsuarve t\u00eb rinj n\u00eb M-NAV, kur kontrollor\u00ebt ajror\u00eb t\u00eb jen\u00eb me pushime, detyr\u00ebn e tyre do ta marrin k\u00ebshilltar\u00ebt e rinj dhe mir\u00ebmbajt\u00ebsit e kondicioner\u00ebve. N\u00eb interesin m\u00eb t\u00eb mir\u00eb t\u00eb qytetar\u00ebve, kontrollor\u00ebt t\u00eb punojn\u00eb kur udh\u00ebtojm\u00eb ne, vdekatar\u00ebt e zakonsh\u00ebm, nd\u00ebrsa kur fluturon avioni qeveritar apo kur delegacionet qeveritare marrin charter p\u00ebr t\u00eb n\u00ebnshkruar ndonj\u00eb marr\u00ebveshje tjet\u00ebr historike strategjike, n\u00eb kull\u00ebn e kontrollit t\u00eb ulen k\u00ebshilltar\u00ebt e drejtor\u00ebve dhe teknik\u00ebt e klimave.<\/p>\n<p>Pse jo? N\u00eb vend t\u00eb meteorolog\u00ebve, k\u00ebta ekspert\u00eb t\u00eb klim\u00ebs do t\u2019u thon\u00eb pilot\u00ebve q\u00eb t\u00eb hapin dritaren p\u00ebr t\u00eb par\u00eb n\u00ebse fryn ose jo. E k\u00ebshilltar\u00ebt, me ekspertiz\u00ebn e tyre p\u00ebr klimatizimin, do t\u2019u tregojn\u00eb pilot\u00ebve se n\u00eb cilin drejtim t\u00eb fluturojn\u00eb q\u00eb t\u00eb mos e humbin pist\u00ebn. Dhe shkon k\u00ebshtu: Ftoht\u00eb\u2026 ftoht\u00eb\u2026 ngroht\u00eb\u2026 ngroht\u00eb\u2026 p\u00ebrs\u00ebri ftoht\u00eb, ftoht\u00eb, ngroht\u00eb, ftoht\u00eb, pastaj ngroht\u00eb, mir\u00eb \u00ebsht\u00eb, ngroht\u00eb, ngroht\u00eb, ngrooohhht\u00eb\u2026 oooop. Bravo.<\/p>\n<p>E vetmja gj\u00eb p\u00ebr t\u00eb cil\u00ebn duhet t\u00eb ken\u00eb kujdes \u00ebsht\u00eb t\u00eb mos ngat\u00ebrrojn\u00eb nj\u00ebsit\u00eb mat\u00ebse. Por para s\u00eb gjithash duhet t\u00eb din\u00eb anglisht. Q\u00eb mund t\u00eb jet\u00eb sfid\u00eb serioze p\u00ebr ata q\u00eb jan\u00eb n\u00eb \u201cdefter\u00ebt partiak\u00eb p\u00ebr pun\u00ebsim\u201d, sepse studioja gjuh\u00ebsore nga Plovdivi q\u00eb l\u00ebshonte certifikata TOEFL p\u00ebr kandidat\u00ebt p\u00ebr funksione tashm\u00eb nuk funksionon. Julija ka fluturuar nga Bullgaria.<\/p>\n<p><span class=\"dropcap color firstcharacter\">2<\/span> Ashtu si\u00e7 kryeministri Hristijan Mickoski i quajti \u201crrah\u00ebs\u201d kontrollor\u00ebt e rrahur t\u00eb fluturimeve q\u00eb protestuan edhe n\u00eb janar 2024 kund\u00ebr pun\u00ebsimeve partiake n\u00eb M-NAV, po ashtu edhe pragun p\u00ebr n\u00ebnshkrimet p\u00ebr kandidim n\u00eb zgjedhje e krahasoi me pragun p\u00ebr hyrje n\u00eb Bundestagun gjerman.<\/p>\n<p>Mickoski thot\u00eb: \u201cN\u00eb Gjermani p\u00ebr t\u00eb hyr\u00eb n\u00eb Bundestag duhen 5 p\u00ebr qind, n\u00eb vende t\u00eb tjera 3 ose 4 p\u00ebr qind\u2026 ne sjellim zgjidhjet m\u00eb t\u00eb mira p\u00ebr nevojat e qytetar\u00ebve, jo t\u00eb individ\u00ebve apo organizatave joqeveritare\u201d.<\/p>\n<p>Ajo q\u00eb thot\u00eb Mickoski, t\u00eb pakt\u00ebn tani n\u00eb koh\u00ebn e Google-it, \u00ebsht\u00eb leht\u00ebsisht e verifikueshme. P\u00ebr m\u00eb tep\u00ebr, njer\u00ebzit n\u00eb ato organizata qytetare q\u00eb ai i vler\u00ebson, nuk jan\u00eb t\u00eb paarsimuar, t\u00eb pangr\u00ebn\u00eb apo t\u00eb padal\u00eb.<\/p>\n<p>Nuk besoj se Mickoski nuk e di se ka dallim mes numrit t\u00eb n\u00ebnshkrimeve p\u00ebr kandidim t\u00eb listave t\u00eb pavarura dhe numrit t\u00eb votave t\u00eb fituara n\u00eb zgjedhje. Ashtu si\u00e7 nuk besoj se n\u00eb shkollat partiake t\u00eb &#8220;Konrad Adenauer Stiftung&#8221; \u00a0kan\u00eb m\u00ebsuar se kulmi i demokracis\u00eb dhe interesi m\u00eb i lart\u00eb qytetar \u00ebsht\u00eb t\u2019ua ndalosh qytetar\u00ebve t\u00eb drejt\u00ebn p\u00ebr t\u00eb kandiduar p\u00ebrfaq\u00ebsuesit e tyre n\u00eb zgjedhje, duke u treguar nga pozita e kryetarit t\u00eb partis\u00eb n\u00eb pushtet se cili \u00ebsht\u00eb interesi i tyre.<\/p>\n<p><span class=\"dropcap color firstcharacter\">3<\/span> N\u00eb fund t\u00eb fundit, Gjykata Kushtetuese ka vendosur tashm\u00eb se kuotat e larta p\u00ebr kandidim t\u00eb kandidat\u00ebve t\u00eb pavarur nuk jan\u00eb n\u00eb interes t\u00eb qytetar\u00ebve. Se me k\u00ebt\u00eb shkelet vlera themelore e Kushtetut\u00ebs, siguria juridike dhe parimi i shtetit t\u00eb s\u00eb drejt\u00ebs, si dhe d\u00ebmtohet pluralizmi politik.<\/p>\n<p>\u00c7far\u00eb do t\u00eb thot\u00eb p\u00ebr k\u00ebt\u00eb presidentja Gordana Siljanovska-Davkova, profesoresh\u00eb e respektuar n\u00eb Katedr\u00ebn e s\u00eb Drejt\u00ebs Kushtetuese n\u00eb Fakultetin Juridik t\u00eb Universitetit \u201cSh\u00ebn Kirili dhe Metodi\u201d n\u00eb Shkup, an\u00ebtare e Komisionit Kushtetues t\u00eb p\u00ebrb\u00ebrjes s\u00eb par\u00eb t\u00eb Kuvendit nga viti 1990 deri n\u00eb 1992 dhe eksperte p\u00ebr zgjedhje n\u00eb OKB, si dhe n\u00ebnkryetare e grupit t\u00eb \u201cEkspert\u00ebve t\u00eb pavarur p\u00ebr vet\u00ebqeverisjen lokale\u201d n\u00eb K\u00ebshillin e Evrop\u00ebs n\u00eb Strasburg?<\/p>\n<p>P\u00ebr m\u00eb tep\u00ebr, edhe doktoratura e presidentes, e mbrojtur n\u00eb Fakultetin Juridik t\u00eb Lubjan\u00ebs n\u00eb vitin 1994 \u2013 n\u00eb nj\u00eb koh\u00eb kur ai fakultet ishte pionier n\u00eb rajon n\u00eb k\u00ebrkimet p\u00ebr shoq\u00ebrin\u00eb civile \u2013 \u00ebsht\u00eb pik\u00ebrisht mbi tem\u00ebn \u201cVet\u00ebqeverisja lokale \u2013 nd\u00ebrmjet normave dhe realitetit\u201d.<\/p>\n<p>\u00c7far\u00eb do t\u00eb thot\u00eb presidentja kur t\u2019i vij\u00eb p\u00ebr n\u00ebnshkrim Kodi i ri Zgjedhor, p\u00ebr t\u00eb cilin nuk ka dyshim se LSDM dhe VMRO-DPMNE do ta votojn\u00eb s\u00eb bashku? A do t\u00eb justifikohet s\u00ebrish me \u201crealitetin\u201d, si kur propozoi funksionarin e VMRO-s\u00eb, Trajko Slaveski, p\u00ebr guvernator t\u00eb Bank\u00ebs Popullore? Kam frik\u00eb se normat nga titulli i doktoratur\u00ebs nuk vlejn\u00eb m\u00eb pas 31 vjet\u00ebsh \u2013 dhe se edhe k\u00ebt\u00eb her\u00eb do t\u00eb fitoj\u00eb realiteti.<\/p>\n<p><span class=\"dropcap color firstcharacter\">4<\/span> Kryeministri Mickoski, para Zgjedhjeve Lokale t\u00eb vitit 2021 kur ishte lider i opozit\u00ebs, deklaronte se p\u00ebr VMRO-DPMNE ishte i pranuesh\u00ebm edhe nj\u00eb prag prej 1 p\u00ebrqind dhe madje q\u00eb t\u00eb mos ket\u00eb fare prag p\u00ebr dor\u00ebzimin e n\u00ebnshkrimeve p\u00ebr listat e pavarura p\u00ebr k\u00ebshilltar\u00eb dhe kryetar\u00eb komunash. Por, n\u00eb ato zgjedhje t\u00eb vjesht\u00ebs, kandidat\u00ebt e pavarur fituan vende n\u00eb k\u00ebshilla n\u00eb 33 nga 80 komuna dhe n\u00eb Qytetin e Shkupit, duke marr\u00eb 56.000 vota dhe duke dal\u00eb si forca e kat\u00ebrt politike. M\u00eb shum\u00eb vota mor\u00ebn vet\u00ebm LSDM, VMRO-DPMNE dhe BDI.<\/p>\n<p>Kjo q\u00eb po b\u00ebjn\u00eb tani s\u00eb bashku VMRO-DPMNE, LSDM dhe BDI \u00ebsht\u00eb vet\u00ebm nj\u00eb version i zgjeruar dhe i p\u00ebrforcuar i asaj q\u00eb tashm\u00eb e b\u00ebri LSDM\u2013 duke bllokuar qytetar\u00ebt jopartiak\u00eb t\u00eb marrin pjes\u00eb n\u00eb zgjedhje.<\/p>\n<p>A ju kujtohet si Zoran Zaev n\u00eb vitin 2016 g\u00ebzohej: \u201cMe stilolaps e rr\u00ebzuam regjimin!\u201d. Do ta kishte rr\u00ebzuar regjimin, \u201cmalo morgen\u201d, si\u00e7 do t\u00eb shprehej ai, n\u00ebse nuk do ta kishin ndihmuar organizatat qytetare dhe votat e qytetar\u00ebve jopartiak\u00eb. Por m\u00eb pas edhe LSDM nisi t\u00eb sillej si regjim. B\u00ebnin gjith\u00e7ka p\u00ebr t\u2019i p\u00ebr\u00e7muar t\u00eb pavarurit, p\u00ebr t\u2019i etiketuar si \u201cv\u00ebmrovca\u201d, p\u00ebr t\u2019i tallur si \u201cv\u00ebmro-neutral\u00eb\u201d, \u201cku jeni o neutral\u00eb\u201d\u2026 U pa sa u intereson p\u00ebr qytetar\u00ebt kur n\u00eb fund t\u00eb mandatit, n\u00eb mars 2024, LSDM me Dimitar Kova\u00e7evskin, nga inati dhe hakmarrja, bashk\u00eb me VMRO-DPMNE ndryshuan Kodin Zgjedhor dhe rrit\u00ebn kuot\u00ebn p\u00ebr dor\u00ebzimin e listave t\u00eb pavarura. Dhe tani, edhe me udh\u00ebheqjen e re t\u00eb Venko Filip\u00e7es, n\u00eb t\u00eb cil\u00ebn jan\u00eb njer\u00ebz q\u00eb gjith\u00eb jet\u00ebn e kan\u00eb kaluar duke promovuar aktivizmin qytetar, pas vendimit t\u00eb Gjykat\u00ebs Kushtetuese q\u00eb rr\u00ebzoi ligjin, ata s\u00ebrish po bashkohen me VMRO-DPMNE p\u00ebr t\u00eb kaluar kuota m\u00eb t\u00eb larta.<\/p>\n<p>Pra, partit\u00eb me t\u00eb v\u00ebrtet\u00eb kujdesen p\u00ebr interesat e qytetar\u00ebve. Ata nuk duan q\u00eb qytetar\u00ebt t\u00eb lodhen, t\u00eb merren me politik\u00eb, t\u00eb ken\u00eb mendim, t\u00eb angazhohen jasht\u00eb orarit t\u00eb pun\u00ebs, t\u00eb mbledhin n\u00ebnshkrime\u2026 N\u00ebse nuk je an\u00ebtar i partis\u00eb \u2013 as mos voto!<\/p>\n<p>E dini cili do t\u00eb jet\u00eb hapi i ardhsh\u00ebm i p\u00ebrbashk\u00ebt i VMRO-DPMNE dhe LSDM? Do t\u00eb sjellin nj\u00eb Kod Zgjedhor me t\u00eb cilin vet\u00ebm an\u00ebtar\u00ebt e partive do t\u00eb ken\u00eb t\u00eb drejt\u00eb vote. Sepse kujdesen vet\u00ebm p\u00ebr votuesit e tyre. N\u00ebse je qytetar jasht\u00eb partis\u00eb \u2013 thjesht, nuk ekziston.<\/p>\n<p>&nbsp;<\/p>\n\n<div style=\"font-size: 0px; height: 0px; line-height: 0px; margin: 0; padding: 0; clear: both;\"><\/div>","protected":false},"excerpt":{"rendered":"<p>Besoj se Ministria e Financave tashm\u00eb nj\u00eb muaj nuk jep p\u00eblqim p\u00ebr pun\u00ebsimin e 26 kujdestareve p\u00ebr kopshtin n\u00eb Ko\u00e7an, [&hellip;]<\/p>\n","protected":false},"author":25,"featured_media":0,"comment_status":"closed","ping_status":"closed","sticky":false,"template":"","format":"standard","meta":{"_mo_disable_npp":"no","inline_featured_image":false},"categories":[1825],"tags":[],"imageURL":false,"thumbURL":false,"categoryNames":["DUA T\u00cb THEM"],"feature_caption":"","subtitle":"N\u00eb interesin m\u00eb t\u00eb mir\u00eb t\u00eb qytetar\u00ebve do t\u00eb jet\u00eb q\u00eb kontrollor\u00ebt t\u00eb punojn\u00eb kur udh\u00ebtojm\u00eb ne, vdekatar\u00ebt e zakonsh\u00ebm, nd\u00ebrsa kur fluturon avioni qeveritar apo kur delegacionet qeveritare marrin charter p\u00ebr t\u00eb n\u00ebnshkruar ndonj\u00eb marr\u00ebveshje tjet\u00ebr historike strategjike, n\u00eb kull\u00ebn e kontrollit t\u00eb ulen k\u00ebshilltar\u00ebt e drejtor\u00ebve dhe teknik\u00ebt e klimave.","views":"42","source":"Shkup, SAKAMDAKAZAM.MK","yoast_head":"<!-- This site is optimized with the Yoast SEO Premium plugin v15.0 - https:\/\/yoast.com\/wordpress\/plugins\/seo\/ -->\n<title>OP,OP, OP, BRAVO - \u0421\u0430\u043a\u0430\u043c \u0414\u0430 \u041a\u0430\u0436\u0430\u043c<\/title>\n<meta name=\"robots\" content=\"index, follow, max-snippet:-1, max-image-preview:large, max-video-preview:-1\" \/>\n<link rel=\"canonical\" href=\"https:\/\/sdk.mk\/index.php\/dua-te-them\/op-op-op-bravo-2\/\" \/>\n<meta property=\"og:locale\" content=\"mk_MK\" \/>\n<meta property=\"og:type\" content=\"article\" \/>\n<meta property=\"og:title\" content=\"OP,OP, OP, BRAVO - \u0421\u0430\u043a\u0430\u043c \u0414\u0430 \u041a\u0430\u0436\u0430\u043c\" \/>\n<meta property=\"og:description\" content=\"Besoj se Ministria e Financave tashm\u00eb nj\u00eb muaj nuk jep p\u00eblqim p\u00ebr pun\u00ebsimin e 26 kujdestareve p\u00ebr kopshtin n\u00eb Ko\u00e7an, [&hellip;]\" \/>\n<meta property=\"og:url\" content=\"https:\/\/sdk.mk\/index.php\/dua-te-them\/op-op-op-bravo-2\/\" \/>\n<meta property=\"og:site_name\" content=\"\u0421\u0430\u043a\u0430\u043c \u0414\u0430 \u041a\u0430\u0436\u0430\u043c\" \/>\n<meta property=\"article:published_time\" content=\"2025-06-24T07:42:57+00:00\" \/>\n<meta property=\"og:image\" content=\"https:\/\/sdk.mk\/wp-content\/uploads\/2015\/12\/goran-mihailovski2.jpg\" \/>\n\t<meta property=\"og:image:width\" content=\"400\" \/>\n\t<meta property=\"og:image:height\" content=\"313\" \/>\n<meta property=\"fb:app_id\" content=\"2407985809428537\" \/>\n<meta name=\"twitter:card\" content=\"summary\" \/>\n<script type=\"application\/ld+json\" class=\"yoast-schema-graph\">{\"@context\":\"https:\/\/schema.org\",\"@graph\":[{\"@type\":\"WebSite\",\"@id\":\"https:\/\/sdk.mk\/#website\",\"url\":\"https:\/\/sdk.mk\/\",\"name\":\"\\u0421\\u0430\\u043a\\u0430\\u043c \\u0414\\u0430 \\u041a\\u0430\\u0436\\u0430\\u043c\",\"description\":\"\\u0417\\u0430 \\u0441\\u043b\\u043e\\u0431\\u043e\\u0434\\u043e\\u0443\\u043c\\u043d\\u0438\",\"potentialAction\":[{\"@type\":\"SearchAction\",\"target\":\"https:\/\/sdk.mk\/?s={search_term_string}\",\"query-input\":\"required name=search_term_string\"}],\"inLanguage\":\"mk-MK\"},{\"@type\":\"WebPage\",\"@id\":\"https:\/\/sdk.mk\/index.php\/dua-te-them\/op-op-op-bravo-2\/#webpage\",\"url\":\"https:\/\/sdk.mk\/index.php\/dua-te-them\/op-op-op-bravo-2\/\",\"name\":\"OP,OP, OP, BRAVO - \\u0421\\u0430\\u043a\\u0430\\u043c \\u0414\\u0430 \\u041a\\u0430\\u0436\\u0430\\u043c\",\"isPartOf\":{\"@id\":\"https:\/\/sdk.mk\/#website\"},\"datePublished\":\"2025-06-24T07:42:57+00:00\",\"dateModified\":\"2025-06-24T07:42:57+00:00\",\"author\":{\"@id\":\"https:\/\/sdk.mk\/#\/schema\/person\/737021aeacbe893f7e2c347186c5c7a1\"},\"inLanguage\":\"mk-MK\",\"potentialAction\":[{\"@type\":\"ReadAction\",\"target\":[\"https:\/\/sdk.mk\/index.php\/dua-te-them\/op-op-op-bravo-2\/\"]}]},{\"@type\":\"Person\",\"@id\":\"https:\/\/sdk.mk\/#\/schema\/person\/737021aeacbe893f7e2c347186c5c7a1\",\"name\":\"\\u0424\\u0458\\u043e\\u043b\\u0430 \\u0417\\u043b\\u0430\\u0442\\u043a\\u0443\"}]}<\/script>\n<!-- \/ Yoast SEO Premium plugin. -->","_links":{"self":[{"href":"https:\/\/sdk.mk\/index.php\/wp-json\/wp\/v2\/posts\/252783"}],"collection":[{"href":"https:\/\/sdk.mk\/index.php\/wp-json\/wp\/v2\/posts"}],"about":[{"href":"https:\/\/sdk.mk\/index.php\/wp-json\/wp\/v2\/types\/post"}],"author":[{"embeddable":true,"href":"https:\/\/sdk.mk\/index.php\/wp-json\/wp\/v2\/users\/25"}],"replies":[{"embeddable":true,"href":"https:\/\/sdk.mk\/index.php\/wp-json\/wp\/v2\/comments?post=252783"}],"version-history":[{"count":0,"href":"https:\/\/sdk.mk\/index.php\/wp-json\/wp\/v2\/posts\/252783\/revisions"}],"wp:attachment":[{"href":"https:\/\/sdk.mk\/index.php\/wp-json\/wp\/v2\/media?parent=252783"}],"wp:term":[{"taxonomy":"category","embeddable":true,"href":"https:\/\/sdk.mk\/index.php\/wp-json\/wp\/v2\/categories?post=252783"},{"taxonomy":"post_tag","embeddable":true,"href":"https:\/\/sdk.mk\/index.php\/wp-json\/wp\/v2\/tags?post=252783"}],"curies":[{"name":"wp","href":"https:\/\/api.w.org\/{rel}","templated":true}]}}