{"id":26626,"date":"2017-03-11T16:18:19","date_gmt":"2017-03-11T15:18:19","guid":{"rendered":"http:\/\/sdk.mk\/\/?p=26626"},"modified":"2017-03-11T16:18:19","modified_gmt":"2017-03-11T15:18:19","slug":"varre-te-fresketa","status":"publish","type":"post","link":"https:\/\/sdk.mk\/index.php\/dua-te-them\/varre-te-fresketa\/","title":{"rendered":"VARRE T\u00cb FRESK\u00cbTA"},"content":{"rendered":"<div class=\"f52428582a4b906b2d2e2a7d733c7d27\" data-index=\"7\" style=\"float: none; margin:10px 0 10px 0; text-align:center;\">\n<!-- MSP Ads Asynchronous JS Tag - Generated with Revive Adserver v5.4.1 -->\r\n<ins data-revive-zoneid=\"167\" data-revive-id=\"060fdb01f6430ec164d3519234aa4967\"><\/ins>\r\n<script async src=\"\/\/panel.ads.com.mk\/www\/delivery\/asyncjs.php\"><\/script>\n<\/div>\n<p><span class=\"dropcap dropcap3\"><strong>1<\/strong> <\/span>Kur i rrihnin gazetar\u00ebt n\u00ebp\u00ebr rrug\u00eb e i p\u00ebshtynin n\u00ebp\u00ebr kafene, ndoshta edhe mund t\u00eb thoshte dikush: \u201cNormale \u00ebsht\u00eb, gazetar\u00eb jan\u00eb\u201d. E t\u00eb b\u00ebnin sehir. Mir\u00ebpo, k\u00ebta mbrojt\u00ebs t\u00eb kriminalitetit t\u00eb qeveris\u00eb filluan t\u2019u shkojn\u00eb edhe n\u00ebp\u00ebr sht\u00ebpi njer\u00ebzve q\u00eb nuk m\u0435ndojn\u00eb nj\u00eblloj si ta. Treshet e zeza i trokit\u00ebn n\u00eb der\u00eb deputetit t\u00eb LSDM-s\u00eb nga Prilepi, Hari Llokvenec. Me demek, q\u00eb t\u2019i japin ftes\u00eb p\u00ebr bashk\u0430ngjitje n\u00eb tubimin p\u00ebr Maqedonin\u00eb e p\u00ebrbashk\u00ebt, ku njer\u00ebzit protestojn\u00eb kund\u00ebr dygjuh\u00ebsis\u00eb.<br \/>\nFilluan edhe me thirrjet n\u00eb rrjetet sociale. Fqinjt\u00eb do t\u00eb t\u00eb detyruakan t\u00eb vendos\u00ebsh flamur. Q\u00eb t\u00eb dihet se je me ta. Nes\u00ebr do t\u00eb t\u00eb thon\u00eb: \u201cM\u00eb fal, komshi, ti pse nuk ke veshur t\u00eb verdh\u00eb me t\u00eb kuqe? A nuk je ti, p\u00ebr Maqedoni t\u00eb p\u00ebrbashk\u00ebt, si t\u00eb gjith\u00eb ne? Apo \u201cpse nuk vure flamurin n\u00eb ballkon, o komshi? A nuk je Maqedonas?\u201d<\/p>\n<p>Cila \u00ebsht\u00eb ajo ndjenj\u00eb patriotike kur mbron nj\u00eb krim, q\u00eb e ke d\u00ebgjuar me vesh\u00ebt e tu n\u00eb bisedat e p\u00ebrgjuara? Nga \u00e7far\u00eb lloj\u00a0 arsyesh patriotike po shtiren si t\u00eb shurdh\u00ebr? S\u00eb pari, kriminel\u00ebt e grabit\u00ebn shtetin. E tani edhe ngjyrat e flamurit i grabit\u00ebn q\u00eb ta mbrojn\u00eb krimin e tyre.<\/p>\n<p>K\u00ebshtu q\u00eb, ata q\u00eb tani shkojn\u00eb n\u00ebp\u00ebr sht\u00ebpit\u00eb e t\u00eb gjith\u00eb atyre q\u00eb mendojn\u00eb ndryshe, p\u00ebr t\u2019u k\u00ebrc\u00ebnuar e p\u00ebr t\u00eb k\u00ebrkuar tradhtar\u00eb, nes\u00ebr vet\u00eb do t\u00eb shpallen tradhtar\u00eb. Nga t\u00eb vet\u00ebt. Nga po ata q\u00eb tani po i shfryt\u00ebzojn\u00eb si vend topash mbrojt\u00ebs t\u00eb parave t\u00eb vjedhura t\u00eb popullit.<\/p>\n<p>Pasi ve\u00e7m\u00eb keni nisur t\u00eb futeni ashtu, t\u00eb paftuar n\u00ebp\u00ebr sht\u00ebpi, hi\u00e7 mos u m\u00ebrzisni. Nes\u00ebr edhe juve do t\u2019ju trokasin treshet e zeza n\u00eb der\u00eb. E do t\u00eb jen\u00eb d\u00ebrguar nga vet\u00eb njer\u00ebzit tuaj.<\/p>\n<p><span class=\"dropcap dropcap3\"><strong>2<\/strong><\/span>Kurse Ali Ahmeti k\u00ebnaqet me at\u00eb q\u00eb ia b\u00ebn Maqedonis\u00eb. Edhe maqedonasve edhe shqiptar\u00ebve. Dy muaj \u00ebsht\u00eb ylli q\u00eb t\u00eb gjith\u00eb e presim t\u00eb na thot\u00eb se \u00e7far\u00eb ka analizuar aq shum\u00eb n\u00eb ora 3, pastaj n\u00eb mesnat\u00eb, e t\u00eb nes\u00ebrmen, pastaj kryesia qendrore, e ai vet\u00eb, pastaj miqt\u00eb nd\u00ebrkomb\u00ebtar\u00eb, e pastaj p\u00ebrs\u00ebri ai vet\u00eb&#8230;D\u00ebshiron t\u00eb mbetet me Gruevskin, po e shtyjn\u00eb q\u00eb t\u00eb ndahet.<\/p>\n<p>Kurse ne e kemi t\u00eb qart\u00eb se ai nuk do t\u00eb ndahet. E ka t\u00eb v\u00ebshtir\u00eb. Sepse n\u00ebse donte t\u00eb ndahej, k\u00ebt\u00eb gj\u00eb do ta b\u00ebnte prej koh\u00ebsh. Ai na b\u00ebn shfaqje nga Re\u00e7ica e Vog\u00ebl, nd\u00ebrsa ministrat dhe drejtor\u00ebt, e madje edhe n\u00ebnkryetar\u00ebt e Qeveris\u00eb, akoma rrin\u00eb n\u00eb Qeverin\u00eb e Emill Dimitrievit, qeveri e cila vazhdon t\u00eb funksionoj\u00eb pa as\u00e7far\u00eb lloj kontrolli, sepse nuk ka parlament. Pas 8 vjet\u00ebve qeverisjeje t\u00eb p\u00ebrbashk\u00ebt dhe tre muajve pas p\u00ebrfundimit t\u00eb zgjedhjeve.<\/p>\n<p>Ahmeti m\u00eb s\u00eb shumti i ndihmon VMRO-DPMNE-s\u00eb t\u00eb fuqizoj\u00eb terrenet me nacionaliz\u00ebm. Ai e b\u00ebn k\u00ebt\u00eb me vet\u00ebdije. Nuk ka t\u00eb b\u00ebj\u00eb me dygjuh\u00ebsin\u00eb. Nacionalizmi do t\u00eb b\u00ebhet gjuha e vetme me an\u00eb t\u00eb s\u00eb cil\u00ebs do lajm\u00eb kusuret.<\/p>\n<p>A i kan\u00eb pak varret e shqiptarve t\u00eb vdekur n\u00eb Maqedonin\u00eb per\u00ebndimore n\u00eb vitin 2001? T\u00eb pakta mos jan\u00eb p\u00ebrmendoret e maqedonasve q\u00eb humb\u00ebn jet\u00ebn n\u00eb t\u00ebr\u00eb Maqedonin\u00eb n\u00eb 2001? Mos na duhen varre t\u00eb fresk\u00ebta?<\/p>\n<p>Vall\u00eb kaq budallenj jemi sa t\u00eb zihemi e t\u00eb grihemi vet\u00ebm e vet\u00ebm q\u00eb Gruevski t\u00eb mos shkoj\u00eb n\u00eb burg? Besa, edhe Ahmeti me t\u00eb vet\u00ebt. F\u00ebmijt\u00eb e atyre q\u00eb po mbroni dhe t\u00eb atyre q\u00eb po mbajn\u00eb fjalime nacionaliste, me siguri q\u00eb nuk do t\u00eb vdesin. Ata tashm\u00eb jan\u00eb t\u00eb siguruar n\u00eb ndonj\u00eb shtet tjet\u00ebr. Me parat\u00eb tuaja.<\/p>\n<p><span class=\"dropcap dropcap3\"><strong>3<\/strong><\/span>\u00cbsht\u00eb e gjat\u00eb lista e t\u00eb gjith\u00eb diplomat\u00ebve t\u00eb huaj dhe faktor\u00ebve nd\u00ebrkomb\u00ebtar\u00eb q\u00eb jan\u00eb zhg\u00ebnjyer nga Gjorge Ivanovi dhe kan\u00eb b\u00ebr\u00eb k\u00ebrkesa apo kan\u00eb dh\u00ebn\u00eb k\u00ebshilla q\u00eb ai t\u00eb t\u00ebrhiqet nga vendimi p\u00ebr mosdor\u00ebzimin e mandatit ndaj atij q\u00eb ka siguruar shumic\u00eb n\u00eb Parlament. Ve\u00e7 edhe Putini nga Rusia dhe Maja nga sht\u00ebpia nuk i kan\u00eb th\u00ebn\u00eb ta ndryshoj\u00eb vendimin.<\/p>\n<p>Gj\u00eb shum\u00eb e bukur q\u00eb t\u00eb gjith\u00eb kan\u00eb d\u00ebrguar thirrje, sugjerime dhe k\u00ebrkesa tek Ivanovi. Por, nuk d\u00ebgjova se \u00e7\u2019do t\u00eb b\u00ebhet n\u00ebse ai nuk e ndryshon vendimin? A nuk po luan nj\u00eb loj\u00eb t\u00eb rrezikshme? A nuk ekziston mund\u00ebsia q\u00eb t\u2019ia v\u00ebn\u00eb flak\u00ebn gjith\u00eb rajonit? Nuk d\u00ebgjuam se t\u00eb huajt, q\u00eb ta nd\u00ebrprisnin k\u00ebt\u00eb loj\u00eb t\u00eb rrezikshme, do t\u00eb nd\u00ebrmerrnin ndonj\u00eb far\u00eb aksioni. Q\u00eb elit\u00ebs s\u00eb VMRO-DPMNE-s\u00eb dhe BDI-s\u00eb do t\u2019ua ngrinin pronat dhe llogarit\u00eb jasht\u00eb shtetit. Se do t\u2019i v\u00ebn\u00eb n\u00eb list\u00ebn e zez\u00eb. Se f\u00ebmij\u00ebve q\u00eb studiojn\u00eb n\u00eb shtetet per\u00ebndimore do t\u2019ua heqin vizat.<\/p>\n<p>Nuk \u00ebsht\u00eb se nuk kan\u00eb arsye ta b\u00ebjn\u00eb k\u00ebt\u00eb gj\u00eb. Sepse komisioni i tyre, komisioni i Pribes\u00eb nga BE tha q\u00eb b\u00ebhet fjal\u00eb p\u00ebr qeveri t\u00eb korruptuar kriminele. Nd\u00ebrsa edhe ata, \u00e7do dit\u00eb apelojn\u00eb q\u00eb nacionalizmi \u00e7on drejt konfliktit nd\u00ebretnik, q\u00eb do t\u00eb \u00e7oj\u00eb deri te konflikt gjeopolitik.<\/p>\n<p>T\u00ebr\u00eb koh\u00ebn Ivanovit i rekomandojn\u00eb se nuk duhet t\u00eb luaj\u00eb me zjarr. Nd\u00ebrsa e l\u00ebn\u00eb edhe at\u00eb edhe Gruevskin dhe Ahmetin t\u00eb luajn\u00eb me qibrit\u00eb.<\/p>\n<p><span class=\"dropcap dropcap3\"><strong>4 <\/strong><\/span>Pakuptim\u00ebsia e mbrojtjes s\u00eb Maqedonis\u00eb nga dygjuh\u00ebsia u b\u00eb e dukshme nga fakti q\u00eb edhe n\u00eb Krushev\u00eb njer\u00ebzit u ngrit\u00ebn kund\u00ebr dygjuh\u00ebsis\u00eb. N\u00eb Krushev\u00ebn trigjuh\u00ebsore. Ku vlleh\u00ebt flasin maqedonisht, shqiptar\u00ebt gjuh\u00ebn vllehe, kurse maqedonasit shqip. Krusheva trigjuh\u00ebsore, q\u00eb prej Ilindenit t\u00eb par\u00eb n\u00eb vitin 1903 ka pasur vet\u00ebdije dhe respekt qytetar p\u00ebr dallimet, n\u00eb vitin 2017 n\u00eb at\u00eb gj\u00eb q\u00eb mbrojt\u00ebsit e krimit me paturp\u00ebsia e quajn\u00eb \u201cIlindeni i kat\u00ebrt\u201d, aty, n\u00eb at\u00eb Krushev\u00eb ngrihen njer\u00ebzia kund\u00ebr dallimeve.<\/p>\n<p><span class=\"dropcap dropcap3\"><strong>5 <\/strong><\/span>Kryetari i K\u00ebshillit gjyq\u00ebsor Zoran Karaxhovski, e cili vet\u00ebm para dy jav\u00ebsh thoshte se disa t\u00eb vet\u00ebquajtur gazetar\u00eb paskan b\u00ebr\u00eb teat\u00ebr nga p\u00ebrcaktimi i ri i gjykat\u00ebsve, i menduar q\u00eb t\u00eb shmangen l\u00ebnd\u00ebt e PSP-s\u00eb, tani i lut qytetar\u00ebt \u201cq\u00eb t\u00eb ken\u00eb mir\u00ebkuptim\u201d, sepse n\u00eb gjyq paska \u201csituat\u00eb jo t\u00eb p\u00ebrditshme\u201d. P\u00ebrcaktimi i ri nuk vlen, zv.kryetarja Tanja Mihajllova dha dor\u00ebheqje dhe gjyqi ku vijn\u00eb l\u00ebnd\u00ebt e PSP-s\u00eb \u00ebsht\u00eb pa kryetar.<\/p>\n<p>P\u00ebr \u00e7far\u00eb t\u00eb ken\u00eb mir\u00ebkuptim qytetar\u00ebt? P\u00ebr gjyqin e korruptuar t\u00eb cilit i japim rrog\u00eb?<\/p>\n<p>Mir\u00ebkuptim do t\u00eb keni vet\u00ebm at\u00ebher\u00eb kur Zoran Karaxhovski t\u00eb jap\u00eb dor\u00ebheqje. Sepse ajo q\u00eb p\u00ebr at\u00eb \u00ebsht\u00eb \u201csituat\u00eb jo e p\u00ebrditshme\u201d n\u00eb p\u00ebrkthim, dmth \u201ckaos\u201d. Dhe p\u00ebr k\u00ebt\u00eb \u00ebsht\u00eb vet\u00eb ai p\u00ebrgjegj\u00ebs.<\/p>\n<p><span class=\"dropcap dropcap3\"><strong>6<\/strong>\u00a0<\/span>At\u00eb q\u00eb fillimisht Gruevski nisi si jotoleranc\u00eb ndaj \u00e7dolloj dallimi, tani po i nj\u00ebjti Gruevski e rriti n\u00eb urrejtje ndaj \u00e7dolloj dallimi.<\/p>\n<p>Dhe tani, pasi q\u00eb u zbuluan mbrojt\u00ebsit e s\u00eb keqes dhe pasi q\u00eb u dha mund\u00ebsia q\u00eb t\u00eb gjith\u00eb t\u00eb mb\u00ebshtesin kriminel\u00eb, si do t\u00eb qet\u00ebsohemi? Si do bashk\u00ebjetojm\u00eb me ata q\u00eb p\u00ebshtyn\u00eb mbi gjith\u00e7ka q\u00eb nuk \u00ebsht\u00eb maqedonase dhe gjith\u00e7ka q\u00eb \u00ebsht\u00eb maqedonase por jo sipas terkut t\u00eb tyre? Si do t\u2019u shkojm\u00eb n\u00eb shfaqje, n\u00eb koncert, n\u00eb ndeshje, atyre njer\u00ebzve q\u00eb nxisin dhun\u00eb?<\/p>\n<p>Si duket kan\u00eb t\u00eb drejt\u00eb ata q\u00eb thon\u00eb se nuk ka t\u00eb dal\u00eb nga kjo gjendje. Apo q\u00eb e vetmja rrug\u00ebdalje \u00ebsht\u00eb ndonj\u00eb kalim kufitar. Me bilet\u00eb t\u00eb nj\u00eb drejtimi.<\/p>\n<p>T\u2019i l\u00ebm\u00eb mbrojt\u00ebsit e krimit t\u00eb k\u00ebnaqen n\u00eb ajrin e ndotur. N\u00eb mjedisin e ndotur me shpirtra t\u00eb ndotur. Le t\u00eb mbyten n\u00eb urrejtjen e vet. Le t\u00eb k\u00ebrkojn\u00eb drejt\u00ebsi tek Zv\u00ebrlevski dhe Karaxhovski. Le t\u00eb mjekohen tek Nikolla Todorovi. Le t\u2019i l\u00ebm\u00eb\u00a0 q\u00eb qeveria e tyre t\u2019ua vjedh\u00eb parat\u00eb. Le t\u2019i p\u00ebrgjojn\u00eb. Le t\u2019i sh\u00ebnojn\u00eb me rrath\u00eb se a kan\u00eb marr\u00eb pjes\u00eb n\u00eb tubim apo jo. Le t\u00eb frik\u00ebsohen nga mesazhet n\u00eb telefon ku u k\u00ebrc\u00ebnohen se do t\u2019i nxjerrin nga puna. Le t\u2019u tregojn\u00eb se k\u00eb t\u00eb rrethojn\u00eb n\u00eb votim. Le t\u00eb mahniten nga Putini. Dhe le t\u2019i jen\u00eb mir\u00ebnjoh\u00ebs Erdoganit kur do t\u2019iu dhuroj\u00eb topa t\u00eb ujit p\u00ebr mbrojtje nga demokracia.<\/p>\n<p>Le t\u00eb k\u00ebnaqen n\u00eb Maqedonin\u00eb q\u00eb tani e mbrojn\u00eb. Dhe q\u00eb jan\u00eb t\u00eb gatsh\u00ebm me urrejtje t\u2019i therrni t\u00eb gjitha ata q\u00eb nuk e dua shtetin t\u00eb k\u00ebtill\u00eb. Maqedonin\u00eb e vjedhur, e korruptuar dhe t\u00eb p\u00ebrdhunuar.<\/p>\n<p><span class=\"dropcap dropcap3\"><strong>7 <\/strong><\/span>Arsyeja e vetme e mir\u00eb p\u00ebr t\u00eb mbetur k\u00ebtu \u00ebsht\u00eb se ky \u00ebsht\u00eb shteti im. Dhe prej sht\u00ebpis\u00eb sime s\u2019m\u00eb p\u00ebrjashton dot askush. E n\u00ebse, megjithat\u00eb m\u00eb detyrojn\u00eb t\u00eb largohem nga sht\u00ebpia ime, at\u00ebher\u00eb nuk do t\u00eb m\u00eb b\u00ebhet von\u00eb as p\u00ebr Maqedonin\u00eb e as p\u00ebr gjuh\u00ebn maqedonase. Besa, as p\u00ebr ata q\u00eb do t\u00eb mbesin q\u00eb ta mbrojn\u00eb Gruevskin nga drejt\u00ebsia.<\/p>\n<p>E vetmja gj\u00eb q\u00eb mund t\u00eb premtoj \u00ebsht\u00eb q\u00eb nga diaspora gjithmon\u00eb do t\u00eb votoj p\u00ebr VMRO-DPMNE-s\u00eb. N\u00eb m\u00ebnyr\u00eb q\u00eb, deri sa t\u00eb jen\u00eb sh\u00ebndosh\u00eb e gjall\u00eb, ta ken\u00eb jet\u00ebn po kaq t\u00eb bukur.<\/p>\n<p><em>P\u00ebrktheu: Fjolla Zllatku <\/em><\/p>\n\n<div style=\"font-size: 0px; height: 0px; line-height: 0px; margin: 0; padding: 0; clear: both;\"><\/div>","protected":false},"excerpt":{"rendered":"<p>1 Kur i rrihnin gazetar\u00ebt n\u00ebp\u00ebr rrug\u00eb e i p\u00ebshtynin n\u00ebp\u00ebr kafene, ndoshta edhe mund t\u00eb thoshte dikush: \u201cNormale \u00ebsht\u00eb, [&hellip;]<\/p>\n","protected":false},"author":1,"featured_media":0,"comment_status":"closed","ping_status":"closed","sticky":false,"template":"","format":"standard","meta":{"_mo_disable_npp":"","inline_featured_image":false},"categories":[1825],"tags":[],"imageURL":false,"thumbURL":false,"categoryNames":["DUA T\u00cb THEM"],"feature_caption":"","subtitle":"Vall\u00eb,akaqbudallenjjemine,q\u00ebt\u00ebrrihemiet\u00ebgrihemivet\u00ebmevet\u00ebmq\u00ebGruevskit\u00ebmosshkoj\u00ebn\u00ebburg?Besa,edheAhmetimet\u00ebvet\u00ebt.","views":"3012","source":"","yoast_head":"<!-- This site is optimized with the Yoast SEO Premium plugin v15.0 - https:\/\/yoast.com\/wordpress\/plugins\/seo\/ -->\n<title>VARRE T\u00cb FRESK\u00cbTA - \u0421\u0430\u043a\u0430\u043c \u0414\u0430 \u041a\u0430\u0436\u0430\u043c<\/title>\n<meta name=\"robots\" content=\"index, follow, max-snippet:-1, max-image-preview:large, max-video-preview:-1\" \/>\n<link rel=\"canonical\" href=\"https:\/\/sdk.mk\/index.php\/dua-te-them\/varre-te-fresketa\/\" \/>\n<meta property=\"og:locale\" content=\"mk_MK\" \/>\n<meta property=\"og:type\" content=\"article\" \/>\n<meta property=\"og:title\" content=\"VARRE T\u00cb FRESK\u00cbTA - \u0421\u0430\u043a\u0430\u043c \u0414\u0430 \u041a\u0430\u0436\u0430\u043c\" \/>\n<meta property=\"og:description\" content=\"1 Kur i rrihnin gazetar\u00ebt n\u00ebp\u00ebr rrug\u00eb e i p\u00ebshtynin n\u00ebp\u00ebr kafene, ndoshta edhe mund t\u00eb thoshte dikush: \u201cNormale \u00ebsht\u00eb, [&hellip;]\" \/>\n<meta property=\"og:url\" content=\"https:\/\/sdk.mk\/index.php\/dua-te-them\/varre-te-fresketa\/\" \/>\n<meta property=\"og:site_name\" content=\"\u0421\u0430\u043a\u0430\u043c \u0414\u0430 \u041a\u0430\u0436\u0430\u043c\" \/>\n<meta property=\"article:published_time\" content=\"2017-03-11T15:18:19+00:00\" \/>\n<meta property=\"og:image\" content=\"https:\/\/sdk.mk\/wp-content\/uploads\/2015\/12\/goran-mihailovski2.jpg\" \/>\n\t<meta property=\"og:image:width\" content=\"400\" \/>\n\t<meta property=\"og:image:height\" content=\"313\" \/>\n<meta property=\"fb:app_id\" content=\"2407985809428537\" \/>\n<meta name=\"twitter:card\" content=\"summary\" \/>\n<script type=\"application\/ld+json\" class=\"yoast-schema-graph\">{\"@context\":\"https:\/\/schema.org\",\"@graph\":[{\"@type\":\"WebSite\",\"@id\":\"https:\/\/sdk.mk\/#website\",\"url\":\"https:\/\/sdk.mk\/\",\"name\":\"\\u0421\\u0430\\u043a\\u0430\\u043c \\u0414\\u0430 \\u041a\\u0430\\u0436\\u0430\\u043c\",\"description\":\"\\u0417\\u0430 \\u0441\\u043b\\u043e\\u0431\\u043e\\u0434\\u043e\\u0443\\u043c\\u043d\\u0438\",\"potentialAction\":[{\"@type\":\"SearchAction\",\"target\":\"https:\/\/sdk.mk\/?s={search_term_string}\",\"query-input\":\"required name=search_term_string\"}],\"inLanguage\":\"mk-MK\"},{\"@type\":\"WebPage\",\"@id\":\"https:\/\/sdk.mk\/index.php\/dua-te-them\/varre-te-fresketa\/#webpage\",\"url\":\"https:\/\/sdk.mk\/index.php\/dua-te-them\/varre-te-fresketa\/\",\"name\":\"VARRE T\\u00cb FRESK\\u00cbTA - \\u0421\\u0430\\u043a\\u0430\\u043c \\u0414\\u0430 \\u041a\\u0430\\u0436\\u0430\\u043c\",\"isPartOf\":{\"@id\":\"https:\/\/sdk.mk\/#website\"},\"datePublished\":\"2017-03-11T15:18:19+00:00\",\"dateModified\":\"2017-03-11T15:18:19+00:00\",\"author\":{\"@id\":\"https:\/\/sdk.mk\/#\/schema\/person\/be7cfa6655c47f7195bfdd0ba8144aa2\"},\"inLanguage\":\"mk-MK\",\"potentialAction\":[{\"@type\":\"ReadAction\",\"target\":[\"https:\/\/sdk.mk\/index.php\/dua-te-them\/varre-te-fresketa\/\"]}]},{\"@type\":\"Person\",\"@id\":\"https:\/\/sdk.mk\/#\/schema\/person\/be7cfa6655c47f7195bfdd0ba8144aa2\",\"name\":\"\\u0413\\u043e\\u0440\\u0430\\u043d \\u041c\\u0438\\u0445\\u0430\\u0458\\u043b\\u043e\\u0432\\u0441\\u043a\\u0438\"}]}<\/script>\n<!-- \/ Yoast SEO Premium plugin. -->","_links":{"self":[{"href":"https:\/\/sdk.mk\/index.php\/wp-json\/wp\/v2\/posts\/26626"}],"collection":[{"href":"https:\/\/sdk.mk\/index.php\/wp-json\/wp\/v2\/posts"}],"about":[{"href":"https:\/\/sdk.mk\/index.php\/wp-json\/wp\/v2\/types\/post"}],"author":[{"embeddable":true,"href":"https:\/\/sdk.mk\/index.php\/wp-json\/wp\/v2\/users\/1"}],"replies":[{"embeddable":true,"href":"https:\/\/sdk.mk\/index.php\/wp-json\/wp\/v2\/comments?post=26626"}],"version-history":[{"count":0,"href":"https:\/\/sdk.mk\/index.php\/wp-json\/wp\/v2\/posts\/26626\/revisions"}],"wp:attachment":[{"href":"https:\/\/sdk.mk\/index.php\/wp-json\/wp\/v2\/media?parent=26626"}],"wp:term":[{"taxonomy":"category","embeddable":true,"href":"https:\/\/sdk.mk\/index.php\/wp-json\/wp\/v2\/categories?post=26626"},{"taxonomy":"post_tag","embeddable":true,"href":"https:\/\/sdk.mk\/index.php\/wp-json\/wp\/v2\/tags?post=26626"}],"curies":[{"name":"wp","href":"https:\/\/api.w.org\/{rel}","templated":true}]}}