{"id":26795,"date":"2017-03-14T15:50:37","date_gmt":"2017-03-14T14:50:37","guid":{"rendered":"http:\/\/sdk.mk\/\/?p=26795"},"modified":"2017-03-14T15:50:37","modified_gmt":"2017-03-14T14:50:37","slug":"pesedhjete-mije-banore-ne-kavadarci-dhe-negotine-pijne-uje-te-verdhe-autoritetet-thone-se-eshte-pijshem","status":"publish","type":"post","link":"https:\/\/sdk.mk\/index.php\/rrjeti-i-korrespondenteve\/pesedhjete-mije-banore-ne-kavadarci-dhe-negotine-pijne-uje-te-verdhe-autoritetet-thone-se-eshte-pijshem\/","title":{"rendered":"PES\u00cbDHJET\u00cb MIJ\u00cb BANOR\u00cb N\u00cb KAVADARCI DHE NEGOTIN\u00cb PIJN\u00cb UJ\u00cb T\u00cb VERDH\u00cb, AUTORITETET THON\u00cb SE \u00cbSHT\u00cb  I PIJSH\u00cbM"},"content":{"rendered":"<div class=\"f52428582a4b906b2d2e2a7d733c7d27\" data-index=\"7\" style=\"float: none; margin:10px 0 10px 0; text-align:center;\">\n<!-- MSP Ads Asynchronous JS Tag - Generated with Revive Adserver v5.4.1 -->\r\n<ins data-revive-zoneid=\"167\" data-revive-id=\"060fdb01f6430ec164d3519234aa4967\"><\/ins>\r\n<script async src=\"\/\/panel.ads.com.mk\/www\/delivery\/asyncjs.php\"><\/script>\n<\/div>\n<p><span style=\"font-weight: 400;\">Pes\u00ebdhjet\u00eb mij\u00eb banor\u00eb nga Kavadarci, Negotina, Rosomani dhe disa fshatra tashm\u00eb disa dit\u00eb me radh\u00eb pin\u00eb uj\u00eb me ngjyr\u00eb t\u00eb verdh\u00eb, shumica prej tyre me frik\u00eb se mos d\u00ebmtojn\u00eb sh\u00ebndetin. Nga Qendra p\u00ebr sh\u00ebndet publik n\u00eb Kavadarci thon\u00eb se uji p\u00ebr pirje nga uj\u00ebsjell\u00ebsi rajonal, Llukar, i cili sillet pes\u00ebdhjet\u00eb kilometra nga n\u00ebn mali Kozhuf \u00ebsht\u00eb i mir\u00eb p\u00ebr pije, duke dashur t\u2019i qet\u00ebsojn\u00eb banor\u00ebt e shqet\u00ebsuar. <\/span><\/p>\n<p>Kryetari Traj\u00e7e Rizov, specialist i higjien\u00ebs, thot\u00eb q\u00eb ngjyra e verdh \u00ebsht\u00eb ndryshim i ujit i cili shkaktohet nga reshjet e shiut dhe shkrirja e bor\u00ebs.<\/p>\n<p><span style=\"font-weight: 400;\">\u201cN\u00eb fakt, ngjyra e verdh\u00eb \u00ebsht\u00eb pasoj\u00eb e kontaktit nga uji i burimit \u201cLlukar eden\u201d \u00a0me ujin e reshjeve t\u00eb shiut dhe bor\u00ebs, n\u00eb zon\u00ebn shk\u00ebmbore t\u00eb gjat\u00eb rreth 200 metra. <\/span><span style=\"font-weight: 400;\"><br \/>\n<\/span><span style=\"font-weight: 400;\">Por, b\u00ebhet fjal\u00eb p\u00ebr ndryshim organoleptik t\u00eb ujit, p\u00ebr shkak t\u00eb kontaktit direkt me shiun dhe bor\u00ebn, pa turbullim. Nga kjo vjen edhe shija e bor\u00ebs dhe shiut e ujit, i cili pavar\u00ebsisht k\u00ebsaj, vazhdon t\u00eb jet\u00eb i pijsh\u00ebm\u201d, thot\u00eb Rizovi.<\/span><span style=\"font-weight: 400;\"><\/p>\n<p><\/span><\/p>\n<p><span style=\"font-weight: 400;\">Ai nuk d\u00ebshironte t\u00eb hyj\u00eb n\u00eb zgjidhjen e k\u00ebtij problemi, duke th\u00ebn\u00eb q\u00eb e atij i takon vet\u00ebm t\u00eb thot\u00eb q\u00eb mostrat e marra tregojn\u00eb gjendje normale t\u00eb ujit dhe prani t\u00eb klorit rezidual. Por, tha edhe q\u00eb prej vitit 2000 ka alarmuar q\u00eb duhet t\u00eb punohet drejt zgjidhjes s\u00eb k\u00ebtij problemi i cili zhvillohet si pasoj\u00eb e shirave dhe shkrirjes s\u00eb d\u00ebbor\u00ebs. <\/span><\/p>\n<p><span style=\"font-weight: 400;\">Rizovi \u00ebsht\u00eb i bindur q\u00eb pirja e ujit t\u00eb k\u00ebtilla nuk ka pasoja t\u00eb d\u00ebmshme mbi sh\u00ebndetin e njer\u00ebzve, p\u00ebrve\u00e7 ndikimit t\u00eb pak\u00ebndsh\u00ebm q\u00eb ka mbi syt\u00eb. Thot\u00eb q\u00eb shum\u00eb njer\u00ebz i jan\u00eb paraqitur q\u00eb t\u00eb informohen se si t\u00eb veprojn\u00eb me f\u00ebmij\u00ebt. P\u00ebr m\u00eb t\u00eb vegjlit, p\u00ebr shkak t\u00eb mbindjeshm\u00ebris\u00eb s\u00eb tyre, rekomandon q\u00eb t\u00eb pin\u00eb uj\u00eb n\u00eb shishe. <\/span><\/p>\n\n<div style=\"font-size: 0px; height: 0px; line-height: 0px; margin: 0; padding: 0; clear: both;\"><\/div>","protected":false},"excerpt":{"rendered":"<p>Pes\u00ebdhjet\u00eb mij\u00eb banor\u00eb nga Kavadarci, Negotina, Rosomani dhe disa fshatra tashm\u00eb disa dit\u00eb me radh\u00eb pin\u00eb uj\u00eb me ngjyr\u00eb t\u00eb [&hellip;]<\/p>\n","protected":false},"author":9,"featured_media":26797,"comment_status":"closed","ping_status":"closed","sticky":false,"template":"","format":"standard","meta":{"_mo_disable_npp":"","inline_featured_image":false},"categories":[3095],"tags":[],"imageURL":"https:\/\/sdk.mk\/wp-content\/uploads\/2017\/03\/regionalen-vodovod-lukovo-393923893289-696x451-1-650x421.jpg","thumbURL":"https:\/\/sdk.mk\/wp-content\/uploads\/2017\/03\/regionalen-vodovod-lukovo-393923893289-696x451-1-250x162.jpg","categoryNames":["Rrjeti i korrespondent\u00ebve"],"feature_caption":"","subtitle":"a:2:{s:16:\"td_post_template\";s:22:\"single_template_civica\";s:9:\"td_source\";s:45:\"\u0421\u043a\u043e\u043f\u0458\u0435,(\u0421\u0410\u041a\u0410\u041c\u0414\u0410\u041a\u0410\u0416\u0410\u041c.\u041c\u041a)","views":"2917","source":"","yoast_head":"<!-- This site is optimized with the Yoast SEO Premium plugin v15.0 - https:\/\/yoast.com\/wordpress\/plugins\/seo\/ -->\n<title>PES\u00cbDHJET\u00cb MIJ\u00cb BANOR\u00cb N\u00cb KAVADARCI DHE NEGOTIN\u00cb PIJN\u00cb UJ\u00cb T\u00cb VERDH\u00cb, AUTORITETET THON\u00cb SE \u00cbSHT\u00cb I PIJSH\u00cbM - \u0421\u0430\u043a\u0430\u043c \u0414\u0430 \u041a\u0430\u0436\u0430\u043c<\/title>\n<meta name=\"robots\" content=\"index, follow, max-snippet:-1, max-image-preview:large, max-video-preview:-1\" \/>\n<link rel=\"canonical\" href=\"https:\/\/sdk.mk\/index.php\/rrjeti-i-korrespondenteve\/pesedhjete-mije-banore-ne-kavadarci-dhe-negotine-pijne-uje-te-verdhe-autoritetet-thone-se-eshte-pijshem\/\" \/>\n<meta property=\"og:locale\" content=\"mk_MK\" \/>\n<meta property=\"og:type\" content=\"article\" \/>\n<meta property=\"og:title\" content=\"PES\u00cbDHJET\u00cb MIJ\u00cb BANOR\u00cb N\u00cb KAVADARCI DHE NEGOTIN\u00cb PIJN\u00cb UJ\u00cb T\u00cb VERDH\u00cb, AUTORITETET THON\u00cb SE \u00cbSHT\u00cb I PIJSH\u00cbM - \u0421\u0430\u043a\u0430\u043c \u0414\u0430 \u041a\u0430\u0436\u0430\u043c\" \/>\n<meta property=\"og:description\" content=\"Pes\u00ebdhjet\u00eb mij\u00eb banor\u00eb nga Kavadarci, Negotina, Rosomani dhe disa fshatra tashm\u00eb disa dit\u00eb me radh\u00eb pin\u00eb uj\u00eb me ngjyr\u00eb t\u00eb [&hellip;]\" \/>\n<meta property=\"og:url\" content=\"https:\/\/sdk.mk\/index.php\/rrjeti-i-korrespondenteve\/pesedhjete-mije-banore-ne-kavadarci-dhe-negotine-pijne-uje-te-verdhe-autoritetet-thone-se-eshte-pijshem\/\" \/>\n<meta property=\"og:site_name\" content=\"\u0421\u0430\u043a\u0430\u043c \u0414\u0430 \u041a\u0430\u0436\u0430\u043c\" \/>\n<meta property=\"article:published_time\" content=\"2017-03-14T14:50:37+00:00\" \/>\n<meta property=\"og:image\" content=\"https:\/\/sdk.mk\/wp-content\/uploads\/2017\/03\/regionalen-vodovod-lukovo-393923893289-696x451-1.jpg\" \/>\n\t<meta property=\"og:image:width\" content=\"696\" \/>\n\t<meta property=\"og:image:height\" content=\"451\" \/>\n<meta property=\"fb:app_id\" content=\"2407985809428537\" \/>\n<meta name=\"twitter:card\" content=\"summary\" \/>\n<script type=\"application\/ld+json\" class=\"yoast-schema-graph\">{\"@context\":\"https:\/\/schema.org\",\"@graph\":[{\"@type\":\"WebSite\",\"@id\":\"https:\/\/sdk.mk\/#website\",\"url\":\"https:\/\/sdk.mk\/\",\"name\":\"\\u0421\\u0430\\u043a\\u0430\\u043c \\u0414\\u0430 \\u041a\\u0430\\u0436\\u0430\\u043c\",\"description\":\"\\u0417\\u0430 \\u0441\\u043b\\u043e\\u0431\\u043e\\u0434\\u043e\\u0443\\u043c\\u043d\\u0438\",\"potentialAction\":[{\"@type\":\"SearchAction\",\"target\":\"https:\/\/sdk.mk\/?s={search_term_string}\",\"query-input\":\"required name=search_term_string\"}],\"inLanguage\":\"mk-MK\"},{\"@type\":\"ImageObject\",\"@id\":\"https:\/\/sdk.mk\/index.php\/rrjeti-i-korrespondenteve\/pesedhjete-mije-banore-ne-kavadarci-dhe-negotine-pijne-uje-te-verdhe-autoritetet-thone-se-eshte-pijshem\/#primaryimage\",\"inLanguage\":\"mk-MK\",\"url\":\"https:\/\/sdk.mk\/wp-content\/uploads\/2017\/03\/regionalen-vodovod-lukovo-393923893289-696x451-1.jpg\",\"width\":696,\"height\":451,\"caption\":\"Uji p\\u00ebr pirje n\\u00eb Kavadarci dhe Negotin\\u00eb silet prej pes\\u00ebdhjet\\u00eb kilometrave larg, nd\\u00ebr malin e Kozhufit. \\u2013 Uj\\u00ebsjell\\u00ebsi rajonal, Llukar (Foto: SDK.MK)\"},{\"@type\":\"WebPage\",\"@id\":\"https:\/\/sdk.mk\/index.php\/rrjeti-i-korrespondenteve\/pesedhjete-mije-banore-ne-kavadarci-dhe-negotine-pijne-uje-te-verdhe-autoritetet-thone-se-eshte-pijshem\/#webpage\",\"url\":\"https:\/\/sdk.mk\/index.php\/rrjeti-i-korrespondenteve\/pesedhjete-mije-banore-ne-kavadarci-dhe-negotine-pijne-uje-te-verdhe-autoritetet-thone-se-eshte-pijshem\/\",\"name\":\"PES\\u00cbDHJET\\u00cb MIJ\\u00cb BANOR\\u00cb N\\u00cb KAVADARCI DHE NEGOTIN\\u00cb PIJN\\u00cb UJ\\u00cb T\\u00cb VERDH\\u00cb, AUTORITETET THON\\u00cb SE \\u00cbSHT\\u00cb I PIJSH\\u00cbM - \\u0421\\u0430\\u043a\\u0430\\u043c \\u0414\\u0430 \\u041a\\u0430\\u0436\\u0430\\u043c\",\"isPartOf\":{\"@id\":\"https:\/\/sdk.mk\/#website\"},\"primaryImageOfPage\":{\"@id\":\"https:\/\/sdk.mk\/index.php\/rrjeti-i-korrespondenteve\/pesedhjete-mije-banore-ne-kavadarci-dhe-negotine-pijne-uje-te-verdhe-autoritetet-thone-se-eshte-pijshem\/#primaryimage\"},\"datePublished\":\"2017-03-14T14:50:37+00:00\",\"dateModified\":\"2017-03-14T14:50:37+00:00\",\"author\":{\"@id\":\"https:\/\/sdk.mk\/#\/schema\/person\/3e8217f71bc38bd7c592f30c69e10e5a\"},\"inLanguage\":\"mk-MK\",\"potentialAction\":[{\"@type\":\"ReadAction\",\"target\":[\"https:\/\/sdk.mk\/index.php\/rrjeti-i-korrespondenteve\/pesedhjete-mije-banore-ne-kavadarci-dhe-negotine-pijne-uje-te-verdhe-autoritetet-thone-se-eshte-pijshem\/\"]}]},{\"@type\":\"Person\",\"@id\":\"https:\/\/sdk.mk\/#\/schema\/person\/3e8217f71bc38bd7c592f30c69e10e5a\",\"name\":\"\\u041c\\u0438\\u0440\\u043e\\u0441\\u043b\\u0430\\u0432 \\u0418\\u043b\\u0438\\u043e\\u0441\\u043a\\u0438\"}]}<\/script>\n<!-- \/ Yoast SEO Premium plugin. -->","_links":{"self":[{"href":"https:\/\/sdk.mk\/index.php\/wp-json\/wp\/v2\/posts\/26795"}],"collection":[{"href":"https:\/\/sdk.mk\/index.php\/wp-json\/wp\/v2\/posts"}],"about":[{"href":"https:\/\/sdk.mk\/index.php\/wp-json\/wp\/v2\/types\/post"}],"author":[{"embeddable":true,"href":"https:\/\/sdk.mk\/index.php\/wp-json\/wp\/v2\/users\/9"}],"replies":[{"embeddable":true,"href":"https:\/\/sdk.mk\/index.php\/wp-json\/wp\/v2\/comments?post=26795"}],"version-history":[{"count":0,"href":"https:\/\/sdk.mk\/index.php\/wp-json\/wp\/v2\/posts\/26795\/revisions"}],"wp:featuredmedia":[{"embeddable":true,"href":"https:\/\/sdk.mk\/index.php\/wp-json\/wp\/v2\/media\/26797"}],"wp:attachment":[{"href":"https:\/\/sdk.mk\/index.php\/wp-json\/wp\/v2\/media?parent=26795"}],"wp:term":[{"taxonomy":"category","embeddable":true,"href":"https:\/\/sdk.mk\/index.php\/wp-json\/wp\/v2\/categories?post=26795"},{"taxonomy":"post_tag","embeddable":true,"href":"https:\/\/sdk.mk\/index.php\/wp-json\/wp\/v2\/tags?post=26795"}],"curies":[{"name":"wp","href":"https:\/\/api.w.org\/{rel}","templated":true}]}}