{"id":26801,"date":"2017-03-14T15:54:31","date_gmt":"2017-03-14T14:54:31","guid":{"rendered":"http:\/\/sdk.mk\/\/?p=26801"},"modified":"2017-03-14T15:54:31","modified_gmt":"2017-03-14T14:54:31","slug":"krijohet-nje-mal-ri-mbeturinash-ne-tetove-ndersa-nje-ndermarrje-komunale-kerkon-zgjidhje","status":"publish","type":"post","link":"https:\/\/sdk.mk\/index.php\/rrjeti-i-korrespondenteve\/krijohet-nje-mal-ri-mbeturinash-ne-tetove-ndersa-nje-ndermarrje-komunale-kerkon-zgjidhje\/","title":{"rendered":"KRIJOHET NJ\u00cb MAL I RI MBETURINASH N\u00cb TETOV\u00cb ND\u00cbRSA NJ\u00cb ND\u00cbRMARRJE KOMUNALE K\u00cbRKON ZGJIDHJE"},"content":{"rendered":"<div class=\"f52428582a4b906b2d2e2a7d733c7d27\" data-index=\"7\" style=\"float: none; margin:10px 0 10px 0; text-align:center;\">\n<!-- MSP Ads Asynchronous JS Tag - Generated with Revive Adserver v5.4.1 -->\r\n<ins data-revive-zoneid=\"167\" data-revive-id=\"060fdb01f6430ec164d3519234aa4967\"><\/ins>\r\n<script async src=\"\/\/panel.ads.com.mk\/www\/delivery\/asyncjs.php\"><\/script>\n<\/div>\n<p><span style=\"font-weight: 400;\">Deponia e paligjshme e Tetov\u00ebs n\u00eb hyrje t\u00eb qytetit nga dita dit\u00ebs po rritet. Mbeturinat filluan t\u00eb hidhen edhe n\u00eb rrug\u00eb, era e fort\u00eb po b\u00ebhet e padurueshme, nd\u00ebrsa zjarret q\u00eb shpesh her\u00eb ndizen n\u00eb k\u00ebt\u00eb vend, ndotin edhe m\u00eb tep\u00ebr ajrin ve\u00e7m\u00eb t\u00eb ndotur t\u00eb Tetov\u00ebs. Ekzistenca e nj\u00eb deponie t\u00eb k\u00ebtill\u00eb, m\u00eb pak se 100 metra larg objekteve t\u00eb banuara dhe vet\u00ebm 500-600 metra larg qendr\u00ebs s\u00eb qytetit, \u00ebsht\u00eb realitet i Tetov\u00ebs p\u00ebr nj\u00ebzet vjet. <\/span><\/p>\n<p><span style=\"font-weight: 400;\">\u201cTani n\u00eb vend t\u00eb stacioneve t\u00eb ngarkimit gjendet nj\u00eb sasi m\u00eb e madhe mbeturinash, sepse para pak koh\u00ebsh banor\u00ebt e fshatit Rusin\u00eb t\u00eb Gostivarit e bllokuan rrug\u00ebn p\u00ebr kamion\u00ebt tan\u00eb, t\u00eb cil\u00ebt i \u00e7onin mbeturinat n\u00eb deponin\u00eb me emrin e nj\u00ebjt\u00eb, pran\u00eb k\u00ebtij fshati. Tani jemi t\u00eb detyruar q\u00eb t\u2019i \u00e7ojm\u00eb mbeturinat p\u00ebrs\u00ebri n\u00eb deponin\u00eb e Shkupit, Drislla, por kjo gj\u00eb na merr shum\u00eb koh\u00eb dhe prandaj nuk mund ta transportojm\u00eb t\u00eb gjith\u00eb sasin\u00eb e cila mblidhet n\u00eb qytet gjat\u00eb dit\u00ebs\u201d, thot\u00eb drejtori i Nd\u00ebrmarrjes komunale publike t\u00eb Tetov\u00ebs, Xhalal Ceka. <\/span><\/p>\n<p><span style=\"font-weight: 400;\">Dhe kush e di p\u00ebr t\u00eb sat\u00ebn her\u00eb nga NKP e Tetov\u00ebs lajm\u00ebrojn\u00eb q\u00eb s\u00eb shpejti ky problem p\u00ebrfundimisht do t\u00eb jet\u00eb zgjidhur. <\/span><\/p>\n<p><span style=\"font-weight: 400;\">\u201cN\u00eb af\u00ebrsi t\u00eb <\/span><span style=\"font-weight: 400;\">fshatit Trebosh mor\u00ebn me qira nj\u00eb <\/span><span style=\"font-weight: 400;\">hap\u00ebsir\u00eb ku p\u00ebr nj\u00eb koh\u00eb sa m\u00eb t\u00eb shkurt\u00ebr do t\u00eb instalohen pajisje t\u00eb cilat do t\u00eb mbledhin mbeturinat e hedhura gjat\u00eb dit\u00ebs, do t\u2019i ndajn\u00eb sipas llojeve, do t\u2019i vendosin n\u00eb kontejner\u00eb 35 ton\u00ebsh dhe do t\u00eb \u00e7ohen n\u00eb Drislla. N\u00eb k\u00ebt\u00eb m\u00ebnyr\u00eb do t\u00eb zvog\u00eblohen shum\u00eb edhe shpenzimet tona t\u00eb transportit. <\/span><\/p>\n<p><span style=\"font-weight: 400;\">M\u00ebnyra e k\u00ebtill\u00eb e mbledhjes s\u00eb mbeturinave do t\u00eb filloj\u00eb kah fundi i marsit apo n\u00eb fillim t\u00eb prillit, kur presim q\u00eb t\u00eb arrijn\u00eb makinat shtyp\u00ebse. Por, edhe kjo nuk do t\u00eb jet\u00eb ve\u00e7se nj\u00eb zgjidhje e p\u00ebrkohshme. N\u00eb mars, n\u00eb <\/span><span style=\"font-weight: 400;\">fshatin Fallishe <\/span><span style=\"font-weight: 400;\">do t\u00eb filloj\u00eb nd\u00ebrtimi i qendr\u00ebs bashk\u00ebkohore p\u00ebr mbledhjen dhe shtypjen e mbeturinave, p\u00ebr t\u00eb cil\u00ebn tashm\u00eb \u00ebsht\u00eb miratuar tenderi. Ky do t\u00eb jet\u00eb objekt i mbyllur dhe t\u00eb nd\u00ebrtohet sipas t\u00eb gjitha standardeve, nd\u00ebrsa koh\u00ebzgjatje e nd\u00ebrtimit do t\u00eb jet\u00eb maksimum tre muaj. K\u00ebshtu mendojm\u00eb q\u00eb, problemin e derdhjes dhe transportimit t\u00eb mbeturinave, ta zgjidhim n\u00eb nj\u00eb periudh\u00eb m\u00eb t\u00eb gjat\u00eb kohore\u201d, thot\u00eb Ceka.<\/span><\/p>\n<p>Nd\u00ebrkoh\u00eb q\u00eb Tetova akoma mendon p\u00ebr deponi, eksperiencat bot\u00ebrore thon\u00eb se n\u00eb shtetet e zhvilluara, raporti ndaj derdhjes s\u00eb mbeturinave \u00ebsht\u00eb krejt\u00ebsisht ndryshe. Disa eksperienca t\u00eb k\u00ebtilla u prezantuan n\u00eb diskutimin n\u00eb panel p\u00ebr deponi t\u00eb e paligjshme n\u00eb Rajonin e Pollogut, q\u00eb u mbajt n\u00eb Universitetin e Evrop\u00ebs Juglindore n\u00eb Tetov\u00eb.<\/p>\n<p>\u201cN\u00eb nj\u00ebzet vjet\u00ebt e fundit, n\u00eb Evrop\u00eb ka ndryshuar m\u00ebnyra e menaxhimit t\u00eb mbeturinave. M\u00eb her\u00ebt, pothuajse t\u00eb gjitha mbeturinat hidhej n\u00eb deponi. Gjat\u00eb viteve t\u00eb fundit, n\u00eb ve\u00e7anti n\u00eb shtetet e zhvilluara t\u00eb Evrop\u00ebs, v\u00ebrehet nj\u00eb trend ngjit\u00ebs p\u00ebr transferimin sa m\u00eb t\u00eb pak\u00ebt t\u00eb mbeturinave n\u00ebp\u00ebr deponi. N\u00eb lidhje me menaxhimin e mbeturinave, atje gjenden m\u00ebnyra dhe zgjidhje t\u00eb reja t\u00eb reciklimit, t\u00eb p\u00ebrdorimit si material dyt\u00ebsor apo si burim i energjis\u00eb\u201d, thot\u00eb dr. Hristina Oxhaklievska, ekspert i mjedisit jet\u00ebsor.<\/p>\n<p><span style=\"font-weight: 400;\">Edhe shoq\u00ebrit\u00eb ekologjike t\u00eb Tetov\u00ebs jan\u00eb t\u00eb mendimit q\u00eb m\u00ebnyra e k\u00ebtill\u00eb p\u00ebr trajtimin e mbeturinave \u00ebsht\u00eb m\u00ebnyra e duhur, drejt s\u00eb cil\u00ebs duhet t\u00eb mendoj\u00eb edhe udh\u00ebheq\u00ebsia lokale e Tetov\u00ebs. <\/span><\/p>\n<p><span style=\"font-weight: 400;\">\u201cSipas nesh, zgjidhja m\u00eb e mir\u00eb p\u00ebr deponin\u00eb e Tetov\u00ebs do t\u00eb ishte m\u00ebnyra e cila zbatohet n\u00eb Lubljan\u00eb. Atje, mbeturinat reciklohen, kompostohen dhe prodhohet energji elektrike. Kjo do t\u00eb ishte zgjidhja m\u00eb e mir\u00eb p\u00ebr Tetov\u00ebn dhe rajonin, sepse ne jemi kund\u00ebr \u00e7do lloj improvizimi t\u00eb k\u00ebtij problemi me zgjidhje afatshkurt\u00ebr\u201d, thot\u00eb Ngadh\u00ebnjim Mehmeti nga shoq\u00ebria ekologjike \u201cEkoguerilla\u201d. <\/span><\/p>\n<p><span style=\"font-weight: 400;\">\u201c\u00c7\u00ebshtja nuk ka t\u00eb b\u00ebj\u00eb vet\u00ebm me m\u00ebnyr\u00ebn se si trajtohen mbeturinat, por edhe me q\u00ebllimin q\u00eb duhet krijuar sa m\u00eb pak ndotje. Slloven\u00ebt tani, paguajn\u00eb vet\u00ebm 420 denar\u00eb n\u00eb muaj p\u00ebr mbledhjen e mbeturinave, nd\u00ebrsa sh\u00ebrbimi ka dobishm\u00ebri t\u00eb madhe ekologjike dhe sociale, ka hapur vende t\u00eb reja pune, e mbron mjedisin jet\u00ebsor dhe i ka zvog\u00ebluar shum\u00eb shpenzimet e nd\u00ebrmarrjeve t\u00eb komun\u00ebs, p\u00ebrderisa ne n\u00eb Shkup paguajm\u00eb 300 denar\u00eb n\u00eb muaj dhe nuk kemi asnj\u00eb lloj sh\u00ebrbimi. Mos pasja e vullnetit politik, vet\u00ebdija e ul\u00ebt qytetare dhe painteresi p\u00ebr problemet ekologjike jan\u00eb arsyet kryesore se pse nuk zgjidhen k\u00ebto probleme\u201d, qart\u00ebson Bllazhe Jofifovski, kryetar i asociacionit p\u00ebr mjedis t\u00eb past\u00ebr jet\u00ebsor t\u00eb Maqedonis\u00eb, \u201cEden na eden\u201d. <\/span><\/p>\n<p><span style=\"font-weight: 400;\">N\u00eb deponin\u00eb e paligjshme t\u00eb Tetov\u00ebs arrin edhe nj\u00eb kamion tjet\u00ebr i NKP t\u00eb Tetov\u00ebs p\u00ebr t\u00eb shkarkuar mbeturinat, duke rritur edhe m\u00eb shum\u00eb lart\u00ebsin\u00eb e malit me mbeturina. N\u00eb Tetov\u00eb, \u00e7do dit\u00eb mblidhen nga 100 deri n\u00eb 150 ton\u00eb mbeturina, var\u00ebsisht nga periudha e vitit. <\/span><\/p>\n<p><span style=\"font-weight: 400;\"><em><strong>Z.\u00a0<\/strong><\/em><\/span><em><strong>ANDONOV<\/strong><\/em><\/p>\n\n<div style=\"font-size: 0px; height: 0px; line-height: 0px; margin: 0; padding: 0; clear: both;\"><\/div>","protected":false},"excerpt":{"rendered":"<p>Deponia e paligjshme e Tetov\u00ebs n\u00eb hyrje t\u00eb qytetit nga dita dit\u00ebs po rritet. Mbeturinat filluan t\u00eb hidhen edhe n\u00eb [&hellip;]<\/p>\n","protected":false},"author":9,"featured_media":26802,"comment_status":"closed","ping_status":"closed","sticky":false,"template":"","format":"standard","meta":{"_mo_disable_npp":"","inline_featured_image":false},"categories":[3095],"tags":[12503],"imageURL":"https:\/\/sdk.mk\/wp-content\/uploads\/2017\/03\/Deponija-03-696x390-1-650x364.jpg","thumbURL":"https:\/\/sdk.mk\/wp-content\/uploads\/2017\/03\/Deponija-03-696x390-1-250x140.jpg","categoryNames":["Rrjeti i korrespondent\u00ebve"],"feature_caption":"","subtitle":"a:2:{s:16:\"td_post_template\";s:18:\"single_template_EU\";s:9:\"td_source\";s:45:\"\u0422\u0435\u0442\u043e\u0432\u043e,(\u0421\u0410\u041a\u0410\u041c\u0414\u0410\u041a\u0410\u0416\u0410\u041c.\u041c\u041a)","views":"5943","source":"","yoast_head":"<!-- This site is optimized with the Yoast SEO Premium plugin v15.0 - https:\/\/yoast.com\/wordpress\/plugins\/seo\/ -->\n<title>KRIJOHET NJ\u00cb MAL I RI MBETURINASH N\u00cb TETOV\u00cb ND\u00cbRSA NJ\u00cb ND\u00cbRMARRJE KOMUNALE K\u00cbRKON ZGJIDHJE - \u0421\u0430\u043a\u0430\u043c \u0414\u0430 \u041a\u0430\u0436\u0430\u043c<\/title>\n<meta name=\"robots\" content=\"index, follow, max-snippet:-1, max-image-preview:large, max-video-preview:-1\" \/>\n<link rel=\"canonical\" href=\"https:\/\/sdk.mk\/index.php\/rrjeti-i-korrespondenteve\/krijohet-nje-mal-ri-mbeturinash-ne-tetove-ndersa-nje-ndermarrje-komunale-kerkon-zgjidhje\/\" \/>\n<meta property=\"og:locale\" content=\"mk_MK\" \/>\n<meta property=\"og:type\" content=\"article\" \/>\n<meta property=\"og:title\" content=\"KRIJOHET NJ\u00cb MAL I RI MBETURINASH N\u00cb TETOV\u00cb ND\u00cbRSA NJ\u00cb ND\u00cbRMARRJE KOMUNALE K\u00cbRKON ZGJIDHJE - \u0421\u0430\u043a\u0430\u043c \u0414\u0430 \u041a\u0430\u0436\u0430\u043c\" \/>\n<meta property=\"og:description\" content=\"Deponia e paligjshme e Tetov\u00ebs n\u00eb hyrje t\u00eb qytetit nga dita dit\u00ebs po rritet. Mbeturinat filluan t\u00eb hidhen edhe n\u00eb [&hellip;]\" \/>\n<meta property=\"og:url\" content=\"https:\/\/sdk.mk\/index.php\/rrjeti-i-korrespondenteve\/krijohet-nje-mal-ri-mbeturinash-ne-tetove-ndersa-nje-ndermarrje-komunale-kerkon-zgjidhje\/\" \/>\n<meta property=\"og:site_name\" content=\"\u0421\u0430\u043a\u0430\u043c \u0414\u0430 \u041a\u0430\u0436\u0430\u043c\" \/>\n<meta property=\"article:published_time\" content=\"2017-03-14T14:54:31+00:00\" \/>\n<meta property=\"og:image\" content=\"https:\/\/sdk.mk\/wp-content\/uploads\/2017\/03\/Deponija-03-696x390-1.jpg\" \/>\n\t<meta property=\"og:image:width\" content=\"696\" \/>\n\t<meta property=\"og:image:height\" content=\"390\" \/>\n<meta property=\"fb:app_id\" content=\"2407985809428537\" \/>\n<meta name=\"twitter:card\" content=\"summary\" \/>\n<script type=\"application\/ld+json\" class=\"yoast-schema-graph\">{\"@context\":\"https:\/\/schema.org\",\"@graph\":[{\"@type\":\"WebSite\",\"@id\":\"https:\/\/sdk.mk\/#website\",\"url\":\"https:\/\/sdk.mk\/\",\"name\":\"\\u0421\\u0430\\u043a\\u0430\\u043c \\u0414\\u0430 \\u041a\\u0430\\u0436\\u0430\\u043c\",\"description\":\"\\u0417\\u0430 \\u0441\\u043b\\u043e\\u0431\\u043e\\u0434\\u043e\\u0443\\u043c\\u043d\\u0438\",\"potentialAction\":[{\"@type\":\"SearchAction\",\"target\":\"https:\/\/sdk.mk\/?s={search_term_string}\",\"query-input\":\"required name=search_term_string\"}],\"inLanguage\":\"mk-MK\"},{\"@type\":\"ImageObject\",\"@id\":\"https:\/\/sdk.mk\/index.php\/rrjeti-i-korrespondenteve\/krijohet-nje-mal-ri-mbeturinash-ne-tetove-ndersa-nje-ndermarrje-komunale-kerkon-zgjidhje\/#primaryimage\",\"inLanguage\":\"mk-MK\",\"url\":\"https:\/\/sdk.mk\/wp-content\/uploads\/2017\/03\/Deponija-03-696x390-1.jpg\",\"width\":696,\"height\":390,\"caption\":\"Deponia e hapur e paligjshme m\\u00eb pak se 100 metra larg objekteve t\\u00eb banuara dhe vet\\u00ebm 500-600 metra larg qendr\\u00ebs s\\u00eb qytetit n\\u00eb Tetov\\u00eb, gjendet aty tashm\\u00eb m\\u00eb shum\\u00eb se nj\\u00ebzet vjet. (Foto: SDK.MK)\"},{\"@type\":\"WebPage\",\"@id\":\"https:\/\/sdk.mk\/index.php\/rrjeti-i-korrespondenteve\/krijohet-nje-mal-ri-mbeturinash-ne-tetove-ndersa-nje-ndermarrje-komunale-kerkon-zgjidhje\/#webpage\",\"url\":\"https:\/\/sdk.mk\/index.php\/rrjeti-i-korrespondenteve\/krijohet-nje-mal-ri-mbeturinash-ne-tetove-ndersa-nje-ndermarrje-komunale-kerkon-zgjidhje\/\",\"name\":\"KRIJOHET NJ\\u00cb MAL I RI MBETURINASH N\\u00cb TETOV\\u00cb ND\\u00cbRSA NJ\\u00cb ND\\u00cbRMARRJE KOMUNALE K\\u00cbRKON ZGJIDHJE - \\u0421\\u0430\\u043a\\u0430\\u043c \\u0414\\u0430 \\u041a\\u0430\\u0436\\u0430\\u043c\",\"isPartOf\":{\"@id\":\"https:\/\/sdk.mk\/#website\"},\"primaryImageOfPage\":{\"@id\":\"https:\/\/sdk.mk\/index.php\/rrjeti-i-korrespondenteve\/krijohet-nje-mal-ri-mbeturinash-ne-tetove-ndersa-nje-ndermarrje-komunale-kerkon-zgjidhje\/#primaryimage\"},\"datePublished\":\"2017-03-14T14:54:31+00:00\",\"dateModified\":\"2017-03-14T14:54:31+00:00\",\"author\":{\"@id\":\"https:\/\/sdk.mk\/#\/schema\/person\/3e8217f71bc38bd7c592f30c69e10e5a\"},\"inLanguage\":\"mk-MK\",\"potentialAction\":[{\"@type\":\"ReadAction\",\"target\":[\"https:\/\/sdk.mk\/index.php\/rrjeti-i-korrespondenteve\/krijohet-nje-mal-ri-mbeturinash-ne-tetove-ndersa-nje-ndermarrje-komunale-kerkon-zgjidhje\/\"]}]},{\"@type\":\"Person\",\"@id\":\"https:\/\/sdk.mk\/#\/schema\/person\/3e8217f71bc38bd7c592f30c69e10e5a\",\"name\":\"\\u041c\\u0438\\u0440\\u043e\\u0441\\u043b\\u0430\\u0432 \\u0418\\u043b\\u0438\\u043e\\u0441\\u043a\\u0438\"}]}<\/script>\n<!-- \/ Yoast SEO Premium plugin. -->","_links":{"self":[{"href":"https:\/\/sdk.mk\/index.php\/wp-json\/wp\/v2\/posts\/26801"}],"collection":[{"href":"https:\/\/sdk.mk\/index.php\/wp-json\/wp\/v2\/posts"}],"about":[{"href":"https:\/\/sdk.mk\/index.php\/wp-json\/wp\/v2\/types\/post"}],"author":[{"embeddable":true,"href":"https:\/\/sdk.mk\/index.php\/wp-json\/wp\/v2\/users\/9"}],"replies":[{"embeddable":true,"href":"https:\/\/sdk.mk\/index.php\/wp-json\/wp\/v2\/comments?post=26801"}],"version-history":[{"count":0,"href":"https:\/\/sdk.mk\/index.php\/wp-json\/wp\/v2\/posts\/26801\/revisions"}],"wp:featuredmedia":[{"embeddable":true,"href":"https:\/\/sdk.mk\/index.php\/wp-json\/wp\/v2\/media\/26802"}],"wp:attachment":[{"href":"https:\/\/sdk.mk\/index.php\/wp-json\/wp\/v2\/media?parent=26801"}],"wp:term":[{"taxonomy":"category","embeddable":true,"href":"https:\/\/sdk.mk\/index.php\/wp-json\/wp\/v2\/categories?post=26801"},{"taxonomy":"post_tag","embeddable":true,"href":"https:\/\/sdk.mk\/index.php\/wp-json\/wp\/v2\/tags?post=26801"}],"curies":[{"name":"wp","href":"https:\/\/api.w.org\/{rel}","templated":true}]}}