{"id":26862,"date":"2017-03-15T11:50:44","date_gmt":"2017-03-15T10:50:44","guid":{"rendered":"http:\/\/sdk.mk\/\/?p=26862"},"modified":"2017-03-15T11:50:44","modified_gmt":"2017-03-15T10:50:44","slug":"drejtori-burgut-idrizove-pengon-hetimin-per-te-burgosuren-semundje-te-rende-thote-avokati-popullit","status":"publish","type":"post","link":"https:\/\/sdk.mk\/index.php\/ngrije-zerin-per-avokatin-e-popullit\/drejtori-burgut-idrizove-pengon-hetimin-per-te-burgosuren-semundje-te-rende-thote-avokati-popullit\/","title":{"rendered":"DREJTORI I BURGUT \u201cIDRIZOV\u00cb\u201d PENGON HETIMIN P\u00cbR T\u00cb BURGOSUR\u00cbN ME  S\u00cbMUNDJE T\u00cb R\u00cbND\u00cb, THOT\u00cb AVOKATI I POPULLIT"},"content":{"rendered":"<div class=\"f52428582a4b906b2d2e2a7d733c7d27\" data-index=\"7\" style=\"float: none; margin:10px 0 10px 0; text-align:center;\">\n<!-- MSP Ads Asynchronous JS Tag - Generated with Revive Adserver v5.4.1 -->\r\n<ins data-revive-zoneid=\"167\" data-revive-id=\"060fdb01f6430ec164d3519234aa4967\"><\/ins>\r\n<script async src=\"\/\/panel.ads.com.mk\/www\/delivery\/asyncjs.php\"><\/script>\n<\/div>\n<p><span style=\"font-weight: 400;\">Vdjeka po shtohet n\u00eb burgun \u201cIdrizov\u00eb\u201d. Nga janari e deri m\u00eb tani kan\u00eb vdekur pes\u00eb t\u00eb burgosur. Drejtori i burgut Zhivko Pejkovski refuzon t\u00eb jap\u00eb dokumentacione p\u00ebr nj\u00eb nga rastet t\u00eb cilat i kryen Ombudsmani, p\u00ebr nj\u00eb paciente q\u00eb para pak koh\u00ebsh ka vdekur n\u00eb burg, thot\u00eb Avokati i popullit, Ixhet Memeti. Ai ka ngritur procedura p\u00ebr t\u00eb gjitha rastet e vdekjes n\u00eb burgun m\u00eb t\u00eb madh nga fillimi i k\u00ebtij viti, por ka lindur nj\u00eb konflikt me drejtorin Pejovski n\u00eb hetimin e rastit t\u00eb t\u00eb burgosur\u00ebs me s\u00ebmundje t\u00eb r\u00ebnd\u00eb, e cila para jo shum\u00eb kohe, me ul\u00e7er\u00eb t\u00eb \u00ebsht\u00eb d\u00ebrguar n\u00eb Qendr\u00ebn e klinik\u00ebs, n\u00eb momentin e fundit. <\/span><\/p>\n<p><span style=\"font-weight: 400;\">Memeti thot\u00eb q\u00eb p\u00ebr her\u00eb t\u00eb par\u00eb nga ekzistimi i institucionit t\u00eb Avokatit t\u00eb popullit ndodh q\u00eb drejtor i nj\u00eb burgu dhe n\u00eb p\u00ebrgjith\u00ebsi nj\u00eb person n\u00eb krye t\u00eb institucionit ta pengoj\u00eb me ashp\u00ebrsi pun\u00ebn e Ombudsmanit. <\/span><\/p>\n<p><span style=\"font-weight: 400;\">\u201cDrejtori Pejovski nuk mund t\u00eb jap\u00eb dokumentacion t\u00eb plot\u00eb mjek\u00ebsor t\u00eb pacientes me s\u00ebmundje t\u00eb r\u00ebnd\u00eb. M\u00eb ka kthyer p\u00ebrgjigje q\u00eb t\u00eb shkoj atje q\u00eb t\u00eb kryej inspeksion, nd\u00ebrsa mua m\u00eb nevojiten dokumentacionet dhe d\u00ebshmit\u00eb q\u00eb t\u00eb mund t\u00eb ngrit procedure p\u00ebr k\u00ebt\u00eb rast. Kjo \u00ebsht\u00eb precendent. Askush, p\u00ebrve\u00e7 DSK, nuk ka penguar hetimet q\u00eb i hap Ombudsmani kur e hap\u00ebm l\u00ebnd\u00ebn p\u00ebr p\u00ebrgjimin masiv t\u00eb paligjsh\u00ebm. Pejovski e b\u00ebn t\u00eb pamundur mbledhjen e t\u00eb dh\u00ebnave dhe d\u00ebshmive q\u00eb t\u00eb arrijm\u00eb n\u00eb nj\u00eb situat\u00eb faktike: a \u00ebsht\u00eb ankuar e burgosura p\u00ebr probleme sh\u00ebndet\u00ebsore, pse nuk ka pasur nj\u00eb mjek t\u00eb burgut p\u00ebr t\u2019i kryer nj\u00eb kontroll, si ka q\u00ebndruar p\u00ebr aq gjat\u00eb koh\u00eb me ulcer\u00ebn e plasur n\u00eb lukth\u201d, thot\u00eb Memeti p\u00ebr SAKAMDAKAZAM.MK<\/span><\/p>\n<p><span style=\"font-weight: 400;\">Neni 24 i Ligjit t\u00eb Avokatit t\u00eb popullit i jep autorizime t\u00eb gjera dhe t\u00eb p\u00ebrforcuara Ombudsmanit, kur punon sipas parashtresave t\u00eb qytetar\u00ebve dhe kur heton rast t\u00eb shkeljes s\u00eb t\u00eb lirive dhe t\u00eb drejtave t\u00eb njeriut. Ai mund t\u00eb k\u00ebrkoj\u00eb \u00e7far\u00ebdo lloj d\u00ebshmish materiale dhe verbale, t\u00eb th\u00ebrras\u00eb persona zyrtar\u00eb n\u00eb bised\u00eb, nd\u00ebrsa institucionet jan\u00eb t\u00eb detyruara t\u2019ia japin d\u00ebshmit\u00eb. Drejtori Pejovski p\u00ebr SAKAMDAKAZAM.MK konfirmoi q\u00eb p\u00ebr rastin me t\u00eb burgosur\u00ebn, ai i ka d\u00ebrguar Memetit nj\u00eb shkres\u00eb ku e th\u00ebrret t\u00eb vij\u00eb n\u00eb burg q\u00eb t\u00eb kryej\u00eb inspeskion. Si argument i tij ka qen\u00eb se kartoni mjek\u00ebsor nuk ka mundur t\u00eb bartet sepse k\u00ebshtu do t\u00eb kund\u00ebrvepronte me Ligjin p\u00ebr t\u00eb dh\u00ebna personale.<\/span><\/p>\n<p><span style=\"font-weight: 400;\">Memeti i referohet nenit 27 t\u00eb Ligjit, i cili i detyron institucionet t\u00eb bashk\u00ebpunojn\u00eb me Avokatin e popullit \u00a0dhe t\u2019ia japin t\u00eb gjitha informacionet e k\u00ebrkuara, pavar\u00ebsisht shkall\u00ebs s\u00eb konfidencialitetit. Por thot\u00eb, \u00e7\u00ebshtja nuk \u00ebsht\u00eb k\u00ebtu, por tek pengimi i ashp\u00ebr i pun\u00ebs s\u00eb tij, precedent q\u00eb asesi nuk duhet t\u00eb kaloj\u00eb pa u trajtuar. <\/span><\/p>\n<p><span style=\"font-weight: 400;\">Gjithsesi, Pejovski thot\u00eb: \u201cBurgu Idrizov\u00eb \u00ebsht\u00eb gjithmon\u00eb i hapur p\u00ebr Avokatin e popullit. Nj\u00eb ekip i tij \u00ebsht\u00eb k\u00ebtu derisa n\u00eb po flasim. Asnj\u00ebher\u00eb nuk kemi refuzuar bashk\u00ebpunim, asnj\u00ebher\u00eb nuk kemi fshehur ndonj\u00eb dokument nga ai. K\u00ebshtu do t\u00eb jet\u00eb edhe me k\u00ebt\u00eb rast. Do t\u00eb bisedojm\u00eb dhe do t\u00eb merremi vesh se \u00e7far\u00eb nevojitet sakt\u00ebsisht. Do t\u2019i japim Ombudsmanit \u00e7do gj\u00eb q\u00eb k\u00ebrkon, si\u00e7 \u00ebsht\u00eb praktikuar edhe deri tani\u201d. <\/span><span style=\"font-weight: 400;\"><\/p>\n<p><\/span><\/p>\n<p><span style=\"font-weight: 400;\">Nga tetori vjet e deri tani kan\u00eb vdekur 7 t\u00eb burgosur, p\u00ebr shkak t\u00eb sigurimit t\u00eb keq sh\u00ebndet\u00ebsor t\u00eb burgjeve. Gjasht\u00eb kan\u00eb vdekur n\u00eb \u201cIdrizov\u00eb\u201d, nj\u00eb n\u00eb burgun e Shutk\u00ebs. Drejtori i burgut Pejovski thot\u00eb q\u00eb me p\u00ebrpjekeje mbinjer\u00ebzore shohin drejt t\u00eb burgosurve me probleme sh\u00ebndet\u00ebsore, q\u00eb t\u00eb reagohet edhe gjat\u00eb pasdites, kur nuk gjendet mjeku i burgut. <\/span><\/p>\n<p><span style=\"font-weight: 400;\">\u201c\u00c7\u2019t\u00eb b\u00ebjm\u00eb vet\u00ebm me dy mjek\u00eb dhe dy motra medicinale p\u00ebr 1.860 t\u00eb burgosur? Prej tyre 450 jan\u00eb t\u00eb varur nga droga, kurse mbi 150 jan\u00eb t\u00eb s\u00ebmur\u00eb psiqikisht dhe q\u00eb t\u00eb gjith\u00eb t\u00eb gjykuar me d\u00ebnime me burg. Burgu \u201cIdrizov\u00eb\u201d paguan shuma t\u00eb m\u00ebdha p\u00ebr mjekimin e t\u00eb burgosurve t\u00eb s\u00ebmur\u00eb n\u00eb klinika, sepse ata akoma nuk kan\u00eb sigurim. Mbi dy vjet reagoj n\u00eb Ministrin\u00eb e sh\u00ebndet\u00ebsis\u00eb, n\u00eb Qeveri, n\u00eb drejtorin\u00eb p\u00ebr kryerjen e sanksioneve, por ligji nuk zbatohet. Ligjin duhet ta zbatonte Ministria e sh\u00ebndet\u00ebsis\u00eb, se pse nuk po e zbaton, nuk e di\u201d, reagon Pejovski. <\/span><\/p>\n<p><span style=\"font-weight: 400;\"><em><strong>S.\u00a0<\/strong><\/em><\/span><em><strong>K. DELEVSKA<\/strong><\/em><\/p>\n\n<div style=\"font-size: 0px; height: 0px; line-height: 0px; margin: 0; padding: 0; clear: both;\"><\/div>","protected":false},"excerpt":{"rendered":"<p>Vdjeka po shtohet n\u00eb burgun \u201cIdrizov\u00eb\u201d. Nga janari e deri m\u00eb tani kan\u00eb vdekur pes\u00eb t\u00eb burgosur. Drejtori i burgut [&hellip;]<\/p>\n","protected":false},"author":9,"featured_media":26863,"comment_status":"closed","ping_status":"closed","sticky":false,"template":"","format":"standard","meta":{"_mo_disable_npp":"","inline_featured_image":false},"categories":[3083],"tags":[],"imageURL":"https:\/\/sdk.mk\/wp-content\/uploads\/2017\/03\/idrizovo-2-650x418.jpg","thumbURL":"https:\/\/sdk.mk\/wp-content\/uploads\/2017\/03\/idrizovo-2-250x161.jpg","categoryNames":["Ngrije z\u00ebrin p\u00ebr Avokatin e Popullit"],"feature_caption":"","subtitle":"a:2:{s:16:\"td_post_template\";s:23:\"single_template_british\";s:9:\"td_source\";s:45:\"\u0421\u043a\u043e\u043f\u0458\u0435,(\u0421\u0410\u041a\u0410\u041c\u0414\u0410\u041a\u0410\u0416\u0410\u041c.\u041c\u041a)","views":"3596","source":"","yoast_head":"<!-- This site is optimized with the Yoast SEO Premium plugin v15.0 - https:\/\/yoast.com\/wordpress\/plugins\/seo\/ -->\n<title>DREJTORI I BURGUT \u201cIDRIZOV\u00cb\u201d PENGON HETIMIN P\u00cbR T\u00cb BURGOSUR\u00cbN ME S\u00cbMUNDJE T\u00cb R\u00cbND\u00cb, THOT\u00cb AVOKATI I POPULLIT - \u0421\u0430\u043a\u0430\u043c \u0414\u0430 \u041a\u0430\u0436\u0430\u043c<\/title>\n<meta name=\"robots\" content=\"index, follow, max-snippet:-1, max-image-preview:large, max-video-preview:-1\" \/>\n<link rel=\"canonical\" href=\"https:\/\/sdk.mk\/index.php\/ngrije-zerin-per-avokatin-e-popullit\/drejtori-burgut-idrizove-pengon-hetimin-per-te-burgosuren-semundje-te-rende-thote-avokati-popullit\/\" \/>\n<meta property=\"og:locale\" content=\"mk_MK\" \/>\n<meta property=\"og:type\" content=\"article\" \/>\n<meta property=\"og:title\" content=\"DREJTORI I BURGUT \u201cIDRIZOV\u00cb\u201d PENGON HETIMIN P\u00cbR T\u00cb BURGOSUR\u00cbN ME S\u00cbMUNDJE T\u00cb R\u00cbND\u00cb, THOT\u00cb AVOKATI I POPULLIT - \u0421\u0430\u043a\u0430\u043c \u0414\u0430 \u041a\u0430\u0436\u0430\u043c\" \/>\n<meta property=\"og:description\" content=\"Vdjeka po shtohet n\u00eb burgun \u201cIdrizov\u00eb\u201d. Nga janari e deri m\u00eb tani kan\u00eb vdekur pes\u00eb t\u00eb burgosur. Drejtori i burgut [&hellip;]\" \/>\n<meta property=\"og:url\" content=\"https:\/\/sdk.mk\/index.php\/ngrije-zerin-per-avokatin-e-popullit\/drejtori-burgut-idrizove-pengon-hetimin-per-te-burgosuren-semundje-te-rende-thote-avokati-popullit\/\" \/>\n<meta property=\"og:site_name\" content=\"\u0421\u0430\u043a\u0430\u043c \u0414\u0430 \u041a\u0430\u0436\u0430\u043c\" \/>\n<meta property=\"article:published_time\" content=\"2017-03-15T10:50:44+00:00\" \/>\n<meta property=\"og:image\" content=\"https:\/\/sdk.mk\/wp-content\/uploads\/2017\/03\/idrizovo-2.jpg\" \/>\n\t<meta property=\"og:image:width\" content=\"690\" \/>\n\t<meta property=\"og:image:height\" content=\"444\" \/>\n<meta property=\"fb:app_id\" content=\"2407985809428537\" \/>\n<meta name=\"twitter:card\" content=\"summary\" \/>\n<script type=\"application\/ld+json\" class=\"yoast-schema-graph\">{\"@context\":\"https:\/\/schema.org\",\"@graph\":[{\"@type\":\"WebSite\",\"@id\":\"https:\/\/sdk.mk\/#website\",\"url\":\"https:\/\/sdk.mk\/\",\"name\":\"\\u0421\\u0430\\u043a\\u0430\\u043c \\u0414\\u0430 \\u041a\\u0430\\u0436\\u0430\\u043c\",\"description\":\"\\u0417\\u0430 \\u0441\\u043b\\u043e\\u0431\\u043e\\u0434\\u043e\\u0443\\u043c\\u043d\\u0438\",\"potentialAction\":[{\"@type\":\"SearchAction\",\"target\":\"https:\/\/sdk.mk\/?s={search_term_string}\",\"query-input\":\"required name=search_term_string\"}],\"inLanguage\":\"mk-MK\"},{\"@type\":\"ImageObject\",\"@id\":\"https:\/\/sdk.mk\/index.php\/ngrije-zerin-per-avokatin-e-popullit\/drejtori-burgut-idrizove-pengon-hetimin-per-te-burgosuren-semundje-te-rende-thote-avokati-popullit\/#primaryimage\",\"inLanguage\":\"mk-MK\",\"url\":\"https:\/\/sdk.mk\/wp-content\/uploads\/2017\/03\/idrizovo-2.jpg\",\"width\":690,\"height\":444,\"caption\":\"Drejtori i burgut, Zhivko Pejkovski ka refuzuar t\\u2019i jap\\u00eb Ombudsmanit dokumentacione p\\u00ebr hetimin e rastit t\\u00eb t\\u00eb burgosur\\u00ebs me s\\u00ebmundje t\\u00eb r\\u00ebnd\\u00eb, e cila n\\u00eb moment t\\u00eb fundit, me ul\\u00e7er\\u00eb t\\u00eb plasur, ka qen\\u00eb e d\\u00ebrguar n\\u00eb Qendr\\u00ebn klinike \\u2013 burgu Idrizov\\u00eb (Foto: Gj. Li\\u00e7ovski)\"},{\"@type\":\"WebPage\",\"@id\":\"https:\/\/sdk.mk\/index.php\/ngrije-zerin-per-avokatin-e-popullit\/drejtori-burgut-idrizove-pengon-hetimin-per-te-burgosuren-semundje-te-rende-thote-avokati-popullit\/#webpage\",\"url\":\"https:\/\/sdk.mk\/index.php\/ngrije-zerin-per-avokatin-e-popullit\/drejtori-burgut-idrizove-pengon-hetimin-per-te-burgosuren-semundje-te-rende-thote-avokati-popullit\/\",\"name\":\"DREJTORI I BURGUT \\u201cIDRIZOV\\u00cb\\u201d PENGON HETIMIN P\\u00cbR T\\u00cb BURGOSUR\\u00cbN ME S\\u00cbMUNDJE T\\u00cb R\\u00cbND\\u00cb, THOT\\u00cb AVOKATI I POPULLIT - \\u0421\\u0430\\u043a\\u0430\\u043c \\u0414\\u0430 \\u041a\\u0430\\u0436\\u0430\\u043c\",\"isPartOf\":{\"@id\":\"https:\/\/sdk.mk\/#website\"},\"primaryImageOfPage\":{\"@id\":\"https:\/\/sdk.mk\/index.php\/ngrije-zerin-per-avokatin-e-popullit\/drejtori-burgut-idrizove-pengon-hetimin-per-te-burgosuren-semundje-te-rende-thote-avokati-popullit\/#primaryimage\"},\"datePublished\":\"2017-03-15T10:50:44+00:00\",\"dateModified\":\"2017-03-15T10:50:44+00:00\",\"author\":{\"@id\":\"https:\/\/sdk.mk\/#\/schema\/person\/3e8217f71bc38bd7c592f30c69e10e5a\"},\"inLanguage\":\"mk-MK\",\"potentialAction\":[{\"@type\":\"ReadAction\",\"target\":[\"https:\/\/sdk.mk\/index.php\/ngrije-zerin-per-avokatin-e-popullit\/drejtori-burgut-idrizove-pengon-hetimin-per-te-burgosuren-semundje-te-rende-thote-avokati-popullit\/\"]}]},{\"@type\":\"Person\",\"@id\":\"https:\/\/sdk.mk\/#\/schema\/person\/3e8217f71bc38bd7c592f30c69e10e5a\",\"name\":\"\\u041c\\u0438\\u0440\\u043e\\u0441\\u043b\\u0430\\u0432 \\u0418\\u043b\\u0438\\u043e\\u0441\\u043a\\u0438\"}]}<\/script>\n<!-- \/ Yoast SEO Premium plugin. -->","_links":{"self":[{"href":"https:\/\/sdk.mk\/index.php\/wp-json\/wp\/v2\/posts\/26862"}],"collection":[{"href":"https:\/\/sdk.mk\/index.php\/wp-json\/wp\/v2\/posts"}],"about":[{"href":"https:\/\/sdk.mk\/index.php\/wp-json\/wp\/v2\/types\/post"}],"author":[{"embeddable":true,"href":"https:\/\/sdk.mk\/index.php\/wp-json\/wp\/v2\/users\/9"}],"replies":[{"embeddable":true,"href":"https:\/\/sdk.mk\/index.php\/wp-json\/wp\/v2\/comments?post=26862"}],"version-history":[{"count":0,"href":"https:\/\/sdk.mk\/index.php\/wp-json\/wp\/v2\/posts\/26862\/revisions"}],"wp:featuredmedia":[{"embeddable":true,"href":"https:\/\/sdk.mk\/index.php\/wp-json\/wp\/v2\/media\/26863"}],"wp:attachment":[{"href":"https:\/\/sdk.mk\/index.php\/wp-json\/wp\/v2\/media?parent=26862"}],"wp:term":[{"taxonomy":"category","embeddable":true,"href":"https:\/\/sdk.mk\/index.php\/wp-json\/wp\/v2\/categories?post=26862"},{"taxonomy":"post_tag","embeddable":true,"href":"https:\/\/sdk.mk\/index.php\/wp-json\/wp\/v2\/tags?post=26862"}],"curies":[{"name":"wp","href":"https:\/\/api.w.org\/{rel}","templated":true}]}}