{"id":27802,"date":"2017-03-24T10:50:02","date_gmt":"2017-03-24T09:50:02","guid":{"rendered":"http:\/\/sdk.mk\/?p=27802"},"modified":"2017-03-24T10:52:25","modified_gmt":"2017-03-24T09:52:25","slug":"per-4-vjet-19-gra-jane-vrare-sepse-jane-gra","status":"publish","type":"post","link":"https:\/\/sdk.mk\/index.php\/histori-te-parrefyera\/per-4-vjet-19-gra-jane-vrare-sepse-jane-gra\/","title":{"rendered":"P\u00cbR 4 VJET 19 GRA JAN\u00cb VRAR\u00cb SEPSE JAN\u00cb GRA"},"content":{"rendered":"<div class=\"f52428582a4b906b2d2e2a7d733c7d27\" data-index=\"7\" style=\"float: none; margin:10px 0 10px 0; text-align:center;\">\n<!-- MSP Ads Asynchronous JS Tag - Generated with Revive Adserver v5.4.1 -->\r\n<ins data-revive-zoneid=\"167\" data-revive-id=\"060fdb01f6430ec164d3519234aa4967\"><\/ins>\r\n<script async src=\"\/\/panel.ads.com.mk\/www\/delivery\/asyncjs.php\"><\/script>\n<\/div>\n<p>P\u00ebr kat\u00ebr vjet, Rrjeti nacional kund\u00ebr dhun\u00ebs mbi gruan ka regjistruar 19 vrasje t\u00eb gruas si pasoj\u00eb e dhun\u00ebs familjare. Numrat i referohen periudh\u00ebs prej 2013 deri n\u00eb 2016, n\u00eb Manastir ky num\u00ebr \u00ebsht\u00eb 20, nga 2013 e deri m\u00eb tani. Nga Rrjeti nacional kund\u00ebr dhun\u00ebs mbi gruan thon\u00eb se k\u00ebt\u00eb num\u00ebr e kan\u00eb n\u00eb baz\u00eb t\u00eb rasteve p\u00ebr t\u00eb cilat \u00ebsht\u00eb folur n\u00eb media, pasi Ministria e pun\u00ebve t\u00eb brendshme nuk ka statistik\u00eb t\u00eb ve\u00e7ant\u00eb p\u00ebr k\u00ebto vrasje, q\u00eb ndryshe quhen femicide. Statistik\u00eb p\u00ebr femicidet nuk ka as Ministria p\u00ebr pun\u00eb dhe politik\u00eb sociale.<\/p>\n<p><span style=\"font-weight: 400;\">Sipas numrave tan\u00eb, n\u00eb vitin 2013 jan\u00eb kryer kat\u00ebr femicide, n\u00eb 2014 ka pasur shtat\u00eb vrasje t\u00eb grave, n\u00eb 2015 tre, kurse vjet jan\u00eb vrar\u00eb pes\u00eb gra dhe \u00ebsht\u00eb regjistruar nj\u00eb tentim p\u00ebr vrasje\u201d, thon\u00eb nga rrjeti nacional kund\u00ebr dhun\u00ebs mbi gruan.<\/span><\/p>\n<p><span style=\"font-weight: 400;\">Femicidi \u00ebsht\u00eb forma m\u00eb e r\u00ebnd\u00eb e dhun\u00ebs mbi grat\u00eb dhe mund t\u00eb jet\u00eb pasoj\u00eb direkte e dhun\u00ebs familjare apo t\u00eb dhun\u00ebs mes partner\u00ebve intim\u00eb. Termi femicid do t\u00eb thot\u00eb vrasje e q\u00ebllimshme e gruas p\u00ebr shkak se \u00ebsht\u00eb grua. Reagimi pas vrasjes s\u00eb 47 vje\u00e7ares E.M.D. nga Manastiri, t\u00eb cil\u00ebn burri i saj e ka rrahur deri n\u00eb vdekje me fshes\u00eb, dje kishte n\u00eb disa nga rrjetet sociale t\u00eb disa organizatave joqeveritare.<\/span><\/p>\n<p><span style=\"font-weight: 400;\">\u201cKonventa e Stambollit p\u00ebr pengim dhe luft\u00eb kund\u00ebr dhun\u00ebs mbi grat\u00eb dhe dhun\u00ebs n\u00eb familje nuk \u00ebsht\u00eb ratifikuar. Nuk ka qend\u00ebr strehuese p\u00ebr viktimat e dhun\u00ebs familjare, viktimat e dhun\u00ebs p\u00ebrballen me mbrojtje ligjore dhe \u00a0gjyq\u00ebsore e cila \u00ebsht\u00eb joefikase, dhe e pamjaftueshme.\u201d, thon\u00eb nga organizata joqeveritare HERA.<\/span><\/p>\n<p><span style=\"font-weight: 400;\">Sipas t\u00eb dh\u00ebnave t\u00eb Ministris\u00eb p\u00ebr pun\u00eb dhe politik\u00eb sociale n\u00eb 2016 ka pasur 1.098 raste t\u00eb paparaqitura t\u00eb dhun\u00ebs famljare, nga t\u00eb cilat viktima gra jan\u00eb 779, f\u00ebmij\u00eb jan\u00eb 141 dhe burra jan\u00eb 178.<\/span><\/p>\n<p><span style=\"font-weight: 400;\">N\u00eb k\u00ebt\u00eb shtet ka vet\u00ebm kat\u00ebn qendra strehuese dhe dy qendra krize, t\u00eb cilat udh\u00ebhiqen nga organizata joqeveritare. Gjithsej n\u00eb t\u00eb gjitha qendrat mund t\u00eb vendosen m\u00eb shum\u00eb se 30 gra. Vjet, n\u00eb qendrat rajonale p\u00ebr viktima t\u00eb dhun\u00ebs familjare jan\u00eb strehuar 30 viktima, prej t\u00eb cil\u00ebve 10 gra dhe 20 f\u00ebmij\u00eb. N\u00eb qendrat strehuese grat\u00eb, viktima t\u00eb dhun\u00ebs familjare mund t\u00eb q\u00ebndrojn\u00eb gjasht\u00eb muaj, kurse n\u00eb qendrat e kriz\u00ebs 48 or\u00eb. <\/span><\/p>\n<p><span style=\"font-weight: 400;\">Pas largimit nga strehorja, viktimat e dhun\u00ebs familjare m\u00eb s\u00eb shpeshti vendosen tek prind\u00ebrit e tyre apo familjar\u00ebt e af\u00ebrm, kurse n\u00eb rast se nuk arrijn\u00eb t\u00eb vendosen tek ata, kthehen p\u00ebrs\u00ebri tek partneri i dhunsh\u00ebm.<\/span><\/p>\n<p><span style=\"font-weight: 400;\">Sipas organizatave joqeveritare, k\u00ebto gra edhe n\u00ebse jan\u00eb t\u00eb pun\u00ebsuara, rrall\u00eb her\u00eb mund t\u2019ia lejojn\u00eb vetes t\u00eb jetojn\u00eb vet\u00eb, sepse nuk kan\u00eb mjaft\u00eb para p\u00ebr qera, llogari dhe t\u00eb sigurojn\u00eb mjete p\u00ebr jet\u00eb p\u00ebr ta dhe f\u00ebmij\u00ebt e tyre.<\/span><\/p>\n<p><span style=\"font-weight: 400;\">Rrjeti nacional kund\u00ebr dhun\u00ebs mbi gruan paralajm\u00ebron se edhe pse n\u00eb shtet ka vet\u00ebm nj\u00eb k\u00ebshillmore p\u00ebr shkaktuesit e dhun\u00ebs, e cila ndodhet n\u00eb Shkup, ajo pothuajse nuk punon aspak me njer\u00ebzit e dhunsh\u00ebm, k\u00ebshtu ata mund ta p\u00ebrs\u00ebrisin vepr\u00ebn.<\/span><\/p>\n<p><span style=\"font-weight: 400;\">N\u00eb lidhje me rastin e fundit t\u00eb dhun\u00ebs familjare n\u00eb Manastir prej para dy dit\u00ebsh, ku burri e ka rrahur p\u00ebr vdekje t\u00eb shoqen e saj, n\u00eb Ministrin\u00eb e pun\u00ebs dhe politik\u00ebs sociale than\u00eb q\u00eb n\u00eb Qendr\u00ebn nd\u00ebrkomunale p\u00ebr pun\u00eb sociale n\u00eb Manastir, asnj\u00ebher\u00eb nuk \u00ebsht\u00eb paraqitur rast p\u00ebr dhun\u00eb familjare, e as nuk \u00ebsht\u00eb nisur ndonj\u00eb procedur\u00eb, kurse p\u00ebr momentin \u00a0Qendra \u00ebsht\u00eb p\u00ebrfshir\u00eb si organ kujdestar n\u00eb mbrojtje t\u00eb t\u00eb drejtave dhe interesave t\u00eb f\u00ebmij\u00ebs p\u00ebr gruan e vrar\u00eb.<\/span><\/p>\n<p><span style=\"font-weight: 400;\">P\u00ebr pyetjen ton\u00eb se sa t\u00eb dh\u00ebna kan\u00eb qendrat p\u00ebr pun\u00eb sociale n\u00eb shtet, kur ka dhun\u00eb dhe a punojn\u00eb dhe se sa punojn\u00eb p\u00ebr parandalimin e k\u00ebtyre rasteve, n\u00eb Ministri p\u00ebrgjigjen:<\/span><\/p>\n<p><span style=\"font-weight: 400;\">\u201cMinistria e pun\u00ebs \u00a0dhe politik\u00ebs sociale mban statistik\u00eb t\u00eb marr\u00eb nga t\u00eb githa 30 Qendrat e pun\u00ebs sociale. Sipas Ligjit p\u00ebr parandalim, pengim dhe mbrojtje t\u00eb dhun\u00ebs familjare, nenet n\u00ebnligjore dhe Protokolli p\u00ebr bashk\u00ebpunim, Qendra ka nd\u00ebrmarr\u00eb t\u00eb gjitha masat e nevojshme dhe aktivitetet n\u00eb pjes\u00ebn e parandalimit, pendimit dhe mbrojtjes nga dhuna familjare n\u00eb bashk\u00ebpunim me institucionet relevante\u201d. <\/span><\/p>\n\n<div style=\"font-size: 0px; height: 0px; line-height: 0px; margin: 0; padding: 0; clear: both;\"><\/div>","protected":false},"excerpt":{"rendered":"<p>P\u00ebr kat\u00ebr vjet, Rrjeti nacional kund\u00ebr dhun\u00ebs mbi gruan ka regjistruar 19 vrasje t\u00eb gruas si pasoj\u00eb e dhun\u00ebs familjare. [&hellip;]<\/p>\n","protected":false},"author":9,"featured_media":27803,"comment_status":"closed","ping_status":"closed","sticky":false,"template":"","format":"standard","meta":{"_mo_disable_npp":"","inline_featured_image":false},"categories":[3085],"tags":[],"imageURL":"https:\/\/sdk.mk\/wp-content\/uploads\/2017\/03\/sdk-8mi-mart-protest-1-650x427.jpg","thumbURL":"https:\/\/sdk.mk\/wp-content\/uploads\/2017\/03\/sdk-8mi-mart-protest-1-250x164.jpg","categoryNames":["Histori t\u00eb parr\u00ebfyera"],"feature_caption":"","subtitle":"","views":"4392","source":"","yoast_head":"<!-- This site is optimized with the Yoast SEO Premium plugin v15.0 - https:\/\/yoast.com\/wordpress\/plugins\/seo\/ -->\n<title>P\u00cbR 4 VJET 19 GRA JAN\u00cb VRAR\u00cb SEPSE JAN\u00cb GRA - \u0421\u0430\u043a\u0430\u043c \u0414\u0430 \u041a\u0430\u0436\u0430\u043c<\/title>\n<meta name=\"robots\" content=\"index, follow, max-snippet:-1, max-image-preview:large, max-video-preview:-1\" \/>\n<link rel=\"canonical\" href=\"https:\/\/sdk.mk\/index.php\/histori-te-parrefyera\/per-4-vjet-19-gra-jane-vrare-sepse-jane-gra\/\" \/>\n<meta property=\"og:locale\" content=\"mk_MK\" \/>\n<meta property=\"og:type\" content=\"article\" \/>\n<meta property=\"og:title\" content=\"P\u00cbR 4 VJET 19 GRA JAN\u00cb VRAR\u00cb SEPSE JAN\u00cb GRA - \u0421\u0430\u043a\u0430\u043c \u0414\u0430 \u041a\u0430\u0436\u0430\u043c\" \/>\n<meta property=\"og:description\" content=\"P\u00ebr kat\u00ebr vjet, Rrjeti nacional kund\u00ebr dhun\u00ebs mbi gruan ka regjistruar 19 vrasje t\u00eb gruas si pasoj\u00eb e dhun\u00ebs familjare. [&hellip;]\" \/>\n<meta property=\"og:url\" content=\"https:\/\/sdk.mk\/index.php\/histori-te-parrefyera\/per-4-vjet-19-gra-jane-vrare-sepse-jane-gra\/\" \/>\n<meta property=\"og:site_name\" content=\"\u0421\u0430\u043a\u0430\u043c \u0414\u0430 \u041a\u0430\u0436\u0430\u043c\" \/>\n<meta property=\"article:published_time\" content=\"2017-03-24T09:50:02+00:00\" \/>\n<meta property=\"article:modified_time\" content=\"2017-03-24T09:52:25+00:00\" \/>\n<meta property=\"og:image\" content=\"https:\/\/sdk.mk\/wp-content\/uploads\/2017\/03\/sdk-8mi-mart-protest-1.jpg\" \/>\n\t<meta property=\"og:image:width\" content=\"690\" \/>\n\t<meta property=\"og:image:height\" content=\"453\" \/>\n<meta property=\"fb:app_id\" content=\"2407985809428537\" \/>\n<meta name=\"twitter:card\" content=\"summary\" \/>\n<script type=\"application\/ld+json\" class=\"yoast-schema-graph\">{\"@context\":\"https:\/\/schema.org\",\"@graph\":[{\"@type\":\"WebSite\",\"@id\":\"https:\/\/sdk.mk\/#website\",\"url\":\"https:\/\/sdk.mk\/\",\"name\":\"\\u0421\\u0430\\u043a\\u0430\\u043c \\u0414\\u0430 \\u041a\\u0430\\u0436\\u0430\\u043c\",\"description\":\"\\u0417\\u0430 \\u0441\\u043b\\u043e\\u0431\\u043e\\u0434\\u043e\\u0443\\u043c\\u043d\\u0438\",\"potentialAction\":[{\"@type\":\"SearchAction\",\"target\":\"https:\/\/sdk.mk\/?s={search_term_string}\",\"query-input\":\"required name=search_term_string\"}],\"inLanguage\":\"mk-MK\"},{\"@type\":\"ImageObject\",\"@id\":\"https:\/\/sdk.mk\/index.php\/histori-te-parrefyera\/per-4-vjet-19-gra-jane-vrare-sepse-jane-gra\/#primaryimage\",\"inLanguage\":\"mk-MK\",\"url\":\"https:\/\/sdk.mk\/wp-content\/uploads\/2017\/03\/sdk-8mi-mart-protest-1.jpg\",\"width\":690,\"height\":453,\"caption\":\"Nga marshi protestues p\\u00ebr Dit\\u00ebn nd\\u00ebrkomb\\u00ebtare t\\u00eb gruas, 8 Mars, n\\u00eb Shkup. (Foto: Gj. Li\\u00e7ovski)\"},{\"@type\":\"WebPage\",\"@id\":\"https:\/\/sdk.mk\/index.php\/histori-te-parrefyera\/per-4-vjet-19-gra-jane-vrare-sepse-jane-gra\/#webpage\",\"url\":\"https:\/\/sdk.mk\/index.php\/histori-te-parrefyera\/per-4-vjet-19-gra-jane-vrare-sepse-jane-gra\/\",\"name\":\"P\\u00cbR 4 VJET 19 GRA JAN\\u00cb VRAR\\u00cb SEPSE JAN\\u00cb GRA - \\u0421\\u0430\\u043a\\u0430\\u043c \\u0414\\u0430 \\u041a\\u0430\\u0436\\u0430\\u043c\",\"isPartOf\":{\"@id\":\"https:\/\/sdk.mk\/#website\"},\"primaryImageOfPage\":{\"@id\":\"https:\/\/sdk.mk\/index.php\/histori-te-parrefyera\/per-4-vjet-19-gra-jane-vrare-sepse-jane-gra\/#primaryimage\"},\"datePublished\":\"2017-03-24T09:50:02+00:00\",\"dateModified\":\"2017-03-24T09:52:25+00:00\",\"author\":{\"@id\":\"https:\/\/sdk.mk\/#\/schema\/person\/3e8217f71bc38bd7c592f30c69e10e5a\"},\"inLanguage\":\"mk-MK\",\"potentialAction\":[{\"@type\":\"ReadAction\",\"target\":[\"https:\/\/sdk.mk\/index.php\/histori-te-parrefyera\/per-4-vjet-19-gra-jane-vrare-sepse-jane-gra\/\"]}]},{\"@type\":\"Person\",\"@id\":\"https:\/\/sdk.mk\/#\/schema\/person\/3e8217f71bc38bd7c592f30c69e10e5a\",\"name\":\"\\u041c\\u0438\\u0440\\u043e\\u0441\\u043b\\u0430\\u0432 \\u0418\\u043b\\u0438\\u043e\\u0441\\u043a\\u0438\"}]}<\/script>\n<!-- \/ Yoast SEO Premium plugin. -->","_links":{"self":[{"href":"https:\/\/sdk.mk\/index.php\/wp-json\/wp\/v2\/posts\/27802"}],"collection":[{"href":"https:\/\/sdk.mk\/index.php\/wp-json\/wp\/v2\/posts"}],"about":[{"href":"https:\/\/sdk.mk\/index.php\/wp-json\/wp\/v2\/types\/post"}],"author":[{"embeddable":true,"href":"https:\/\/sdk.mk\/index.php\/wp-json\/wp\/v2\/users\/9"}],"replies":[{"embeddable":true,"href":"https:\/\/sdk.mk\/index.php\/wp-json\/wp\/v2\/comments?post=27802"}],"version-history":[{"count":0,"href":"https:\/\/sdk.mk\/index.php\/wp-json\/wp\/v2\/posts\/27802\/revisions"}],"wp:featuredmedia":[{"embeddable":true,"href":"https:\/\/sdk.mk\/index.php\/wp-json\/wp\/v2\/media\/27803"}],"wp:attachment":[{"href":"https:\/\/sdk.mk\/index.php\/wp-json\/wp\/v2\/media?parent=27802"}],"wp:term":[{"taxonomy":"category","embeddable":true,"href":"https:\/\/sdk.mk\/index.php\/wp-json\/wp\/v2\/categories?post=27802"},{"taxonomy":"post_tag","embeddable":true,"href":"https:\/\/sdk.mk\/index.php\/wp-json\/wp\/v2\/tags?post=27802"}],"curies":[{"name":"wp","href":"https:\/\/api.w.org\/{rel}","templated":true}]}}