{"id":28505,"date":"2017-04-01T10:34:07","date_gmt":"2017-04-01T08:34:07","guid":{"rendered":"http:\/\/sdk.mk\/?p=28505"},"modified":"2017-04-01T10:34:07","modified_gmt":"2017-04-01T08:34:07","slug":"24-dhjetori-ne-mars","status":"publish","type":"post","link":"https:\/\/sdk.mk\/index.php\/dua-te-them\/24-dhjetori-ne-mars\/","title":{"rendered":"24 DHJETORI N\u00cb MARS"},"content":{"rendered":"<div class=\"f52428582a4b906b2d2e2a7d733c7d27\" data-index=\"7\" style=\"float: none; margin:10px 0 10px 0; text-align:center;\">\n<!-- MSP Ads Asynchronous JS Tag - Generated with Revive Adserver v5.4.1 -->\r\n<ins data-revive-zoneid=\"167\" data-revive-id=\"060fdb01f6430ec164d3519234aa4967\"><\/ins>\r\n<script async src=\"\/\/panel.ads.com.mk\/www\/delivery\/asyncjs.php\"><\/script>\n<\/div>\n<p><span class=\"dropcap color firstcharacter\">1<\/span>Doni t\u00eb thoni q\u00eb kjo q\u00eb po ndodh n\u00eb Parlament \u00ebsht\u00eb demokraci dhe parlamentariz\u00ebm? Demek, na qenka nj\u00eb debat i qytet\u00ebruar? Q\u00eb duhet t\u00eb jemi t\u00eb lumtur q\u00eb VMRO-vcat t\u00eb pakt\u00ebn nuk i rrahin kund\u00ebrshtar\u00ebt politik\u00eb n\u00eb rrug\u00eb, por debatojn\u00eb n\u00eb Parlament?\u00a0 Me demek, t\u00eb pak\u00ebn debatin e kan\u00eb pranuar. Qoft\u00eb ai debat edhe me veten e tyre.<\/p>\n<p>Po si jo. Kjo q\u00eb po na ndodh \u00ebsht\u00eb vazhdim i 24 dhjetorit, 2012. Kjo \u00ebsht\u00eb sjellje e dhunshme e tipit: \u201cM\u00eb zbrit nga pushteti, n\u00eb mundsh!\u201d Me shqelmat dhe grushtet e nj\u00ebjt\u00eb, si\u00e7 ishte e h\u00ebna e zez\u00eb n\u00ebn komand\u00ebn e Trajko Veljanoskit.<\/p>\n<p><span class=\"dropcap color firstcharacter\">2<\/span>\u00c7uditem me mendjen e deputetit t\u00eb ri, Pavle Bogoevski, i cili konstaton: \u201cVini re se si Trajko Veljanoski nd\u00ebrhyn n\u00eb fjalime dhe do ta keni t\u00eb qart\u00eb se p\u00ebrse kultura debatuese e VMRO-DPMNE-s\u00eb \u00ebsht\u00eb inekzistente.\u201d<\/p>\n<p>M\u00ebr Pavle, p\u00ebr \u00e7far\u00eb kultur\u00eb debatuese flasim? Po, a nuk \u00ebsht\u00eb kjo ajo parti, e cila me shqelma i p\u00ebrzuri koleg\u00ebt e tu deputet\u00eb, para kat\u00ebr vjet\u00ebsh? Spikeri i nj\u00ebjt\u00eb dha komand\u00ebn p\u00ebr kultur\u00ebn e till\u00eb debatuese. Nd\u00ebrsa edhe shumica e deputet\u00ebve t\u00eb tanish\u00ebm t\u00eb VMRO-DPMNE-s\u00eb e mb\u00ebshtet\u00ebn at\u00eb lloj debati. Ti vet\u00eb, or Pavle, je viktim\u00eb e kultur\u00ebs debatuese t\u00eb VMRO-DPMNE-s\u00eb. Henes do t\u00eb t\u00eb \u00e7ojn\u00eb n\u00ebp\u00ebr gjyqe p\u00ebr shkak t\u00eb kultur\u00ebs s\u00eb tyre.<\/p>\n<p>N\u00eb fakt, t\u00eb gjith\u00eb q\u00eb nuk jan\u00eb VMRO-vca jan\u00eb viktim\u00eb e kultur\u00ebs s\u00eb dhunshme q\u00eb VMRO-DPMNE-ja n\u00eb at\u00eb m\u00ebnyr\u00eb t\u00eb paturp\u00eb, e demonstron tashm\u00eb 10 vjet. Kurse ne \u00e7uditemi se si mund ta b\u00ebnin nj\u00eb gj\u00eb t\u00eb till\u00eb. Ja pra, q\u00eb munden. E pastaj flasim p\u00ebr turp e moral. T\u00eb kishin ata turp dhe moral, a thua do t\u00eb kishte zgjedhje t\u00eb parakohshme? T\u00eb kishin turp dhe moral ata, a \u00a0thua deri tani do t\u00eb kishte parlament dhe qeveri t\u00eb re?<\/p>\n<p>Thon\u00eb- kjo paska qen\u00eb \u00e7menduri. Absurditet.<\/p>\n<p>Nuk \u00ebsht\u00eb e v\u00ebrtet\u00eb. Kjo \u00ebsht\u00eb nj\u00eb sjellje\u00a0 gjakftoht\u00eb, racionale dhe e llogaritur mir\u00eb nga udh\u00ebheq\u00ebsia e VMRO-DPMNE-s\u00eb. As situata nuk \u00ebsht\u00eb kaotike. Situata \u00ebsht\u00eb mu ashtu si\u00e7 d\u00ebshiron ta ket\u00eb Nikolla Gruevski. Sepse nuk do ta jap\u00eb qeverin\u00eb. Sepse nuk do t\u00eb shkoj\u00eb n\u00eb burg. Dhe askush nuk mund t\u2019ia marr\u00eb pushtetin. E deri sa nuk apelojn\u00eb t\u00eb gjith\u00eb q\u00eb ai t\u2019i pranoj\u00eb rezultatet e zgjedhjeve dhe qet\u00ebsisht ta dor\u00ebzoj\u00eb qeverin\u00eb, do ta mbaj\u00eb at\u00eb me force. E tha haptazi se do t\u2019i shkoj\u00eb deri n\u00eb fund.<\/p>\n<p>E po, \u00e7udituni ju.<\/p>\n<p><span class=\"dropcap color firstcharacter\">3<\/span>Udh\u00ebheq\u00ebsia e VMRO-DPMNE-s\u00eb e mbron interesin e vet. Dhe me an\u00eb t\u00eb k\u00ebsaj, e mbron interesin e 450.000 votuesve t\u00eb vet. Nga ana tjet\u00ebr, \u00e7far\u00eb b\u00ebn shumica prej 67 deputet\u00ebve t\u00eb LSDM-s\u00eb p\u00ebr t\u2019i mbrojtur interesat e pothuajse 700.000 votuesve q\u00eb i p\u00ebrfaq\u00ebson? P\u00ebr VMRO-DPMNE-n\u00eb thon\u00eb: \u201cSi nuk keni turp!?\u201d Ore, dy vjet kaluan duke na b\u00ebr\u00eb t\u00eb ditur se nuk kan\u00eb turp. Pse t\u00eb ken\u00eb turp tani?<\/p>\n<p>Edhe pas rezultatit t\u00eb till\u00eb t\u00eb zgjedhjeve dhe pas asaj armature t\u00eb bombave, LSDM prap\u00eb sillet si viktim\u00eb. N\u00eb vend q\u00eb ata vet\u00eb t\u00eb imponohen me ndonj\u00eb tem\u00eb. LSDM reagon ndaj temave t\u00eb imponuara nga VMRO-DPMNE. N\u00eb muajin e kat\u00ebrt pas zgjedhjeve akoma debatohet p\u00ebr temat q\u00eb VMRO-DPMNE i shpiku e i imponoi. Filloi me federalizimin, pastaj me dygjuh\u00ebsin\u00eb e me Platform\u00ebn tiranase, kurse tani me zgjedhjet e reja.<\/p>\n<p>LSDM harron q\u00eb ka vet\u00ebm nj\u00eb tem\u00eb t\u00eb r\u00ebnd\u00ebsishme \u2013 bisedat p\u00ebr krime q\u00eb i d\u00ebgjuam n\u00eb bombat. Pse kan\u00eb turp q\u00eb t\u2019i d\u00ebgjojm\u00eb nga foltorja duke th\u00ebn\u00eb p\u00ebrs\u00ebri \u201cpo sikur t\u00eb b\u00ebnim luft\u00eb\u201d, \u201ce kam bler\u00eb p\u00ebr hi\u00e7 gj\u00eb\u201d, \u201cmos \u00ebsht\u00eb shum\u00eb 5 p\u00ebrqind\u201d, \u201calo na\u00e7allnik\u201d, \u201cMile, mu kujtua\u201d, \u201cdo t\u00eb ket\u00eb britma e piskama\u201d, \u201cnjer\u00ebz t\u00eb vegj\u00ebl\u201d(\u201c\u00e7ove\u00e7inja\u201d), \u201cnervozohem me k\u00ebta shqiptar\u00eb (\u201cshiptarishtava\u201d) \u201c, \u201ct\u00eb mos e zgjasim-ta shembim me dinamit\u201d, \u201cta shoh defterin p\u00ebr gjykat\u00ebsit\u201d, \u201ck\u00ebta indian\u00ebt n\u00eb Parlament\u201d\u2026<\/p>\n<p>T\u00eb kujtojm\u00eb se pse kemi ardhur n\u00eb k\u00ebt\u00eb derexhe. Dhe \u00e7do dit\u00eb t\u00eb rikujtojm\u00eb se pse Gruevski dhe njer\u00ebzit e tij frik\u00ebsohen nga braktisja e pushtetit.<\/p>\n<p>P\u00ebrve\u00e7 optimizmit t\u00eb Zaevit q\u00eb do t\u00eb filloj\u00eb nj\u00eb jet\u00eb e re, shenj\u00eb tjet\u00ebr t\u00eb k\u00ebsaj jete nuk kemi par\u00eb.<\/p>\n<p><span class=\"dropcap color firstcharacter\">4<\/span>Si\u00e7 ka nisur kjo pun\u00eb, nes\u00ebr Zaevi edhe nj\u00eb kafe po t\u00eb porosis\u00eb n\u00eb bifen\u00eb e parlamentit, kamerieri do t\u2019i k\u00ebrkoj\u00eb n\u00ebnshkrime nga 67 deputet\u00eb. Nd\u00ebrsa Zaevi ende do t\u00eb debatoj\u00eb me t\u00eb. \u201cE do t\u00eb th\u00ebrras\u00eb: \u201cDurim-po vjen jet\u00eb e re\u201d.<\/p>\n<p>P\u00ebrderisa LSDM habitet p\u00ebr imoralitetin, VMRO-DPMNE p\u00ebr kat\u00ebr muaj t\u00eb plot\u00eb q\u00eb kur e humbi shumic\u00ebn n\u00eb Parlament, akoma qeveris me shtetin. Edhe at\u00eb si! Jo vet\u00ebm ai sillet si kryeminist\u00ebr. Por edhe ambasadori i Maqedonis\u00eb n\u00eb Turqi \u00ebsht\u00eb munduar t\u00eb fluturoj\u00eb deri nga Ankaraja n\u00eb Stamboll p\u00ebr t\u2019ia \u00e7uar valixhet liderit t\u00eb VMRO-DPMNE-s\u00eb gjat\u00eb rrug\u00ebs p\u00ebr n\u00eb Malt\u00eb.<\/p>\n<p><span class=\"dropcap color firstcharacter\">5<\/span>Kur i pash\u00eb titujt n\u00eb mediat patriotike: \u201cK\u00ebshtu duhet dashur Maqedonin\u00eb \u2013 edhe Ceca u mb\u00ebshtoll me flamurin e Maqedonis\u00eb\u201d, kuptova q\u00eb ky tashm\u00eb nuk \u00ebsht\u00eb rr\u00ebnim as politik, as ekonomik e as kulturor i shtetit. Ky \u00ebsht\u00eb rr\u00ebnim moral n\u00eb t\u00eb gjitha kuptimet.<br \/>\nJa se n\u00eb \u00e7far\u00eb tollovie u shnd\u00ebrrua Maqedonia. Presidenti \u2013 jurist q\u00eb e thyen ligjin dhe nuk\u00a0 respekton Kushtetut\u00ebn. Lider\u00ebt e revolucionit t\u00eb zi, n\u00eb t\u00eb cilin marshoin\u00eb drejtor\u00ebt dhe administrata e VMRO-DPMNE-s\u00eb, vishen si ikonat e s\u00eb majt\u00ebs -\u00c7e Guevara dhe Fidel Kastro, nd\u00ebrsa mbrojn\u00eb nj\u00eb t\u00eb djatht\u00eb kriminele. Kurse patriot\u00ebt maqedonas, t\u00eb cil\u00ebve u pengojn\u00eb komshinjt\u00eb, si ata maqedonas edhe shqiptar\u00eb, q\u00eb nuk mendojn\u00eb nj\u00eblloj si ta, shpallin hero nj\u00eb serbe nacionaliste e cila p\u00ebr para \u00ebsht\u00eb mbuluar me flamurin maqedonas.<\/p>\n<p>K\u00ebtu tashm\u00eb nuk na ndihmon as humori, as satira, as sensi p\u00ebr humor, e besa, as diazepami.<\/p>\n<p>Eventualisht, mund t\u00eb na ndihmonte vet\u00ebm fjalimi i nj\u00eb gruaje nga Ohri nga mbledhjet patriotike, e cila \u00ebsht\u00eb shp\u00ebrngulur n\u00eb Gjermani q\u00eb nga viti 1971 dhe si amanet porosit: \u201cMbrojeni Maqedonin\u00eb nga ky popull!\u201d Ajo, e cila n\u00eb varrin e t\u00eb shoqit n\u00eb Gjermani, \u00e7on gur\u00eb nga plazhet e Ohrit. Thot\u00eb se do t\u00eb kthehej k\u00ebtu, por nuk mundet se edhe varrin e vet e ka bler\u00eb n\u00eb Gjermani.\u201d<\/p>\n<p>Si\u00e7 do t\u00eb k\u00ebndonte diva komb\u00ebtare Ceca: \u201cMaqedoni moj, tragjedi e path\u00ebn\u00eb\u201d.<\/p>\n<p><strong><em>P\u00ebrktheu: Fjolla Zllatku <\/em><\/strong><\/p>\n\n<div style=\"font-size: 0px; height: 0px; line-height: 0px; margin: 0; padding: 0; clear: both;\"><\/div>","protected":false},"excerpt":{"rendered":"<p>Doni t\u00eb thoni q\u00eb kjo q\u00eb po ndodh n\u00eb Parlament \u00ebsht\u00eb demokraci dhe parlamentariz\u00ebm? Demek, na qenka nj\u00eb debat i [&hellip;]<\/p>\n","protected":false},"author":1,"featured_media":0,"comment_status":"closed","ping_status":"closed","sticky":false,"template":"","format":"standard","meta":{"_mo_disable_npp":"","inline_featured_image":false},"categories":[1825],"tags":[],"imageURL":false,"thumbURL":false,"categoryNames":["DUA T\u00cb THEM"],"feature_caption":"","subtitle":"Ne nuk kemi Parlament. Kemi ve\u00e7 nj\u00eb nd\u00ebrtes\u00eb m\u00eb shum\u00eb q\u00eb komandohet nga VMRO-DPMNE-ja.","views":"5257","source":"","yoast_head":"<!-- This site is optimized with the Yoast SEO Premium plugin v15.0 - https:\/\/yoast.com\/wordpress\/plugins\/seo\/ -->\n<title>24 DHJETORI N\u00cb MARS - \u0421\u0430\u043a\u0430\u043c \u0414\u0430 \u041a\u0430\u0436\u0430\u043c<\/title>\n<meta name=\"robots\" content=\"index, follow, max-snippet:-1, max-image-preview:large, max-video-preview:-1\" \/>\n<link rel=\"canonical\" href=\"https:\/\/sdk.mk\/index.php\/dua-te-them\/24-dhjetori-ne-mars\/\" \/>\n<meta property=\"og:locale\" content=\"mk_MK\" \/>\n<meta property=\"og:type\" content=\"article\" \/>\n<meta property=\"og:title\" content=\"24 DHJETORI N\u00cb MARS - \u0421\u0430\u043a\u0430\u043c \u0414\u0430 \u041a\u0430\u0436\u0430\u043c\" \/>\n<meta property=\"og:description\" content=\"Doni t\u00eb thoni q\u00eb kjo q\u00eb po ndodh n\u00eb Parlament \u00ebsht\u00eb demokraci dhe parlamentariz\u00ebm? Demek, na qenka nj\u00eb debat i [&hellip;]\" \/>\n<meta property=\"og:url\" content=\"https:\/\/sdk.mk\/index.php\/dua-te-them\/24-dhjetori-ne-mars\/\" \/>\n<meta property=\"og:site_name\" content=\"\u0421\u0430\u043a\u0430\u043c \u0414\u0430 \u041a\u0430\u0436\u0430\u043c\" \/>\n<meta property=\"article:published_time\" content=\"2017-04-01T08:34:07+00:00\" \/>\n<meta property=\"og:image\" content=\"https:\/\/sdk.mk\/wp-content\/uploads\/2015\/12\/goran-mihailovski2.jpg\" \/>\n\t<meta property=\"og:image:width\" content=\"400\" \/>\n\t<meta property=\"og:image:height\" content=\"313\" \/>\n<meta property=\"fb:app_id\" content=\"2407985809428537\" \/>\n<meta name=\"twitter:card\" content=\"summary\" \/>\n<script type=\"application\/ld+json\" class=\"yoast-schema-graph\">{\"@context\":\"https:\/\/schema.org\",\"@graph\":[{\"@type\":\"WebSite\",\"@id\":\"https:\/\/sdk.mk\/#website\",\"url\":\"https:\/\/sdk.mk\/\",\"name\":\"\\u0421\\u0430\\u043a\\u0430\\u043c \\u0414\\u0430 \\u041a\\u0430\\u0436\\u0430\\u043c\",\"description\":\"\\u0417\\u0430 \\u0441\\u043b\\u043e\\u0431\\u043e\\u0434\\u043e\\u0443\\u043c\\u043d\\u0438\",\"potentialAction\":[{\"@type\":\"SearchAction\",\"target\":\"https:\/\/sdk.mk\/?s={search_term_string}\",\"query-input\":\"required name=search_term_string\"}],\"inLanguage\":\"mk-MK\"},{\"@type\":\"WebPage\",\"@id\":\"https:\/\/sdk.mk\/index.php\/dua-te-them\/24-dhjetori-ne-mars\/#webpage\",\"url\":\"https:\/\/sdk.mk\/index.php\/dua-te-them\/24-dhjetori-ne-mars\/\",\"name\":\"24 DHJETORI N\\u00cb MARS - \\u0421\\u0430\\u043a\\u0430\\u043c \\u0414\\u0430 \\u041a\\u0430\\u0436\\u0430\\u043c\",\"isPartOf\":{\"@id\":\"https:\/\/sdk.mk\/#website\"},\"datePublished\":\"2017-04-01T08:34:07+00:00\",\"dateModified\":\"2017-04-01T08:34:07+00:00\",\"author\":{\"@id\":\"https:\/\/sdk.mk\/#\/schema\/person\/be7cfa6655c47f7195bfdd0ba8144aa2\"},\"inLanguage\":\"mk-MK\",\"potentialAction\":[{\"@type\":\"ReadAction\",\"target\":[\"https:\/\/sdk.mk\/index.php\/dua-te-them\/24-dhjetori-ne-mars\/\"]}]},{\"@type\":\"Person\",\"@id\":\"https:\/\/sdk.mk\/#\/schema\/person\/be7cfa6655c47f7195bfdd0ba8144aa2\",\"name\":\"\\u0413\\u043e\\u0440\\u0430\\u043d \\u041c\\u0438\\u0445\\u0430\\u0458\\u043b\\u043e\\u0432\\u0441\\u043a\\u0438\"}]}<\/script>\n<!-- \/ Yoast SEO Premium plugin. -->","_links":{"self":[{"href":"https:\/\/sdk.mk\/index.php\/wp-json\/wp\/v2\/posts\/28505"}],"collection":[{"href":"https:\/\/sdk.mk\/index.php\/wp-json\/wp\/v2\/posts"}],"about":[{"href":"https:\/\/sdk.mk\/index.php\/wp-json\/wp\/v2\/types\/post"}],"author":[{"embeddable":true,"href":"https:\/\/sdk.mk\/index.php\/wp-json\/wp\/v2\/users\/1"}],"replies":[{"embeddable":true,"href":"https:\/\/sdk.mk\/index.php\/wp-json\/wp\/v2\/comments?post=28505"}],"version-history":[{"count":0,"href":"https:\/\/sdk.mk\/index.php\/wp-json\/wp\/v2\/posts\/28505\/revisions"}],"wp:attachment":[{"href":"https:\/\/sdk.mk\/index.php\/wp-json\/wp\/v2\/media?parent=28505"}],"wp:term":[{"taxonomy":"category","embeddable":true,"href":"https:\/\/sdk.mk\/index.php\/wp-json\/wp\/v2\/categories?post=28505"},{"taxonomy":"post_tag","embeddable":true,"href":"https:\/\/sdk.mk\/index.php\/wp-json\/wp\/v2\/tags?post=28505"}],"curies":[{"name":"wp","href":"https:\/\/api.w.org\/{rel}","templated":true}]}}