{"id":28770,"date":"2017-04-05T13:59:56","date_gmt":"2017-04-05T11:59:56","guid":{"rendered":"http:\/\/sdk.mk\/?p=28770"},"modified":"2017-04-05T13:59:56","modified_gmt":"2017-04-05T11:59:56","slug":"ministri-arsimit-lutfiu-e-pengon-drejtesine-per-nje-studente-te-varfer-se-ciles-eshte-refuzuar-bursa","status":"publish","type":"post","link":"https:\/\/sdk.mk\/index.php\/ngrije-zerin-per-avokatin-e-popullit\/ministri-arsimit-lutfiu-e-pengon-drejtesine-per-nje-studente-te-varfer-se-ciles-eshte-refuzuar-bursa\/","title":{"rendered":"MINISTRI I ARSIMIT LUTFIU E PENGON DREJT\u00cbSIN\u00cb P\u00cbR NJ\u00cb STUDENTE T\u00cb VARF\u00cbR, S\u00cb CIL\u00cbS I \u00cbSHT\u00cb REFUZUAR BURSA"},"content":{"rendered":"<div class=\"f52428582a4b906b2d2e2a7d733c7d27\" data-index=\"7\" style=\"float: none; margin:10px 0 10px 0; text-align:center;\">\n<!-- MSP Ads Asynchronous JS Tag - Generated with Revive Adserver v5.4.1 -->\r\n<ins data-revive-zoneid=\"167\" data-revive-id=\"060fdb01f6430ec164d3519234aa4967\"><\/ins>\r\n<script async src=\"\/\/panel.ads.com.mk\/www\/delivery\/asyncjs.php\"><\/script>\n<\/div>\n<p>Studentja nga Shkupi, e cila ndjek studime postdiplomike dhe s\u00eb shpjeti do t\u00eb magjistroj\u00eb, p\u00ebr shtat\u00eb vjet k\u00ebrkon drejt\u00ebsi nga Ministria e arsimit dhe shkenc\u00ebs, Qeveris\u00eb dhe Gjyqit administrativ, pasi me justifikimin se \u201c\u00ebsht\u00eb b\u00ebr\u00eb nj\u00eb gabim me rastin e saj\u201d, n\u00eb 2010 i jan\u00eb refuzuar dy bursa studentore. Si nj\u00eb nx\u00ebn\u00ebse e shkoll\u00ebs s\u00eb mesme me sukses t\u00eb shk\u00eblqyer dhe duke ardhur nga nj\u00eb familje e varf\u00ebr, ajo ka konkurruar p\u00ebr t\u00eb dy llojet e bursave, p\u00ebr burs\u00ebn t\u00eb kategoris\u00eb A, sipas merit\u00ebs dhe t\u00eb kategoris\u00eb B, p\u00ebr shkak t\u00eb gjendjes s\u00eb r\u00ebnd\u00eb materiale n\u00eb familje.<\/p>\n<p><span style=\"font-weight: 400;\">Rezultati i k\u00ebrkimit t\u00eb saj p\u00ebr drejt\u00ebsi \u00ebsht\u00eb nj\u00eb vazhdim\u00ebsi refuzimesh ndaj ankesave t\u00eb saj, situata absurde dhe justifikime nga institucionet kompetente, duke mos pasur p\u00ebrgjigje se p\u00ebr \u00e7far\u00eb arsye, pa argumente e kan\u00eb refuzuar dhe rasti i saj ka mbetur bllokuar edhe sot e k\u00ebsaj dite n\u00eb Gjyqin administrativ, pasi Ministria e arsimit dhe shkenc\u00ebs refuzon q\u00eb t\u2019ia dor\u00ebzoj\u00eb gjyqit l\u00ebnd\u00ebn mbi rastin.<\/span><\/p>\n<div id=\"attachment_28771\" style=\"width: 660px\" class=\"wp-caption aligncenter\"><a href=\"http:\/\/sdk.mk\/wp-content\/uploads\/2017\/04\/bivsata-zgrada-na-NM-sega-vlada-2-650x433-1.jpg\"><img aria-describedby=\"caption-attachment-28771\" loading=\"lazy\" class=\"size-full wp-image-28771\" src=\"http:\/\/sdk.mk\/wp-content\/uploads\/2017\/04\/bivsata-zgrada-na-NM-sega-vlada-2-650x433-1.jpg\" alt=\"\" width=\"650\" height=\"433\" srcset=\"https:\/\/sdk.mk\/wp-content\/uploads\/2017\/04\/bivsata-zgrada-na-NM-sega-vlada-2-650x433-1.jpg 650w, https:\/\/sdk.mk\/wp-content\/uploads\/2017\/04\/bivsata-zgrada-na-NM-sega-vlada-2-650x433-1-250x167.jpg 250w, https:\/\/sdk.mk\/wp-content\/uploads\/2017\/04\/bivsata-zgrada-na-NM-sega-vlada-2-650x433-1-400x266.jpg 400w, https:\/\/sdk.mk\/wp-content\/uploads\/2017\/04\/bivsata-zgrada-na-NM-sega-vlada-2-650x433-1-150x100.jpg 150w\" sizes=\"(max-width: 650px) 100vw, 650px\" \/><\/a><p id=\"caption-attachment-28771\" class=\"wp-caption-text\">\u201cRasti edhe sot e k\u00ebsaj dite \u00ebsht\u00eb ka ngelur i bllokuar n\u00eb Gjyqin administrativ, sepse Ministria e arsimit dhe shkenc\u00ebs refuzon q\u00eb gjyqit t\u2019ia dor\u00ebzoj\u00eb l\u00ebnd\u00ebn p\u00ebr studenten e refuzuar. (Foto: SDK.MK)<\/p><\/div>\n<p>P\u00ebr shkak t\u00eb k\u00ebsaj, prindi i k\u00ebsaj vajze ka ngritur parashtres\u00eb tek Avokati i popullit, si shpres\u00eb e fundit \u00a0se drejt\u00ebsia do t\u00eb fitoj\u00eb, thot\u00eb ai p\u00ebr SAKAMDAKAZAM.MK.<\/p>\n<p><span style=\"font-weight: 400;\">\u201cN\u00eb fund, edhe po t\u00eb kemi sukses, dhe f\u00ebmija im t\u2019i fitoj\u00eb parat\u00eb t\u00eb cilat ky shtet ia vodhi, nuk mund t\u2019i thajn\u00eb ata lot t\u00eb saj, por shpresa mbetet e fundit\u201d, thot\u00eb babai i vajz\u00ebs. Ai k\u00ebrkon anonimitet, ashtu sikurse edhe p\u00ebr vajz\u00ebn e tij, sepse ajo si nj\u00eb studente e diplomuar me nota t\u00eb larta, m\u00eb n\u00eb fund ka gjetur pun\u00eb n\u00eb nj\u00eb institucion delikat, dhe kan\u00eb frik\u00eb se mos zbulohet dhe pushohet nga puna. <\/span><\/p>\n<p><span style=\"font-weight: 400;\">N\u00eb 2010, n\u00eb fillim t\u00eb studimeve, vajza ka konkurruar n\u00eb kategorit\u00eb A dhe B. Konkursi ka qen\u00eb i shpallur nga Ministria e arsimit dhe shkenc\u00ebs. Ka konkuruar me t\u00eb gjitha dokumentet e nevojshme. Burs\u00ebn e par\u00eb e refuzuan, me arsyetimin se ka pasur kandidat\u00eb me kualifikime m\u00eb t\u00eb larta se ajo, kurse dokumentet p\u00ebr burs\u00ebn e kategoris\u00eb B, i quajt\u00ebn t\u00eb pakompletuara. <\/span><\/p>\n<p><span style=\"font-weight: 400;\">\u201cVajza ime qante p\u00ebr shkak se u refuzua, pyeste se pse nuk e pranuar, kur sipas t\u00eb dyja kategorive ishte n\u00eb krye t\u00eb list\u00ebs. Nuk kisha p\u00ebrgjigje dhe shkova n\u00eb Ministrin\u00eb e arsimit, u d\u00ebshmova se si dokumentacionet e nj\u00ebjta i shikojn\u00eb me sy t\u00eb ndrysh\u00ebm. M\u00eb than\u00eb q\u00eb do ta korrigjonin gabimin dhe m\u00eb drejtuan q\u00eb t\u00eb ankohesha n\u00eb komisionin e at\u00ebhersh\u00ebm qeveritar t\u00eb shkall\u00ebs s\u00eb dyt\u00eb. Vendos\u00ebm t\u00eb ankoheshim vet\u00ebm n\u00eb baz\u00eb t\u00eb kategoris\u00eb B, t\u00eb gjendjes materiale, si nj\u00eb variant\u00eb m\u00eb e sigurt, pasi f\u00ebmija im i plot\u00ebsonte kushtet\u201d, thot\u00eb prindi. <\/span><\/p>\n<p><span style=\"font-weight: 400;\">Mir\u00ebpo, shoku m\u00eb i madh p\u00ebr familjen ndodhi n\u00eb Qeveri. <\/span><\/p>\n<p><span style=\"font-weight: 400;\">\u201cAshtu si Ministria e arsimit, dhe komisioni qeveritar na e refuzoi ankes\u00ebn me justifikimin se \u201csuksesi i kandidates ka qen\u00eb i till\u00eb, dhe \u00ebsht\u00eb dashur q\u00eb t\u00eb jet\u00eb ndryshe p\u00ebr t\u2019u pranuar\u201d. Jam shokuar se sa njer\u00ebz analfabet\u00eb paska pasur n\u00eb Qeveri. Ne ankohemi vet\u00ebm p\u00ebr bursat e kategoris\u00eb B, sipas gjendjes s\u00eb r\u00ebnd\u00eb materiale, nd\u00ebrsa ata na p\u00ebrgjigjen p\u00ebr suksesin. Paramendoni, ata aspak nuk e kan\u00eb lexuar ankes\u00ebn ton\u00eb. Ve\u00e7 sa kan\u00eb shkruar nj\u00eb budallall\u00ebk, sa p\u00ebr t\u00eb pasur nj\u00eb far\u00eb arsyetimi. Ju ankoheni p\u00ebr nj\u00eb gj\u00eb, kurse te arsyetimi shkruhet di\u00e7ka krejt\u00ebsisht tjet\u00ebr\u201d, thot\u00eb i revoltuar babai i nx\u00ebn\u00ebses s\u00eb refuzuar. <\/span><\/p>\n<p><span style=\"font-weight: 400;\">Ai tha q\u00eb kur ka par\u00eb se me \u00e7\u2019njer\u00ebz ka t\u00eb b\u00ebj\u00eb, ka ngritur padi n\u00eb Gjyqin administrativ. \u201dNuk kisha librez\u00eb partiake q\u00eb t\u00eb mund t\u00eb fitoja 5 minuta v\u00ebmendje n\u00eb komisionin qeveritar dhe aty hoqa dor\u00eb nga t\u00eb luftuarit p\u00ebr drejt\u00ebsi.\u201d<\/span><\/p>\n<p><span style=\"font-weight: 400;\">\u201cFill pas k\u00ebsaj, prindi i vajz\u00ebs, n\u00eb vitin 2011 shtron \u00e7\u00ebshtje n\u00eb Gjyqin administrativ. Aty l\u00ebnda ngel, sepse Ministria e arsimit dhe shkenc\u00ebs nuk ia d\u00ebrgon shkrimet, q\u00eb t\u00eb mos merret vendim. Nj\u00eb praktik\u00eb q\u00eb p\u00ebrdoret me vite\u201d, thot\u00eb Zoran Billbillovski, k\u00ebshilltari shtet\u00ebror tek Avokati i popullit. <\/span><\/p>\n<div id=\"attachment_28772\" style=\"width: 310px\" class=\"wp-caption alignleft\"><a href=\"http:\/\/sdk.mk\/wp-content\/uploads\/2017\/04\/ZORAN-BILBILOVSKI-400x395.jpg\"><img aria-describedby=\"caption-attachment-28772\" loading=\"lazy\" class=\"wp-image-28772 size-medium\" src=\"http:\/\/sdk.mk\/wp-content\/uploads\/2017\/04\/ZORAN-BILBILOVSKI-400x395-400x395.jpg\" alt=\"\" width=\"300\" height=\"296\" srcset=\"https:\/\/sdk.mk\/wp-content\/uploads\/2017\/04\/ZORAN-BILBILOVSKI-400x395.jpg 400w, https:\/\/sdk.mk\/wp-content\/uploads\/2017\/04\/ZORAN-BILBILOVSKI-400x395-250x247.jpg 250w, https:\/\/sdk.mk\/wp-content\/uploads\/2017\/04\/ZORAN-BILBILOVSKI-400x395-150x148.jpg 150w\" sizes=\"(max-width: 300px) 100vw, 300px\" \/><\/a><p id=\"caption-attachment-28772\" class=\"wp-caption-text\">\u201cFill pas k\u00ebsaj, prindi i vajz\u00ebs, n\u00eb vitin 2011 shtron \u00e7\u00ebshtje n\u00eb Gjyqin administrativ. Aty l\u00ebnda ngel, sepse Ministria e arsimit dhe shkenc\u00ebs nuk ia d\u00ebrgon shkrimet, q\u00eb t\u00eb mos merret vendim. Nj\u00eb praktik\u00eb q\u00eb p\u00ebrdoret me vite\u201d, thot\u00eb Zoran Billbillovski, k\u00ebshilltari shtet\u00ebror tek Avokati i popullit. (Foto SDK.MK)<\/p><\/div>\n<p>Kur Ombudsmani ka reaguar tek Gjyqi administrativ dhe nga aty i \u00ebsht\u00eb th\u00ebn\u00eb se Ministria e arsimit nuk e ka dor\u00ebzuar l\u00ebnd\u00ebn p\u00ebr bursisten e refuzuar, ai \u00ebsht\u00eb drejtuar edhe n\u00eb Ministri, por m\u00eb kot.<\/p>\n<p><span style=\"font-weight: 400;\">\u201cGjyqi aministrativ n\u00eb vitin 2014 vendos, \u00a0e dhe e pranon padin\u00eb dhe e shkarkon vendimin e qeveris\u00eb s\u00eb shkall\u00ebs s\u00eb dyt\u00eb. \u00a0Gjykimi i par\u00eb ka qen\u00eb n\u00eb 9.01.2014\u201d, thot\u00eb Billbillovski. <\/span><\/p>\n<p><span style=\"font-weight: 400;\">At\u00ebher\u00eb pushoi s\u00eb vlejturi ky komision i shkall\u00ebs s\u00eb dyt\u00eb, por as Komisioni i ri Shtet\u00ebror nuk ka dashur t\u00eb marr\u00eb vendim t\u00eb ri mbi rastin, sipas gjykimit t\u00eb Gjyqit administrativ. <\/span><\/p>\n<p><span style=\"font-weight: 400;\">\u201cPala, \u00a0sipas sugjerimit t\u00eb Avokatit t\u00eb popullit, p\u00ebrs\u00ebri drejtohet n\u00eb Gjyqin administrativ, me k\u00ebrkes\u00eb q\u00eb gjyqi t\u00eb sjell\u00eb akt p\u00ebr p\u00ebrmbushjen e gjykimit. N\u00eb tetor t\u00eb po atij viti, Gjyqi \u00a0administrativ e pranon k\u00ebt\u00eb k\u00ebrkes\u00eb dhe d\u00ebrgon vendim. E pranon ankes\u00ebn dhe e anulon vendimin e Ministris\u00eb s\u00eb arsimit p\u00ebr refuzim t\u00eb burs\u00ebs B sipas kategoris\u00eb s\u00eb gjendjes materiale. Ai th\u00ebrret q\u00eb rasti t\u00eb kthehet p\u00ebr rishikim dhe vendim\u201d, thot\u00eb Billbillovski. <\/span><\/p>\n<p><span style=\"font-weight: 400;\">Studentja e refuzuar, normalisht me sukses t\u00eb lart\u00eb, nd\u00ebrkoh\u00eb i p\u00ebrfundon studimet, kurse k\u00ebrkimi i saj p\u00ebr drejt\u00ebsi n\u00ebp\u00ebr institucionet t\u00eb cilat duhej ta motivonin dhe t\u2019i ndihmonin, kthehet nga fillimi. <\/span><\/p>\n<p><span style=\"font-weight: 400;\">S\u00ebrish, Avokati i popullit nd\u00ebrhyn, p\u00ebrkrah nd\u00ebrrimit t\u00eb ministrave t\u00eb arsimit dhe shkenc\u00ebs. \u00a0<\/span><\/p>\n<p><span style=\"font-weight: 400;\"> \u201cNga viti 2014, l\u00ebnda gjendet n\u00eb Ministrin\u00eb e arsimit. Nuk \u00ebsht\u00eb zgjidhur deri sot. Nuk l\u00ebviz q\u00eb aty. N\u00eb shkurtin e vitit t\u00eb kaluar, ish ministri Abdulaqim Ademi, iu p\u00ebrgjigj Ombudsmanit se do ta rishikonte l\u00ebnd\u00ebn. Nga ministri pasues, Pishtar Lutfiu, i cili \u00a0hyri n\u00eb funksion n\u00eb 5 prill, 2016, nuk \u00a0ka akoma asgj\u00eb deri m\u00eb tani. Studentja ka diplomuar, tani do t\u00eb magjistroj\u00eb\u201d, thot\u00eb k\u00ebshilltari shtet\u00ebror Zoran Billbillovski. <\/span><\/p>\n<p><em><strong>S.K. DELEVSKA <\/strong><\/em><\/p>\n\n<div style=\"font-size: 0px; height: 0px; line-height: 0px; margin: 0; padding: 0; clear: both;\"><\/div>","protected":false},"excerpt":{"rendered":"<p>Studentja nga Shkupi, e cila ndjek studime postdiplomike dhe s\u00eb shpjeti do t\u00eb magjistroj\u00eb, p\u00ebr shtat\u00eb vjet k\u00ebrkon drejt\u00ebsi nga [&hellip;]<\/p>\n","protected":false},"author":9,"featured_media":28768,"comment_status":"closed","ping_status":"closed","sticky":false,"template":"","format":"standard","meta":{"_mo_disable_npp":"","inline_featured_image":false},"categories":[3083],"tags":[],"imageURL":"https:\/\/sdk.mk\/wp-content\/uploads\/2017\/04\/collage-mon-ljutviu-650x325.jpg","thumbURL":"https:\/\/sdk.mk\/wp-content\/uploads\/2017\/04\/collage-mon-ljutviu-250x125.jpg","categoryNames":["Ngrije z\u00ebrin p\u00ebr Avokatin e Popullit"],"feature_caption":"Nga viti 2014, l\u00ebnda gjendet n\u00eb Ministrin\u00eb e arsimit. Vjet n\u00eb shkurt, ish ministri Abdylaqim Ademi iu p\u00ebrgjigj Ombudsmanit se do ta rishikonte l\u00ebnd\u00ebn, por ministri pasues Pishtar Lutfiu, e cili erdhi n\u00eb funksion vjet n\u00eb 5 prill, nuk ka b\u00ebr\u00eb asgj\u00eb deri m\u00eb sot, thot\u00eb Avokati i Populli (Foto: SDK.MK)","subtitle":"Studentja e cila tani do t\u00eb magjistroj\u00eb, si nj\u00eb nx\u00ebn\u00ebse e shkoll\u00ebs s\u00eb mesme me sukses t\u00eb shk\u00eblqyesh\u00ebm, nga nj\u00eb familje e varf\u00ebr, ka konkurruar p\u00ebr burs\u00eb dhe pasi \u00ebsht\u00eb refuzuar 7 her\u00eb, k\u00ebrkon drejt\u00ebsi. Rasti ka ngelur n\u00eb Gjyqin \u0430dministrativ, sepse Ministria e arsimit dhe shkenc\u00ebs refuzon t\u2019ia dor\u00ebzoj\u00eb l\u00ebnd\u00ebn gjyqit dhe nj\u00ebkoh\u00ebsisht nuk i p\u00ebrgjigjet as Avokatit t\u00eb popullit.","views":"4062","source":"","yoast_head":"<!-- This site is optimized with the Yoast SEO Premium plugin v15.0 - https:\/\/yoast.com\/wordpress\/plugins\/seo\/ -->\n<title>MINISTRI I ARSIMIT LUTFIU E PENGON DREJT\u00cbSIN\u00cb P\u00cbR NJ\u00cb STUDENTE T\u00cb VARF\u00cbR, S\u00cb CIL\u00cbS I \u00cbSHT\u00cb REFUZUAR BURSA - \u0421\u0430\u043a\u0430\u043c \u0414\u0430 \u041a\u0430\u0436\u0430\u043c<\/title>\n<meta name=\"robots\" content=\"index, follow, max-snippet:-1, max-image-preview:large, max-video-preview:-1\" \/>\n<link rel=\"canonical\" href=\"https:\/\/sdk.mk\/index.php\/ngrije-zerin-per-avokatin-e-popullit\/ministri-arsimit-lutfiu-e-pengon-drejtesine-per-nje-studente-te-varfer-se-ciles-eshte-refuzuar-bursa\/\" \/>\n<meta property=\"og:locale\" content=\"mk_MK\" \/>\n<meta property=\"og:type\" content=\"article\" \/>\n<meta property=\"og:title\" content=\"MINISTRI I ARSIMIT LUTFIU E PENGON DREJT\u00cbSIN\u00cb P\u00cbR NJ\u00cb STUDENTE T\u00cb VARF\u00cbR, S\u00cb CIL\u00cbS I \u00cbSHT\u00cb REFUZUAR BURSA - \u0421\u0430\u043a\u0430\u043c \u0414\u0430 \u041a\u0430\u0436\u0430\u043c\" \/>\n<meta property=\"og:description\" content=\"Studentja nga Shkupi, e cila ndjek studime postdiplomike dhe s\u00eb shpjeti do t\u00eb magjistroj\u00eb, p\u00ebr shtat\u00eb vjet k\u00ebrkon drejt\u00ebsi nga [&hellip;]\" \/>\n<meta property=\"og:url\" content=\"https:\/\/sdk.mk\/index.php\/ngrije-zerin-per-avokatin-e-popullit\/ministri-arsimit-lutfiu-e-pengon-drejtesine-per-nje-studente-te-varfer-se-ciles-eshte-refuzuar-bursa\/\" \/>\n<meta property=\"og:site_name\" content=\"\u0421\u0430\u043a\u0430\u043c \u0414\u0430 \u041a\u0430\u0436\u0430\u043c\" \/>\n<meta property=\"article:published_time\" content=\"2017-04-05T11:59:56+00:00\" \/>\n<meta property=\"og:image\" content=\"https:\/\/sdk.mk\/wp-content\/uploads\/2017\/04\/collage-mon-ljutviu.jpg\" \/>\n\t<meta property=\"og:image:width\" content=\"1200\" \/>\n\t<meta property=\"og:image:height\" content=\"600\" \/>\n<meta property=\"fb:app_id\" content=\"2407985809428537\" \/>\n<meta name=\"twitter:card\" content=\"summary\" \/>\n<script type=\"application\/ld+json\" class=\"yoast-schema-graph\">{\"@context\":\"https:\/\/schema.org\",\"@graph\":[{\"@type\":\"WebSite\",\"@id\":\"https:\/\/sdk.mk\/#website\",\"url\":\"https:\/\/sdk.mk\/\",\"name\":\"\\u0421\\u0430\\u043a\\u0430\\u043c \\u0414\\u0430 \\u041a\\u0430\\u0436\\u0430\\u043c\",\"description\":\"\\u0417\\u0430 \\u0441\\u043b\\u043e\\u0431\\u043e\\u0434\\u043e\\u0443\\u043c\\u043d\\u0438\",\"potentialAction\":[{\"@type\":\"SearchAction\",\"target\":\"https:\/\/sdk.mk\/?s={search_term_string}\",\"query-input\":\"required name=search_term_string\"}],\"inLanguage\":\"mk-MK\"},{\"@type\":\"ImageObject\",\"@id\":\"https:\/\/sdk.mk\/index.php\/ngrije-zerin-per-avokatin-e-popullit\/ministri-arsimit-lutfiu-e-pengon-drejtesine-per-nje-studente-te-varfer-se-ciles-eshte-refuzuar-bursa\/#primaryimage\",\"inLanguage\":\"mk-MK\",\"url\":\"https:\/\/sdk.mk\/wp-content\/uploads\/2017\/04\/collage-mon-ljutviu.jpg\",\"width\":1200,\"height\":600},{\"@type\":\"WebPage\",\"@id\":\"https:\/\/sdk.mk\/index.php\/ngrije-zerin-per-avokatin-e-popullit\/ministri-arsimit-lutfiu-e-pengon-drejtesine-per-nje-studente-te-varfer-se-ciles-eshte-refuzuar-bursa\/#webpage\",\"url\":\"https:\/\/sdk.mk\/index.php\/ngrije-zerin-per-avokatin-e-popullit\/ministri-arsimit-lutfiu-e-pengon-drejtesine-per-nje-studente-te-varfer-se-ciles-eshte-refuzuar-bursa\/\",\"name\":\"MINISTRI I ARSIMIT LUTFIU E PENGON DREJT\\u00cbSIN\\u00cb P\\u00cbR NJ\\u00cb STUDENTE T\\u00cb VARF\\u00cbR, S\\u00cb CIL\\u00cbS I \\u00cbSHT\\u00cb REFUZUAR BURSA - \\u0421\\u0430\\u043a\\u0430\\u043c \\u0414\\u0430 \\u041a\\u0430\\u0436\\u0430\\u043c\",\"isPartOf\":{\"@id\":\"https:\/\/sdk.mk\/#website\"},\"primaryImageOfPage\":{\"@id\":\"https:\/\/sdk.mk\/index.php\/ngrije-zerin-per-avokatin-e-popullit\/ministri-arsimit-lutfiu-e-pengon-drejtesine-per-nje-studente-te-varfer-se-ciles-eshte-refuzuar-bursa\/#primaryimage\"},\"datePublished\":\"2017-04-05T11:59:56+00:00\",\"dateModified\":\"2017-04-05T11:59:56+00:00\",\"author\":{\"@id\":\"https:\/\/sdk.mk\/#\/schema\/person\/3e8217f71bc38bd7c592f30c69e10e5a\"},\"inLanguage\":\"mk-MK\",\"potentialAction\":[{\"@type\":\"ReadAction\",\"target\":[\"https:\/\/sdk.mk\/index.php\/ngrije-zerin-per-avokatin-e-popullit\/ministri-arsimit-lutfiu-e-pengon-drejtesine-per-nje-studente-te-varfer-se-ciles-eshte-refuzuar-bursa\/\"]}]},{\"@type\":\"Person\",\"@id\":\"https:\/\/sdk.mk\/#\/schema\/person\/3e8217f71bc38bd7c592f30c69e10e5a\",\"name\":\"\\u041c\\u0438\\u0440\\u043e\\u0441\\u043b\\u0430\\u0432 \\u0418\\u043b\\u0438\\u043e\\u0441\\u043a\\u0438\"}]}<\/script>\n<!-- \/ Yoast SEO Premium plugin. -->","_links":{"self":[{"href":"https:\/\/sdk.mk\/index.php\/wp-json\/wp\/v2\/posts\/28770"}],"collection":[{"href":"https:\/\/sdk.mk\/index.php\/wp-json\/wp\/v2\/posts"}],"about":[{"href":"https:\/\/sdk.mk\/index.php\/wp-json\/wp\/v2\/types\/post"}],"author":[{"embeddable":true,"href":"https:\/\/sdk.mk\/index.php\/wp-json\/wp\/v2\/users\/9"}],"replies":[{"embeddable":true,"href":"https:\/\/sdk.mk\/index.php\/wp-json\/wp\/v2\/comments?post=28770"}],"version-history":[{"count":0,"href":"https:\/\/sdk.mk\/index.php\/wp-json\/wp\/v2\/posts\/28770\/revisions"}],"wp:featuredmedia":[{"embeddable":true,"href":"https:\/\/sdk.mk\/index.php\/wp-json\/wp\/v2\/media\/28768"}],"wp:attachment":[{"href":"https:\/\/sdk.mk\/index.php\/wp-json\/wp\/v2\/media?parent=28770"}],"wp:term":[{"taxonomy":"category","embeddable":true,"href":"https:\/\/sdk.mk\/index.php\/wp-json\/wp\/v2\/categories?post=28770"},{"taxonomy":"post_tag","embeddable":true,"href":"https:\/\/sdk.mk\/index.php\/wp-json\/wp\/v2\/tags?post=28770"}],"curies":[{"name":"wp","href":"https:\/\/api.w.org\/{rel}","templated":true}]}}