{"id":28971,"date":"2017-04-07T17:12:50","date_gmt":"2017-04-07T15:12:50","guid":{"rendered":"http:\/\/sdk.mk\/?p=28971"},"modified":"2017-04-07T17:12:50","modified_gmt":"2017-04-07T15:12:50","slug":"pas-18-vjeteve-ndertim-tetova-fitoi-tubacionin-e-ri","status":"publish","type":"post","link":"https:\/\/sdk.mk\/index.php\/rrjeti-i-korrespondenteve\/pas-18-vjeteve-ndertim-tetova-fitoi-tubacionin-e-ri\/","title":{"rendered":"PAS 18 VJET\u00cbVE ND\u00cbRTIM, TETOVA FITOI TUBACIONIN E RI"},"content":{"rendered":"<div class=\"f52428582a4b906b2d2e2a7d733c7d27\" data-index=\"7\" style=\"float: none; margin:10px 0 10px 0; text-align:center;\">\n<!-- MSP Ads Asynchronous JS Tag - Generated with Revive Adserver v5.4.1 -->\r\n<ins data-revive-zoneid=\"167\" data-revive-id=\"060fdb01f6430ec164d3519234aa4967\"><\/ins>\r\n<script async src=\"\/\/panel.ads.com.mk\/www\/delivery\/asyncjs.php\"><\/script>\n<\/div>\n<p>Komuna e Tetov\u00ebs nga Ministria e mjedisit jet\u00ebsor fitoi tubacionin e ri, nd\u00ebrtimi i t\u00eb cilit ka zgjatur 18 vjet. Pritet q\u00eb pas nd\u00ebrtimit t\u00eb p\u00ebrmir\u00ebsohet furnizimi i qytetit me uj\u00eb p\u00ebr nj\u00eb koh\u00eb m\u00eb t\u00eb gjat\u00eb. Dor\u00ebzimi u b\u00eb mes kryetares s\u00eb komun\u00ebs s\u00eb Tetov\u00ebs, Teuta Arifi dhe ministrit t\u00eb mjedisit jet\u00ebsor, Bashkim Ameti.<\/p>\n<p>\u201cTubacioni ka gjat\u00ebsi prej 9,200 metrave dhe nd\u00ebrtimi i tij ka zgjatur dy vjet e gjysm\u00eb. Me nd\u00ebrtimin e p\u00ebrfunduar t\u00eb tubacionit dhe p\u00ebrfundimin e nd\u00ebrtimin t\u00eb stacionit t\u00eb filtrave, q\u00eb pritet t\u00eb b\u00ebhet s\u00eb shpejti, \u00e7\u00ebshtja e ujit t\u00eb pijsh\u00ebm p\u00ebr qytetar\u00ebt e komun\u00ebs s\u00eb Tetov\u00ebs do t\u00eb mbyllet p\u00ebr nj\u00eb periudh\u00eb t\u00eb gjat\u00eb\u201d, deklaroi kryetarja e komun\u00ebs Arifi.<br \/>\nNd\u00ebrtimi i tubacionit n\u00eb realitet ka zgjatur 18 vjet. Disa kryetar\u00eb t\u00eb Tetov\u00ebs b\u00ebnin plane dhe elaborime, fillonte nd\u00ebrtimi dhe pastaj nd\u00ebrpritej p\u00ebr shkak t\u00eb munges\u00ebs s\u00eb mjeteve. Merreshin kredite p\u00ebr nd\u00ebrtimin e tij, shiteshin objekte komunale, dhe fitohej ndihm\u00eb financiare nga shteti.<\/p>\n<p>Edhe pse nuk ekzistojn\u00eb t\u00eb dh\u00ebna zyrtare, konsiderohet q\u00eb n\u00eb at\u00eb periudh\u00eb 18 vje\u00e7are jan\u00eb shpenzuar 10 deri n\u00eb 20 milion\u00eb euro, nd\u00ebrkoh\u00eb q\u00eb Tetova p\u00ebrs\u00ebri ishte pa tubacion dhe pa mjaftuesh\u00ebm uj\u00eb t\u00eb pijsh\u00ebm.<br \/>\nMe ardhjen e qeveris\u00eb aktuale n\u00eb komun\u00eb, nga buxheti i RM n\u00ebp\u00ebrmjet Ministris\u00eb s\u00eb ekologjis\u00eb, Komuna e Tetov\u00ebs fitoi 2 milion\u00eb euro p\u00ebr nd\u00ebrtim t\u00eb tubacionit, i cili para dy muajve p\u00ebrfundimisht u mbyll.<br \/>\nTani mbetet vet\u00ebm p\u00ebrfundimi i nd\u00ebrtimit t\u00eb stacionit t\u00eb filtrave, p\u00ebr t\u00eb cilin jan\u00eb marr\u00eb 1.200.000 euro nga Banka Evropiane dhe 800.000 euro nga buxheti i komun\u00ebs s\u00eb Tetov\u00ebs, me t\u00eb cilat qyteti m\u00eb n\u00eb fund do ta zgjidh\u00eb problemin prej shum\u00eb koh\u00ebsh t\u00eb ujit t\u00eb pijsh\u00ebm.<\/p>\n<p>\u201c Me nj\u00eb organizim dhe bashk\u00ebpunim t\u00eb mir\u00eb dhe nj\u00eb sjellje t\u00eb p\u00ebrgjegjshme, p\u00ebr tre vjet mund t\u00eb p\u00ebrfundohet nd\u00ebrtimi i tubacionit prej 9 kilometrave dhe sistemit p\u00ebr filtrim dhe e gjith\u00eb kjo vet\u00ebm p\u00ebr 4 milion\u00eb euro\u201d, u l\u00ebvdua kryetarja Arifi.<\/p>\n<p>Ajo poashtu lajm\u00ebroi se jan\u00eb izoluar mjetet prej 7 milion\u00eb eurove nga UNDP dhe agjencis\u00eb zvicerane p\u00ebr zhvillim, me \u00e7ka ata kan\u00eb pranuar t\u00eb realizojn\u00eb nj\u00eb projekt p\u00ebr standardizimin e p\u00ebrgjithsh\u00ebm t\u00eb deponis\u00eb s\u00eb Rusinos, q\u00eb t\u00eb mundet kjo deponi t\u00eb p\u00ebrmbush\u00eb k\u00ebrkesat e t\u00eb gjitha nd\u00ebrmarrjeve komunale n\u00eb rajon. Marr\u00ebveshja parimore me investuesit \u00ebsht\u00eb p\u00ebr t\u2019u n\u00ebnshkruar deri n\u00eb fund t\u00eb majit.<\/p>\n\n<div style=\"font-size: 0px; height: 0px; line-height: 0px; margin: 0; padding: 0; clear: both;\"><\/div>","protected":false},"excerpt":{"rendered":"<p>Komuna e Tetov\u00ebs nga Ministria e mjedisit jet\u00ebsor fitoi tubacionin e ri, nd\u00ebrtimi i t\u00eb cilit ka zgjatur 18 vjet. [&hellip;]<\/p>\n","protected":false},"author":9,"featured_media":28888,"comment_status":"closed","ping_status":"closed","sticky":false,"template":"","format":"standard","meta":{"_mo_disable_npp":"","inline_featured_image":false},"categories":[3095],"tags":[],"imageURL":"https:\/\/sdk.mk\/wp-content\/uploads\/2017\/04\/tetovo-cevkovod-89328923898932-650x383.jpg","thumbURL":"https:\/\/sdk.mk\/wp-content\/uploads\/2017\/04\/tetovo-cevkovod-89328923898932-250x147.jpg","categoryNames":["Rrjeti i korrespondent\u00ebve"],"feature_caption":"Pas p\u00ebrfundimit t\u00eb tubacionit, mbetet vet\u00ebm p\u00ebrfundimi i stacionit t\u00eb filtrave, p\u00ebr t\u00eb cilin jan\u00eb t\u00ebrhequr 1.200.000 nga Banka e Evrop\u00ebs dhe 800.000 euro nga buxheti n\u00eb komun\u00ebn e Tetov\u00ebs. (Foto: SDK.MK)","subtitle":"","views":"4914","source":"Tetova, (SAKAMDAKAZAM.MK)","yoast_head":"<!-- This site is optimized with the Yoast SEO Premium plugin v15.0 - https:\/\/yoast.com\/wordpress\/plugins\/seo\/ -->\n<title>PAS 18 VJET\u00cbVE ND\u00cbRTIM, TETOVA FITOI TUBACIONIN E RI - \u0421\u0430\u043a\u0430\u043c \u0414\u0430 \u041a\u0430\u0436\u0430\u043c<\/title>\n<meta name=\"robots\" content=\"index, follow, max-snippet:-1, max-image-preview:large, max-video-preview:-1\" \/>\n<link rel=\"canonical\" href=\"https:\/\/sdk.mk\/index.php\/rrjeti-i-korrespondenteve\/pas-18-vjeteve-ndertim-tetova-fitoi-tubacionin-e-ri\/\" \/>\n<meta property=\"og:locale\" content=\"mk_MK\" \/>\n<meta property=\"og:type\" content=\"article\" \/>\n<meta property=\"og:title\" content=\"PAS 18 VJET\u00cbVE ND\u00cbRTIM, TETOVA FITOI TUBACIONIN E RI - \u0421\u0430\u043a\u0430\u043c \u0414\u0430 \u041a\u0430\u0436\u0430\u043c\" \/>\n<meta property=\"og:description\" content=\"Komuna e Tetov\u00ebs nga Ministria e mjedisit jet\u00ebsor fitoi tubacionin e ri, nd\u00ebrtimi i t\u00eb cilit ka zgjatur 18 vjet. [&hellip;]\" \/>\n<meta property=\"og:url\" content=\"https:\/\/sdk.mk\/index.php\/rrjeti-i-korrespondenteve\/pas-18-vjeteve-ndertim-tetova-fitoi-tubacionin-e-ri\/\" \/>\n<meta property=\"og:site_name\" content=\"\u0421\u0430\u043a\u0430\u043c \u0414\u0430 \u041a\u0430\u0436\u0430\u043c\" \/>\n<meta property=\"article:published_time\" content=\"2017-04-07T15:12:50+00:00\" \/>\n<meta property=\"og:image\" content=\"https:\/\/sdk.mk\/wp-content\/uploads\/2017\/04\/tetovo-cevkovod-89328923898932.jpg\" \/>\n\t<meta property=\"og:image:width\" content=\"750\" \/>\n\t<meta property=\"og:image:height\" content=\"442\" \/>\n<meta property=\"fb:app_id\" content=\"2407985809428537\" \/>\n<meta name=\"twitter:card\" content=\"summary\" \/>\n<script type=\"application\/ld+json\" class=\"yoast-schema-graph\">{\"@context\":\"https:\/\/schema.org\",\"@graph\":[{\"@type\":\"WebSite\",\"@id\":\"https:\/\/sdk.mk\/#website\",\"url\":\"https:\/\/sdk.mk\/\",\"name\":\"\\u0421\\u0430\\u043a\\u0430\\u043c \\u0414\\u0430 \\u041a\\u0430\\u0436\\u0430\\u043c\",\"description\":\"\\u0417\\u0430 \\u0441\\u043b\\u043e\\u0431\\u043e\\u0434\\u043e\\u0443\\u043c\\u043d\\u0438\",\"potentialAction\":[{\"@type\":\"SearchAction\",\"target\":\"https:\/\/sdk.mk\/?s={search_term_string}\",\"query-input\":\"required name=search_term_string\"}],\"inLanguage\":\"mk-MK\"},{\"@type\":\"ImageObject\",\"@id\":\"https:\/\/sdk.mk\/index.php\/rrjeti-i-korrespondenteve\/pas-18-vjeteve-ndertim-tetova-fitoi-tubacionin-e-ri\/#primaryimage\",\"inLanguage\":\"mk-MK\",\"url\":\"https:\/\/sdk.mk\/wp-content\/uploads\/2017\/04\/tetovo-cevkovod-89328923898932.jpg\",\"width\":750,\"height\":442},{\"@type\":\"WebPage\",\"@id\":\"https:\/\/sdk.mk\/index.php\/rrjeti-i-korrespondenteve\/pas-18-vjeteve-ndertim-tetova-fitoi-tubacionin-e-ri\/#webpage\",\"url\":\"https:\/\/sdk.mk\/index.php\/rrjeti-i-korrespondenteve\/pas-18-vjeteve-ndertim-tetova-fitoi-tubacionin-e-ri\/\",\"name\":\"PAS 18 VJET\\u00cbVE ND\\u00cbRTIM, TETOVA FITOI TUBACIONIN E RI - \\u0421\\u0430\\u043a\\u0430\\u043c \\u0414\\u0430 \\u041a\\u0430\\u0436\\u0430\\u043c\",\"isPartOf\":{\"@id\":\"https:\/\/sdk.mk\/#website\"},\"primaryImageOfPage\":{\"@id\":\"https:\/\/sdk.mk\/index.php\/rrjeti-i-korrespondenteve\/pas-18-vjeteve-ndertim-tetova-fitoi-tubacionin-e-ri\/#primaryimage\"},\"datePublished\":\"2017-04-07T15:12:50+00:00\",\"dateModified\":\"2017-04-07T15:12:50+00:00\",\"author\":{\"@id\":\"https:\/\/sdk.mk\/#\/schema\/person\/3e8217f71bc38bd7c592f30c69e10e5a\"},\"inLanguage\":\"mk-MK\",\"potentialAction\":[{\"@type\":\"ReadAction\",\"target\":[\"https:\/\/sdk.mk\/index.php\/rrjeti-i-korrespondenteve\/pas-18-vjeteve-ndertim-tetova-fitoi-tubacionin-e-ri\/\"]}]},{\"@type\":\"Person\",\"@id\":\"https:\/\/sdk.mk\/#\/schema\/person\/3e8217f71bc38bd7c592f30c69e10e5a\",\"name\":\"\\u041c\\u0438\\u0440\\u043e\\u0441\\u043b\\u0430\\u0432 \\u0418\\u043b\\u0438\\u043e\\u0441\\u043a\\u0438\"}]}<\/script>\n<!-- \/ Yoast SEO Premium plugin. -->","_links":{"self":[{"href":"https:\/\/sdk.mk\/index.php\/wp-json\/wp\/v2\/posts\/28971"}],"collection":[{"href":"https:\/\/sdk.mk\/index.php\/wp-json\/wp\/v2\/posts"}],"about":[{"href":"https:\/\/sdk.mk\/index.php\/wp-json\/wp\/v2\/types\/post"}],"author":[{"embeddable":true,"href":"https:\/\/sdk.mk\/index.php\/wp-json\/wp\/v2\/users\/9"}],"replies":[{"embeddable":true,"href":"https:\/\/sdk.mk\/index.php\/wp-json\/wp\/v2\/comments?post=28971"}],"version-history":[{"count":0,"href":"https:\/\/sdk.mk\/index.php\/wp-json\/wp\/v2\/posts\/28971\/revisions"}],"wp:featuredmedia":[{"embeddable":true,"href":"https:\/\/sdk.mk\/index.php\/wp-json\/wp\/v2\/media\/28888"}],"wp:attachment":[{"href":"https:\/\/sdk.mk\/index.php\/wp-json\/wp\/v2\/media?parent=28971"}],"wp:term":[{"taxonomy":"category","embeddable":true,"href":"https:\/\/sdk.mk\/index.php\/wp-json\/wp\/v2\/categories?post=28971"},{"taxonomy":"post_tag","embeddable":true,"href":"https:\/\/sdk.mk\/index.php\/wp-json\/wp\/v2\/tags?post=28971"}],"curies":[{"name":"wp","href":"https:\/\/api.w.org\/{rel}","templated":true}]}}