{"id":29012,"date":"2017-04-08T13:21:26","date_gmt":"2017-04-08T11:21:26","guid":{"rendered":"http:\/\/sdk.mk\/?p=29012"},"modified":"2017-04-08T13:21:26","modified_gmt":"2017-04-08T11:21:26","slug":"prej-10-deri-20-milion","status":"publish","type":"post","link":"https:\/\/sdk.mk\/index.php\/dua-te-them\/prej-10-deri-20-milion\/","title":{"rendered":"PREJ 10 DERI 20 MILION"},"content":{"rendered":"<div class=\"f52428582a4b906b2d2e2a7d733c7d27\" data-index=\"7\" style=\"float: none; margin:10px 0 10px 0; text-align:center;\">\n<!-- MSP Ads Asynchronous JS Tag - Generated with Revive Adserver v5.4.1 -->\r\n<ins data-revive-zoneid=\"167\" data-revive-id=\"060fdb01f6430ec164d3519234aa4967\"><\/ins>\r\n<script async src=\"\/\/panel.ads.com.mk\/www\/delivery\/asyncjs.php\"><\/script>\n<\/div>\n<p><span class=\"dropcap color firstcharacter\">1<\/span> LSDM-ja jep nj\u00eb pasqyr\u00eb t\u00eb gabuar t\u00eb realitetit, kur p\u00ebr k\u00ebt\u00eb qeveri teknike p\u00ebrdor shprehjen &#8220;Qeveria n\u00eb largim&#8221;. \u00c7far\u00eb largimi? Kjo Qeveri \u00ebsht\u00eb po aq e fort\u00eb sa ka qen\u00eb para zgjedhjeve. Dhe ajo punon p\u00ebr Maqedonin\u00eb, po ashtu mire si edhe para zgjedhjeve.<\/p>\n<p>Sikur kjo qeveri t\u00eb ishte n\u00eb largim, prorektori i Universitetit m\u00eb t\u00eb madh t\u00eb shtetit nuk do raportonte para liderit t\u00eb pakic\u00ebs parlamentare Nikolla Gruevski gjat\u00eb hapjes s\u00eb sall\u00ebs sportive. Sikur t\u00eb ishte kjo qeveri n\u00eb largim, investitor\u00ebt e huaj q\u00eb p\u00ebrdorin p\u00ebrfitimet nga parat\u00eb tona nuk do t\u2019i paralajm\u00ebronin investimet s\u00eb bashku me liderin e pakic\u00ebs parlamentare Nikolla Gruevski. Sikur t\u00eb ishte kjo Qeveri n\u00eb largim, ambasadori n\u00eb Turqi, \u00a0i paguar \u00a0me para nga buxheti nuk do ta priste n\u00eb liderin e pakic\u00ebs parlamentare Nikolla Gruevski n\u00eb aeroportin e Stambollit.<\/p>\n<p>N\u00eb fakt, vet\u00eb pakica parlamentare e b\u00ebri t\u00eb qart\u00eb nga foltorja e parlamentit se nuk ka plan t\u00eb largohet nga pushteti n\u00eb m\u00ebnyr\u00eb paq\u00ebsore.<\/p>\n<p>Deputeti Antonio Milloshoski k\u00ebrc\u00ebnoi deputet\u00ebt e LSDM-s\u00eb: &#8220;Mos gaboni t\u00eb nd\u00ebrmerrni hapa q\u00eb do t\u00eb rrisin tensionet n\u00eb Kuvend.&#8221; Nd\u00ebrsa Trajko Veljanoski ishte edhe m\u00eb specifik: &#8220;Ke ende p\u00ebr t\u00eb pritur q\u00eb t\u00eb ulesh n\u00eb k\u00ebt\u00eb post. Shum\u00eb jan\u00eb duke pritur n\u00eb radh\u00eb &#8230; &#8221;<\/p>\n<p>Pra, le t\u00eb mos g\u00ebnjejm\u00eb veten. Mesazhi \u00ebsht\u00eb i qart\u00eb: &#8220;M\u00eb nd\u00ebrro n\u00ebse mundesh&#8221; dhe t\u00eb gjitha ato akte t\u00eb VMRO-DPMNE-s\u00eb me emra dramatik\u00eb &#8211; proklamim, udh\u00ebrr\u00ebfyes, manifest \u2013 bartin nj\u00eb mesazh t\u00eb vet\u00ebm. Dhe ky mesazh \u00ebsht\u00eb, pushtet ose luft\u00eb qytetare.<\/p>\n<p><span class=\"dropcap color firstcharacter\">2 <\/span>Le t\u00eb vazhdoj\u00eb LSDM-ja t\u00eb besoje q\u00eb Gruevski \u00ebsht\u00eb n\u00eb largim. E nj\u00eb dit\u00eb Zaevi do t\u00eb zgjohet n\u00eb P\u00ebrzhin\u00eb p\u00ebr t\u00eb qindt\u00ebn her\u00eb. P\u00ebr negociata me po t\u00eb nj\u00ebjtin Gruevski, p\u00ebr shkak t\u00eb cilit ndodh\u00ebn zgjedhjet e parakohshme dhe ai q\u00eb nuk pati sukses n\u00eb krijimin e Qeveris\u00eb sepse nuk ka shumic\u00eb n\u00eb Parlament. Dhe me po t\u00eb nj\u00ebjtin Ali Ahmeti, i cili me platform\u00ebn i ndihmoi Gruevskit ta harrojm\u00eb at\u00eb q\u00eb d\u00ebgjuan n\u00eb bombat. Dhe mbi t\u00eb gjitha- se p\u00ebrse erdh\u00ebm deri n\u00eb k\u00ebt\u00eb kriz\u00eb.<\/p>\n<p>Kurse deri at\u00ebher\u00eb, VMRO-DPMNE vepron. Dhe vepron n\u00eb m\u00ebnyr\u00eb t\u00eb zakonshme, n\u00eb koalicion me BDI-n\u00eb. Me tempon e nj\u00ebjt\u00eb dhe n\u00eb m\u00ebnyr\u00ebn e nj\u00ebjt\u00eb si\u00e7 vepronin dhe realizonin tet\u00eb vjet\u00ebt e fundit. E na soll\u00ebn deri k\u00ebtu ku jemi tani.<\/p>\n<p>Kush e di, ndoshta LSDM-ja me t\u00eb v\u00ebrtet\u00eb ka nj\u00eb plan. Ndoshta Zoran Zaevi konsideron se planin do ta realizoj\u00eb s\u00eb bashku me BDI-n\u00eb. Por, si\u00e7 duket Ali Ahmeti v\u00ebshtir\u00eb gjendet n\u00eb k\u00ebt\u00eb plan. Se \u00e7\u2019m\u00eb duket se ai n\u00eb m\u00ebnyr\u00eb t\u00eb suksesshme po realizon planin me Nikolla Greuvskin. Nd\u00ebrkoh\u00eb q\u00eb administrata shtet\u00ebrore e shnd\u00ebrruar n\u00eb ushtri partiake t\u00eb VMRO-DPMNE-s\u00eb proteston kund\u00ebr platform\u00ebs s\u00eb Ahmetit, ministrat dhe drejtor\u00ebt e tij shtet\u00ebror\u00eb veprojn\u00eb dhe realizojn\u00eb me ministrat dhe drejtor\u00ebt e Gruevskit. Nd\u00ebrkoh\u00eb q\u00eb Ahmeti negocion me LSDM-n\u00eb, vazhdon t\u00eb qeveris\u00eb me VMRO-DPMNE-n\u00eb.<\/p>\n<p>Dhe k\u00ebshtu do t\u00eb jet\u00eb. Sepse, n\u00ebse Gruevski largohet, do t\u00eb duhet t\u00eb largohet edhe Ahmeti. P\u00ebr k\u00ebt\u00eb arsye besnik\u00ebrisht mb\u00ebshtesin nj\u00ebri tjetrin.<\/p>\n<p><span class=\"dropcap color firstcharacter\">3<\/span> Sipas rezultateve t\u00eb fundit t\u00eb programit nd\u00ebrkomb\u00ebtar t\u00eb OECD-s\u00eb p\u00ebr vler\u00ebsimin e nx\u00ebn\u00ebsve, nga testimi i zhvilluar n\u00eb vitin 2015, Maqedonia \u00ebsht\u00eb radhitur n\u00eb vendin 68 nga 70 vende t\u00eb testuar, nd\u00ebrsa n\u00eb disa kategori \u00a0si leximi radhitet e fundit, me p\u00ebrjashtim t\u00eb Kosov\u00ebs dhe Republik\u00ebs Dominikane.<\/p>\n<p>M\u00eb shum\u00eb se dy t\u00eb tretat e 15-vje\u00e7ar\u00ebve nuk kan\u00eb shkatht\u00ebsi funksionale n\u00eb shkenc\u00eb, matematik\u00eb dhe lexim dhe t\u00eb kuptuarit. Ve\u00e7 k\u00ebsaj, Maqedonia ka normat m\u00eb t\u00eb ul\u00ebta t\u00eb regjistrimit n\u00eb arsimin fillor dhe t\u00eb mes\u00ebm n\u00eb rajon.<\/p>\n<p>\u00c7far\u00eb do t\u00eb thot\u00eb kjo? Nga nj\u00ebra an\u00eb regjistrohen gjithnj\u00eb e m\u00eb pak f\u00ebmij\u00eb p\u00ebr shkak se shum\u00eb njer\u00ebz largohen nga vendi, nd\u00ebrsa arsimi fillor dhe i mes\u00ebm \u00ebsht\u00eb i detyruesh\u00ebm. Madje edhe ata q\u00eb shkojn\u00eb n\u00eb shkoll\u00eb, kot e b\u00ebjn\u00eb k\u00ebt\u00eb, sepse dalin analfabet.<\/p>\n<p>Dhe gjith\u00eb k\u00ebto rezultate sh\u00ebnohen pas gjith\u00eb reformave q\u00eb filluan me &#8220;Kompjuter p\u00ebr \u00e7do f\u00ebmij\u00eb&#8221;, fushata &#8220;Dituria \u00ebsht\u00eb forc\u00eb, dituria \u00ebsht\u00eb fuqi&#8221; p\u00ebrmes testimit t\u00eb jasht\u00ebm, programi Kembrixh. Ky analfabetiz\u00ebm \u00ebsht\u00eb regjistruar n\u00eb koh\u00ebn kur t\u00eb diturit e quajt\u00ebn Bllazhe Koneskin xhuxhi i Nebregov\u00ebs, Ko\u00e7o Racinin nga Velesi xhuxh i cili vdiq n\u00eb koh\u00eb, Slavko Janevskin e lustruan.<\/p>\n<p>Ata pra, b\u00ebn\u00eb nj\u00eb arsim t\u00eb duhur p\u00ebr shoq\u00ebrin\u00eb q\u00eb e kan\u00eb krijuar. Ku nuk ka r\u00ebnd\u00ebsi se sa dini, por \u00ebsht\u00eb me r\u00ebnd\u00ebsi q\u00eb rregullisht t\u00eb shkosh n\u00eb selin\u00eb e partis\u00eb. Dhe t\u00eb jesh n\u00eb gatishm\u00ebri, duke pritur SMS<\/p>\n<p>mesazhe p\u00ebr t\u00eb mbrojtur liderin nga burgu.<\/p>\n<p><span class=\"dropcap color firstcharacter\">4<\/span> Qeveria nuk i paguan subvencionet p\u00ebr bujqit. Ata ankohen p\u00ebr shtypje nga Qeveria. Marrin k\u00ebrc\u00ebnime se n\u00ebse protestojn\u00eb nuk do t\u2019i marrin parat\u00eb. Nd\u00ebrsa ata protestojn\u00eb pik\u00ebrisht sepse nuk iu paguhen parat\u00eb<\/p>\n<p>Pak a shum\u00eb e nj\u00ebjta histori si grevat. Qeveria i k\u00ebrc\u00ebnon se do t\u2019i largoj\u00eb nga puna, ose do t\u2019ua zvog\u00ebloj\u00eb pagat. Nd\u00ebrsa ata jan\u00eb n\u00eb greve sepse nuk kan\u00eb marr\u00eb pagat muaj t\u00eb t\u00ebr\u00eb.<\/p>\n<p>Ky \u00ebsht\u00eb nj\u00eb variant bashk\u00ebkohor i Maqedonasit q\u00eb mban fshehur alltin\u00eb p\u00ebr mos dhash\u00eb Zoti. Mos t\u00eb protestosh p\u00ebr paga dhe subvencione \u00ebsht\u00eb nj\u00eb investim n\u00eb t\u00eb ardhmen. Ke p\u00ebr t\u00eb marr\u00eb.<\/p>\n<p><span class=\"dropcap color firstcharacter\">5<\/span> Pardje, Tetova solemnisht u b\u00eb me tubacion t\u00eb ujit. Tubacioni i gjat\u00eb 9 kilometra nd\u00ebrtohej 18 vjet. Dometh\u00ebn\u00eb dikush q\u00eb ka lindur kur kan\u00eb filluar solemnisht punimet, tanim\u00eb \u00ebsht\u00eb b\u00ebr\u00eb 18 vje\u00e7 dhe do ket\u00eb mund\u00ebsi t\u00eb votoj\u00eb n\u00eb zgjedhjet lokale q\u00eb t\u2019iu l\u00ebshojn\u00eb ujin.<\/p>\n<p>Asnjeri nuk e din se sa kushton tubacioni. Por supozohet se p\u00ebr k\u00ebto 18 vjet jan\u00eb shpenzuar 10 deri 20 milion euro. Po \u00e7far\u00eb ndryshon 10 milion\u00ebshi? Sidomos n\u00ebse parat\u00eb i kan\u00eb dh\u00ebn\u00eb edhe UNDP, edhe Zvicra edhe komuna edhe shteti. Nuk ka kush s\u2019ka dh\u00ebn\u00eb.<\/p>\n<p>Q\u00eb tubacioni t\u00eb b\u00ebhet uj\u00ebsjell\u00ebs, mbetet p\u00ebr t\u00eb nd\u00ebrtuar edhe stacioni i filtrimit. Q\u00eb tani duhet t\u00eb kushtoj\u00eb 2 milion euro. Por ndoshta do t\u00eb kushtoj\u00eb edhe 4 milion. \u00c7far\u00eb dallimi b\u00ebjn\u00eb 2 milion. Shum\u00eb m\u00eb pak se 10 milion. Kush mund t\u00eb planifikoj\u00eb aq gjat\u00eb p\u00ebrpara shpenzimin e parave t\u00eb popullit?<\/p>\n<p><span class=\"dropcap color firstcharacter\">6<\/span> Edhe Norvegjia do t\u00eb nd\u00ebrtoj\u00eb tubacion. Por p\u00ebr anije. Tunel n\u00ebn det. Dhe p\u00ebr nd\u00ebrtim jan\u00eb parapar\u00eb 300 milion euro. VMRO-PMNE p\u00ebr Shkupi 2014 shpenzoi 600 milion euro.<\/p>\n<p>Mos \u00ebsht\u00eb shum\u00eb, bre?<\/p>\n<p>&nbsp;<\/p>\n<p>P\u00ebrktheu: Fjolla Zllatku<\/p>\n<p>&nbsp;<\/p>\n\n<div style=\"font-size: 0px; height: 0px; line-height: 0px; margin: 0; padding: 0; clear: both;\"><\/div>","protected":false},"excerpt":{"rendered":"<p>LSDM-ja jep nj\u00eb pasqyr\u00eb t\u00eb gabuar t\u00eb realitetit, kur p\u00ebr k\u00ebt\u00eb qeveri teknike p\u00ebrdor shprehjen &#8220;Qeveria n\u00eb largim&#8221;. \u00c7far\u00eb largimi? [&hellip;]<\/p>\n","protected":false},"author":1,"featured_media":184,"comment_status":"closed","ping_status":"closed","sticky":false,"template":"","format":"standard","meta":{"_mo_disable_npp":"","inline_featured_image":false},"categories":[1825],"tags":[],"imageURL":"https:\/\/sdk.mk\/wp-content\/uploads\/2015\/12\/goran-mihailovski2.jpg","thumbURL":"https:\/\/sdk.mk\/wp-content\/uploads\/2015\/12\/goran-mihailovski2-250x196.jpg","categoryNames":["DUA T\u00cb THEM"],"feature_caption":"","subtitle":"\u0410\u043a\u043e \u0441\u0438 \u043e\u0434\u0438 \u0413\u0440\u0443\u0435\u0432\u0441\u043a\u0438, \u045c\u0435 \u043c\u043e\u0440\u0430 \u0434\u0430 \u0441\u0438 \u043e\u0434\u0438 \u0438 \u0410\u0445\u043c\u0435\u0442\u0438. \u0417\u0430\u0442\u043e\u0430 \u0442\u0430\u043a\u0430 \u0432\u0435\u0440\u043d\u043e \u0441\u0435 \u0434\u0440\u0436\u0430\u0442 \u0437\u0430\u0435\u0434\u043d\u043e.","views":"5371","source":"","yoast_head":"<!-- This site is optimized with the Yoast SEO Premium plugin v15.0 - https:\/\/yoast.com\/wordpress\/plugins\/seo\/ -->\n<title>PREJ 10 DERI 20 MILION - \u0421\u0430\u043a\u0430\u043c \u0414\u0430 \u041a\u0430\u0436\u0430\u043c<\/title>\n<meta name=\"robots\" content=\"index, follow, max-snippet:-1, max-image-preview:large, max-video-preview:-1\" \/>\n<link rel=\"canonical\" href=\"https:\/\/sdk.mk\/index.php\/dua-te-them\/prej-10-deri-20-milion\/\" \/>\n<meta property=\"og:locale\" content=\"mk_MK\" \/>\n<meta property=\"og:type\" content=\"article\" \/>\n<meta property=\"og:title\" content=\"PREJ 10 DERI 20 MILION - \u0421\u0430\u043a\u0430\u043c \u0414\u0430 \u041a\u0430\u0436\u0430\u043c\" \/>\n<meta property=\"og:description\" content=\"LSDM-ja jep nj\u00eb pasqyr\u00eb t\u00eb gabuar t\u00eb realitetit, kur p\u00ebr k\u00ebt\u00eb qeveri teknike p\u00ebrdor shprehjen &#8220;Qeveria n\u00eb largim&#8221;. \u00c7far\u00eb largimi? [&hellip;]\" \/>\n<meta property=\"og:url\" content=\"https:\/\/sdk.mk\/index.php\/dua-te-them\/prej-10-deri-20-milion\/\" \/>\n<meta property=\"og:site_name\" content=\"\u0421\u0430\u043a\u0430\u043c \u0414\u0430 \u041a\u0430\u0436\u0430\u043c\" \/>\n<meta property=\"article:published_time\" content=\"2017-04-08T11:21:26+00:00\" \/>\n<meta property=\"og:image\" content=\"https:\/\/sdk.mk\/wp-content\/uploads\/2015\/12\/goran-mihailovski2.jpg\" \/>\n\t<meta property=\"og:image:width\" content=\"400\" \/>\n\t<meta property=\"og:image:height\" content=\"313\" \/>\n<meta property=\"fb:app_id\" content=\"2407985809428537\" \/>\n<meta name=\"twitter:card\" content=\"summary\" \/>\n<script type=\"application\/ld+json\" class=\"yoast-schema-graph\">{\"@context\":\"https:\/\/schema.org\",\"@graph\":[{\"@type\":\"WebSite\",\"@id\":\"https:\/\/sdk.mk\/#website\",\"url\":\"https:\/\/sdk.mk\/\",\"name\":\"\\u0421\\u0430\\u043a\\u0430\\u043c \\u0414\\u0430 \\u041a\\u0430\\u0436\\u0430\\u043c\",\"description\":\"\\u0417\\u0430 \\u0441\\u043b\\u043e\\u0431\\u043e\\u0434\\u043e\\u0443\\u043c\\u043d\\u0438\",\"potentialAction\":[{\"@type\":\"SearchAction\",\"target\":\"https:\/\/sdk.mk\/?s={search_term_string}\",\"query-input\":\"required name=search_term_string\"}],\"inLanguage\":\"mk-MK\"},{\"@type\":\"ImageObject\",\"@id\":\"https:\/\/sdk.mk\/index.php\/dua-te-them\/prej-10-deri-20-milion\/#primaryimage\",\"inLanguage\":\"mk-MK\",\"url\":\"https:\/\/sdk.mk\/wp-content\/uploads\/2015\/12\/goran-mihailovski2.jpg\",\"width\":400,\"height\":313},{\"@type\":\"WebPage\",\"@id\":\"https:\/\/sdk.mk\/index.php\/dua-te-them\/prej-10-deri-20-milion\/#webpage\",\"url\":\"https:\/\/sdk.mk\/index.php\/dua-te-them\/prej-10-deri-20-milion\/\",\"name\":\"PREJ 10 DERI 20 MILION - \\u0421\\u0430\\u043a\\u0430\\u043c \\u0414\\u0430 \\u041a\\u0430\\u0436\\u0430\\u043c\",\"isPartOf\":{\"@id\":\"https:\/\/sdk.mk\/#website\"},\"primaryImageOfPage\":{\"@id\":\"https:\/\/sdk.mk\/index.php\/dua-te-them\/prej-10-deri-20-milion\/#primaryimage\"},\"datePublished\":\"2017-04-08T11:21:26+00:00\",\"dateModified\":\"2017-04-08T11:21:26+00:00\",\"author\":{\"@id\":\"https:\/\/sdk.mk\/#\/schema\/person\/be7cfa6655c47f7195bfdd0ba8144aa2\"},\"inLanguage\":\"mk-MK\",\"potentialAction\":[{\"@type\":\"ReadAction\",\"target\":[\"https:\/\/sdk.mk\/index.php\/dua-te-them\/prej-10-deri-20-milion\/\"]}]},{\"@type\":\"Person\",\"@id\":\"https:\/\/sdk.mk\/#\/schema\/person\/be7cfa6655c47f7195bfdd0ba8144aa2\",\"name\":\"\\u0413\\u043e\\u0440\\u0430\\u043d \\u041c\\u0438\\u0445\\u0430\\u0458\\u043b\\u043e\\u0432\\u0441\\u043a\\u0438\"}]}<\/script>\n<!-- \/ Yoast SEO Premium plugin. -->","_links":{"self":[{"href":"https:\/\/sdk.mk\/index.php\/wp-json\/wp\/v2\/posts\/29012"}],"collection":[{"href":"https:\/\/sdk.mk\/index.php\/wp-json\/wp\/v2\/posts"}],"about":[{"href":"https:\/\/sdk.mk\/index.php\/wp-json\/wp\/v2\/types\/post"}],"author":[{"embeddable":true,"href":"https:\/\/sdk.mk\/index.php\/wp-json\/wp\/v2\/users\/1"}],"replies":[{"embeddable":true,"href":"https:\/\/sdk.mk\/index.php\/wp-json\/wp\/v2\/comments?post=29012"}],"version-history":[{"count":0,"href":"https:\/\/sdk.mk\/index.php\/wp-json\/wp\/v2\/posts\/29012\/revisions"}],"wp:featuredmedia":[{"embeddable":true,"href":"https:\/\/sdk.mk\/index.php\/wp-json\/wp\/v2\/media\/184"}],"wp:attachment":[{"href":"https:\/\/sdk.mk\/index.php\/wp-json\/wp\/v2\/media?parent=29012"}],"wp:term":[{"taxonomy":"category","embeddable":true,"href":"https:\/\/sdk.mk\/index.php\/wp-json\/wp\/v2\/categories?post=29012"},{"taxonomy":"post_tag","embeddable":true,"href":"https:\/\/sdk.mk\/index.php\/wp-json\/wp\/v2\/tags?post=29012"}],"curies":[{"name":"wp","href":"https:\/\/api.w.org\/{rel}","templated":true}]}}