{"id":29996,"date":"2017-04-25T16:07:42","date_gmt":"2017-04-25T14:07:42","guid":{"rendered":"http:\/\/sdk.mk\/?p=29996"},"modified":"2017-04-25T16:07:42","modified_gmt":"2017-04-25T14:07:42","slug":"ne-tetove-eshte-hapur-qender-per-femijet-autizem","status":"publish","type":"post","link":"https:\/\/sdk.mk\/index.php\/rrjeti-i-korrespondenteve\/ne-tetove-eshte-hapur-qender-per-femijet-autizem\/","title":{"rendered":"N\u00cb TETOV\u00cb \u00cbSHT\u00cb HAPUR QEND\u00cbR P\u00cbR F\u00cbMIJ\u00cbT ME AUTIZ\u00cbM"},"content":{"rendered":"<div class=\"f52428582a4b906b2d2e2a7d733c7d27\" data-index=\"7\" style=\"float: none; margin:10px 0 10px 0; text-align:center;\">\n<!-- MSP Ads Asynchronous JS Tag - Generated with Revive Adserver v5.4.1 -->\r\n<ins data-revive-zoneid=\"167\" data-revive-id=\"060fdb01f6430ec164d3519234aa4967\"><\/ins>\r\n<script async src=\"\/\/panel.ads.com.mk\/www\/delivery\/asyncjs.php\"><\/script>\n<\/div>\n<p>N\u00eb Tetov\u00eb \u00ebsht\u00eb hapur nj\u00eb qend\u00ebr p\u00ebr f\u00ebmij\u00eb me autiz\u00ebm. Iniciativa p\u00ebr hapjen e k\u00ebsaj qendre ka ardhur nga disa psikolog\u00eb dhe student\u00eb t\u00eb defektologjis\u00eb n\u00eb Tetov\u00eb n\u00eb krye me Migjen Amzain, nd\u00ebrsa ka pasur mb\u00ebshtetje edhe nga udh\u00ebheq\u00ebsia lokale.<\/p>\n<p>\u201cN\u00eb qend\u00ebr p\u00ebr momentin jan\u00eb p\u00ebrfshir\u00eb 25 f\u00ebmij\u00eb me t\u00eb cil\u00ebt, \u00e7do dit\u00eb p\u00ebr nj\u00eb or\u00eb e gjysm\u00eb, punojn\u00eb disa psikolog\u00eb dhe defektolog\u00eb, pjes\u00ebrisht student\u00eb. Puna zhvillohet individualisht dhe \u00e7do f\u00ebmij\u00eb q\u00eb ka autiz\u00ebm kalon nj\u00eb or\u00eb e gjysm\u00eb n\u00eb k\u00ebt\u00eb qend\u00ebr. Ne jemi t\u00eb k\u00ebnaqur nga pajisja e qendr\u00ebs dhe nga arritjet e fillimit, nd\u00ebrsa edhe m\u00eb t\u00eb k\u00ebnaqur jan\u00eb prind\u00ebrit, sidomos kur i shohin rezultatet e para tek f\u00ebmij\u00ebt e tyre\u201d, thot\u00eb Migjen Amzai nga Shoqata e psikolog\u00ebve shqiptar\u00eb n\u00eb Maqedoni.<\/p>\n<p>Projekti p\u00ebr hapjen e qendr\u00ebs p\u00ebr f\u00ebmij\u00eb me autiz\u00ebm \u00ebsht\u00eb i mb\u00ebshtetur nga Komuna e Tetov\u00ebs.<br \/>\n\u201cQ\u00eb kur d\u00ebgjuam p\u00ebr iden\u00eb, ne si Komun\u00eb e Tetov\u00ebs e kemi mb\u00ebshtetur projektin, edhe pse modestisht, sepse konsideronim se ai \u00ebsht\u00eb i r\u00ebnd\u00ebsish\u00ebm p\u00ebr qytetin. Gjithashtu, kemi kontaktuar shkollat e qytetit q\u00eb t\u00eb mund\u00ebsohet identifikimi i f\u00ebmij\u00ebve me autiz\u00ebm q\u00eb ndjekin m\u00ebsimin e rregullt, q\u00eb t\u00eb mund t\u2019i p\u00ebrdorin edhe ata ofertat e k\u00ebsaj qendre. Ne duam q\u00eb ta mb\u00ebshtesim k\u00ebt\u00eb projekt edhe m\u00eb tutje, por gjithashtu do t\u00eb doja q\u00eb t\u00eb p\u00ebrfshihen edhe institucionet e tjera, sidomos Ministria e pun\u00ebve sociale. Shpresojm\u00eb s\u00eb p\u00ebr vitin e ardhsh\u00ebm, nj\u00eb pjes\u00eb e financimit t\u00eb qendr\u00ebs do t\u00eb mb\u00ebshtetet nga buxheti i Komun\u00ebs\u201d, deklaroi kryetarja e Komun\u00ebs s\u00eb Tetov\u00ebs Teuta Arifi.<br \/>\nAktivitetet deri m\u00eb tani do t\u00eb zhvillohen vet\u00ebm n\u00eb gjuh\u00ebn shqipe, por nga Qendra p\u00ebr autiz\u00ebm thon\u00eb q\u00eb n\u00ebse paraqitet ndonj\u00eb f\u00ebmij\u00eb, pa problem q\u00eb me t\u00eb do t\u00eb mund t\u00eb punohet edhe n\u00eb gjuh\u00ebn maqedonase.<\/p>\n<p>Z. ANDONOV<\/p>\n\n<div style=\"font-size: 0px; height: 0px; line-height: 0px; margin: 0; padding: 0; clear: both;\"><\/div>","protected":false},"excerpt":{"rendered":"<p>N\u00eb Tetov\u00eb \u00ebsht\u00eb hapur nj\u00eb qend\u00ebr p\u00ebr f\u00ebmij\u00eb me autiz\u00ebm. Iniciativa p\u00ebr hapjen e k\u00ebsaj qendre ka ardhur nga disa [&hellip;]<\/p>\n","protected":false},"author":9,"featured_media":29979,"comment_status":"closed","ping_status":"closed","sticky":false,"template":"","format":"standard","meta":{"_mo_disable_npp":"","inline_featured_image":false},"categories":[3095],"tags":[],"imageURL":"https:\/\/sdk.mk\/wp-content\/uploads\/2017\/04\/centar-za-autizam-650x366.jpg","thumbURL":"https:\/\/sdk.mk\/wp-content\/uploads\/2017\/04\/centar-za-autizam-250x141.jpg","categoryNames":["Rrjeti i korrespondent\u00ebve"],"feature_caption":"\r\nN\u00eb qendr\u00ebn p\u00ebr momentin jan\u00eb p\u00ebrfshir\u00eb 25 f\u00ebmij\u00eb me t\u00eb cil\u00ebt \u00e7do dit\u00eb p\u00ebr nj\u00eb or\u00eb e gjysm\u00eb, punojn\u00eb disa psikolog\u00eb dhe defektolog\u00eb, pjes\u00ebrisht student\u00eb. (Foto:SDK.MK)","subtitle":"","views":"9961","source":"Tetov\u00eb, (SAKAMDAKAZAM.MK)","yoast_head":"<!-- This site is optimized with the Yoast SEO Premium plugin v15.0 - https:\/\/yoast.com\/wordpress\/plugins\/seo\/ -->\n<title>N\u00cb TETOV\u00cb \u00cbSHT\u00cb HAPUR QEND\u00cbR P\u00cbR F\u00cbMIJ\u00cbT ME AUTIZ\u00cbM - \u0421\u0430\u043a\u0430\u043c \u0414\u0430 \u041a\u0430\u0436\u0430\u043c<\/title>\n<meta name=\"robots\" content=\"index, follow, max-snippet:-1, max-image-preview:large, max-video-preview:-1\" \/>\n<link rel=\"canonical\" href=\"https:\/\/sdk.mk\/index.php\/rrjeti-i-korrespondenteve\/ne-tetove-eshte-hapur-qender-per-femijet-autizem\/\" \/>\n<meta property=\"og:locale\" content=\"mk_MK\" \/>\n<meta property=\"og:type\" content=\"article\" \/>\n<meta property=\"og:title\" content=\"N\u00cb TETOV\u00cb \u00cbSHT\u00cb HAPUR QEND\u00cbR P\u00cbR F\u00cbMIJ\u00cbT ME AUTIZ\u00cbM - \u0421\u0430\u043a\u0430\u043c \u0414\u0430 \u041a\u0430\u0436\u0430\u043c\" \/>\n<meta property=\"og:description\" content=\"N\u00eb Tetov\u00eb \u00ebsht\u00eb hapur nj\u00eb qend\u00ebr p\u00ebr f\u00ebmij\u00eb me autiz\u00ebm. Iniciativa p\u00ebr hapjen e k\u00ebsaj qendre ka ardhur nga disa [&hellip;]\" \/>\n<meta property=\"og:url\" content=\"https:\/\/sdk.mk\/index.php\/rrjeti-i-korrespondenteve\/ne-tetove-eshte-hapur-qender-per-femijet-autizem\/\" \/>\n<meta property=\"og:site_name\" content=\"\u0421\u0430\u043a\u0430\u043c \u0414\u0430 \u041a\u0430\u0436\u0430\u043c\" \/>\n<meta property=\"article:published_time\" content=\"2017-04-25T14:07:42+00:00\" \/>\n<meta property=\"og:image\" content=\"https:\/\/sdk.mk\/wp-content\/uploads\/2017\/04\/centar-za-autizam.jpg\" \/>\n\t<meta property=\"og:image:width\" content=\"4128\" \/>\n\t<meta property=\"og:image:height\" content=\"2322\" \/>\n<meta property=\"fb:app_id\" content=\"2407985809428537\" \/>\n<meta name=\"twitter:card\" content=\"summary\" \/>\n<script type=\"application\/ld+json\" class=\"yoast-schema-graph\">{\"@context\":\"https:\/\/schema.org\",\"@graph\":[{\"@type\":\"WebSite\",\"@id\":\"https:\/\/sdk.mk\/#website\",\"url\":\"https:\/\/sdk.mk\/\",\"name\":\"\\u0421\\u0430\\u043a\\u0430\\u043c \\u0414\\u0430 \\u041a\\u0430\\u0436\\u0430\\u043c\",\"description\":\"\\u0417\\u0430 \\u0441\\u043b\\u043e\\u0431\\u043e\\u0434\\u043e\\u0443\\u043c\\u043d\\u0438\",\"potentialAction\":[{\"@type\":\"SearchAction\",\"target\":\"https:\/\/sdk.mk\/?s={search_term_string}\",\"query-input\":\"required name=search_term_string\"}],\"inLanguage\":\"mk-MK\"},{\"@type\":\"ImageObject\",\"@id\":\"https:\/\/sdk.mk\/index.php\/rrjeti-i-korrespondenteve\/ne-tetove-eshte-hapur-qender-per-femijet-autizem\/#primaryimage\",\"inLanguage\":\"mk-MK\",\"url\":\"https:\/\/sdk.mk\/wp-content\/uploads\/2017\/04\/centar-za-autizam.jpg\",\"width\":4128,\"height\":2322},{\"@type\":\"WebPage\",\"@id\":\"https:\/\/sdk.mk\/index.php\/rrjeti-i-korrespondenteve\/ne-tetove-eshte-hapur-qender-per-femijet-autizem\/#webpage\",\"url\":\"https:\/\/sdk.mk\/index.php\/rrjeti-i-korrespondenteve\/ne-tetove-eshte-hapur-qender-per-femijet-autizem\/\",\"name\":\"N\\u00cb TETOV\\u00cb \\u00cbSHT\\u00cb HAPUR QEND\\u00cbR P\\u00cbR F\\u00cbMIJ\\u00cbT ME AUTIZ\\u00cbM - \\u0421\\u0430\\u043a\\u0430\\u043c \\u0414\\u0430 \\u041a\\u0430\\u0436\\u0430\\u043c\",\"isPartOf\":{\"@id\":\"https:\/\/sdk.mk\/#website\"},\"primaryImageOfPage\":{\"@id\":\"https:\/\/sdk.mk\/index.php\/rrjeti-i-korrespondenteve\/ne-tetove-eshte-hapur-qender-per-femijet-autizem\/#primaryimage\"},\"datePublished\":\"2017-04-25T14:07:42+00:00\",\"dateModified\":\"2017-04-25T14:07:42+00:00\",\"author\":{\"@id\":\"https:\/\/sdk.mk\/#\/schema\/person\/3e8217f71bc38bd7c592f30c69e10e5a\"},\"inLanguage\":\"mk-MK\",\"potentialAction\":[{\"@type\":\"ReadAction\",\"target\":[\"https:\/\/sdk.mk\/index.php\/rrjeti-i-korrespondenteve\/ne-tetove-eshte-hapur-qender-per-femijet-autizem\/\"]}]},{\"@type\":\"Person\",\"@id\":\"https:\/\/sdk.mk\/#\/schema\/person\/3e8217f71bc38bd7c592f30c69e10e5a\",\"name\":\"\\u041c\\u0438\\u0440\\u043e\\u0441\\u043b\\u0430\\u0432 \\u0418\\u043b\\u0438\\u043e\\u0441\\u043a\\u0438\"}]}<\/script>\n<!-- \/ Yoast SEO Premium plugin. -->","_links":{"self":[{"href":"https:\/\/sdk.mk\/index.php\/wp-json\/wp\/v2\/posts\/29996"}],"collection":[{"href":"https:\/\/sdk.mk\/index.php\/wp-json\/wp\/v2\/posts"}],"about":[{"href":"https:\/\/sdk.mk\/index.php\/wp-json\/wp\/v2\/types\/post"}],"author":[{"embeddable":true,"href":"https:\/\/sdk.mk\/index.php\/wp-json\/wp\/v2\/users\/9"}],"replies":[{"embeddable":true,"href":"https:\/\/sdk.mk\/index.php\/wp-json\/wp\/v2\/comments?post=29996"}],"version-history":[{"count":0,"href":"https:\/\/sdk.mk\/index.php\/wp-json\/wp\/v2\/posts\/29996\/revisions"}],"wp:featuredmedia":[{"embeddable":true,"href":"https:\/\/sdk.mk\/index.php\/wp-json\/wp\/v2\/media\/29979"}],"wp:attachment":[{"href":"https:\/\/sdk.mk\/index.php\/wp-json\/wp\/v2\/media?parent=29996"}],"wp:term":[{"taxonomy":"category","embeddable":true,"href":"https:\/\/sdk.mk\/index.php\/wp-json\/wp\/v2\/categories?post=29996"},{"taxonomy":"post_tag","embeddable":true,"href":"https:\/\/sdk.mk\/index.php\/wp-json\/wp\/v2\/tags?post=29996"}],"curies":[{"name":"wp","href":"https:\/\/api.w.org\/{rel}","templated":true}]}}