{"id":30345,"date":"2017-04-29T15:38:24","date_gmt":"2017-04-29T13:38:24","guid":{"rendered":"http:\/\/sdk.mk\/?p=30345"},"modified":"2017-04-29T15:38:35","modified_gmt":"2017-04-29T13:38:35","slug":"atentati-i-niksonit","status":"publish","type":"post","link":"https:\/\/sdk.mk\/index.php\/dua-te-them\/atentati-i-niksonit\/","title":{"rendered":"ATENTATI I NIKSONIT"},"content":{"rendered":"<div class=\"f52428582a4b906b2d2e2a7d733c7d27\" data-index=\"7\" style=\"float: none; margin:10px 0 10px 0; text-align:center;\">\n<!-- MSP Ads Asynchronous JS Tag - Generated with Revive Adserver v5.4.1 -->\r\n<ins data-revive-zoneid=\"167\" data-revive-id=\"060fdb01f6430ec164d3519234aa4967\"><\/ins>\r\n<script async src=\"\/\/panel.ads.com.mk\/www\/delivery\/asyncjs.php\"><\/script>\n<\/div>\n<p><span class=\"dropcap color firstcharacter\">1<\/span>Nikolla Gruevski duhej t\u00eb tregonte barsoleta n\u00eb 4 t\u00eb mengjesit, kur, p\u00ebr sulmin e Parlamentit u b\u00ebri thirje \u201cinstitucioneve, t\u00eb b\u00ebjn\u00eb hetim t\u00eb shpejt\u00eb dhe efikas, t\u2019i zbulojn\u00eb fajtor\u00ebt dhe ata t\u00eb d\u00ebrgohen n\u00eb gjyq\u201d.<br \/>\nCilat institucione? Policia e \u00c7avkovit dhe Prokuroria e Zv\u00ebrlevskit? Policia, e cila me topat e ujit t\u00eb Erdoganit e mbronte oborrin e bardh\u00eb t\u00eb VMRO-DPMNE-s\u00eb nga ngjyrosja, nd\u00ebrsa i lejoi dhunuesit e maskuar t\u00eb komandojn\u00eb n\u00eb Parlament e t\u2019i lin\u00e7ojn\u00eb deputet\u00ebt e zgjedhur nga populli? Policia, q\u00eb i ndiqte student\u00ebt n\u00ebp\u00ebr biblioteka p\u00ebr t\u2019i rrahur e p\u00ebr t\u2019ia dor\u00ebzuar prokurorit Zv\u00ebrlevski? Ja ku jan\u00eb f\u00ebmij\u00ebt, akoma i zvarritin n\u00ebp\u00ebr gjyqe.<\/p>\n<p>N\u00eb qeverisjen dhjet\u00ebvje\u00e7are t\u00eb VMRO-DPMNE-s\u00eb ka dy data t\u00eb famshme, 24 dhjetori 2012 dhe 27 prilli 2017. M\u00eb 24 dhjetor policia me shqelma i p\u00ebrjashtoi nga Parlamenti deputet\u00ebt q\u00eb ishin kund\u00ebrshtar\u00eb politik\u00eb t\u00eb VMRO-DPMNE-s\u00eb dhe gazetar\u00ebt, q\u00eb t\u00eb mos i shihnin fotografit\u00eb e sh\u00ebmtuara. M\u00eb 27 prill policia ua hapi der\u00ebn dhunuesve q\u00eb t\u2019ua gjakosin kokat kund\u00ebrshtar\u00ebve politik\u00eb t\u00eb VMRO-DPMNE-s\u00eb, e n\u00ebse ia arrijn\u00eb, edhe t\u2019i vrasin.<br \/>\nAq e pati Parlamenti si institucion m\u00eb i lart\u00eb shtet\u00ebror. Pasi p\u00ebr policin\u00eb ai nuk ishte institucion q\u00eb meritonte mbrojtje. Duhet mbrojtur vet\u00ebm oborri i bardh\u00eb i VMRO-DPMNE-s\u00eb. Pasi p\u00ebr policin\u00eb, vet\u00ebm VMRO-DPMNE \u00ebsht\u00eb institucion. E nd\u00ebrkoh\u00eb q\u00eb policia me uniform\u00eb \u00ebsht\u00eb n\u00ebn komandimin e VMRO-DPMNE-s\u00eb, mesazhi \u00ebsht\u00eb tmerrues. P\u00ebr sa koh\u00eb q\u00eb MVRO \u00ebsht\u00eb VMRO, n\u00ebse mundet dhunuesit t\u2019u hyjn\u00eb deputet\u00ebve n\u00eb Parlament q\u00eb t\u2019i lin\u00e7ojn\u00eb, pritini nes\u00ebr t\u2019ju hyjn\u00eb n\u00eb sht\u00ebpi.<\/p>\n<p><span class=\"dropcap color firstcharacter\">2<\/span>Nikolla Gruevski, n\u00eb or\u00ebt e para t\u00eb m\u00ebngjesit na tregon p\u00ebrralla se nuk e ka ditur se \u00e7far\u00eb po ndodh, sepse ka qen\u00eb n\u00eb Vjen\u00eb. Dhe e gjykon dhun\u00ebn n\u00eb Parlament.<br \/>\nPo kush jepte intervista ku i th\u00ebrriste mb\u00ebshtet\u00ebsit e vet q\u00eb t\u00eb mos rrinin n\u00eb sht\u00ebpi me k\u00ebmb\u00ebt n\u00eb papu\u00e7e, por t\u00eb dilnin rrug\u00ebve? Kush k\u00ebrc\u00ebnohej se \u201cnuk mund ta kontrolloj\u00eb hidh\u00ebrimin e popullit\u201d? Kush i frik\u00ebsonte njer\u00ebzit me grusht shtet, nd\u00ebrsa ai grushtetin n\u00eb polici e kishte realizuar koh\u00eb m\u00eb par\u00eb? Kush i bleu maskat e dhunuesve q\u00eb p\u00ebrsh\u00ebndeteshin me policin\u00eb n\u00eb hyrje t\u00eb Parlamentit? Mos vall\u00eb ia pagoi Sorosi?<\/p>\n<p>Sa p\u00ebr urimin q\u00eb u b\u00ebri deputet\u00ebve p\u00ebr sh\u00ebrim t\u00eb shpejt\u00eb, p\u00ebrkon shum\u00eb me moralin e Gruevskit. E d\u00ebgjuam n\u00eb bisedat e p\u00ebrgjuara si u n\u00ebnqeshte atyre q\u00eb nuk mendojn\u00eb nj\u00ebsoj si ai, si p\u00ebrpiqet t\u00eb fsheh\u00eb vrasje, \u00e7far\u00eb sens humori ka, si shtiret mbi t\u00eb pafuqishmit\u2026D\u00ebgjuam sa keqardhje ka e se sa ua do t\u00eb mir\u00ebn t\u00eb tjer\u00ebve. Dy-tre shpulla, por nga ato m\u00eb t\u00eb fortat.<br \/>\nE dini se kur do t\u00eb p\u00ebrfundoj\u00eb ky hetim? Me VMRO-DPMNE-n\u00eb krye, hetimi p\u00ebr tentimin p\u00ebr vrasje n\u00eb Parlament do t\u00eb p\u00ebrfundoj\u00eb kur t\u00eb p\u00ebrfundoj\u00eb hetimi p\u00ebr rrahjen para Komun\u00ebs Qend\u00ebr. E kur t\u00eb zbulohet e v\u00ebrteta mbi Lagjen e Trimave.<\/p>\n<p><span class=\"dropcap color firstcharacter\">3<\/span>Mes atyre q\u00eb kan\u00eb pasur keqardhje, madje edhe i kan\u00eb ndihmuar koleg\u00ebt deputet\u00eb dhe i kan\u00eb mbrojtur nga dhunuesit n\u00eb Parlament, kan\u00eb qen\u00eb deputet\u00ebt Vllatko Gjor\u00e7ev dhe Nikolla Todorov. N\u00eb fillim e shpuan zorr\u00ebn, pastaj vihen n\u00eb ndihm\u00eb p\u00ebr t\u00eb ndaluar rrjedhjen e ujit q\u00eb t\u00eb mos v\u00ebrshohemi.<br \/>\nSe a u \u00ebsht\u00eb ndezur ndjenja e solidaritetit, apo n\u00eb ato momente e kan\u00eb par\u00eb veten n\u00eb ndonj\u00eb list\u00eb t\u00eb zez\u00eb- vet\u00ebm ata e din\u00eb. Sidomos q\u00eb Gruevski nuk ishte me ta. Si nj\u00eb lider i v\u00ebrtet\u00eb, k\u00ebsaj here, n\u00eb moment ky\u00e7 nuk ishte n\u00eb Parlament. Nga nj\u00eb vend i sigurt, me papu\u00e7e, porosit shpulla. E pastaj, nga avioni gjykon dhun\u00ebn.<\/p>\n<p>Besa, edhe shoku i tij, Ali Ahmeti i braktisi t\u00eb vetit. P\u00ebr her\u00eb t\u00eb par\u00eb n\u00eb histori u zgjodh kryetar i Parlamentit nj\u00eb shqiptar, dhe at\u00eb nga partia e vet, nd\u00ebrsa ai nuk ishte. Madje edhe njeriu i tij i par\u00eb, Artan Grubi, pyetjes s\u00eb gazetares se a kan\u00eb strategji duke marr\u00eb parasysh ngjarjet n\u00eb Parlament, iu p\u00ebrgjigj: \u201cOre, \u00e7far\u00eb strategjie. Ne po shohim si t\u00eb shp\u00ebtojm\u00eb kok\u00ebn!\u201d<br \/>\nUa thyen kokat deputet\u00ebve t\u00eb shumic\u00ebs s\u00eb re parlamentare. Ama, kokat e thyera e thyen frik\u00ebn nga \u201chidh\u00ebrimi i popullit, t\u00eb cilin Gruevski nuk e kontrollonte dot\u201d. Pam\u00eb q\u00eb nuk kishte qen\u00eb hidh\u00ebrimi i popullit gj\u00ebja e tmerrshme. E tmerrshmja \u00ebsht\u00eb policia, q\u00eb Gruevski kontrollon dhe manipulon. Policia q\u00eb mbron interesin e tij personal. T\u00eb mos shkoj\u00eb n\u00eb burg. Dhe Gruevski akoma kotrollon policin\u00eb.<\/p>\n<p><span class=\"dropcap color firstcharacter\">4<\/span>Nd\u00ebrsa puna me Gjorge Ivanovin q\u00eb nuk do t\u00eb takohet me amerikanin Hojt Ji m\u00eb 1 maj \u00ebsht\u00eb detaj komplet i par\u00ebnd\u00ebsish\u00ebm. Le t\u00eb shkoj\u00eb i qet\u00eb n\u00eb piknik, me skar\u00eb patriotike, sepse tashm\u00eb askush as nuk do ta takoj\u00eb. Ata q\u00eb k\u00ebrkojn\u00eb takime, vijn\u00eb q\u00eb t\u00eb zgjidhin kriza. Kurse vet\u00eb Gjole \u00ebsht\u00eb gjenerator krizash.<br \/>\nT\u00eb caktosh takim lider\u00ebsh, nd\u00ebrkoh\u00eb q\u00eb dy nga lider\u00ebt i shikonim n\u00eb televizor me kokat e gjakosura e t\u00eb thyera, \u00ebsht\u00eb keqtrajtim i paftyr\u00eb i viktimave t\u00eb vendimeve t\u00eb tija.<\/p>\n<p>Megjith\u00ebse, n\u00ebse Ivanovi \u00ebsht\u00eb informuar nga sh\u00ebrbimi publik MTV, ndoshta nuk e ka ditur se \u00e7far\u00eb ka ndodhur. Pasi, deri n\u00eb or\u00ebn 21.45 kur n\u00eb mes t\u00eb nj\u00eb filmi u paraqit nj\u00eb kajron q\u00eb presidenti n\u00eb ora 22.00 do t\u2019i drejtohet publikut, shikuesit e MTV-s\u00eb jetonin n\u00eb realitetin paralel t\u00eb VMRO-DPMNE-s\u00eb. Ku, pik\u00ebrisht n\u00eb momentet kur silexhinjt\u00eb e VMRO-DPMNE-s\u00eb i lin\u00e7onin deputet\u00ebt e LSDM-s\u00eb dhe Zijadin Sel\u00ebn, shfaqej filmi \u201cAtentati i Niksonit\u201d me Shon Pen. V\u00ebrtet\u00eb din\u00eb t\u00eb p\u00ebrzgjedhin filma.<\/p>\n<p><span class=\"dropcap color firstcharacter\">5<\/span>Kur Trajko Veljanoski thoshte: \u201cMendoni q\u00eb leht\u00eb arrihet te ky kolltuk\u201d, kush mund ta besonte q\u00eb kolltuku i Trajkos do t\u00eb ngjyhej me gjak?<br \/>\nObsesionimi me Qosen, t\u00eb cilit i ngrit\u00ebn p\u00ebrmendore para gjyqit, u shpjegua n\u00ebp\u00ebrmjet k\u00ebtij sulmi t\u00eb Parlamentit. Jo vet\u00ebm q\u00eb duke valuar flamurin e Maqedonis\u00eb lin\u00e7onin deputet\u00eb, por as automjetet e ambulanc\u00ebs nuk i lejonin t\u00eb kishin qasje tek t\u00eb plagosurit.<\/p>\n<p>\u00c7\u2019lloj urrejtje \u00ebsht\u00eb kjo? Me sa sukses t\u00eb madh e paska mbjell\u00eb dhe kultivuar at\u00eb Gruevski p\u00ebr 11 vjet. Dhe vazhdon ta kultivoj\u00eb.<\/p>\n<p><em>P\u00ebrktheu: Fjolla Zllatku<\/em><\/p>\n\n<div style=\"font-size: 0px; height: 0px; line-height: 0px; margin: 0; padding: 0; clear: both;\"><\/div>","protected":false},"excerpt":{"rendered":"<p>Nikolla Gruevski duhej t\u00eb tregonte barsoleta n\u00eb 4 t\u00eb mengjesit, kur, p\u00ebr sulmin e Parlamentit u b\u00ebri thirje \u201cinstitucioneve, t\u00eb [&hellip;]<\/p>\n","protected":false},"author":9,"featured_media":184,"comment_status":"closed","ping_status":"closed","sticky":false,"template":"","format":"standard","meta":{"_mo_disable_npp":"","inline_featured_image":false},"categories":[1825],"tags":[],"imageURL":"https:\/\/sdk.mk\/wp-content\/uploads\/2015\/12\/goran-mihailovski2.jpg","thumbURL":"https:\/\/sdk.mk\/wp-content\/uploads\/2015\/12\/goran-mihailovski2-250x196.jpg","categoryNames":["DUA T\u00cb THEM"],"feature_caption":"","subtitle":"P\u00ebr sa koh\u00eb q\u00eb MVRO \u00ebsht\u00eb VMRO, n\u00ebse mundet dhunuesit t\u2019u hyjn\u00eb deputet\u00ebve n\u00eb Parlament q\u00eb t\u2019i lin\u00e7ojn\u00eb, pritini nes\u00ebr t\u2019ju hyjn\u00eb n\u00eb sht\u00ebpi. ","views":"5771","source":"","yoast_head":"<!-- This site is optimized with the Yoast SEO Premium plugin v15.0 - https:\/\/yoast.com\/wordpress\/plugins\/seo\/ -->\n<title>ATENTATI I NIKSONIT - \u0421\u0430\u043a\u0430\u043c \u0414\u0430 \u041a\u0430\u0436\u0430\u043c<\/title>\n<meta name=\"robots\" content=\"index, follow, max-snippet:-1, max-image-preview:large, max-video-preview:-1\" \/>\n<link rel=\"canonical\" href=\"https:\/\/sdk.mk\/index.php\/dua-te-them\/atentati-i-niksonit\/\" \/>\n<meta property=\"og:locale\" content=\"mk_MK\" \/>\n<meta property=\"og:type\" content=\"article\" \/>\n<meta property=\"og:title\" content=\"ATENTATI I NIKSONIT - \u0421\u0430\u043a\u0430\u043c \u0414\u0430 \u041a\u0430\u0436\u0430\u043c\" \/>\n<meta property=\"og:description\" content=\"Nikolla Gruevski duhej t\u00eb tregonte barsoleta n\u00eb 4 t\u00eb mengjesit, kur, p\u00ebr sulmin e Parlamentit u b\u00ebri thirje \u201cinstitucioneve, t\u00eb [&hellip;]\" \/>\n<meta property=\"og:url\" content=\"https:\/\/sdk.mk\/index.php\/dua-te-them\/atentati-i-niksonit\/\" \/>\n<meta property=\"og:site_name\" content=\"\u0421\u0430\u043a\u0430\u043c \u0414\u0430 \u041a\u0430\u0436\u0430\u043c\" \/>\n<meta property=\"article:published_time\" content=\"2017-04-29T13:38:24+00:00\" \/>\n<meta property=\"article:modified_time\" content=\"2017-04-29T13:38:35+00:00\" \/>\n<meta property=\"og:image\" content=\"https:\/\/sdk.mk\/wp-content\/uploads\/2015\/12\/goran-mihailovski2.jpg\" \/>\n\t<meta property=\"og:image:width\" content=\"400\" \/>\n\t<meta property=\"og:image:height\" content=\"313\" \/>\n<meta property=\"fb:app_id\" content=\"2407985809428537\" \/>\n<meta name=\"twitter:card\" content=\"summary\" \/>\n<script type=\"application\/ld+json\" class=\"yoast-schema-graph\">{\"@context\":\"https:\/\/schema.org\",\"@graph\":[{\"@type\":\"WebSite\",\"@id\":\"https:\/\/sdk.mk\/#website\",\"url\":\"https:\/\/sdk.mk\/\",\"name\":\"\\u0421\\u0430\\u043a\\u0430\\u043c \\u0414\\u0430 \\u041a\\u0430\\u0436\\u0430\\u043c\",\"description\":\"\\u0417\\u0430 \\u0441\\u043b\\u043e\\u0431\\u043e\\u0434\\u043e\\u0443\\u043c\\u043d\\u0438\",\"potentialAction\":[{\"@type\":\"SearchAction\",\"target\":\"https:\/\/sdk.mk\/?s={search_term_string}\",\"query-input\":\"required name=search_term_string\"}],\"inLanguage\":\"mk-MK\"},{\"@type\":\"ImageObject\",\"@id\":\"https:\/\/sdk.mk\/index.php\/dua-te-them\/atentati-i-niksonit\/#primaryimage\",\"inLanguage\":\"mk-MK\",\"url\":\"https:\/\/sdk.mk\/wp-content\/uploads\/2015\/12\/goran-mihailovski2.jpg\",\"width\":400,\"height\":313},{\"@type\":\"WebPage\",\"@id\":\"https:\/\/sdk.mk\/index.php\/dua-te-them\/atentati-i-niksonit\/#webpage\",\"url\":\"https:\/\/sdk.mk\/index.php\/dua-te-them\/atentati-i-niksonit\/\",\"name\":\"ATENTATI I NIKSONIT - \\u0421\\u0430\\u043a\\u0430\\u043c \\u0414\\u0430 \\u041a\\u0430\\u0436\\u0430\\u043c\",\"isPartOf\":{\"@id\":\"https:\/\/sdk.mk\/#website\"},\"primaryImageOfPage\":{\"@id\":\"https:\/\/sdk.mk\/index.php\/dua-te-them\/atentati-i-niksonit\/#primaryimage\"},\"datePublished\":\"2017-04-29T13:38:24+00:00\",\"dateModified\":\"2017-04-29T13:38:35+00:00\",\"author\":{\"@id\":\"https:\/\/sdk.mk\/#\/schema\/person\/3e8217f71bc38bd7c592f30c69e10e5a\"},\"inLanguage\":\"mk-MK\",\"potentialAction\":[{\"@type\":\"ReadAction\",\"target\":[\"https:\/\/sdk.mk\/index.php\/dua-te-them\/atentati-i-niksonit\/\"]}]},{\"@type\":\"Person\",\"@id\":\"https:\/\/sdk.mk\/#\/schema\/person\/3e8217f71bc38bd7c592f30c69e10e5a\",\"name\":\"\\u041c\\u0438\\u0440\\u043e\\u0441\\u043b\\u0430\\u0432 \\u0418\\u043b\\u0438\\u043e\\u0441\\u043a\\u0438\"}]}<\/script>\n<!-- \/ Yoast SEO Premium plugin. -->","_links":{"self":[{"href":"https:\/\/sdk.mk\/index.php\/wp-json\/wp\/v2\/posts\/30345"}],"collection":[{"href":"https:\/\/sdk.mk\/index.php\/wp-json\/wp\/v2\/posts"}],"about":[{"href":"https:\/\/sdk.mk\/index.php\/wp-json\/wp\/v2\/types\/post"}],"author":[{"embeddable":true,"href":"https:\/\/sdk.mk\/index.php\/wp-json\/wp\/v2\/users\/9"}],"replies":[{"embeddable":true,"href":"https:\/\/sdk.mk\/index.php\/wp-json\/wp\/v2\/comments?post=30345"}],"version-history":[{"count":0,"href":"https:\/\/sdk.mk\/index.php\/wp-json\/wp\/v2\/posts\/30345\/revisions"}],"wp:featuredmedia":[{"embeddable":true,"href":"https:\/\/sdk.mk\/index.php\/wp-json\/wp\/v2\/media\/184"}],"wp:attachment":[{"href":"https:\/\/sdk.mk\/index.php\/wp-json\/wp\/v2\/media?parent=30345"}],"wp:term":[{"taxonomy":"category","embeddable":true,"href":"https:\/\/sdk.mk\/index.php\/wp-json\/wp\/v2\/categories?post=30345"},{"taxonomy":"post_tag","embeddable":true,"href":"https:\/\/sdk.mk\/index.php\/wp-json\/wp\/v2\/tags?post=30345"}],"curies":[{"name":"wp","href":"https:\/\/api.w.org\/{rel}","templated":true}]}}